{"id":5147,"date":"2024-10-19T17:10:19","date_gmt":"2024-10-19T15:10:19","guid":{"rendered":"https:\/\/odabrano.com\/?p=5147"},"modified":"2024-10-19T17:10:58","modified_gmt":"2024-10-19T15:10:58","slug":"milanovic-dok-budem-predsjednik-hrvatsku-cu-drzati-izvan-sukoba","status":"publish","type":"post","link":"https:\/\/odabrano.com\/index.php\/2024\/10\/19\/milanovic-dok-budem-predsjednik-hrvatsku-cu-drzati-izvan-sukoba\/","title":{"rendered":"Milanovi\u0107: Dok budem predsjednik Hrvatsku \u0107u dr\u017eati izvan sukoba"},"content":{"rendered":"\n<p><strong>Predsjednik Republike Zoran Milanovi\u0107 izjavio je u subotu u Samoboru da \u0107e, dok bude predsjednik, Hrvatsku dr\u017eati izvan sukoba i tamo gdje Hrvatska ne treba biti, ne\u0107e biti, priop\u0107eno je iz Ureda predsjednika RH.<\/strong><\/p>\n\n\n\n<p>Dok budem Predsjednik, a o tome koliko i kako \u0107u to raditi odlu\u010dit \u0107e gra\u0111ani, ja \u0107u Hrvatsku dr\u017eati izvan sukoba i tamo gdje nam nije mjesto i gdje ne trebamo biti, ne\u0107emo biti, rekao je Milanovi\u0107 na sve\u010danoj sjednici samoborskog Gradskog vije\u0107a u povodu Dana Grada.<\/p>\n\n\n\n<p>Dodao je kako je to &#8220;pitanje one sebi\u010dnosti kao nacije na koju imamo pravo nakon svih ovih godina, nakon pomutnji i vjerovanja u ne\u010diju pomo\u0107 koja nikad nije do\u0161la\u201c, isti\u010de se u priop\u0107enju.<\/p>\n\n\n\n<p>\u201eDanas kada slu\u0161am politi\u010dke lidere \u010dlanica EU&#8221;, rekao je Milanovi\u0107, &#8220;da ne znam kako stvari stoje u ovom trenutku, zaklju\u010dio bih da je rat ve\u0107 izbio, da se vojske mobiliziraju, da je rat neizbje\u017ean posebno na istoku&#8221;. No, napominje, to nije tako i ne mora biti.<\/p>\n\n\n\n<p>U obra\u0107anju na sjednici Gradskog vije\u0107a Samobora Milanovi\u0107 je ocijenio kako su &#8220;na Bliskom istoku i u Palestini, ali i u odnosima Izraela i Irana, pred nama doga\u0111aji koji mogu imati nesaglediv utjecaj na svjetski mir, poredak i globalnu ekonomiju, ukoliko izraelska vlast odlu\u010di napasti Iran u sljede\u0107a dva tjedna i tako probati uvu\u0107i svijet u novi ciklus rata&#8221;.<\/p>\n","protected":false},"excerpt":{"rendered":"<p>Predsjednik Republike Zoran Milanovi\u0107 izjavio je u subotu u Samoboru da \u0107e, dok bude predsjednik, Hrvatsku dr\u017eati izvan sukoba i tamo gdje Hrvatska ne treba biti, ne\u0107e biti, priop\u0107eno je iz Ureda predsjednika RH. Dok budem Predsjednik, a o tome koliko i kako \u0107u to raditi odlu\u010dit \u0107e gra\u0111ani, ja \u0107u Hrvatsku dr\u017eati izvan sukoba &hellip;<\/p>\n","protected":false},"author":1,"featured_media":5148,"comment_status":"closed","ping_status":"open","sticky":false,"template":"","format":"standard","meta":{"_monsterinsights_skip_tracking":false,"_monsterinsights_sitenote_active":false,"_monsterinsights_sitenote_note":"","_monsterinsights_sitenote_category":0,"footnotes":""},"categories":[25],"tags":[109],"class_list":["post-5147","post","type-post","status-publish","format-standard","has-post-thumbnail","","category-hrvatska","tag-milanovic"],"yoast_head":"<!-- This site is optimized with the Yoast SEO plugin v22.1 - https:\/\/yoast.com\/wordpress\/plugins\/seo\/ -->\n<title>Milanovi\u0107: Dok budem predsjednik Hrvatsku \u0107u dr\u017eati izvan sukoba - odabrano<\/title>\n<meta name=\"robots\" content=\"index, follow, max-snippet:-1, max-image-preview:large, max-video-preview:-1\" \/>\n<link rel=\"canonical\" href=\"https:\/\/odabrano.com\/index.php\/2024\/10\/19\/milanovic-dok-budem-predsjednik-hrvatsku-cu-drzati-izvan-sukoba\/\" \/>\n<meta property=\"og:locale\" content=\"en_US\" \/>\n<meta property=\"og:type\" content=\"article\" \/>\n<meta property=\"og:title\" content=\"Milanovi\u0107: Dok budem predsjednik Hrvatsku \u0107u dr\u017eati izvan sukoba - odabrano\" \/>\n<meta property=\"og:description\" content=\"Predsjednik Republike Zoran Milanovi\u0107 izjavio je u subotu u Samoboru da \u0107e, dok bude predsjednik, Hrvatsku dr\u017eati izvan sukoba i tamo gdje Hrvatska ne treba biti, ne\u0107e biti, priop\u0107eno je iz Ureda predsjednika RH. Dok budem Predsjednik, a o tome koliko i kako \u0107u to raditi odlu\u010dit \u0107e gra\u0111ani, ja \u0107u Hrvatsku dr\u017eati izvan sukoba &hellip;\" \/>\n<meta property=\"og:url\" content=\"https:\/\/odabrano.com\/index.php\/2024\/10\/19\/milanovic-dok-budem-predsjednik-hrvatsku-cu-drzati-izvan-sukoba\/\" \/>\n<meta property=\"og:site_name\" content=\"odabrano\" \/>\n<meta property=\"article:published_time\" content=\"2024-10-19T15:10:19+00:00\" \/>\n<meta property=\"article:modified_time\" content=\"2024-10-19T15:10:58+00:00\" \/>\n<meta property=\"og:image\" content=\"http:\/\/odabrano.com\/wp-content\/uploads\/2024\/10\/milanovic.jpeg\" \/>\n\t<meta property=\"og:image:width\" content=\"1000\" \/>\n\t<meta property=\"og:image:height\" content=\"696\" \/>\n\t<meta property=\"og:image:type\" content=\"image\/jpeg\" \/>\n<meta name=\"author\" content=\"admin\" \/>\n<meta name=\"twitter:card\" content=\"summary_large_image\" \/>\n<meta name=\"twitter:label1\" content=\"Written by\" \/>\n\t<meta name=\"twitter:data1\" content=\"admin\" \/>\n\t<meta name=\"twitter:label2\" content=\"Est. reading time\" \/>\n\t<meta name=\"twitter:data2\" content=\"2 minutes\" \/>\n<script type=\"application\/ld+json\" class=\"yoast-schema-graph\">{\"@context\":\"https:\/\/schema.org\",\"@graph\":[{\"@type\":\"Article\",\"@id\":\"https:\/\/odabrano.com\/index.php\/2024\/10\/19\/milanovic-dok-budem-predsjednik-hrvatsku-cu-drzati-izvan-sukoba\/#article\",\"isPartOf\":{\"@id\":\"https:\/\/odabrano.com\/index.php\/2024\/10\/19\/milanovic-dok-budem-predsjednik-hrvatsku-cu-drzati-izvan-sukoba\/\"},\"author\":{\"name\":\"admin\",\"@id\":\"https:\/\/odabrano.com\/#\/schema\/person\/460f2b14657879743f23c4f6a7cd3236\"},\"headline\":\"Milanovi\u0107: Dok budem predsjednik Hrvatsku \u0107u dr\u017eati izvan sukoba\",\"datePublished\":\"2024-10-19T15:10:19+00:00\",\"dateModified\":\"2024-10-19T15:10:58+00:00\",\"mainEntityOfPage\":{\"@id\":\"https:\/\/odabrano.com\/index.php\/2024\/10\/19\/milanovic-dok-budem-predsjednik-hrvatsku-cu-drzati-izvan-sukoba\/\"},\"wordCount\":253,\"publisher\":{\"@id\":\"https:\/\/odabrano.com\/#\/schema\/person\/460f2b14657879743f23c4f6a7cd3236\"},\"keywords\":[\"milanovi\u0107\"],\"articleSection\":[\"Hrvatska\"],\"inLanguage\":\"en-US\"},{\"@type\":\"WebPage\",\"@id\":\"https:\/\/odabrano.com\/index.php\/2024\/10\/19\/milanovic-dok-budem-predsjednik-hrvatsku-cu-drzati-izvan-sukoba\/\",\"url\":\"https:\/\/odabrano.com\/index.php\/2024\/10\/19\/milanovic-dok-budem-predsjednik-hrvatsku-cu-drzati-izvan-sukoba\/\",\"name\":\"Milanovi\u0107: Dok budem predsjednik Hrvatsku \u0107u dr\u017eati izvan sukoba - odabrano\",\"isPartOf\":{\"@id\":\"https:\/\/odabrano.com\/#website\"},\"datePublished\":\"2024-10-19T15:10:19+00:00\",\"dateModified\":\"2024-10-19T15:10:58+00:00\",\"breadcrumb\":{\"@id\":\"https:\/\/odabrano.com\/index.php\/2024\/10\/19\/milanovic-dok-budem-predsjednik-hrvatsku-cu-drzati-izvan-sukoba\/#breadcrumb\"},\"inLanguage\":\"en-US\",\"potentialAction\":[{\"@type\":\"ReadAction\",\"target\":[\"https:\/\/odabrano.com\/index.php\/2024\/10\/19\/milanovic-dok-budem-predsjednik-hrvatsku-cu-drzati-izvan-sukoba\/\"]}]},{\"@type\":\"BreadcrumbList\",\"@id\":\"https:\/\/odabrano.com\/index.php\/2024\/10\/19\/milanovic-dok-budem-predsjednik-hrvatsku-cu-drzati-izvan-sukoba\/#breadcrumb\",\"itemListElement\":[{\"@type\":\"ListItem\",\"position\":1,\"name\":\"Home\",\"item\":\"https:\/\/odabrano.com\/\"},{\"@type\":\"ListItem\",\"position\":2,\"name\":\"Milanovi\u0107: Dok budem predsjednik Hrvatsku \u0107u dr\u017eati izvan sukoba\"}]},{\"@type\":\"WebSite\",\"@id\":\"https:\/\/odabrano.com\/#website\",\"url\":\"https:\/\/odabrano.com\/\",\"name\":\"odabrano\",\"description\":\"news portal koji nudi odabrane vijesti i informacije\",\"publisher\":{\"@id\":\"https:\/\/odabrano.com\/#\/schema\/person\/460f2b14657879743f23c4f6a7cd3236\"},\"alternateName\":\"vijesti i informacije iz Hrvatske i svijeta\",\"potentialAction\":[{\"@type\":\"SearchAction\",\"target\":{\"@type\":\"EntryPoint\",\"urlTemplate\":\"https:\/\/odabrano.com\/?s={search_term_string}\"},\"query-input\":\"required name=search_term_string\"}],\"inLanguage\":\"en-US\"},{\"@type\":[\"Person\",\"Organization\"],\"@id\":\"https:\/\/odabrano.com\/#\/schema\/person\/460f2b14657879743f23c4f6a7cd3236\",\"name\":\"admin\",\"image\":{\"@type\":\"ImageObject\",\"inLanguage\":\"en-US\",\"@id\":\"https:\/\/odabrano.com\/#\/schema\/person\/image\/\",\"url\":\"https:\/\/odabrano.com\/wp-content\/uploads\/2024\/04\/dolar.jpg\",\"contentUrl\":\"https:\/\/odabrano.com\/wp-content\/uploads\/2024\/04\/dolar.jpg\",\"width\":1216,\"height\":519,\"caption\":\"admin\"},\"logo\":{\"@id\":\"https:\/\/odabrano.com\/#\/schema\/person\/image\/\"},\"sameAs\":[\"http:\/\/odabrano.com\"],\"url\":\"https:\/\/odabrano.com\/index.php\/author\/sokolneno_u3xb387h\/\"}]}<\/script>\n<!-- \/ Yoast SEO plugin. -->","yoast_head_json":{"title":"Milanovi\u0107: Dok budem predsjednik Hrvatsku \u0107u dr\u017eati izvan sukoba - odabrano","robots":{"index":"index","follow":"follow","max-snippet":"max-snippet:-1","max-image-preview":"max-image-preview:large","max-video-preview":"max-video-preview:-1"},"canonical":"https:\/\/odabrano.com\/index.php\/2024\/10\/19\/milanovic-dok-budem-predsjednik-hrvatsku-cu-drzati-izvan-sukoba\/","og_locale":"en_US","og_type":"article","og_title":"Milanovi\u0107: Dok budem predsjednik Hrvatsku \u0107u dr\u017eati izvan sukoba - odabrano","og_description":"Predsjednik Republike Zoran Milanovi\u0107 izjavio je u subotu u Samoboru da \u0107e, dok bude predsjednik, Hrvatsku dr\u017eati izvan sukoba i tamo gdje Hrvatska ne treba biti, ne\u0107e biti, priop\u0107eno je iz Ureda predsjednika RH. Dok budem Predsjednik, a o tome koliko i kako \u0107u to raditi odlu\u010dit \u0107e gra\u0111ani, ja \u0107u Hrvatsku dr\u017eati izvan sukoba &hellip;","og_url":"https:\/\/odabrano.com\/index.php\/2024\/10\/19\/milanovic-dok-budem-predsjednik-hrvatsku-cu-drzati-izvan-sukoba\/","og_site_name":"odabrano","article_published_time":"2024-10-19T15:10:19+00:00","article_modified_time":"2024-10-19T15:10:58+00:00","og_image":[{"width":1000,"height":696,"url":"http:\/\/odabrano.com\/wp-content\/uploads\/2024\/10\/milanovic.jpeg","type":"image\/jpeg"}],"author":"admin","twitter_card":"summary_large_image","twitter_misc":{"Written by":"admin","Est. reading time":"2 minutes"},"schema":{"@context":"https:\/\/schema.org","@graph":[{"@type":"Article","@id":"https:\/\/odabrano.com\/index.php\/2024\/10\/19\/milanovic-dok-budem-predsjednik-hrvatsku-cu-drzati-izvan-sukoba\/#article","isPartOf":{"@id":"https:\/\/odabrano.com\/index.php\/2024\/10\/19\/milanovic-dok-budem-predsjednik-hrvatsku-cu-drzati-izvan-sukoba\/"},"author":{"name":"admin","@id":"https:\/\/odabrano.com\/#\/schema\/person\/460f2b14657879743f23c4f6a7cd3236"},"headline":"Milanovi\u0107: Dok budem predsjednik Hrvatsku \u0107u dr\u017eati izvan sukoba","datePublished":"2024-10-19T15:10:19+00:00","dateModified":"2024-10-19T15:10:58+00:00","mainEntityOfPage":{"@id":"https:\/\/odabrano.com\/index.php\/2024\/10\/19\/milanovic-dok-budem-predsjednik-hrvatsku-cu-drzati-izvan-sukoba\/"},"wordCount":253,"publisher":{"@id":"https:\/\/odabrano.com\/#\/schema\/person\/460f2b14657879743f23c4f6a7cd3236"},"keywords":["milanovi\u0107"],"articleSection":["Hrvatska"],"inLanguage":"en-US"},{"@type":"WebPage","@id":"https:\/\/odabrano.com\/index.php\/2024\/10\/19\/milanovic-dok-budem-predsjednik-hrvatsku-cu-drzati-izvan-sukoba\/","url":"https:\/\/odabrano.com\/index.php\/2024\/10\/19\/milanovic-dok-budem-predsjednik-hrvatsku-cu-drzati-izvan-sukoba\/","name":"Milanovi\u0107: Dok budem predsjednik Hrvatsku \u0107u dr\u017eati izvan sukoba - odabrano","isPartOf":{"@id":"https:\/\/odabrano.com\/#website"},"datePublished":"2024-10-19T15:10:19+00:00","dateModified":"2024-10-19T15:10:58+00:00","breadcrumb":{"@id":"https:\/\/odabrano.com\/index.php\/2024\/10\/19\/milanovic-dok-budem-predsjednik-hrvatsku-cu-drzati-izvan-sukoba\/#breadcrumb"},"inLanguage":"en-US","potentialAction":[{"@type":"ReadAction","target":["https:\/\/odabrano.com\/index.php\/2024\/10\/19\/milanovic-dok-budem-predsjednik-hrvatsku-cu-drzati-izvan-sukoba\/"]}]},{"@type":"BreadcrumbList","@id":"https:\/\/odabrano.com\/index.php\/2024\/10\/19\/milanovic-dok-budem-predsjednik-hrvatsku-cu-drzati-izvan-sukoba\/#breadcrumb","itemListElement":[{"@type":"ListItem","position":1,"name":"Home","item":"https:\/\/odabrano.com\/"},{"@type":"ListItem","position":2,"name":"Milanovi\u0107: Dok budem predsjednik Hrvatsku \u0107u dr\u017eati izvan sukoba"}]},{"@type":"WebSite","@id":"https:\/\/odabrano.com\/#website","url":"https:\/\/odabrano.com\/","name":"odabrano","description":"news portal koji nudi odabrane vijesti i informacije","publisher":{"@id":"https:\/\/odabrano.com\/#\/schema\/person\/460f2b14657879743f23c4f6a7cd3236"},"alternateName":"vijesti i informacije iz Hrvatske i svijeta","potentialAction":[{"@type":"SearchAction","target":{"@type":"EntryPoint","urlTemplate":"https:\/\/odabrano.com\/?s={search_term_string}"},"query-input":"required name=search_term_string"}],"inLanguage":"en-US"},{"@type":["Person","Organization"],"@id":"https:\/\/odabrano.com\/#\/schema\/person\/460f2b14657879743f23c4f6a7cd3236","name":"admin","image":{"@type":"ImageObject","inLanguage":"en-US","@id":"https:\/\/odabrano.com\/#\/schema\/person\/image\/","url":"https:\/\/odabrano.com\/wp-content\/uploads\/2024\/04\/dolar.jpg","contentUrl":"https:\/\/odabrano.com\/wp-content\/uploads\/2024\/04\/dolar.jpg","width":1216,"height":519,"caption":"admin"},"logo":{"@id":"https:\/\/odabrano.com\/#\/schema\/person\/image\/"},"sameAs":["http:\/\/odabrano.com"],"url":"https:\/\/odabrano.com\/index.php\/author\/sokolneno_u3xb387h\/"}]}},"_links":{"self":[{"href":"https:\/\/odabrano.com\/index.php\/wp-json\/wp\/v2\/posts\/5147","targetHints":{"allow":["GET"]}}],"collection":[{"href":"https:\/\/odabrano.com\/index.php\/wp-json\/wp\/v2\/posts"}],"about":[{"href":"https:\/\/odabrano.com\/index.php\/wp-json\/wp\/v2\/types\/post"}],"author":[{"embeddable":true,"href":"https:\/\/odabrano.com\/index.php\/wp-json\/wp\/v2\/users\/1"}],"replies":[{"embeddable":true,"href":"https:\/\/odabrano.com\/index.php\/wp-json\/wp\/v2\/comments?post=5147"}],"version-history":[{"count":1,"href":"https:\/\/odabrano.com\/index.php\/wp-json\/wp\/v2\/posts\/5147\/revisions"}],"predecessor-version":[{"id":5149,"href":"https:\/\/odabrano.com\/index.php\/wp-json\/wp\/v2\/posts\/5147\/revisions\/5149"}],"wp:featuredmedia":[{"embeddable":true,"href":"https:\/\/odabrano.com\/index.php\/wp-json\/wp\/v2\/media\/5148"}],"wp:attachment":[{"href":"https:\/\/odabrano.com\/index.php\/wp-json\/wp\/v2\/media?parent=5147"}],"wp:term":[{"taxonomy":"category","embeddable":true,"href":"https:\/\/odabrano.com\/index.php\/wp-json\/wp\/v2\/categories?post=5147"},{"taxonomy":"post_tag","embeddable":true,"href":"https:\/\/odabrano.com\/index.php\/wp-json\/wp\/v2\/tags?post=5147"}],"curies":[{"name":"wp","href":"https:\/\/api.w.org\/{rel}","templated":true}]}}