{"id":5133,"date":"2024-10-17T17:01:23","date_gmt":"2024-10-17T15:01:23","guid":{"rendered":"https:\/\/odabrano.com\/?p=5133"},"modified":"2024-10-17T17:02:09","modified_gmt":"2024-10-17T15:02:09","slug":"izraelci-ubili-prvog-covjeka-hamasa-sinwara","status":"publish","type":"post","link":"https:\/\/odabrano.com\/index.php\/2024\/10\/17\/izraelci-ubili-prvog-covjeka-hamasa-sinwara\/","title":{"rendered":"Izraelci ubili prvog \u010dovjeka Hamasa Sinwara"},"content":{"rendered":"\n<p>\u010clanovi sigurnosnog kabineta obavije\u0161teni su da je \u010delnik Hamasa&nbsp;<strong>Yahya Sinwar<\/strong>&nbsp;vrlo vjerojatno mrtav, rekla su dva du\u017enosnika upoznata s tim slu\u010dajem. Dva izraelska medija, Kan i Kanal 12, tako\u0111er citiraju izraelske du\u017enosnike koji ka\u017eu da je Sinwar mrtav.<\/p>\n\n\n\n<p>Prema snimkama objavljenim na dru\u0161tvenim mre\u017eama, \u010dini se da prikazuju vo\u0111u Hamasa me\u0111u ru\u0161evinama s ozbiljnim ozljedama, uklju\u010duju\u0107i i ozljede glave.<\/p>\n\n\n\n<figure class=\"wp-block-image size-full\"><img loading=\"lazy\" decoding=\"async\" width=\"551\" height=\"400\" src=\"https:\/\/odabrano.com\/wp-content\/uploads\/2024\/10\/sinwar.jpg\" alt=\"\" class=\"wp-image-5134\" srcset=\"https:\/\/odabrano.com\/wp-content\/uploads\/2024\/10\/sinwar.jpg 551w, https:\/\/odabrano.com\/wp-content\/uploads\/2024\/10\/sinwar-300x218.jpg 300w, https:\/\/odabrano.com\/wp-content\/uploads\/2024\/10\/sinwar-500x363.jpg 500w\" sizes=\"auto, (max-width: 551px) 100vw, 551px\" \/><\/figure>\n\n\n\n<p><\/p>\n\n\n\n<p>Uspore\u0111uju\u0107i prethodne fotografije Sinwara, Sky News javlja da su uspjeli identificirati niz sli\u010dnosti lica &#8211; one uklju\u010duju made\u017e izme\u0111u kuta lijevog oka i sljepoo\u010dnice, liniju kose, oblik u\u0161iju i zuba.<\/p>\n\n\n\n<p>Sinwarova smrt jo\u0161 nije potvr\u0111ena, ali Izrael je rekao da se provode DNK testovi kako bi se utvrdilo radi li se o vo\u0111i Hamasa. Izrael ima uzorke Sinwarove DNK iz razdoblja koje je proveo u izraelskom zatvoru.<\/p>\n","protected":false},"excerpt":{"rendered":"<p>\u010clanovi sigurnosnog kabineta obavije\u0161teni su da je \u010delnik Hamasa&nbsp;Yahya Sinwar&nbsp;vrlo vjerojatno mrtav, rekla su dva du\u017enosnika upoznata s tim slu\u010dajem. Dva izraelska medija, Kan i Kanal 12, tako\u0111er citiraju izraelske du\u017enosnike koji ka\u017eu da je Sinwar mrtav. Prema snimkama objavljenim na dru\u0161tvenim mre\u017eama, \u010dini se da prikazuju vo\u0111u Hamasa me\u0111u ru\u0161evinama s ozbiljnim ozljedama, uklju\u010duju\u0107i &hellip;<\/p>\n","protected":false},"author":1,"featured_media":5135,"comment_status":"closed","ping_status":"open","sticky":false,"template":"","format":"standard","meta":{"_monsterinsights_skip_tracking":false,"_monsterinsights_sitenote_active":false,"_monsterinsights_sitenote_note":"","_monsterinsights_sitenote_category":0,"footnotes":""},"categories":[9],"tags":[839],"class_list":["post-5133","post","type-post","status-publish","format-standard","has-post-thumbnail","","category-svijet","tag-sinwar"],"yoast_head":"<!-- This site is optimized with the Yoast SEO plugin v22.1 - https:\/\/yoast.com\/wordpress\/plugins\/seo\/ -->\n<title>Izraelci ubili prvog \u010dovjeka Hamasa Sinwara - odabrano<\/title>\n<meta name=\"robots\" content=\"index, follow, max-snippet:-1, max-image-preview:large, max-video-preview:-1\" \/>\n<link rel=\"canonical\" href=\"https:\/\/odabrano.com\/index.php\/2024\/10\/17\/izraelci-ubili-prvog-covjeka-hamasa-sinwara\/\" \/>\n<meta property=\"og:locale\" content=\"en_US\" \/>\n<meta property=\"og:type\" content=\"article\" \/>\n<meta property=\"og:title\" content=\"Izraelci ubili prvog \u010dovjeka Hamasa Sinwara - odabrano\" \/>\n<meta property=\"og:description\" content=\"\u010clanovi sigurnosnog kabineta obavije\u0161teni su da je \u010delnik Hamasa&nbsp;Yahya Sinwar&nbsp;vrlo vjerojatno mrtav, rekla su dva du\u017enosnika upoznata s tim slu\u010dajem. Dva izraelska medija, Kan i Kanal 12, tako\u0111er citiraju izraelske du\u017enosnike koji ka\u017eu da je Sinwar mrtav. Prema snimkama objavljenim na dru\u0161tvenim mre\u017eama, \u010dini se da prikazuju vo\u0111u Hamasa me\u0111u ru\u0161evinama s ozbiljnim ozljedama, uklju\u010duju\u0107i &hellip;\" \/>\n<meta property=\"og:url\" content=\"https:\/\/odabrano.com\/index.php\/2024\/10\/17\/izraelci-ubili-prvog-covjeka-hamasa-sinwara\/\" \/>\n<meta property=\"og:site_name\" content=\"odabrano\" \/>\n<meta property=\"article:published_time\" content=\"2024-10-17T15:01:23+00:00\" \/>\n<meta property=\"article:modified_time\" content=\"2024-10-17T15:02:09+00:00\" \/>\n<meta property=\"og:image\" content=\"http:\/\/odabrano.com\/wp-content\/uploads\/2024\/10\/sinwar.webp\" \/>\n\t<meta property=\"og:image:width\" content=\"1400\" \/>\n\t<meta property=\"og:image:height\" content=\"788\" \/>\n\t<meta property=\"og:image:type\" content=\"image\/webp\" \/>\n<meta name=\"author\" content=\"admin\" \/>\n<meta name=\"twitter:card\" content=\"summary_large_image\" \/>\n<meta name=\"twitter:label1\" content=\"Written by\" \/>\n\t<meta name=\"twitter:data1\" content=\"admin\" \/>\n\t<meta name=\"twitter:label2\" content=\"Est. reading time\" \/>\n\t<meta name=\"twitter:data2\" content=\"1 minute\" \/>\n<script type=\"application\/ld+json\" class=\"yoast-schema-graph\">{\"@context\":\"https:\/\/schema.org\",\"@graph\":[{\"@type\":\"Article\",\"@id\":\"https:\/\/odabrano.com\/index.php\/2024\/10\/17\/izraelci-ubili-prvog-covjeka-hamasa-sinwara\/#article\",\"isPartOf\":{\"@id\":\"https:\/\/odabrano.com\/index.php\/2024\/10\/17\/izraelci-ubili-prvog-covjeka-hamasa-sinwara\/\"},\"author\":{\"name\":\"admin\",\"@id\":\"https:\/\/odabrano.com\/#\/schema\/person\/460f2b14657879743f23c4f6a7cd3236\"},\"headline\":\"Izraelci ubili prvog \u010dovjeka Hamasa Sinwara\",\"datePublished\":\"2024-10-17T15:01:23+00:00\",\"dateModified\":\"2024-10-17T15:02:09+00:00\",\"mainEntityOfPage\":{\"@id\":\"https:\/\/odabrano.com\/index.php\/2024\/10\/17\/izraelci-ubili-prvog-covjeka-hamasa-sinwara\/\"},\"wordCount\":156,\"publisher\":{\"@id\":\"https:\/\/odabrano.com\/#\/schema\/person\/460f2b14657879743f23c4f6a7cd3236\"},\"keywords\":[\"sinwar\"],\"articleSection\":[\"Svijet\"],\"inLanguage\":\"en-US\"},{\"@type\":\"WebPage\",\"@id\":\"https:\/\/odabrano.com\/index.php\/2024\/10\/17\/izraelci-ubili-prvog-covjeka-hamasa-sinwara\/\",\"url\":\"https:\/\/odabrano.com\/index.php\/2024\/10\/17\/izraelci-ubili-prvog-covjeka-hamasa-sinwara\/\",\"name\":\"Izraelci ubili prvog \u010dovjeka Hamasa Sinwara - odabrano\",\"isPartOf\":{\"@id\":\"https:\/\/odabrano.com\/#website\"},\"datePublished\":\"2024-10-17T15:01:23+00:00\",\"dateModified\":\"2024-10-17T15:02:09+00:00\",\"breadcrumb\":{\"@id\":\"https:\/\/odabrano.com\/index.php\/2024\/10\/17\/izraelci-ubili-prvog-covjeka-hamasa-sinwara\/#breadcrumb\"},\"inLanguage\":\"en-US\",\"potentialAction\":[{\"@type\":\"ReadAction\",\"target\":[\"https:\/\/odabrano.com\/index.php\/2024\/10\/17\/izraelci-ubili-prvog-covjeka-hamasa-sinwara\/\"]}]},{\"@type\":\"BreadcrumbList\",\"@id\":\"https:\/\/odabrano.com\/index.php\/2024\/10\/17\/izraelci-ubili-prvog-covjeka-hamasa-sinwara\/#breadcrumb\",\"itemListElement\":[{\"@type\":\"ListItem\",\"position\":1,\"name\":\"Home\",\"item\":\"https:\/\/odabrano.com\/\"},{\"@type\":\"ListItem\",\"position\":2,\"name\":\"Izraelci ubili prvog \u010dovjeka Hamasa Sinwara\"}]},{\"@type\":\"WebSite\",\"@id\":\"https:\/\/odabrano.com\/#website\",\"url\":\"https:\/\/odabrano.com\/\",\"name\":\"odabrano\",\"description\":\"news portal koji nudi odabrane vijesti i informacije\",\"publisher\":{\"@id\":\"https:\/\/odabrano.com\/#\/schema\/person\/460f2b14657879743f23c4f6a7cd3236\"},\"alternateName\":\"vijesti i informacije iz Hrvatske i svijeta\",\"potentialAction\":[{\"@type\":\"SearchAction\",\"target\":{\"@type\":\"EntryPoint\",\"urlTemplate\":\"https:\/\/odabrano.com\/?s={search_term_string}\"},\"query-input\":\"required name=search_term_string\"}],\"inLanguage\":\"en-US\"},{\"@type\":[\"Person\",\"Organization\"],\"@id\":\"https:\/\/odabrano.com\/#\/schema\/person\/460f2b14657879743f23c4f6a7cd3236\",\"name\":\"admin\",\"image\":{\"@type\":\"ImageObject\",\"inLanguage\":\"en-US\",\"@id\":\"https:\/\/odabrano.com\/#\/schema\/person\/image\/\",\"url\":\"https:\/\/odabrano.com\/wp-content\/uploads\/2024\/04\/dolar.jpg\",\"contentUrl\":\"https:\/\/odabrano.com\/wp-content\/uploads\/2024\/04\/dolar.jpg\",\"width\":1216,\"height\":519,\"caption\":\"admin\"},\"logo\":{\"@id\":\"https:\/\/odabrano.com\/#\/schema\/person\/image\/\"},\"sameAs\":[\"http:\/\/odabrano.com\"],\"url\":\"https:\/\/odabrano.com\/index.php\/author\/sokolneno_u3xb387h\/\"}]}<\/script>\n<!-- \/ Yoast SEO plugin. -->","yoast_head_json":{"title":"Izraelci ubili prvog \u010dovjeka Hamasa Sinwara - odabrano","robots":{"index":"index","follow":"follow","max-snippet":"max-snippet:-1","max-image-preview":"max-image-preview:large","max-video-preview":"max-video-preview:-1"},"canonical":"https:\/\/odabrano.com\/index.php\/2024\/10\/17\/izraelci-ubili-prvog-covjeka-hamasa-sinwara\/","og_locale":"en_US","og_type":"article","og_title":"Izraelci ubili prvog \u010dovjeka Hamasa Sinwara - odabrano","og_description":"\u010clanovi sigurnosnog kabineta obavije\u0161teni su da je \u010delnik Hamasa&nbsp;Yahya Sinwar&nbsp;vrlo vjerojatno mrtav, rekla su dva du\u017enosnika upoznata s tim slu\u010dajem. Dva izraelska medija, Kan i Kanal 12, tako\u0111er citiraju izraelske du\u017enosnike koji ka\u017eu da je Sinwar mrtav. Prema snimkama objavljenim na dru\u0161tvenim mre\u017eama, \u010dini se da prikazuju vo\u0111u Hamasa me\u0111u ru\u0161evinama s ozbiljnim ozljedama, uklju\u010duju\u0107i &hellip;","og_url":"https:\/\/odabrano.com\/index.php\/2024\/10\/17\/izraelci-ubili-prvog-covjeka-hamasa-sinwara\/","og_site_name":"odabrano","article_published_time":"2024-10-17T15:01:23+00:00","article_modified_time":"2024-10-17T15:02:09+00:00","og_image":[{"width":1400,"height":788,"url":"http:\/\/odabrano.com\/wp-content\/uploads\/2024\/10\/sinwar.webp","type":"image\/webp"}],"author":"admin","twitter_card":"summary_large_image","twitter_misc":{"Written by":"admin","Est. reading time":"1 minute"},"schema":{"@context":"https:\/\/schema.org","@graph":[{"@type":"Article","@id":"https:\/\/odabrano.com\/index.php\/2024\/10\/17\/izraelci-ubili-prvog-covjeka-hamasa-sinwara\/#article","isPartOf":{"@id":"https:\/\/odabrano.com\/index.php\/2024\/10\/17\/izraelci-ubili-prvog-covjeka-hamasa-sinwara\/"},"author":{"name":"admin","@id":"https:\/\/odabrano.com\/#\/schema\/person\/460f2b14657879743f23c4f6a7cd3236"},"headline":"Izraelci ubili prvog \u010dovjeka Hamasa Sinwara","datePublished":"2024-10-17T15:01:23+00:00","dateModified":"2024-10-17T15:02:09+00:00","mainEntityOfPage":{"@id":"https:\/\/odabrano.com\/index.php\/2024\/10\/17\/izraelci-ubili-prvog-covjeka-hamasa-sinwara\/"},"wordCount":156,"publisher":{"@id":"https:\/\/odabrano.com\/#\/schema\/person\/460f2b14657879743f23c4f6a7cd3236"},"keywords":["sinwar"],"articleSection":["Svijet"],"inLanguage":"en-US"},{"@type":"WebPage","@id":"https:\/\/odabrano.com\/index.php\/2024\/10\/17\/izraelci-ubili-prvog-covjeka-hamasa-sinwara\/","url":"https:\/\/odabrano.com\/index.php\/2024\/10\/17\/izraelci-ubili-prvog-covjeka-hamasa-sinwara\/","name":"Izraelci ubili prvog \u010dovjeka Hamasa Sinwara - odabrano","isPartOf":{"@id":"https:\/\/odabrano.com\/#website"},"datePublished":"2024-10-17T15:01:23+00:00","dateModified":"2024-10-17T15:02:09+00:00","breadcrumb":{"@id":"https:\/\/odabrano.com\/index.php\/2024\/10\/17\/izraelci-ubili-prvog-covjeka-hamasa-sinwara\/#breadcrumb"},"inLanguage":"en-US","potentialAction":[{"@type":"ReadAction","target":["https:\/\/odabrano.com\/index.php\/2024\/10\/17\/izraelci-ubili-prvog-covjeka-hamasa-sinwara\/"]}]},{"@type":"BreadcrumbList","@id":"https:\/\/odabrano.com\/index.php\/2024\/10\/17\/izraelci-ubili-prvog-covjeka-hamasa-sinwara\/#breadcrumb","itemListElement":[{"@type":"ListItem","position":1,"name":"Home","item":"https:\/\/odabrano.com\/"},{"@type":"ListItem","position":2,"name":"Izraelci ubili prvog \u010dovjeka Hamasa Sinwara"}]},{"@type":"WebSite","@id":"https:\/\/odabrano.com\/#website","url":"https:\/\/odabrano.com\/","name":"odabrano","description":"news portal koji nudi odabrane vijesti i informacije","publisher":{"@id":"https:\/\/odabrano.com\/#\/schema\/person\/460f2b14657879743f23c4f6a7cd3236"},"alternateName":"vijesti i informacije iz Hrvatske i svijeta","potentialAction":[{"@type":"SearchAction","target":{"@type":"EntryPoint","urlTemplate":"https:\/\/odabrano.com\/?s={search_term_string}"},"query-input":"required name=search_term_string"}],"inLanguage":"en-US"},{"@type":["Person","Organization"],"@id":"https:\/\/odabrano.com\/#\/schema\/person\/460f2b14657879743f23c4f6a7cd3236","name":"admin","image":{"@type":"ImageObject","inLanguage":"en-US","@id":"https:\/\/odabrano.com\/#\/schema\/person\/image\/","url":"https:\/\/odabrano.com\/wp-content\/uploads\/2024\/04\/dolar.jpg","contentUrl":"https:\/\/odabrano.com\/wp-content\/uploads\/2024\/04\/dolar.jpg","width":1216,"height":519,"caption":"admin"},"logo":{"@id":"https:\/\/odabrano.com\/#\/schema\/person\/image\/"},"sameAs":["http:\/\/odabrano.com"],"url":"https:\/\/odabrano.com\/index.php\/author\/sokolneno_u3xb387h\/"}]}},"_links":{"self":[{"href":"https:\/\/odabrano.com\/index.php\/wp-json\/wp\/v2\/posts\/5133","targetHints":{"allow":["GET"]}}],"collection":[{"href":"https:\/\/odabrano.com\/index.php\/wp-json\/wp\/v2\/posts"}],"about":[{"href":"https:\/\/odabrano.com\/index.php\/wp-json\/wp\/v2\/types\/post"}],"author":[{"embeddable":true,"href":"https:\/\/odabrano.com\/index.php\/wp-json\/wp\/v2\/users\/1"}],"replies":[{"embeddable":true,"href":"https:\/\/odabrano.com\/index.php\/wp-json\/wp\/v2\/comments?post=5133"}],"version-history":[{"count":2,"href":"https:\/\/odabrano.com\/index.php\/wp-json\/wp\/v2\/posts\/5133\/revisions"}],"predecessor-version":[{"id":5137,"href":"https:\/\/odabrano.com\/index.php\/wp-json\/wp\/v2\/posts\/5133\/revisions\/5137"}],"wp:featuredmedia":[{"embeddable":true,"href":"https:\/\/odabrano.com\/index.php\/wp-json\/wp\/v2\/media\/5135"}],"wp:attachment":[{"href":"https:\/\/odabrano.com\/index.php\/wp-json\/wp\/v2\/media?parent=5133"}],"wp:term":[{"taxonomy":"category","embeddable":true,"href":"https:\/\/odabrano.com\/index.php\/wp-json\/wp\/v2\/categories?post=5133"},{"taxonomy":"post_tag","embeddable":true,"href":"https:\/\/odabrano.com\/index.php\/wp-json\/wp\/v2\/tags?post=5133"}],"curies":[{"name":"wp","href":"https:\/\/api.w.org\/{rel}","templated":true}]}}