{"id":5122,"date":"2024-10-16T12:04:05","date_gmt":"2024-10-16T10:04:05","guid":{"rendered":"https:\/\/odabrano.com\/?p=5122"},"modified":"2024-10-18T14:07:39","modified_gmt":"2024-10-18T12:07:39","slug":"sjevernokorejski-vojnici-ce-ratovati-u-rusiji-angazirano-ih-je-3000","status":"publish","type":"post","link":"https:\/\/odabrano.com\/index.php\/2024\/10\/16\/sjevernokorejski-vojnici-ce-ratovati-u-rusiji-angazirano-ih-je-3000\/","title":{"rendered":"Sjevernokorejski vojnici \u0107e ratovati u Rusiji, anga\u017eirano ih je 3000"},"content":{"rendered":"\n<p><strong>18.10.2024: Obavje\u0161tajci iz Seula: Sjeverna Koreja \u0161alje 12 tisu\u0107a vojnika u Ukrajinu kao podr\u0161ku Rusiji<\/strong><\/p>\n\n\n\n<p>Rusija formira specijalnu bojnu sastavljenu od sjevernokorejskih vojnika te bi uskoro trebala biti anga\u017eirana na frontu, prenose ukrajinski i zapadni mediji<\/p>\n\n\n\n<p>Rije\u010d je o postrojbi koja se naziva specijalnom bojnom, iako \u0107e sa svojih 3000 vojnika zna\u010dajno prema\u0161ivati razinu bojne koja obi\u010dno ima od 500 do 1000 vojnika.&nbsp;Ve\u0107 se pisalo o tome da se&nbsp;<a href=\"https:\/\/www.tportal.hr\/vijesti\/clanak\/sjeverna-koreja-ulazi-u-rat-u-ukrajini-njeni-casnici-vec-stigli-na-okupirani-teritorij-foto-20241013\" target=\"_blank\" rel=\"noreferrer noopener\">sjevernokorejski vojnici<\/a>&nbsp;spremaju uklju\u010diti u borbe na strani ruske vojske, a ve\u0107 se neko vrijeme uvje\u017ebavaju u Rusiji temeljem sporazuma o strate\u0161kom partnerstvu koji su dvije zemlje potpisale u lipnju ove godine.<\/p>\n\n\n\n<p>Specijalna bojna djelovat \u0107e u sklopu&nbsp;<strong>11. zra\u010dno-desantne brigade<\/strong>, a trebala bi se uklju\u010diti u borbe u Kurskoj oblasti i osiguravanju granice na tom dijelu fronta. Ukrajinska vojska u\u0161la je u Kursku oblast, na teritoriju Rusije, u kolovozu i osvojila zna\u010dajan dio oko mjesta Sud\u017ee, no posljednjih tjedana ruska vojska je protuofenzivom vratila dio prethodno osvojenog teritorija.<\/p>\n\n\n\n<h4 class=\"wp-block-heading\"><strong>Putin \u017eeli izbje\u0107i mobilizaciju<\/strong><\/h4>\n\n\n\n<p>Jedan od razloga za uklju\u010divanje stranih vojnika \u017eelja je ruskog predsjednika&nbsp;<strong>Vladimira Putina<\/strong>&nbsp;da odgodi mobilizaciju \u0161to je du\u017ee mogu\u0107e i izbjegne da se to negativno odrazi na njegovu popularnost i podr\u0161ku Rusa ratu u Ukrajini. Ruski zapovjednici, naime, u napadima na ukrajinska sela i gradove ne \u0161tede svoje vojnike pa je tako objavljeno da dnevno gube vi\u0161e od tisu\u0107u, pa \u010dak i do 1500 vojnika, \u0161to onih koji poginu, \u0161to onih koji budu ranjeni. Prema zadnjim podacima ukrajinske vojske, Rusi su od po\u010detka invazije punog opsega u velja\u010di 2022. do danas izgubili vi\u0161e od 670.000 vojnika.<\/p>\n\n\n\n<h4 class=\"wp-block-heading\"><strong>Dezertiranje i prije po\u010detka borbenih operacija<\/strong><\/h4>\n\n\n\n<p>No da nije sve bajno ni s anga\u017emanom Sjevernokorejaca, pokazuju objavljeni podaci ukrajinskih obavje\u0161tajnih slu\u017ebi o tome da je do 18 sjevernokorejskih dr\u017eavljana dezertiralo sa svojih polo\u017eaja u Kurskoj i susjednoj Brjanskoj oblasti, prije nego \u0161to je specijalna bojna raspore\u0111ena za borbena djelovanja. Institut za prou\u010davanje rata (<a href=\"https:\/\/www.understandingwar.org\/backgrounder\/russian-offensive-campaign-assessment-october-15-2024\" target=\"_blank\" rel=\"noreferrer noopener\">ISW<\/a>) pi\u0161e da postoje izvje\u0161taji prema kojima je manji broj pripadnika sjevernokorejske vojske vi\u0111en<strong>&nbsp;i na terenu blizu okupiranog grada Donecka,<\/strong>&nbsp;a tu bi mogla biti rije\u010d o stru\u010dnjacima koji Rusima poma\u017eu u kori\u0161tenju takti\u010dkih raketnih sustava KN-23 te \u010dasnicima koji su do\u0161li promatrati ruske trupe i prou\u010davati boji\u0161te, o \u010demu su prethodno izvijestile ukrajinske obavje\u0161tajne slu\u017ebe.<\/p>\n","protected":false},"excerpt":{"rendered":"<p>18.10.2024: Obavje\u0161tajci iz Seula: Sjeverna Koreja \u0161alje 12 tisu\u0107a vojnika u Ukrajinu kao podr\u0161ku Rusiji Rusija formira specijalnu bojnu sastavljenu od sjevernokorejskih vojnika te bi uskoro trebala biti anga\u017eirana na frontu, prenose ukrajinski i zapadni mediji Rije\u010d je o postrojbi koja se naziva specijalnom bojnom, iako \u0107e sa svojih 3000 vojnika zna\u010dajno prema\u0161ivati razinu bojne &hellip;<\/p>\n","protected":false},"author":1,"featured_media":5123,"comment_status":"closed","ping_status":"open","sticky":false,"template":"","format":"standard","meta":{"_monsterinsights_skip_tracking":false,"_monsterinsights_sitenote_active":false,"_monsterinsights_sitenote_note":"","_monsterinsights_sitenote_category":0,"footnotes":""},"categories":[9],"tags":[18,752],"class_list":["post-5122","post","type-post","status-publish","format-standard","has-post-thumbnail","","category-svijet","tag-rusija","tag-sjeverna-koreja"],"yoast_head":"<!-- This site is optimized with the Yoast SEO plugin v22.1 - https:\/\/yoast.com\/wordpress\/plugins\/seo\/ -->\n<title>Sjevernokorejski vojnici \u0107e ratovati u Rusiji, anga\u017eirano ih je 3000 - odabrano<\/title>\n<meta name=\"robots\" content=\"index, follow, max-snippet:-1, max-image-preview:large, max-video-preview:-1\" \/>\n<link rel=\"canonical\" href=\"https:\/\/odabrano.com\/index.php\/2024\/10\/16\/sjevernokorejski-vojnici-ce-ratovati-u-rusiji-angazirano-ih-je-3000\/\" \/>\n<meta property=\"og:locale\" content=\"en_US\" \/>\n<meta property=\"og:type\" content=\"article\" \/>\n<meta property=\"og:title\" content=\"Sjevernokorejski vojnici \u0107e ratovati u Rusiji, anga\u017eirano ih je 3000 - odabrano\" \/>\n<meta property=\"og:description\" content=\"18.10.2024: Obavje\u0161tajci iz Seula: Sjeverna Koreja \u0161alje 12 tisu\u0107a vojnika u Ukrajinu kao podr\u0161ku Rusiji Rusija formira specijalnu bojnu sastavljenu od sjevernokorejskih vojnika te bi uskoro trebala biti anga\u017eirana na frontu, prenose ukrajinski i zapadni mediji Rije\u010d je o postrojbi koja se naziva specijalnom bojnom, iako \u0107e sa svojih 3000 vojnika zna\u010dajno prema\u0161ivati razinu bojne &hellip;\" \/>\n<meta property=\"og:url\" content=\"https:\/\/odabrano.com\/index.php\/2024\/10\/16\/sjevernokorejski-vojnici-ce-ratovati-u-rusiji-angazirano-ih-je-3000\/\" \/>\n<meta property=\"og:site_name\" content=\"odabrano\" \/>\n<meta property=\"article:published_time\" content=\"2024-10-16T10:04:05+00:00\" \/>\n<meta property=\"article:modified_time\" content=\"2024-10-18T12:07:39+00:00\" \/>\n<meta property=\"og:image\" content=\"http:\/\/odabrano.com\/wp-content\/uploads\/2024\/10\/north-korea.jpeg\" \/>\n\t<meta property=\"og:image:width\" content=\"1000\" \/>\n\t<meta property=\"og:image:height\" content=\"661\" \/>\n\t<meta property=\"og:image:type\" content=\"image\/jpeg\" \/>\n<meta name=\"author\" content=\"admin\" \/>\n<meta name=\"twitter:card\" content=\"summary_large_image\" \/>\n<meta name=\"twitter:label1\" content=\"Written by\" \/>\n\t<meta name=\"twitter:data1\" content=\"admin\" \/>\n\t<meta name=\"twitter:label2\" content=\"Est. reading time\" \/>\n\t<meta name=\"twitter:data2\" content=\"2 minutes\" \/>\n<script type=\"application\/ld+json\" class=\"yoast-schema-graph\">{\"@context\":\"https:\/\/schema.org\",\"@graph\":[{\"@type\":\"Article\",\"@id\":\"https:\/\/odabrano.com\/index.php\/2024\/10\/16\/sjevernokorejski-vojnici-ce-ratovati-u-rusiji-angazirano-ih-je-3000\/#article\",\"isPartOf\":{\"@id\":\"https:\/\/odabrano.com\/index.php\/2024\/10\/16\/sjevernokorejski-vojnici-ce-ratovati-u-rusiji-angazirano-ih-je-3000\/\"},\"author\":{\"name\":\"admin\",\"@id\":\"https:\/\/odabrano.com\/#\/schema\/person\/460f2b14657879743f23c4f6a7cd3236\"},\"headline\":\"Sjevernokorejski vojnici \u0107e ratovati u Rusiji, anga\u017eirano ih je 3000\",\"datePublished\":\"2024-10-16T10:04:05+00:00\",\"dateModified\":\"2024-10-18T12:07:39+00:00\",\"mainEntityOfPage\":{\"@id\":\"https:\/\/odabrano.com\/index.php\/2024\/10\/16\/sjevernokorejski-vojnici-ce-ratovati-u-rusiji-angazirano-ih-je-3000\/\"},\"wordCount\":423,\"publisher\":{\"@id\":\"https:\/\/odabrano.com\/#\/schema\/person\/460f2b14657879743f23c4f6a7cd3236\"},\"keywords\":[\"rusija\",\"sjeverna koreja\"],\"articleSection\":[\"Svijet\"],\"inLanguage\":\"en-US\"},{\"@type\":\"WebPage\",\"@id\":\"https:\/\/odabrano.com\/index.php\/2024\/10\/16\/sjevernokorejski-vojnici-ce-ratovati-u-rusiji-angazirano-ih-je-3000\/\",\"url\":\"https:\/\/odabrano.com\/index.php\/2024\/10\/16\/sjevernokorejski-vojnici-ce-ratovati-u-rusiji-angazirano-ih-je-3000\/\",\"name\":\"Sjevernokorejski vojnici \u0107e ratovati u Rusiji, anga\u017eirano ih je 3000 - odabrano\",\"isPartOf\":{\"@id\":\"https:\/\/odabrano.com\/#website\"},\"datePublished\":\"2024-10-16T10:04:05+00:00\",\"dateModified\":\"2024-10-18T12:07:39+00:00\",\"breadcrumb\":{\"@id\":\"https:\/\/odabrano.com\/index.php\/2024\/10\/16\/sjevernokorejski-vojnici-ce-ratovati-u-rusiji-angazirano-ih-je-3000\/#breadcrumb\"},\"inLanguage\":\"en-US\",\"potentialAction\":[{\"@type\":\"ReadAction\",\"target\":[\"https:\/\/odabrano.com\/index.php\/2024\/10\/16\/sjevernokorejski-vojnici-ce-ratovati-u-rusiji-angazirano-ih-je-3000\/\"]}]},{\"@type\":\"BreadcrumbList\",\"@id\":\"https:\/\/odabrano.com\/index.php\/2024\/10\/16\/sjevernokorejski-vojnici-ce-ratovati-u-rusiji-angazirano-ih-je-3000\/#breadcrumb\",\"itemListElement\":[{\"@type\":\"ListItem\",\"position\":1,\"name\":\"Home\",\"item\":\"https:\/\/odabrano.com\/\"},{\"@type\":\"ListItem\",\"position\":2,\"name\":\"Sjevernokorejski vojnici \u0107e ratovati u Rusiji, anga\u017eirano ih je 3000\"}]},{\"@type\":\"WebSite\",\"@id\":\"https:\/\/odabrano.com\/#website\",\"url\":\"https:\/\/odabrano.com\/\",\"name\":\"odabrano\",\"description\":\"news portal koji nudi odabrane vijesti i informacije\",\"publisher\":{\"@id\":\"https:\/\/odabrano.com\/#\/schema\/person\/460f2b14657879743f23c4f6a7cd3236\"},\"alternateName\":\"vijesti i informacije iz Hrvatske i svijeta\",\"potentialAction\":[{\"@type\":\"SearchAction\",\"target\":{\"@type\":\"EntryPoint\",\"urlTemplate\":\"https:\/\/odabrano.com\/?s={search_term_string}\"},\"query-input\":\"required name=search_term_string\"}],\"inLanguage\":\"en-US\"},{\"@type\":[\"Person\",\"Organization\"],\"@id\":\"https:\/\/odabrano.com\/#\/schema\/person\/460f2b14657879743f23c4f6a7cd3236\",\"name\":\"admin\",\"image\":{\"@type\":\"ImageObject\",\"inLanguage\":\"en-US\",\"@id\":\"https:\/\/odabrano.com\/#\/schema\/person\/image\/\",\"url\":\"https:\/\/odabrano.com\/wp-content\/uploads\/2024\/04\/dolar.jpg\",\"contentUrl\":\"https:\/\/odabrano.com\/wp-content\/uploads\/2024\/04\/dolar.jpg\",\"width\":1216,\"height\":519,\"caption\":\"admin\"},\"logo\":{\"@id\":\"https:\/\/odabrano.com\/#\/schema\/person\/image\/\"},\"sameAs\":[\"http:\/\/odabrano.com\"],\"url\":\"https:\/\/odabrano.com\/index.php\/author\/sokolneno_u3xb387h\/\"}]}<\/script>\n<!-- \/ Yoast SEO plugin. -->","yoast_head_json":{"title":"Sjevernokorejski vojnici \u0107e ratovati u Rusiji, anga\u017eirano ih je 3000 - odabrano","robots":{"index":"index","follow":"follow","max-snippet":"max-snippet:-1","max-image-preview":"max-image-preview:large","max-video-preview":"max-video-preview:-1"},"canonical":"https:\/\/odabrano.com\/index.php\/2024\/10\/16\/sjevernokorejski-vojnici-ce-ratovati-u-rusiji-angazirano-ih-je-3000\/","og_locale":"en_US","og_type":"article","og_title":"Sjevernokorejski vojnici \u0107e ratovati u Rusiji, anga\u017eirano ih je 3000 - odabrano","og_description":"18.10.2024: Obavje\u0161tajci iz Seula: Sjeverna Koreja \u0161alje 12 tisu\u0107a vojnika u Ukrajinu kao podr\u0161ku Rusiji Rusija formira specijalnu bojnu sastavljenu od sjevernokorejskih vojnika te bi uskoro trebala biti anga\u017eirana na frontu, prenose ukrajinski i zapadni mediji Rije\u010d je o postrojbi koja se naziva specijalnom bojnom, iako \u0107e sa svojih 3000 vojnika zna\u010dajno prema\u0161ivati razinu bojne &hellip;","og_url":"https:\/\/odabrano.com\/index.php\/2024\/10\/16\/sjevernokorejski-vojnici-ce-ratovati-u-rusiji-angazirano-ih-je-3000\/","og_site_name":"odabrano","article_published_time":"2024-10-16T10:04:05+00:00","article_modified_time":"2024-10-18T12:07:39+00:00","og_image":[{"width":1000,"height":661,"url":"http:\/\/odabrano.com\/wp-content\/uploads\/2024\/10\/north-korea.jpeg","type":"image\/jpeg"}],"author":"admin","twitter_card":"summary_large_image","twitter_misc":{"Written by":"admin","Est. reading time":"2 minutes"},"schema":{"@context":"https:\/\/schema.org","@graph":[{"@type":"Article","@id":"https:\/\/odabrano.com\/index.php\/2024\/10\/16\/sjevernokorejski-vojnici-ce-ratovati-u-rusiji-angazirano-ih-je-3000\/#article","isPartOf":{"@id":"https:\/\/odabrano.com\/index.php\/2024\/10\/16\/sjevernokorejski-vojnici-ce-ratovati-u-rusiji-angazirano-ih-je-3000\/"},"author":{"name":"admin","@id":"https:\/\/odabrano.com\/#\/schema\/person\/460f2b14657879743f23c4f6a7cd3236"},"headline":"Sjevernokorejski vojnici \u0107e ratovati u Rusiji, anga\u017eirano ih je 3000","datePublished":"2024-10-16T10:04:05+00:00","dateModified":"2024-10-18T12:07:39+00:00","mainEntityOfPage":{"@id":"https:\/\/odabrano.com\/index.php\/2024\/10\/16\/sjevernokorejski-vojnici-ce-ratovati-u-rusiji-angazirano-ih-je-3000\/"},"wordCount":423,"publisher":{"@id":"https:\/\/odabrano.com\/#\/schema\/person\/460f2b14657879743f23c4f6a7cd3236"},"keywords":["rusija","sjeverna koreja"],"articleSection":["Svijet"],"inLanguage":"en-US"},{"@type":"WebPage","@id":"https:\/\/odabrano.com\/index.php\/2024\/10\/16\/sjevernokorejski-vojnici-ce-ratovati-u-rusiji-angazirano-ih-je-3000\/","url":"https:\/\/odabrano.com\/index.php\/2024\/10\/16\/sjevernokorejski-vojnici-ce-ratovati-u-rusiji-angazirano-ih-je-3000\/","name":"Sjevernokorejski vojnici \u0107e ratovati u Rusiji, anga\u017eirano ih je 3000 - odabrano","isPartOf":{"@id":"https:\/\/odabrano.com\/#website"},"datePublished":"2024-10-16T10:04:05+00:00","dateModified":"2024-10-18T12:07:39+00:00","breadcrumb":{"@id":"https:\/\/odabrano.com\/index.php\/2024\/10\/16\/sjevernokorejski-vojnici-ce-ratovati-u-rusiji-angazirano-ih-je-3000\/#breadcrumb"},"inLanguage":"en-US","potentialAction":[{"@type":"ReadAction","target":["https:\/\/odabrano.com\/index.php\/2024\/10\/16\/sjevernokorejski-vojnici-ce-ratovati-u-rusiji-angazirano-ih-je-3000\/"]}]},{"@type":"BreadcrumbList","@id":"https:\/\/odabrano.com\/index.php\/2024\/10\/16\/sjevernokorejski-vojnici-ce-ratovati-u-rusiji-angazirano-ih-je-3000\/#breadcrumb","itemListElement":[{"@type":"ListItem","position":1,"name":"Home","item":"https:\/\/odabrano.com\/"},{"@type":"ListItem","position":2,"name":"Sjevernokorejski vojnici \u0107e ratovati u Rusiji, anga\u017eirano ih je 3000"}]},{"@type":"WebSite","@id":"https:\/\/odabrano.com\/#website","url":"https:\/\/odabrano.com\/","name":"odabrano","description":"news portal koji nudi odabrane vijesti i informacije","publisher":{"@id":"https:\/\/odabrano.com\/#\/schema\/person\/460f2b14657879743f23c4f6a7cd3236"},"alternateName":"vijesti i informacije iz Hrvatske i svijeta","potentialAction":[{"@type":"SearchAction","target":{"@type":"EntryPoint","urlTemplate":"https:\/\/odabrano.com\/?s={search_term_string}"},"query-input":"required name=search_term_string"}],"inLanguage":"en-US"},{"@type":["Person","Organization"],"@id":"https:\/\/odabrano.com\/#\/schema\/person\/460f2b14657879743f23c4f6a7cd3236","name":"admin","image":{"@type":"ImageObject","inLanguage":"en-US","@id":"https:\/\/odabrano.com\/#\/schema\/person\/image\/","url":"https:\/\/odabrano.com\/wp-content\/uploads\/2024\/04\/dolar.jpg","contentUrl":"https:\/\/odabrano.com\/wp-content\/uploads\/2024\/04\/dolar.jpg","width":1216,"height":519,"caption":"admin"},"logo":{"@id":"https:\/\/odabrano.com\/#\/schema\/person\/image\/"},"sameAs":["http:\/\/odabrano.com"],"url":"https:\/\/odabrano.com\/index.php\/author\/sokolneno_u3xb387h\/"}]}},"_links":{"self":[{"href":"https:\/\/odabrano.com\/index.php\/wp-json\/wp\/v2\/posts\/5122","targetHints":{"allow":["GET"]}}],"collection":[{"href":"https:\/\/odabrano.com\/index.php\/wp-json\/wp\/v2\/posts"}],"about":[{"href":"https:\/\/odabrano.com\/index.php\/wp-json\/wp\/v2\/types\/post"}],"author":[{"embeddable":true,"href":"https:\/\/odabrano.com\/index.php\/wp-json\/wp\/v2\/users\/1"}],"replies":[{"embeddable":true,"href":"https:\/\/odabrano.com\/index.php\/wp-json\/wp\/v2\/comments?post=5122"}],"version-history":[{"count":2,"href":"https:\/\/odabrano.com\/index.php\/wp-json\/wp\/v2\/posts\/5122\/revisions"}],"predecessor-version":[{"id":5143,"href":"https:\/\/odabrano.com\/index.php\/wp-json\/wp\/v2\/posts\/5122\/revisions\/5143"}],"wp:featuredmedia":[{"embeddable":true,"href":"https:\/\/odabrano.com\/index.php\/wp-json\/wp\/v2\/media\/5123"}],"wp:attachment":[{"href":"https:\/\/odabrano.com\/index.php\/wp-json\/wp\/v2\/media?parent=5122"}],"wp:term":[{"taxonomy":"category","embeddable":true,"href":"https:\/\/odabrano.com\/index.php\/wp-json\/wp\/v2\/categories?post=5122"},{"taxonomy":"post_tag","embeddable":true,"href":"https:\/\/odabrano.com\/index.php\/wp-json\/wp\/v2\/tags?post=5122"}],"curies":[{"name":"wp","href":"https:\/\/api.w.org\/{rel}","templated":true}]}}