{"id":4954,"date":"2024-10-06T10:28:31","date_gmt":"2024-10-06T08:28:31","guid":{"rendered":"https:\/\/odabrano.com\/?p=4954"},"modified":"2024-10-06T10:28:32","modified_gmt":"2024-10-06T08:28:32","slug":"rusija-izvela-zracne-napade-na-kijev-i-odesu","status":"publish","type":"post","link":"https:\/\/odabrano.com\/index.php\/2024\/10\/06\/rusija-izvela-zracne-napade-na-kijev-i-odesu\/","title":{"rendered":"Rusija izvela zra\u010dne napade na Kijev i Odesu"},"content":{"rendered":"\n<p>Zbog ruskih zra\u010dnih napada isto\u010dni dio Ukrajine bio je pod zra\u010dnom uzbunom vi\u0161e od pet sati, priop\u0107ila je ukrajinska vojska u nedjelju, a Moskva je pokrenula nekoliko valova napada na Kijev i druge gradove.<\/p>\n\n\n\n<p>\u201eNeprijatelj je preko no\u0107i ponovno upotrijebio svoje dronove protiv Kijeva!\u201c rekao je \u0161ef vojne uprave Kijeva Serhij\u00a0Popko na aplikaciji za razmjenu poruka Telegram. \u201eRuske bespilotne letjelice u\u0161le su u glavni grad Ukrajine u nekoliko valova i iz razli\u010ditih smjerova.\u201c<\/p>\n\n\n\n<p>Svo zra\u010dno oru\u017eje uni\u0161teno je, a prema preliminarnim informacijama nema dojava o \u0161teti ili ozlije\u0111enima, rekao je Popko. Pojedinosti o veli\u010dini napada bit \u0107e objavljene kasnije, rekao je.<\/p>\n\n\n\n<p>Zra\u010dna uzbuna za glavni grad i regiju objavljena je tri puta tijekom no\u0107i i trajala vi\u0161e od pet sati, rekao je Popko.<\/p>\n\n\n\n<p>Gradona\u010delnik Odese Hennadii Trukhanov rekao je na Telegramu da je Rusija ga\u0111ala grad tijekom no\u0107i i da je prijavljeno nekoliko eksplozija.<\/p>\n\n\n\n<p>Nema informacija o \u0161teti ili ozlije\u0111enima.<\/p>\n\n\n\n<p>Guverner regije Herson Oleksandr Prokudin rekao je u nedjelju na Telegramu da je u posljednja 24 sata u ruskim napadima na regiju poginuo jedan civil, a 15 ih je ozlije\u0111eno.<\/p>\n\n\n\n<p>Reuters nije mogao neovisno provjeriti izvje\u0161\u0107a. Rusija nije komentirala napade.<\/p>\n\n\n\n<p>Obje strane pori\u010du da su ciljale civile u ratu, koji je Rusija pokrenula u velja\u010di 2022. invazijom punog opsega na Ukrajinu. Ali tisu\u0107e civila je poginulo, velika ve\u0107ina su Ukrajinci.<\/p>\n","protected":false},"excerpt":{"rendered":"<p>Zbog ruskih zra\u010dnih napada isto\u010dni dio Ukrajine bio je pod zra\u010dnom uzbunom vi\u0161e od pet sati, priop\u0107ila je ukrajinska vojska u nedjelju, a Moskva je pokrenula nekoliko valova napada na Kijev i druge gradove. \u201eNeprijatelj je preko no\u0107i ponovno upotrijebio svoje dronove protiv Kijeva!\u201c rekao je \u0161ef vojne uprave Kijeva Serhij\u00a0Popko na aplikaciji za razmjenu &hellip;<\/p>\n","protected":false},"author":1,"featured_media":4955,"comment_status":"closed","ping_status":"open","sticky":false,"template":"","format":"standard","meta":{"_monsterinsights_skip_tracking":false,"_monsterinsights_sitenote_active":false,"_monsterinsights_sitenote_note":"","_monsterinsights_sitenote_category":0,"footnotes":""},"categories":[9],"tags":[19,182,17],"class_list":["post-4954","post","type-post","status-publish","format-standard","has-post-thumbnail","","category-svijet","tag-kijev","tag-odesa","tag-ukrajina"],"yoast_head":"<!-- This site is optimized with the Yoast SEO plugin v22.1 - https:\/\/yoast.com\/wordpress\/plugins\/seo\/ -->\n<title>Rusija izvela zra\u010dne napade na Kijev i Odesu - odabrano<\/title>\n<meta name=\"robots\" content=\"index, follow, max-snippet:-1, max-image-preview:large, max-video-preview:-1\" \/>\n<link rel=\"canonical\" href=\"https:\/\/odabrano.com\/index.php\/2024\/10\/06\/rusija-izvela-zracne-napade-na-kijev-i-odesu\/\" \/>\n<meta property=\"og:locale\" content=\"en_US\" \/>\n<meta property=\"og:type\" content=\"article\" \/>\n<meta property=\"og:title\" content=\"Rusija izvela zra\u010dne napade na Kijev i Odesu - odabrano\" \/>\n<meta property=\"og:description\" content=\"Zbog ruskih zra\u010dnih napada isto\u010dni dio Ukrajine bio je pod zra\u010dnom uzbunom vi\u0161e od pet sati, priop\u0107ila je ukrajinska vojska u nedjelju, a Moskva je pokrenula nekoliko valova napada na Kijev i druge gradove. \u201eNeprijatelj je preko no\u0107i ponovno upotrijebio svoje dronove protiv Kijeva!\u201c rekao je \u0161ef vojne uprave Kijeva Serhij\u00a0Popko na aplikaciji za razmjenu &hellip;\" \/>\n<meta property=\"og:url\" content=\"https:\/\/odabrano.com\/index.php\/2024\/10\/06\/rusija-izvela-zracne-napade-na-kijev-i-odesu\/\" \/>\n<meta property=\"og:site_name\" content=\"odabrano\" \/>\n<meta property=\"article:published_time\" content=\"2024-10-06T08:28:31+00:00\" \/>\n<meta property=\"article:modified_time\" content=\"2024-10-06T08:28:32+00:00\" \/>\n<meta property=\"og:image\" content=\"http:\/\/odabrano.com\/wp-content\/uploads\/2024\/10\/ukrajina.jpg\" \/>\n\t<meta property=\"og:image:width\" content=\"800\" \/>\n\t<meta property=\"og:image:height\" content=\"532\" \/>\n\t<meta property=\"og:image:type\" content=\"image\/jpeg\" \/>\n<meta name=\"author\" content=\"admin\" \/>\n<meta name=\"twitter:card\" content=\"summary_large_image\" \/>\n<meta name=\"twitter:label1\" content=\"Written by\" \/>\n\t<meta name=\"twitter:data1\" content=\"admin\" \/>\n\t<meta name=\"twitter:label2\" content=\"Est. reading time\" \/>\n\t<meta name=\"twitter:data2\" content=\"2 minutes\" \/>\n<script type=\"application\/ld+json\" class=\"yoast-schema-graph\">{\"@context\":\"https:\/\/schema.org\",\"@graph\":[{\"@type\":\"Article\",\"@id\":\"https:\/\/odabrano.com\/index.php\/2024\/10\/06\/rusija-izvela-zracne-napade-na-kijev-i-odesu\/#article\",\"isPartOf\":{\"@id\":\"https:\/\/odabrano.com\/index.php\/2024\/10\/06\/rusija-izvela-zracne-napade-na-kijev-i-odesu\/\"},\"author\":{\"name\":\"admin\",\"@id\":\"https:\/\/odabrano.com\/#\/schema\/person\/460f2b14657879743f23c4f6a7cd3236\"},\"headline\":\"Rusija izvela zra\u010dne napade na Kijev i Odesu\",\"datePublished\":\"2024-10-06T08:28:31+00:00\",\"dateModified\":\"2024-10-06T08:28:32+00:00\",\"mainEntityOfPage\":{\"@id\":\"https:\/\/odabrano.com\/index.php\/2024\/10\/06\/rusija-izvela-zracne-napade-na-kijev-i-odesu\/\"},\"wordCount\":253,\"publisher\":{\"@id\":\"https:\/\/odabrano.com\/#\/schema\/person\/460f2b14657879743f23c4f6a7cd3236\"},\"keywords\":[\"kijev\",\"odesa\",\"ukrajina\"],\"articleSection\":[\"Svijet\"],\"inLanguage\":\"en-US\"},{\"@type\":\"WebPage\",\"@id\":\"https:\/\/odabrano.com\/index.php\/2024\/10\/06\/rusija-izvela-zracne-napade-na-kijev-i-odesu\/\",\"url\":\"https:\/\/odabrano.com\/index.php\/2024\/10\/06\/rusija-izvela-zracne-napade-na-kijev-i-odesu\/\",\"name\":\"Rusija izvela zra\u010dne napade na Kijev i Odesu - odabrano\",\"isPartOf\":{\"@id\":\"https:\/\/odabrano.com\/#website\"},\"datePublished\":\"2024-10-06T08:28:31+00:00\",\"dateModified\":\"2024-10-06T08:28:32+00:00\",\"breadcrumb\":{\"@id\":\"https:\/\/odabrano.com\/index.php\/2024\/10\/06\/rusija-izvela-zracne-napade-na-kijev-i-odesu\/#breadcrumb\"},\"inLanguage\":\"en-US\",\"potentialAction\":[{\"@type\":\"ReadAction\",\"target\":[\"https:\/\/odabrano.com\/index.php\/2024\/10\/06\/rusija-izvela-zracne-napade-na-kijev-i-odesu\/\"]}]},{\"@type\":\"BreadcrumbList\",\"@id\":\"https:\/\/odabrano.com\/index.php\/2024\/10\/06\/rusija-izvela-zracne-napade-na-kijev-i-odesu\/#breadcrumb\",\"itemListElement\":[{\"@type\":\"ListItem\",\"position\":1,\"name\":\"Home\",\"item\":\"https:\/\/odabrano.com\/\"},{\"@type\":\"ListItem\",\"position\":2,\"name\":\"Rusija izvela zra\u010dne napade na Kijev i Odesu\"}]},{\"@type\":\"WebSite\",\"@id\":\"https:\/\/odabrano.com\/#website\",\"url\":\"https:\/\/odabrano.com\/\",\"name\":\"odabrano\",\"description\":\"news portal koji nudi odabrane vijesti i informacije\",\"publisher\":{\"@id\":\"https:\/\/odabrano.com\/#\/schema\/person\/460f2b14657879743f23c4f6a7cd3236\"},\"alternateName\":\"vijesti i informacije iz Hrvatske i svijeta\",\"potentialAction\":[{\"@type\":\"SearchAction\",\"target\":{\"@type\":\"EntryPoint\",\"urlTemplate\":\"https:\/\/odabrano.com\/?s={search_term_string}\"},\"query-input\":\"required name=search_term_string\"}],\"inLanguage\":\"en-US\"},{\"@type\":[\"Person\",\"Organization\"],\"@id\":\"https:\/\/odabrano.com\/#\/schema\/person\/460f2b14657879743f23c4f6a7cd3236\",\"name\":\"admin\",\"image\":{\"@type\":\"ImageObject\",\"inLanguage\":\"en-US\",\"@id\":\"https:\/\/odabrano.com\/#\/schema\/person\/image\/\",\"url\":\"https:\/\/odabrano.com\/wp-content\/uploads\/2024\/04\/dolar.jpg\",\"contentUrl\":\"https:\/\/odabrano.com\/wp-content\/uploads\/2024\/04\/dolar.jpg\",\"width\":1216,\"height\":519,\"caption\":\"admin\"},\"logo\":{\"@id\":\"https:\/\/odabrano.com\/#\/schema\/person\/image\/\"},\"sameAs\":[\"http:\/\/odabrano.com\"],\"url\":\"https:\/\/odabrano.com\/index.php\/author\/sokolneno_u3xb387h\/\"}]}<\/script>\n<!-- \/ Yoast SEO plugin. -->","yoast_head_json":{"title":"Rusija izvela zra\u010dne napade na Kijev i Odesu - odabrano","robots":{"index":"index","follow":"follow","max-snippet":"max-snippet:-1","max-image-preview":"max-image-preview:large","max-video-preview":"max-video-preview:-1"},"canonical":"https:\/\/odabrano.com\/index.php\/2024\/10\/06\/rusija-izvela-zracne-napade-na-kijev-i-odesu\/","og_locale":"en_US","og_type":"article","og_title":"Rusija izvela zra\u010dne napade na Kijev i Odesu - odabrano","og_description":"Zbog ruskih zra\u010dnih napada isto\u010dni dio Ukrajine bio je pod zra\u010dnom uzbunom vi\u0161e od pet sati, priop\u0107ila je ukrajinska vojska u nedjelju, a Moskva je pokrenula nekoliko valova napada na Kijev i druge gradove. \u201eNeprijatelj je preko no\u0107i ponovno upotrijebio svoje dronove protiv Kijeva!\u201c rekao je \u0161ef vojne uprave Kijeva Serhij\u00a0Popko na aplikaciji za razmjenu &hellip;","og_url":"https:\/\/odabrano.com\/index.php\/2024\/10\/06\/rusija-izvela-zracne-napade-na-kijev-i-odesu\/","og_site_name":"odabrano","article_published_time":"2024-10-06T08:28:31+00:00","article_modified_time":"2024-10-06T08:28:32+00:00","og_image":[{"width":800,"height":532,"url":"http:\/\/odabrano.com\/wp-content\/uploads\/2024\/10\/ukrajina.jpg","type":"image\/jpeg"}],"author":"admin","twitter_card":"summary_large_image","twitter_misc":{"Written by":"admin","Est. reading time":"2 minutes"},"schema":{"@context":"https:\/\/schema.org","@graph":[{"@type":"Article","@id":"https:\/\/odabrano.com\/index.php\/2024\/10\/06\/rusija-izvela-zracne-napade-na-kijev-i-odesu\/#article","isPartOf":{"@id":"https:\/\/odabrano.com\/index.php\/2024\/10\/06\/rusija-izvela-zracne-napade-na-kijev-i-odesu\/"},"author":{"name":"admin","@id":"https:\/\/odabrano.com\/#\/schema\/person\/460f2b14657879743f23c4f6a7cd3236"},"headline":"Rusija izvela zra\u010dne napade na Kijev i Odesu","datePublished":"2024-10-06T08:28:31+00:00","dateModified":"2024-10-06T08:28:32+00:00","mainEntityOfPage":{"@id":"https:\/\/odabrano.com\/index.php\/2024\/10\/06\/rusija-izvela-zracne-napade-na-kijev-i-odesu\/"},"wordCount":253,"publisher":{"@id":"https:\/\/odabrano.com\/#\/schema\/person\/460f2b14657879743f23c4f6a7cd3236"},"keywords":["kijev","odesa","ukrajina"],"articleSection":["Svijet"],"inLanguage":"en-US"},{"@type":"WebPage","@id":"https:\/\/odabrano.com\/index.php\/2024\/10\/06\/rusija-izvela-zracne-napade-na-kijev-i-odesu\/","url":"https:\/\/odabrano.com\/index.php\/2024\/10\/06\/rusija-izvela-zracne-napade-na-kijev-i-odesu\/","name":"Rusija izvela zra\u010dne napade na Kijev i Odesu - odabrano","isPartOf":{"@id":"https:\/\/odabrano.com\/#website"},"datePublished":"2024-10-06T08:28:31+00:00","dateModified":"2024-10-06T08:28:32+00:00","breadcrumb":{"@id":"https:\/\/odabrano.com\/index.php\/2024\/10\/06\/rusija-izvela-zracne-napade-na-kijev-i-odesu\/#breadcrumb"},"inLanguage":"en-US","potentialAction":[{"@type":"ReadAction","target":["https:\/\/odabrano.com\/index.php\/2024\/10\/06\/rusija-izvela-zracne-napade-na-kijev-i-odesu\/"]}]},{"@type":"BreadcrumbList","@id":"https:\/\/odabrano.com\/index.php\/2024\/10\/06\/rusija-izvela-zracne-napade-na-kijev-i-odesu\/#breadcrumb","itemListElement":[{"@type":"ListItem","position":1,"name":"Home","item":"https:\/\/odabrano.com\/"},{"@type":"ListItem","position":2,"name":"Rusija izvela zra\u010dne napade na Kijev i Odesu"}]},{"@type":"WebSite","@id":"https:\/\/odabrano.com\/#website","url":"https:\/\/odabrano.com\/","name":"odabrano","description":"news portal koji nudi odabrane vijesti i informacije","publisher":{"@id":"https:\/\/odabrano.com\/#\/schema\/person\/460f2b14657879743f23c4f6a7cd3236"},"alternateName":"vijesti i informacije iz Hrvatske i svijeta","potentialAction":[{"@type":"SearchAction","target":{"@type":"EntryPoint","urlTemplate":"https:\/\/odabrano.com\/?s={search_term_string}"},"query-input":"required name=search_term_string"}],"inLanguage":"en-US"},{"@type":["Person","Organization"],"@id":"https:\/\/odabrano.com\/#\/schema\/person\/460f2b14657879743f23c4f6a7cd3236","name":"admin","image":{"@type":"ImageObject","inLanguage":"en-US","@id":"https:\/\/odabrano.com\/#\/schema\/person\/image\/","url":"https:\/\/odabrano.com\/wp-content\/uploads\/2024\/04\/dolar.jpg","contentUrl":"https:\/\/odabrano.com\/wp-content\/uploads\/2024\/04\/dolar.jpg","width":1216,"height":519,"caption":"admin"},"logo":{"@id":"https:\/\/odabrano.com\/#\/schema\/person\/image\/"},"sameAs":["http:\/\/odabrano.com"],"url":"https:\/\/odabrano.com\/index.php\/author\/sokolneno_u3xb387h\/"}]}},"_links":{"self":[{"href":"https:\/\/odabrano.com\/index.php\/wp-json\/wp\/v2\/posts\/4954","targetHints":{"allow":["GET"]}}],"collection":[{"href":"https:\/\/odabrano.com\/index.php\/wp-json\/wp\/v2\/posts"}],"about":[{"href":"https:\/\/odabrano.com\/index.php\/wp-json\/wp\/v2\/types\/post"}],"author":[{"embeddable":true,"href":"https:\/\/odabrano.com\/index.php\/wp-json\/wp\/v2\/users\/1"}],"replies":[{"embeddable":true,"href":"https:\/\/odabrano.com\/index.php\/wp-json\/wp\/v2\/comments?post=4954"}],"version-history":[{"count":1,"href":"https:\/\/odabrano.com\/index.php\/wp-json\/wp\/v2\/posts\/4954\/revisions"}],"predecessor-version":[{"id":4956,"href":"https:\/\/odabrano.com\/index.php\/wp-json\/wp\/v2\/posts\/4954\/revisions\/4956"}],"wp:featuredmedia":[{"embeddable":true,"href":"https:\/\/odabrano.com\/index.php\/wp-json\/wp\/v2\/media\/4955"}],"wp:attachment":[{"href":"https:\/\/odabrano.com\/index.php\/wp-json\/wp\/v2\/media?parent=4954"}],"wp:term":[{"taxonomy":"category","embeddable":true,"href":"https:\/\/odabrano.com\/index.php\/wp-json\/wp\/v2\/categories?post=4954"},{"taxonomy":"post_tag","embeddable":true,"href":"https:\/\/odabrano.com\/index.php\/wp-json\/wp\/v2\/tags?post=4954"}],"curies":[{"name":"wp","href":"https:\/\/api.w.org\/{rel}","templated":true}]}}