{"id":4943,"date":"2024-10-05T16:42:49","date_gmt":"2024-10-05T14:42:49","guid":{"rendered":"https:\/\/odabrano.com\/?p=4943"},"modified":"2024-10-05T16:42:49","modified_gmt":"2024-10-05T14:42:49","slug":"dan-kad-je-utihnula-glazba","status":"publish","type":"post","link":"https:\/\/odabrano.com\/index.php\/2024\/10\/05\/dan-kad-je-utihnula-glazba\/","title":{"rendered":"Dan kad je utihnula glazba"},"content":{"rendered":"\n<p><strong>Yarin Ilovich je stajao za DJ-pultom na Supernova festivalu u jutarnjim satima 7. listopada 2023. godine i promatrao kako masa ispred njega ple\u0161e. Godinu dana kasnije prisje\u0107a se trenutka kada je naglo zaustavio muziku.<\/strong><\/p>\n\n\n\n<p>U posljednjih nekoliko mjeseci mnogo je putovao po svijetu. U rujnu je bio u SAD-u, u kolovozu je pu\u0161tao muziku u Brazilu, a ubrzo nakon toga odletio je u Berlin. Nedavno je objavio novu pjesmu pod nazivom &#8220;Cyber Fever&#8221;, koja slavi &#8220;magi\u010dni svijet&#8221;, kako najavljuje ra\u010dunalni glas. Svijet koji je \u0161areniji, ljep\u0161i i veseliji od stvarnosti.<\/p>\n\n\n\n<p>Kada Artifex &#8211; to je njegov umjetni\u010dki pseudonim &#8211; nastupa, ple\u0161e na pozornici, podi\u017ee atmosferu i ska\u010de uz svoje ritmove. Da ne znate \u0161to je pro\u017eivio prije godinu dana, ne biste mogli naslutiti tu pri\u010du.<\/p>\n\n\n\n<p>Me\u0111utim, njegove o\u010di su svjedo\u010dile stvarima koje je te\u0161ko probaviti. Yarin Ilovich je jedan od pre\u017eivjelih teroristi\u010dkog napada na Supernova muzi\u010dki festival u Izraelu 7. listopada. On je bio posljednji DJ koji je pu\u0161tao muziku na festivalu. DJ koji je ujutro, tijekom napada Hamasa, prvo motivirao masu da ple\u0161e, a zatim naglo zaustavio muziku.<\/p>\n\n\n\n<p>Kada smo ga sreli u Berlinu, djelovao je nervozno. Ka\u017ee da je dao vrlo malo intervjua do sada, i to samo u Izraelu. Ali nada se da \u0107e mu razgovor na engleskom pomo\u0107i da stvori distancu kako bi ispri\u010dao \u0161to se dogodilo 7. listopada, a da ne mora ponovo pro\u017eivljavati sve brutalne detalje.<\/p>\n\n\n\n<p><strong>Magi\u010dni svijet \u2013 pet kilometara od Gaze<\/strong><\/p>\n\n\n\n<p>\u201eBio je jo\u0161 mrak&#8221;, prisje\u0107a se trenutka kada je po\u010deo pu\u0161tati muziku u 5:35 sati ujutro. Za Ilovicha savr\u0161eno vrijeme. Nedugo nakon toga po\u010dela je polako svitati zora i nebo je iz minute u minutu postajalo sve svjetlije. \u201eTo je poseban trenutak na Psytrance zabavi&#8221;, ka\u017ee Ilovich. Psytrance je skra\u0107enica za psihodeli\u010dni trans, brzu plesnu muziku sa sfernim zvucima. \u201eTa promjena iz tame u svjetlost. Ima ne\u0161to tajanstveno u tome. Prvi put se zaista me\u0111usobno ugledamo. Prepoznaje\u0161 osmijeh na licima ljudi na plesnom podiju. Stvara se posebna energija, to je ispunjavaju\u0107i trenutak.&#8221;<\/p>\n\n\n\n<p>Vi\u0161e od 3.000 posjetitelja slavilo je tog jutra 7. listopada, u pustinjskom krajoliku uz psihodeli\u010dne ritmove. Iznad plesnog podija bilo je razapeto \u0161areno \u0161atorsko platno, teren je bio umjetni\u010dki dekoriran, a mnogi posjetitelji su bili fantasti\u010dno na\u0161minkani, nosili upe\u010datljiv nakit uz svoje tetova\u017ee, a neki su konzumirali supstance koje pro\u0161iruju svijest.<\/p>\n\n\n\n<p>Festival je trebao izgledati poput magi\u010dnog svijeta, alternativne stvarnosti, \u010dak i tada. Lokacija je bila samo pet kilometara od grani\u010dne ograde s Pojasom Gaze.<\/p>\n\n\n\n<p>Yarin Ilovich nije primijetio prve rakete koje su nekoliko minuta prije pola sedam ispaljene iz Gaze prema Izraelu. Nije ni reagirao kada su neki posjetitelji primijetili padobrance koji su dolazili iz smjera Gaze. On se koncentrirao samo na muziku, na pravi ritam. \u201eKao DJ pun si adrenalina i jedino \u0161to osje\u0107a\u0161 je kako masa ple\u0161e uz tvoju muziku.&#8221;<\/p>\n\n\n\n<p><strong>6:29 &#8211; \u201eCrveni alarm&#8221;<\/strong><\/p>\n\n\n\n<p>Zatim mu je jedan od producenata festivala pri\u0161ao s le\u0111a i \u0161apnuo mu u uho: \u201eIsklju\u010di muziku!&#8221; \u2013 \u201ePitao sam: Da isklju\u010dim muziku? A on je rekao: &#8216;Da, isklju\u010di muziku. Imamo Crveni alarm.'&#8221;<\/p>\n\n\n\n<p>U 6:29 Artifex je isklju\u010dio muziku. Ti\u0161ina. I masa je po\u010dela negodovati. \u201eCrveni alarm, Crveni alarm!&#8221;, vikao je producent na plesni podij. Ova scena je zabilje\u017eena na video snimkama.<\/p>\n\n\n\n<p>Ilovich se prisje\u0107a: iako nije bilo gotovo nikakve za\u0161tite u pustinji, isprva nije izbila panika. U Izraelu je svaki stanovnik ve\u0107 do\u017eivio raketnu uzbunu. Me\u0111utim, ubrzo su uslijedile stotine raketa. U pozadini, on se pobrinuo za njema\u010dku prijateljicu koja je, za razliku od ve\u0107ine Izraelaca, u tom trenutku do\u017eivjela napad panike. Pomogao je njoj i drugima koji su htjeli pobje\u0107i automobilom &#8211; a on je ostao na festivalskom terenu, \u010dak i kad su ga prijatelji zvali i rekli da su pucali na njih na putu. \u201eMislio sam: &#8216;Ovdje su za\u0161titari.&#8217; Osje\u0107ao sam se sigurno.&#8221;<\/p>\n\n\n\n<p>Oko sedam sati ujutro teroristi Hamasa i drugih militantno-islamisti\u010dkih grupa stigli su na teren festivala Nova. Ilovich je tada, kao i mnogi drugi, poku\u0161ao prona\u0107i skloni\u0161te kod automobila, ali je ve\u0107 vladala panika na parkingu: automobili su se zaglavili na izlazu, a putevi su bili blokirani. Pucnjevi su se \u010duli iz blizine. Stotine ljudi su bje\u017eale na susjedno polje, uklju\u010duju\u0107i Ilovicha i njegove prijatelje. \u201ePucali su na nas, ljudi su pogo\u0111eni i ostajali su da le\u017ee, neki su padali od straha, drugi jer su bili pijani&#8221;, prisje\u0107a se. Prijateljica koja je tr\u010dala s njim za \u017eivot po\u010dela je povra\u0107ati, a on ju je vukao dalje, govore\u0107i joj da ne gleda nazad.<\/p>\n\n\n\n<p><a href=\"https:\/\/www.dw.com\/hr\/otvoreni-rat-protiv-izraela\/a-67031157\">Tog 7. listopada militantno-islamisti\u010dki teroristi iz Pojasa Gaze<\/a>&nbsp;ubili su vi\u0161e od 360 posjetitelja festivala Nova, 44 osobe su otete i odvedene kao taoci u Gazu, a mnogi su ozlije\u0111eni. Ukupno je u napadu Hamasa na Izrael ubijeno oko 1.200 ljudi, a 251 osoba je odvedena kao&nbsp;<a href=\"https:\/\/www.dw.com\/hr\/129-dana-kao-talac-u-pojasu-gaze\/a-69020758\">talac u Gazu<\/a>.<\/p>\n\n\n\n<p>Yarin Ilovich je pre\u017eivio. Uspio je s nekoliko prijatelja sti\u0107i do obli\u017enjeg kibuca Re&#8217;im, gdje je nekoliko policajaca poku\u0161avalo sprije\u010diti napada\u010de. Satima se skrivao ispod policijskog vozila, slu\u0161aju\u0107i policijske radio frekvencije o tome kako ljude ubijaju posvuda, kako policajci mole za svoje \u017eivote i neprestano o\u010dajni\u010dki zovu: \u201eGdje je vojska?&#8221;<\/p>\n\n\n\n<p>\u201eTo je bilo najgore&#8221;, ka\u017ee on o zvuku iz woki-tokija. \u201e\u010cuje\u0161: &#8216;Ustrijelili su nas.'&#8221;<\/p>\n\n\n\n<p>Ipak, policajci su uspjeli prebaciti Ilovicha i jo\u0161 nekoliko ljudi do Ofakima, vo\u017enja od 15 minuta. \u201eBilo je apokalipti\u010dno&#8221;, prisje\u0107a se puta, \u201esvuda izgorjeli automobili i le\u0161evi na cesti, okolo ni\u0161ta osim pustinje i mrtvih tijela.&#8221;<\/p>\n\n\n\n<p>Ipak, ni u Ofakimu nije bilo mira. Tek ujutro 8. listopada on i troje njegovih prijatelja bili su na sigurnom.<\/p>\n\n\n\n<p><strong>\u201ePonovo \u0107emo plesati&#8221;<\/strong><\/p>\n\n\n\n<p>U prvim mjesecima nakon napada, ka\u017ee Ilovich, i\u0161ao je na psihoterapiju svakog tjedna. Ipak, najbolja terapija za njega je muzika. Muzika je njegov \u201esigurni prostor&#8221;. Mjesto gdje se osje\u0107a sigurnim i sretnim. Jo\u0161 uvijek.<\/p>\n\n\n\n<p>Slogan \u201eWe will dance again&#8221; (\u201ePonovo \u0107emo plesati&#8221;) su osmislili pre\u017eivjeli masakra. To je&nbsp;<a href=\"https:\/\/www.dw.com\/hr\/kad-je-strah-stalno-prisutan\/a-68433933\">\u010din prkosa<\/a>, otpora, koji zna\u010di: Ne\u0107emo se predati. Ne\u0107emo dozvoliti da nam oduzmu vjeru u magi\u010dni, druga\u010diji svijet.<\/p>\n\n\n\n<p><strong>Ipak, to ne uspijeva svima.<\/strong><\/p>\n\n\n\n<p><a href=\"https:\/\/www.dw.com\/hr\/rat-na-bliskom-istoku\/t-69013541\">U tjednima i mjesecima nakon 7. listopada<\/a>&nbsp;brojni izvje\u0161taji o seksualnom nasilju,&nbsp;<a href=\"https:\/\/www.dw.com\/hr\/izrael-se-ustru%C4%8Dava-govoriti-o-seksualnoj-dimenziji-napada-od-7-listopada\/a-67839681\">silovanjima<\/a>&nbsp;i drugim brutalnostima tijekom teroristi\u010dkog napada na Nova festival su dokumentirani. Pre\u017eivjeli izvje\u0161tavaju o te\u0161kim depresijama, o tome kako ne mogu nastaviti sa svojim \u017eivotima. Izraelski terapeuti govore o brojnim samoubojstvima.<\/p>\n\n\n\n<p>DJ Artifex je u proteklim tjednima \u010desto nastupao za \u201eTribe of Nova&#8221;, zajednicu fanova Supernova partyja, koja sada predstavlja zajednicu pre\u017eivjelih. Okupljaju se redovito nakon 7. listopada, kako bi tugovali, razgovarali i zajedno lije\u010dili tijelo i um kroz jogu, meditaciju i muziku. U duhu Psytrance filozofije, koja je nastala iz hippy pokreta na Goa festivalima. Mnogi fanovi opisuju \u201eNovu&#8221; kao zajednicu ljubavi.<\/p>\n\n\n\n<p><strong>On svira muziku do kraja<\/strong><\/p>\n\n\n\n<p>Ilovich, koji se svjesno dr\u017ei podalje od ve\u0107ine demonstracija protiv izraelske vlade, iako jasno daje do znanja koliko malo cijeni trenutnu izraelsku vladu, sada pu\u0161ta muziku za Nova zajednicu.<\/p>\n\n\n\n<p>Svira to\u010dno onaj set koji je prekinuo u 6:29 sati 7. listopada. \u201eZa mnoge je to va\u017eno, da \u010duju kako zavr\u0161avam set, a ne prekidam ga usred kaosa. Ka\u017eu mi, kada me slu\u0161aju bez zvuka raketa, mogu na\u0107i kraj tom iskustvu.&#8221;<\/p>\n\n\n\n<p>Sada pu\u0161ta muziku do kraja, onako kako je trebalo zavr\u0161iti, u nekoj druga\u010dijoj stvarnosti.<\/p>\n","protected":false},"excerpt":{"rendered":"<p>Yarin Ilovich je stajao za DJ-pultom na Supernova festivalu u jutarnjim satima 7. listopada 2023. godine i promatrao kako masa ispred njega ple\u0161e. Godinu dana kasnije prisje\u0107a se trenutka kada je naglo zaustavio muziku. U posljednjih nekoliko mjeseci mnogo je putovao po svijetu. U rujnu je bio u SAD-u, u kolovozu je pu\u0161tao muziku u &hellip;<\/p>\n","protected":false},"author":1,"featured_media":4944,"comment_status":"closed","ping_status":"open","sticky":false,"template":"","format":"standard","meta":{"_monsterinsights_skip_tracking":false,"_monsterinsights_sitenote_active":false,"_monsterinsights_sitenote_note":"","_monsterinsights_sitenote_category":0,"footnotes":""},"categories":[9],"tags":[1039,1038],"class_list":["post-4943","post","type-post","status-publish","format-standard","has-post-thumbnail","","category-svijet","tag-07-10-23","tag-supernova"],"yoast_head":"<!-- This site is optimized with the Yoast SEO plugin v22.1 - https:\/\/yoast.com\/wordpress\/plugins\/seo\/ -->\n<title>Dan kad je utihnula glazba - odabrano<\/title>\n<meta name=\"robots\" content=\"index, follow, max-snippet:-1, max-image-preview:large, max-video-preview:-1\" \/>\n<link rel=\"canonical\" href=\"https:\/\/odabrano.com\/index.php\/2024\/10\/05\/dan-kad-je-utihnula-glazba\/\" \/>\n<meta property=\"og:locale\" content=\"en_US\" \/>\n<meta property=\"og:type\" content=\"article\" \/>\n<meta property=\"og:title\" content=\"Dan kad je utihnula glazba - odabrano\" \/>\n<meta property=\"og:description\" content=\"Yarin Ilovich je stajao za DJ-pultom na Supernova festivalu u jutarnjim satima 7. listopada 2023. godine i promatrao kako masa ispred njega ple\u0161e. Godinu dana kasnije prisje\u0107a se trenutka kada je naglo zaustavio muziku. U posljednjih nekoliko mjeseci mnogo je putovao po svijetu. U rujnu je bio u SAD-u, u kolovozu je pu\u0161tao muziku u &hellip;\" \/>\n<meta property=\"og:url\" content=\"https:\/\/odabrano.com\/index.php\/2024\/10\/05\/dan-kad-je-utihnula-glazba\/\" \/>\n<meta property=\"og:site_name\" content=\"odabrano\" \/>\n<meta property=\"article:published_time\" content=\"2024-10-05T14:42:49+00:00\" \/>\n<meta property=\"og:image\" content=\"http:\/\/odabrano.com\/wp-content\/uploads\/2024\/10\/supernova.jpg\" \/>\n\t<meta property=\"og:image:width\" content=\"1110\" \/>\n\t<meta property=\"og:image:height\" content=\"624\" \/>\n\t<meta property=\"og:image:type\" content=\"image\/jpeg\" \/>\n<meta name=\"author\" content=\"admin\" \/>\n<meta name=\"twitter:card\" content=\"summary_large_image\" \/>\n<meta name=\"twitter:label1\" content=\"Written by\" \/>\n\t<meta name=\"twitter:data1\" content=\"admin\" \/>\n\t<meta name=\"twitter:label2\" content=\"Est. reading time\" \/>\n\t<meta name=\"twitter:data2\" content=\"6 minutes\" \/>\n<script type=\"application\/ld+json\" class=\"yoast-schema-graph\">{\"@context\":\"https:\/\/schema.org\",\"@graph\":[{\"@type\":\"Article\",\"@id\":\"https:\/\/odabrano.com\/index.php\/2024\/10\/05\/dan-kad-je-utihnula-glazba\/#article\",\"isPartOf\":{\"@id\":\"https:\/\/odabrano.com\/index.php\/2024\/10\/05\/dan-kad-je-utihnula-glazba\/\"},\"author\":{\"name\":\"admin\",\"@id\":\"https:\/\/odabrano.com\/#\/schema\/person\/460f2b14657879743f23c4f6a7cd3236\"},\"headline\":\"Dan kad je utihnula glazba\",\"datePublished\":\"2024-10-05T14:42:49+00:00\",\"dateModified\":\"2024-10-05T14:42:49+00:00\",\"mainEntityOfPage\":{\"@id\":\"https:\/\/odabrano.com\/index.php\/2024\/10\/05\/dan-kad-je-utihnula-glazba\/\"},\"wordCount\":1293,\"publisher\":{\"@id\":\"https:\/\/odabrano.com\/#\/schema\/person\/460f2b14657879743f23c4f6a7cd3236\"},\"keywords\":[\"07.10.23\",\"supernova\"],\"articleSection\":[\"Svijet\"],\"inLanguage\":\"en-US\"},{\"@type\":\"WebPage\",\"@id\":\"https:\/\/odabrano.com\/index.php\/2024\/10\/05\/dan-kad-je-utihnula-glazba\/\",\"url\":\"https:\/\/odabrano.com\/index.php\/2024\/10\/05\/dan-kad-je-utihnula-glazba\/\",\"name\":\"Dan kad je utihnula glazba - odabrano\",\"isPartOf\":{\"@id\":\"https:\/\/odabrano.com\/#website\"},\"datePublished\":\"2024-10-05T14:42:49+00:00\",\"dateModified\":\"2024-10-05T14:42:49+00:00\",\"breadcrumb\":{\"@id\":\"https:\/\/odabrano.com\/index.php\/2024\/10\/05\/dan-kad-je-utihnula-glazba\/#breadcrumb\"},\"inLanguage\":\"en-US\",\"potentialAction\":[{\"@type\":\"ReadAction\",\"target\":[\"https:\/\/odabrano.com\/index.php\/2024\/10\/05\/dan-kad-je-utihnula-glazba\/\"]}]},{\"@type\":\"BreadcrumbList\",\"@id\":\"https:\/\/odabrano.com\/index.php\/2024\/10\/05\/dan-kad-je-utihnula-glazba\/#breadcrumb\",\"itemListElement\":[{\"@type\":\"ListItem\",\"position\":1,\"name\":\"Home\",\"item\":\"https:\/\/odabrano.com\/\"},{\"@type\":\"ListItem\",\"position\":2,\"name\":\"Dan kad je utihnula glazba\"}]},{\"@type\":\"WebSite\",\"@id\":\"https:\/\/odabrano.com\/#website\",\"url\":\"https:\/\/odabrano.com\/\",\"name\":\"odabrano\",\"description\":\"news portal koji nudi odabrane vijesti i informacije\",\"publisher\":{\"@id\":\"https:\/\/odabrano.com\/#\/schema\/person\/460f2b14657879743f23c4f6a7cd3236\"},\"alternateName\":\"vijesti i informacije iz Hrvatske i svijeta\",\"potentialAction\":[{\"@type\":\"SearchAction\",\"target\":{\"@type\":\"EntryPoint\",\"urlTemplate\":\"https:\/\/odabrano.com\/?s={search_term_string}\"},\"query-input\":\"required name=search_term_string\"}],\"inLanguage\":\"en-US\"},{\"@type\":[\"Person\",\"Organization\"],\"@id\":\"https:\/\/odabrano.com\/#\/schema\/person\/460f2b14657879743f23c4f6a7cd3236\",\"name\":\"admin\",\"image\":{\"@type\":\"ImageObject\",\"inLanguage\":\"en-US\",\"@id\":\"https:\/\/odabrano.com\/#\/schema\/person\/image\/\",\"url\":\"https:\/\/odabrano.com\/wp-content\/uploads\/2024\/04\/dolar.jpg\",\"contentUrl\":\"https:\/\/odabrano.com\/wp-content\/uploads\/2024\/04\/dolar.jpg\",\"width\":1216,\"height\":519,\"caption\":\"admin\"},\"logo\":{\"@id\":\"https:\/\/odabrano.com\/#\/schema\/person\/image\/\"},\"sameAs\":[\"http:\/\/odabrano.com\"],\"url\":\"https:\/\/odabrano.com\/index.php\/author\/sokolneno_u3xb387h\/\"}]}<\/script>\n<!-- \/ Yoast SEO plugin. -->","yoast_head_json":{"title":"Dan kad je utihnula glazba - odabrano","robots":{"index":"index","follow":"follow","max-snippet":"max-snippet:-1","max-image-preview":"max-image-preview:large","max-video-preview":"max-video-preview:-1"},"canonical":"https:\/\/odabrano.com\/index.php\/2024\/10\/05\/dan-kad-je-utihnula-glazba\/","og_locale":"en_US","og_type":"article","og_title":"Dan kad je utihnula glazba - odabrano","og_description":"Yarin Ilovich je stajao za DJ-pultom na Supernova festivalu u jutarnjim satima 7. listopada 2023. godine i promatrao kako masa ispred njega ple\u0161e. Godinu dana kasnije prisje\u0107a se trenutka kada je naglo zaustavio muziku. U posljednjih nekoliko mjeseci mnogo je putovao po svijetu. U rujnu je bio u SAD-u, u kolovozu je pu\u0161tao muziku u &hellip;","og_url":"https:\/\/odabrano.com\/index.php\/2024\/10\/05\/dan-kad-je-utihnula-glazba\/","og_site_name":"odabrano","article_published_time":"2024-10-05T14:42:49+00:00","og_image":[{"width":1110,"height":624,"url":"http:\/\/odabrano.com\/wp-content\/uploads\/2024\/10\/supernova.jpg","type":"image\/jpeg"}],"author":"admin","twitter_card":"summary_large_image","twitter_misc":{"Written by":"admin","Est. reading time":"6 minutes"},"schema":{"@context":"https:\/\/schema.org","@graph":[{"@type":"Article","@id":"https:\/\/odabrano.com\/index.php\/2024\/10\/05\/dan-kad-je-utihnula-glazba\/#article","isPartOf":{"@id":"https:\/\/odabrano.com\/index.php\/2024\/10\/05\/dan-kad-je-utihnula-glazba\/"},"author":{"name":"admin","@id":"https:\/\/odabrano.com\/#\/schema\/person\/460f2b14657879743f23c4f6a7cd3236"},"headline":"Dan kad je utihnula glazba","datePublished":"2024-10-05T14:42:49+00:00","dateModified":"2024-10-05T14:42:49+00:00","mainEntityOfPage":{"@id":"https:\/\/odabrano.com\/index.php\/2024\/10\/05\/dan-kad-je-utihnula-glazba\/"},"wordCount":1293,"publisher":{"@id":"https:\/\/odabrano.com\/#\/schema\/person\/460f2b14657879743f23c4f6a7cd3236"},"keywords":["07.10.23","supernova"],"articleSection":["Svijet"],"inLanguage":"en-US"},{"@type":"WebPage","@id":"https:\/\/odabrano.com\/index.php\/2024\/10\/05\/dan-kad-je-utihnula-glazba\/","url":"https:\/\/odabrano.com\/index.php\/2024\/10\/05\/dan-kad-je-utihnula-glazba\/","name":"Dan kad je utihnula glazba - odabrano","isPartOf":{"@id":"https:\/\/odabrano.com\/#website"},"datePublished":"2024-10-05T14:42:49+00:00","dateModified":"2024-10-05T14:42:49+00:00","breadcrumb":{"@id":"https:\/\/odabrano.com\/index.php\/2024\/10\/05\/dan-kad-je-utihnula-glazba\/#breadcrumb"},"inLanguage":"en-US","potentialAction":[{"@type":"ReadAction","target":["https:\/\/odabrano.com\/index.php\/2024\/10\/05\/dan-kad-je-utihnula-glazba\/"]}]},{"@type":"BreadcrumbList","@id":"https:\/\/odabrano.com\/index.php\/2024\/10\/05\/dan-kad-je-utihnula-glazba\/#breadcrumb","itemListElement":[{"@type":"ListItem","position":1,"name":"Home","item":"https:\/\/odabrano.com\/"},{"@type":"ListItem","position":2,"name":"Dan kad je utihnula glazba"}]},{"@type":"WebSite","@id":"https:\/\/odabrano.com\/#website","url":"https:\/\/odabrano.com\/","name":"odabrano","description":"news portal koji nudi odabrane vijesti i informacije","publisher":{"@id":"https:\/\/odabrano.com\/#\/schema\/person\/460f2b14657879743f23c4f6a7cd3236"},"alternateName":"vijesti i informacije iz Hrvatske i svijeta","potentialAction":[{"@type":"SearchAction","target":{"@type":"EntryPoint","urlTemplate":"https:\/\/odabrano.com\/?s={search_term_string}"},"query-input":"required name=search_term_string"}],"inLanguage":"en-US"},{"@type":["Person","Organization"],"@id":"https:\/\/odabrano.com\/#\/schema\/person\/460f2b14657879743f23c4f6a7cd3236","name":"admin","image":{"@type":"ImageObject","inLanguage":"en-US","@id":"https:\/\/odabrano.com\/#\/schema\/person\/image\/","url":"https:\/\/odabrano.com\/wp-content\/uploads\/2024\/04\/dolar.jpg","contentUrl":"https:\/\/odabrano.com\/wp-content\/uploads\/2024\/04\/dolar.jpg","width":1216,"height":519,"caption":"admin"},"logo":{"@id":"https:\/\/odabrano.com\/#\/schema\/person\/image\/"},"sameAs":["http:\/\/odabrano.com"],"url":"https:\/\/odabrano.com\/index.php\/author\/sokolneno_u3xb387h\/"}]}},"_links":{"self":[{"href":"https:\/\/odabrano.com\/index.php\/wp-json\/wp\/v2\/posts\/4943","targetHints":{"allow":["GET"]}}],"collection":[{"href":"https:\/\/odabrano.com\/index.php\/wp-json\/wp\/v2\/posts"}],"about":[{"href":"https:\/\/odabrano.com\/index.php\/wp-json\/wp\/v2\/types\/post"}],"author":[{"embeddable":true,"href":"https:\/\/odabrano.com\/index.php\/wp-json\/wp\/v2\/users\/1"}],"replies":[{"embeddable":true,"href":"https:\/\/odabrano.com\/index.php\/wp-json\/wp\/v2\/comments?post=4943"}],"version-history":[{"count":1,"href":"https:\/\/odabrano.com\/index.php\/wp-json\/wp\/v2\/posts\/4943\/revisions"}],"predecessor-version":[{"id":4945,"href":"https:\/\/odabrano.com\/index.php\/wp-json\/wp\/v2\/posts\/4943\/revisions\/4945"}],"wp:featuredmedia":[{"embeddable":true,"href":"https:\/\/odabrano.com\/index.php\/wp-json\/wp\/v2\/media\/4944"}],"wp:attachment":[{"href":"https:\/\/odabrano.com\/index.php\/wp-json\/wp\/v2\/media?parent=4943"}],"wp:term":[{"taxonomy":"category","embeddable":true,"href":"https:\/\/odabrano.com\/index.php\/wp-json\/wp\/v2\/categories?post=4943"},{"taxonomy":"post_tag","embeddable":true,"href":"https:\/\/odabrano.com\/index.php\/wp-json\/wp\/v2\/tags?post=4943"}],"curies":[{"name":"wp","href":"https:\/\/api.w.org\/{rel}","templated":true}]}}