{"id":4921,"date":"2024-10-04T11:45:48","date_gmt":"2024-10-04T09:45:48","guid":{"rendered":"https:\/\/odabrano.com\/?p=4921"},"modified":"2024-10-04T16:40:44","modified_gmt":"2024-10-04T14:40:44","slug":"sumnja-se-da-je-broj-poginulih-u-poplavama-i-odronima-u-jablanici-veci-od-10","status":"publish","type":"post","link":"https:\/\/odabrano.com\/index.php\/2024\/10\/04\/sumnja-se-da-je-broj-poginulih-u-poplavama-i-odronima-u-jablanici-veci-od-10\/","title":{"rendered":"Sumnja se da je broj poginulih u poplavama i odronima u Jablanici ve\u0107i od 10"},"content":{"rendered":"\n<p><strong>Prema nezvani\u010dnim informacijama broj poginulih u polavama i odronima u Jablanici je porastao na preko 10 osoba. (U me\u0111uvremenu govori se o 20 osoba)<\/strong><\/p>\n\n\n\n<p>Ovu informaciju MUP HNK jo\u0161 nije zvani\u010dno potvrdio. Kako saznajemo, u akciju potrage i spa\u0161avanja su se pored vojnika Oru\u017eanih snaga BiH uklju\u010dili i britanski specijalci koji su bili na obuci u na\u0161oj zemlji.<\/p>\n\n\n\n<p>Klix.ba saznaje da \u0107e u toku dana biti odr\u017eana hitna sjednica Vije\u0107a ministara BiH.<\/p>\n\n\n\n<p>Slike koje nam sti\u017eu iz Jablanice su dramati\u010dne. Ku\u0107e se nalaze pod vodom, a veliki broj vozila je vodena bujica odnijela.<\/p>\n\n\n\n<p>Cesta kod Komadinovog vrela je u potpunosti nestala.<\/p>\n\n\n\n<p>Tako\u0111er, saobra\u0107aj je ka jugu zemlje znatno ote\u017ean, brojni putni pravci su potpuno blokirani, a jedini na\u010din da se iz Sarajeva do\u0111e do Mostara je preko srednje Bosne.<\/p>\n\n\n\n<p>Vlada HNK je \u010dak upozorila gra\u0111ane da ne kre\u0107u na put ka Jablanici i Mostaru.<\/p>\n\n\n\n<p>A\u017eurirano poslije:<br><strong>U poplavama u BiH poginulo 19 ljudi, crna bilanca mogla bi rasti<\/strong><br><\/p>\n\n\n\n<p>Samo na podru\u010dju Jablanice u poplavama i odronima koji su tijekom protekle no\u0107i pogodili BiH\u00a0poginulo je 16 osoba, dok su se u Fojnici utopile tri osobe pa se ukupan broj smrtno stradalih popeo na 19, a strahuje se da bi\u00a0taj broj mogao biti i znatno ve\u0107i.\u00a0<\/p>\n","protected":false},"excerpt":{"rendered":"<p>Prema nezvani\u010dnim informacijama broj poginulih u polavama i odronima u Jablanici je porastao na preko 10 osoba. (U me\u0111uvremenu govori se o 20 osoba) Ovu informaciju MUP HNK jo\u0161 nije zvani\u010dno potvrdio. Kako saznajemo, u akciju potrage i spa\u0161avanja su se pored vojnika Oru\u017eanih snaga BiH uklju\u010dili i britanski specijalci koji su bili na obuci &hellip;<\/p>\n","protected":false},"author":1,"featured_media":4922,"comment_status":"closed","ping_status":"open","sticky":false,"template":"","format":"standard","meta":{"_monsterinsights_skip_tracking":false,"_monsterinsights_sitenote_active":false,"_monsterinsights_sitenote_note":"","_monsterinsights_sitenote_category":0,"footnotes":""},"categories":[6],"tags":[1036,1035],"class_list":["post-4921","post","type-post","status-publish","format-standard","has-post-thumbnail","","category-istok","tag-jablanica","tag-poplave-bosna"],"yoast_head":"<!-- This site is optimized with the Yoast SEO plugin v22.1 - https:\/\/yoast.com\/wordpress\/plugins\/seo\/ -->\n<title>Sumnja se da je broj poginulih u poplavama i odronima u Jablanici ve\u0107i od 10 - odabrano<\/title>\n<meta name=\"robots\" content=\"index, follow, max-snippet:-1, max-image-preview:large, max-video-preview:-1\" \/>\n<link rel=\"canonical\" href=\"https:\/\/odabrano.com\/index.php\/2024\/10\/04\/sumnja-se-da-je-broj-poginulih-u-poplavama-i-odronima-u-jablanici-veci-od-10\/\" \/>\n<meta property=\"og:locale\" content=\"en_US\" \/>\n<meta property=\"og:type\" content=\"article\" \/>\n<meta property=\"og:title\" content=\"Sumnja se da je broj poginulih u poplavama i odronima u Jablanici ve\u0107i od 10 - odabrano\" \/>\n<meta property=\"og:description\" content=\"Prema nezvani\u010dnim informacijama broj poginulih u polavama i odronima u Jablanici je porastao na preko 10 osoba. (U me\u0111uvremenu govori se o 20 osoba) Ovu informaciju MUP HNK jo\u0161 nije zvani\u010dno potvrdio. Kako saznajemo, u akciju potrage i spa\u0161avanja su se pored vojnika Oru\u017eanih snaga BiH uklju\u010dili i britanski specijalci koji su bili na obuci &hellip;\" \/>\n<meta property=\"og:url\" content=\"https:\/\/odabrano.com\/index.php\/2024\/10\/04\/sumnja-se-da-je-broj-poginulih-u-poplavama-i-odronima-u-jablanici-veci-od-10\/\" \/>\n<meta property=\"og:site_name\" content=\"odabrano\" \/>\n<meta property=\"article:published_time\" content=\"2024-10-04T09:45:48+00:00\" \/>\n<meta property=\"article:modified_time\" content=\"2024-10-04T14:40:44+00:00\" \/>\n<meta property=\"og:image\" content=\"http:\/\/odabrano.com\/wp-content\/uploads\/2024\/10\/bosna.jpg\" \/>\n\t<meta property=\"og:image:width\" content=\"800\" \/>\n\t<meta property=\"og:image:height\" content=\"533\" \/>\n\t<meta property=\"og:image:type\" content=\"image\/jpeg\" \/>\n<meta name=\"author\" content=\"admin\" \/>\n<meta name=\"twitter:card\" content=\"summary_large_image\" \/>\n<meta name=\"twitter:label1\" content=\"Written by\" \/>\n\t<meta name=\"twitter:data1\" content=\"admin\" \/>\n\t<meta name=\"twitter:label2\" content=\"Est. reading time\" \/>\n\t<meta name=\"twitter:data2\" content=\"2 minutes\" \/>\n<script type=\"application\/ld+json\" class=\"yoast-schema-graph\">{\"@context\":\"https:\/\/schema.org\",\"@graph\":[{\"@type\":\"Article\",\"@id\":\"https:\/\/odabrano.com\/index.php\/2024\/10\/04\/sumnja-se-da-je-broj-poginulih-u-poplavama-i-odronima-u-jablanici-veci-od-10\/#article\",\"isPartOf\":{\"@id\":\"https:\/\/odabrano.com\/index.php\/2024\/10\/04\/sumnja-se-da-je-broj-poginulih-u-poplavama-i-odronima-u-jablanici-veci-od-10\/\"},\"author\":{\"name\":\"admin\",\"@id\":\"https:\/\/odabrano.com\/#\/schema\/person\/460f2b14657879743f23c4f6a7cd3236\"},\"headline\":\"Sumnja se da je broj poginulih u poplavama i odronima u Jablanici ve\u0107i od 10\",\"datePublished\":\"2024-10-04T09:45:48+00:00\",\"dateModified\":\"2024-10-04T14:40:44+00:00\",\"mainEntityOfPage\":{\"@id\":\"https:\/\/odabrano.com\/index.php\/2024\/10\/04\/sumnja-se-da-je-broj-poginulih-u-poplavama-i-odronima-u-jablanici-veci-od-10\/\"},\"wordCount\":240,\"publisher\":{\"@id\":\"https:\/\/odabrano.com\/#\/schema\/person\/460f2b14657879743f23c4f6a7cd3236\"},\"keywords\":[\"jablanica\",\"poplave bosna\"],\"articleSection\":[\"Istok\"],\"inLanguage\":\"en-US\"},{\"@type\":\"WebPage\",\"@id\":\"https:\/\/odabrano.com\/index.php\/2024\/10\/04\/sumnja-se-da-je-broj-poginulih-u-poplavama-i-odronima-u-jablanici-veci-od-10\/\",\"url\":\"https:\/\/odabrano.com\/index.php\/2024\/10\/04\/sumnja-se-da-je-broj-poginulih-u-poplavama-i-odronima-u-jablanici-veci-od-10\/\",\"name\":\"Sumnja se da je broj poginulih u poplavama i odronima u Jablanici ve\u0107i od 10 - odabrano\",\"isPartOf\":{\"@id\":\"https:\/\/odabrano.com\/#website\"},\"datePublished\":\"2024-10-04T09:45:48+00:00\",\"dateModified\":\"2024-10-04T14:40:44+00:00\",\"breadcrumb\":{\"@id\":\"https:\/\/odabrano.com\/index.php\/2024\/10\/04\/sumnja-se-da-je-broj-poginulih-u-poplavama-i-odronima-u-jablanici-veci-od-10\/#breadcrumb\"},\"inLanguage\":\"en-US\",\"potentialAction\":[{\"@type\":\"ReadAction\",\"target\":[\"https:\/\/odabrano.com\/index.php\/2024\/10\/04\/sumnja-se-da-je-broj-poginulih-u-poplavama-i-odronima-u-jablanici-veci-od-10\/\"]}]},{\"@type\":\"BreadcrumbList\",\"@id\":\"https:\/\/odabrano.com\/index.php\/2024\/10\/04\/sumnja-se-da-je-broj-poginulih-u-poplavama-i-odronima-u-jablanici-veci-od-10\/#breadcrumb\",\"itemListElement\":[{\"@type\":\"ListItem\",\"position\":1,\"name\":\"Home\",\"item\":\"https:\/\/odabrano.com\/\"},{\"@type\":\"ListItem\",\"position\":2,\"name\":\"Sumnja se da je broj poginulih u poplavama i odronima u Jablanici ve\u0107i od 10\"}]},{\"@type\":\"WebSite\",\"@id\":\"https:\/\/odabrano.com\/#website\",\"url\":\"https:\/\/odabrano.com\/\",\"name\":\"odabrano\",\"description\":\"news portal koji nudi odabrane vijesti i informacije\",\"publisher\":{\"@id\":\"https:\/\/odabrano.com\/#\/schema\/person\/460f2b14657879743f23c4f6a7cd3236\"},\"alternateName\":\"vijesti i informacije iz Hrvatske i svijeta\",\"potentialAction\":[{\"@type\":\"SearchAction\",\"target\":{\"@type\":\"EntryPoint\",\"urlTemplate\":\"https:\/\/odabrano.com\/?s={search_term_string}\"},\"query-input\":\"required name=search_term_string\"}],\"inLanguage\":\"en-US\"},{\"@type\":[\"Person\",\"Organization\"],\"@id\":\"https:\/\/odabrano.com\/#\/schema\/person\/460f2b14657879743f23c4f6a7cd3236\",\"name\":\"admin\",\"image\":{\"@type\":\"ImageObject\",\"inLanguage\":\"en-US\",\"@id\":\"https:\/\/odabrano.com\/#\/schema\/person\/image\/\",\"url\":\"https:\/\/odabrano.com\/wp-content\/uploads\/2024\/04\/dolar.jpg\",\"contentUrl\":\"https:\/\/odabrano.com\/wp-content\/uploads\/2024\/04\/dolar.jpg\",\"width\":1216,\"height\":519,\"caption\":\"admin\"},\"logo\":{\"@id\":\"https:\/\/odabrano.com\/#\/schema\/person\/image\/\"},\"sameAs\":[\"http:\/\/odabrano.com\"],\"url\":\"https:\/\/odabrano.com\/index.php\/author\/sokolneno_u3xb387h\/\"}]}<\/script>\n<!-- \/ Yoast SEO plugin. -->","yoast_head_json":{"title":"Sumnja se da je broj poginulih u poplavama i odronima u Jablanici ve\u0107i od 10 - odabrano","robots":{"index":"index","follow":"follow","max-snippet":"max-snippet:-1","max-image-preview":"max-image-preview:large","max-video-preview":"max-video-preview:-1"},"canonical":"https:\/\/odabrano.com\/index.php\/2024\/10\/04\/sumnja-se-da-je-broj-poginulih-u-poplavama-i-odronima-u-jablanici-veci-od-10\/","og_locale":"en_US","og_type":"article","og_title":"Sumnja se da je broj poginulih u poplavama i odronima u Jablanici ve\u0107i od 10 - odabrano","og_description":"Prema nezvani\u010dnim informacijama broj poginulih u polavama i odronima u Jablanici je porastao na preko 10 osoba. (U me\u0111uvremenu govori se o 20 osoba) Ovu informaciju MUP HNK jo\u0161 nije zvani\u010dno potvrdio. Kako saznajemo, u akciju potrage i spa\u0161avanja su se pored vojnika Oru\u017eanih snaga BiH uklju\u010dili i britanski specijalci koji su bili na obuci &hellip;","og_url":"https:\/\/odabrano.com\/index.php\/2024\/10\/04\/sumnja-se-da-je-broj-poginulih-u-poplavama-i-odronima-u-jablanici-veci-od-10\/","og_site_name":"odabrano","article_published_time":"2024-10-04T09:45:48+00:00","article_modified_time":"2024-10-04T14:40:44+00:00","og_image":[{"width":800,"height":533,"url":"http:\/\/odabrano.com\/wp-content\/uploads\/2024\/10\/bosna.jpg","type":"image\/jpeg"}],"author":"admin","twitter_card":"summary_large_image","twitter_misc":{"Written by":"admin","Est. reading time":"2 minutes"},"schema":{"@context":"https:\/\/schema.org","@graph":[{"@type":"Article","@id":"https:\/\/odabrano.com\/index.php\/2024\/10\/04\/sumnja-se-da-je-broj-poginulih-u-poplavama-i-odronima-u-jablanici-veci-od-10\/#article","isPartOf":{"@id":"https:\/\/odabrano.com\/index.php\/2024\/10\/04\/sumnja-se-da-je-broj-poginulih-u-poplavama-i-odronima-u-jablanici-veci-od-10\/"},"author":{"name":"admin","@id":"https:\/\/odabrano.com\/#\/schema\/person\/460f2b14657879743f23c4f6a7cd3236"},"headline":"Sumnja se da je broj poginulih u poplavama i odronima u Jablanici ve\u0107i od 10","datePublished":"2024-10-04T09:45:48+00:00","dateModified":"2024-10-04T14:40:44+00:00","mainEntityOfPage":{"@id":"https:\/\/odabrano.com\/index.php\/2024\/10\/04\/sumnja-se-da-je-broj-poginulih-u-poplavama-i-odronima-u-jablanici-veci-od-10\/"},"wordCount":240,"publisher":{"@id":"https:\/\/odabrano.com\/#\/schema\/person\/460f2b14657879743f23c4f6a7cd3236"},"keywords":["jablanica","poplave bosna"],"articleSection":["Istok"],"inLanguage":"en-US"},{"@type":"WebPage","@id":"https:\/\/odabrano.com\/index.php\/2024\/10\/04\/sumnja-se-da-je-broj-poginulih-u-poplavama-i-odronima-u-jablanici-veci-od-10\/","url":"https:\/\/odabrano.com\/index.php\/2024\/10\/04\/sumnja-se-da-je-broj-poginulih-u-poplavama-i-odronima-u-jablanici-veci-od-10\/","name":"Sumnja se da je broj poginulih u poplavama i odronima u Jablanici ve\u0107i od 10 - odabrano","isPartOf":{"@id":"https:\/\/odabrano.com\/#website"},"datePublished":"2024-10-04T09:45:48+00:00","dateModified":"2024-10-04T14:40:44+00:00","breadcrumb":{"@id":"https:\/\/odabrano.com\/index.php\/2024\/10\/04\/sumnja-se-da-je-broj-poginulih-u-poplavama-i-odronima-u-jablanici-veci-od-10\/#breadcrumb"},"inLanguage":"en-US","potentialAction":[{"@type":"ReadAction","target":["https:\/\/odabrano.com\/index.php\/2024\/10\/04\/sumnja-se-da-je-broj-poginulih-u-poplavama-i-odronima-u-jablanici-veci-od-10\/"]}]},{"@type":"BreadcrumbList","@id":"https:\/\/odabrano.com\/index.php\/2024\/10\/04\/sumnja-se-da-je-broj-poginulih-u-poplavama-i-odronima-u-jablanici-veci-od-10\/#breadcrumb","itemListElement":[{"@type":"ListItem","position":1,"name":"Home","item":"https:\/\/odabrano.com\/"},{"@type":"ListItem","position":2,"name":"Sumnja se da je broj poginulih u poplavama i odronima u Jablanici ve\u0107i od 10"}]},{"@type":"WebSite","@id":"https:\/\/odabrano.com\/#website","url":"https:\/\/odabrano.com\/","name":"odabrano","description":"news portal koji nudi odabrane vijesti i informacije","publisher":{"@id":"https:\/\/odabrano.com\/#\/schema\/person\/460f2b14657879743f23c4f6a7cd3236"},"alternateName":"vijesti i informacije iz Hrvatske i svijeta","potentialAction":[{"@type":"SearchAction","target":{"@type":"EntryPoint","urlTemplate":"https:\/\/odabrano.com\/?s={search_term_string}"},"query-input":"required name=search_term_string"}],"inLanguage":"en-US"},{"@type":["Person","Organization"],"@id":"https:\/\/odabrano.com\/#\/schema\/person\/460f2b14657879743f23c4f6a7cd3236","name":"admin","image":{"@type":"ImageObject","inLanguage":"en-US","@id":"https:\/\/odabrano.com\/#\/schema\/person\/image\/","url":"https:\/\/odabrano.com\/wp-content\/uploads\/2024\/04\/dolar.jpg","contentUrl":"https:\/\/odabrano.com\/wp-content\/uploads\/2024\/04\/dolar.jpg","width":1216,"height":519,"caption":"admin"},"logo":{"@id":"https:\/\/odabrano.com\/#\/schema\/person\/image\/"},"sameAs":["http:\/\/odabrano.com"],"url":"https:\/\/odabrano.com\/index.php\/author\/sokolneno_u3xb387h\/"}]}},"_links":{"self":[{"href":"https:\/\/odabrano.com\/index.php\/wp-json\/wp\/v2\/posts\/4921","targetHints":{"allow":["GET"]}}],"collection":[{"href":"https:\/\/odabrano.com\/index.php\/wp-json\/wp\/v2\/posts"}],"about":[{"href":"https:\/\/odabrano.com\/index.php\/wp-json\/wp\/v2\/types\/post"}],"author":[{"embeddable":true,"href":"https:\/\/odabrano.com\/index.php\/wp-json\/wp\/v2\/users\/1"}],"replies":[{"embeddable":true,"href":"https:\/\/odabrano.com\/index.php\/wp-json\/wp\/v2\/comments?post=4921"}],"version-history":[{"count":3,"href":"https:\/\/odabrano.com\/index.php\/wp-json\/wp\/v2\/posts\/4921\/revisions"}],"predecessor-version":[{"id":4926,"href":"https:\/\/odabrano.com\/index.php\/wp-json\/wp\/v2\/posts\/4921\/revisions\/4926"}],"wp:featuredmedia":[{"embeddable":true,"href":"https:\/\/odabrano.com\/index.php\/wp-json\/wp\/v2\/media\/4922"}],"wp:attachment":[{"href":"https:\/\/odabrano.com\/index.php\/wp-json\/wp\/v2\/media?parent=4921"}],"wp:term":[{"taxonomy":"category","embeddable":true,"href":"https:\/\/odabrano.com\/index.php\/wp-json\/wp\/v2\/categories?post=4921"},{"taxonomy":"post_tag","embeddable":true,"href":"https:\/\/odabrano.com\/index.php\/wp-json\/wp\/v2\/tags?post=4921"}],"curies":[{"name":"wp","href":"https:\/\/api.w.org\/{rel}","templated":true}]}}