{"id":4767,"date":"2024-09-28T12:08:14","date_gmt":"2024-09-28T10:08:14","guid":{"rendered":"https:\/\/odabrano.com\/?p=4767"},"modified":"2024-09-28T12:08:16","modified_gmt":"2024-09-28T10:08:16","slug":"izraelska-vojska-tvrdi-da-je-voda-hezbollaha-hassan-nasrallah-ubijen","status":"publish","type":"post","link":"https:\/\/odabrano.com\/index.php\/2024\/09\/28\/izraelska-vojska-tvrdi-da-je-voda-hezbollaha-hassan-nasrallah-ubijen\/","title":{"rendered":"Izraelska vojska tvrdi da je vo\u0111a Hezbollaha Hassan Nasrallah ubijen"},"content":{"rendered":"\n<p>Izraelska vojska priop\u0107ila je u subotu da je ubila Hassana Nasrallaha, vo\u0111u militantne skupine Hezbollah, u napadu na sjedi\u0161te skupine u Bejrutu u petak.<\/p>\n\n\n\n<p>Vojska je priop\u0107ila da je izvela precizni zra\u010dni napad dok se vodstvo Hezbollaha sastalo u svom sjedi\u0161tu u Dahiyehu, ju\u017eno od Beiruta.<\/p>\n\n\n\n<p>Ali Karki, zapovjednik Hezbollahove ju\u017ene fronte, i drugi zapovjednici Hezbollaha tako\u0111er su ubijeni u napadu, priop\u0107ila je izraelska vojska.<\/p>\n\n\n\n<p>Libanonsko ministarstvo zdravstva priop\u0107ilo je da je \u0161est osoba ubijeno, a 91 ozlije\u0111ena u napadima u petak, u kojima je sravnjeno \u0161est stambenih zgrada.<br><br>Nasrallah je vodio Hezbollah vi\u0161e od tri desetlje\u0107a. Hezbolah nije komentirao.<br><br>Izrael je u subotu nastavio te\u0161ke zra\u010dne udare protiv Hezbollaha, dok je Hezbollah lansirao desetke raketa na Izrael.<\/p>\n\n\n\n<p>Izraelska vojska je rekla da mobilizira dodatne rezervne vojnike dok napetosti s Libanonom eskaliraju. Vojska je u subotu ujutro priop\u0107ila da aktivira tri bataljuna rezervnih vojnika, nakon \u0161to je ranije ovog tjedna poslala dvije brigade u sjeverni Izrael kako bi trenirale za mogu\u0107u kopnenu invaziju.<\/p>\n\n\n\n<p>U subotu ujutro izraelska vojska izvela je nekoliko napada na ju\u017eni Bejrut i dolinu Bekaa u isto\u010dnom Libanonu. Hezbollah je ispalio desetke projektila na sjeverni i sredi\u0161nji Izrael te Zapadnu obalu koju je okupirao Izrael.<\/p>\n\n\n\n<p>Najmanje 720 ljudi ubijeno je u Libanonu tijekom tjedna, prema podacima Ministarstva zdravstva.<\/p>\n","protected":false},"excerpt":{"rendered":"<p>Izraelska vojska priop\u0107ila je u subotu da je ubila Hassana Nasrallaha, vo\u0111u militantne skupine Hezbollah, u napadu na sjedi\u0161te skupine u Bejrutu u petak. Vojska je priop\u0107ila da je izvela precizni zra\u010dni napad dok se vodstvo Hezbollaha sastalo u svom sjedi\u0161tu u Dahiyehu, ju\u017eno od Beiruta. Ali Karki, zapovjednik Hezbollahove ju\u017ene fronte, i drugi zapovjednici &hellip;<\/p>\n","protected":false},"author":1,"featured_media":4768,"comment_status":"closed","ping_status":"open","sticky":false,"template":"","format":"standard","meta":{"_monsterinsights_skip_tracking":false,"_monsterinsights_sitenote_active":false,"_monsterinsights_sitenote_note":"","_monsterinsights_sitenote_category":0,"footnotes":""},"categories":[9],"tags":[1029],"class_list":["post-4767","post","type-post","status-publish","format-standard","has-post-thumbnail","","category-svijet","tag-hassan-nasrallah"],"yoast_head":"<!-- This site is optimized with the Yoast SEO plugin v22.1 - https:\/\/yoast.com\/wordpress\/plugins\/seo\/ -->\n<title>Izraelska vojska tvrdi da je vo\u0111a Hezbollaha Hassan Nasrallah ubijen - odabrano<\/title>\n<meta name=\"robots\" content=\"index, follow, max-snippet:-1, max-image-preview:large, max-video-preview:-1\" \/>\n<link rel=\"canonical\" href=\"https:\/\/odabrano.com\/index.php\/2024\/09\/28\/izraelska-vojska-tvrdi-da-je-voda-hezbollaha-hassan-nasrallah-ubijen\/\" \/>\n<meta property=\"og:locale\" content=\"en_US\" \/>\n<meta property=\"og:type\" content=\"article\" \/>\n<meta property=\"og:title\" content=\"Izraelska vojska tvrdi da je vo\u0111a Hezbollaha Hassan Nasrallah ubijen - odabrano\" \/>\n<meta property=\"og:description\" content=\"Izraelska vojska priop\u0107ila je u subotu da je ubila Hassana Nasrallaha, vo\u0111u militantne skupine Hezbollah, u napadu na sjedi\u0161te skupine u Bejrutu u petak. Vojska je priop\u0107ila da je izvela precizni zra\u010dni napad dok se vodstvo Hezbollaha sastalo u svom sjedi\u0161tu u Dahiyehu, ju\u017eno od Beiruta. Ali Karki, zapovjednik Hezbollahove ju\u017ene fronte, i drugi zapovjednici &hellip;\" \/>\n<meta property=\"og:url\" content=\"https:\/\/odabrano.com\/index.php\/2024\/09\/28\/izraelska-vojska-tvrdi-da-je-voda-hezbollaha-hassan-nasrallah-ubijen\/\" \/>\n<meta property=\"og:site_name\" content=\"odabrano\" \/>\n<meta property=\"article:published_time\" content=\"2024-09-28T10:08:14+00:00\" \/>\n<meta property=\"article:modified_time\" content=\"2024-09-28T10:08:16+00:00\" \/>\n<meta property=\"og:image\" content=\"http:\/\/odabrano.com\/wp-content\/uploads\/2024\/09\/hassan.webp\" \/>\n\t<meta property=\"og:image:width\" content=\"1920\" \/>\n\t<meta property=\"og:image:height\" content=\"1080\" \/>\n\t<meta property=\"og:image:type\" content=\"image\/webp\" \/>\n<meta name=\"author\" content=\"admin\" \/>\n<meta name=\"twitter:card\" content=\"summary_large_image\" \/>\n<meta name=\"twitter:label1\" content=\"Written by\" \/>\n\t<meta name=\"twitter:data1\" content=\"admin\" \/>\n\t<meta name=\"twitter:label2\" content=\"Est. reading time\" \/>\n\t<meta name=\"twitter:data2\" content=\"2 minutes\" \/>\n<script type=\"application\/ld+json\" class=\"yoast-schema-graph\">{\"@context\":\"https:\/\/schema.org\",\"@graph\":[{\"@type\":\"Article\",\"@id\":\"https:\/\/odabrano.com\/index.php\/2024\/09\/28\/izraelska-vojska-tvrdi-da-je-voda-hezbollaha-hassan-nasrallah-ubijen\/#article\",\"isPartOf\":{\"@id\":\"https:\/\/odabrano.com\/index.php\/2024\/09\/28\/izraelska-vojska-tvrdi-da-je-voda-hezbollaha-hassan-nasrallah-ubijen\/\"},\"author\":{\"name\":\"admin\",\"@id\":\"https:\/\/odabrano.com\/#\/schema\/person\/460f2b14657879743f23c4f6a7cd3236\"},\"headline\":\"Izraelska vojska tvrdi da je vo\u0111a Hezbollaha Hassan Nasrallah ubijen\",\"datePublished\":\"2024-09-28T10:08:14+00:00\",\"dateModified\":\"2024-09-28T10:08:16+00:00\",\"mainEntityOfPage\":{\"@id\":\"https:\/\/odabrano.com\/index.php\/2024\/09\/28\/izraelska-vojska-tvrdi-da-je-voda-hezbollaha-hassan-nasrallah-ubijen\/\"},\"wordCount\":241,\"publisher\":{\"@id\":\"https:\/\/odabrano.com\/#\/schema\/person\/460f2b14657879743f23c4f6a7cd3236\"},\"keywords\":[\"Hassan Nasrallah\"],\"articleSection\":[\"Svijet\"],\"inLanguage\":\"en-US\"},{\"@type\":\"WebPage\",\"@id\":\"https:\/\/odabrano.com\/index.php\/2024\/09\/28\/izraelska-vojska-tvrdi-da-je-voda-hezbollaha-hassan-nasrallah-ubijen\/\",\"url\":\"https:\/\/odabrano.com\/index.php\/2024\/09\/28\/izraelska-vojska-tvrdi-da-je-voda-hezbollaha-hassan-nasrallah-ubijen\/\",\"name\":\"Izraelska vojska tvrdi da je vo\u0111a Hezbollaha Hassan Nasrallah ubijen - odabrano\",\"isPartOf\":{\"@id\":\"https:\/\/odabrano.com\/#website\"},\"datePublished\":\"2024-09-28T10:08:14+00:00\",\"dateModified\":\"2024-09-28T10:08:16+00:00\",\"breadcrumb\":{\"@id\":\"https:\/\/odabrano.com\/index.php\/2024\/09\/28\/izraelska-vojska-tvrdi-da-je-voda-hezbollaha-hassan-nasrallah-ubijen\/#breadcrumb\"},\"inLanguage\":\"en-US\",\"potentialAction\":[{\"@type\":\"ReadAction\",\"target\":[\"https:\/\/odabrano.com\/index.php\/2024\/09\/28\/izraelska-vojska-tvrdi-da-je-voda-hezbollaha-hassan-nasrallah-ubijen\/\"]}]},{\"@type\":\"BreadcrumbList\",\"@id\":\"https:\/\/odabrano.com\/index.php\/2024\/09\/28\/izraelska-vojska-tvrdi-da-je-voda-hezbollaha-hassan-nasrallah-ubijen\/#breadcrumb\",\"itemListElement\":[{\"@type\":\"ListItem\",\"position\":1,\"name\":\"Home\",\"item\":\"https:\/\/odabrano.com\/\"},{\"@type\":\"ListItem\",\"position\":2,\"name\":\"Izraelska vojska tvrdi da je vo\u0111a Hezbollaha Hassan Nasrallah ubijen\"}]},{\"@type\":\"WebSite\",\"@id\":\"https:\/\/odabrano.com\/#website\",\"url\":\"https:\/\/odabrano.com\/\",\"name\":\"odabrano\",\"description\":\"news portal koji nudi odabrane vijesti i informacije\",\"publisher\":{\"@id\":\"https:\/\/odabrano.com\/#\/schema\/person\/460f2b14657879743f23c4f6a7cd3236\"},\"alternateName\":\"vijesti i informacije iz Hrvatske i svijeta\",\"potentialAction\":[{\"@type\":\"SearchAction\",\"target\":{\"@type\":\"EntryPoint\",\"urlTemplate\":\"https:\/\/odabrano.com\/?s={search_term_string}\"},\"query-input\":\"required name=search_term_string\"}],\"inLanguage\":\"en-US\"},{\"@type\":[\"Person\",\"Organization\"],\"@id\":\"https:\/\/odabrano.com\/#\/schema\/person\/460f2b14657879743f23c4f6a7cd3236\",\"name\":\"admin\",\"image\":{\"@type\":\"ImageObject\",\"inLanguage\":\"en-US\",\"@id\":\"https:\/\/odabrano.com\/#\/schema\/person\/image\/\",\"url\":\"https:\/\/odabrano.com\/wp-content\/uploads\/2024\/04\/dolar.jpg\",\"contentUrl\":\"https:\/\/odabrano.com\/wp-content\/uploads\/2024\/04\/dolar.jpg\",\"width\":1216,\"height\":519,\"caption\":\"admin\"},\"logo\":{\"@id\":\"https:\/\/odabrano.com\/#\/schema\/person\/image\/\"},\"sameAs\":[\"http:\/\/odabrano.com\"],\"url\":\"https:\/\/odabrano.com\/index.php\/author\/sokolneno_u3xb387h\/\"}]}<\/script>\n<!-- \/ Yoast SEO plugin. -->","yoast_head_json":{"title":"Izraelska vojska tvrdi da je vo\u0111a Hezbollaha Hassan Nasrallah ubijen - odabrano","robots":{"index":"index","follow":"follow","max-snippet":"max-snippet:-1","max-image-preview":"max-image-preview:large","max-video-preview":"max-video-preview:-1"},"canonical":"https:\/\/odabrano.com\/index.php\/2024\/09\/28\/izraelska-vojska-tvrdi-da-je-voda-hezbollaha-hassan-nasrallah-ubijen\/","og_locale":"en_US","og_type":"article","og_title":"Izraelska vojska tvrdi da je vo\u0111a Hezbollaha Hassan Nasrallah ubijen - odabrano","og_description":"Izraelska vojska priop\u0107ila je u subotu da je ubila Hassana Nasrallaha, vo\u0111u militantne skupine Hezbollah, u napadu na sjedi\u0161te skupine u Bejrutu u petak. Vojska je priop\u0107ila da je izvela precizni zra\u010dni napad dok se vodstvo Hezbollaha sastalo u svom sjedi\u0161tu u Dahiyehu, ju\u017eno od Beiruta. Ali Karki, zapovjednik Hezbollahove ju\u017ene fronte, i drugi zapovjednici &hellip;","og_url":"https:\/\/odabrano.com\/index.php\/2024\/09\/28\/izraelska-vojska-tvrdi-da-je-voda-hezbollaha-hassan-nasrallah-ubijen\/","og_site_name":"odabrano","article_published_time":"2024-09-28T10:08:14+00:00","article_modified_time":"2024-09-28T10:08:16+00:00","og_image":[{"width":1920,"height":1080,"url":"http:\/\/odabrano.com\/wp-content\/uploads\/2024\/09\/hassan.webp","type":"image\/webp"}],"author":"admin","twitter_card":"summary_large_image","twitter_misc":{"Written by":"admin","Est. reading time":"2 minutes"},"schema":{"@context":"https:\/\/schema.org","@graph":[{"@type":"Article","@id":"https:\/\/odabrano.com\/index.php\/2024\/09\/28\/izraelska-vojska-tvrdi-da-je-voda-hezbollaha-hassan-nasrallah-ubijen\/#article","isPartOf":{"@id":"https:\/\/odabrano.com\/index.php\/2024\/09\/28\/izraelska-vojska-tvrdi-da-je-voda-hezbollaha-hassan-nasrallah-ubijen\/"},"author":{"name":"admin","@id":"https:\/\/odabrano.com\/#\/schema\/person\/460f2b14657879743f23c4f6a7cd3236"},"headline":"Izraelska vojska tvrdi da je vo\u0111a Hezbollaha Hassan Nasrallah ubijen","datePublished":"2024-09-28T10:08:14+00:00","dateModified":"2024-09-28T10:08:16+00:00","mainEntityOfPage":{"@id":"https:\/\/odabrano.com\/index.php\/2024\/09\/28\/izraelska-vojska-tvrdi-da-je-voda-hezbollaha-hassan-nasrallah-ubijen\/"},"wordCount":241,"publisher":{"@id":"https:\/\/odabrano.com\/#\/schema\/person\/460f2b14657879743f23c4f6a7cd3236"},"keywords":["Hassan Nasrallah"],"articleSection":["Svijet"],"inLanguage":"en-US"},{"@type":"WebPage","@id":"https:\/\/odabrano.com\/index.php\/2024\/09\/28\/izraelska-vojska-tvrdi-da-je-voda-hezbollaha-hassan-nasrallah-ubijen\/","url":"https:\/\/odabrano.com\/index.php\/2024\/09\/28\/izraelska-vojska-tvrdi-da-je-voda-hezbollaha-hassan-nasrallah-ubijen\/","name":"Izraelska vojska tvrdi da je vo\u0111a Hezbollaha Hassan Nasrallah ubijen - odabrano","isPartOf":{"@id":"https:\/\/odabrano.com\/#website"},"datePublished":"2024-09-28T10:08:14+00:00","dateModified":"2024-09-28T10:08:16+00:00","breadcrumb":{"@id":"https:\/\/odabrano.com\/index.php\/2024\/09\/28\/izraelska-vojska-tvrdi-da-je-voda-hezbollaha-hassan-nasrallah-ubijen\/#breadcrumb"},"inLanguage":"en-US","potentialAction":[{"@type":"ReadAction","target":["https:\/\/odabrano.com\/index.php\/2024\/09\/28\/izraelska-vojska-tvrdi-da-je-voda-hezbollaha-hassan-nasrallah-ubijen\/"]}]},{"@type":"BreadcrumbList","@id":"https:\/\/odabrano.com\/index.php\/2024\/09\/28\/izraelska-vojska-tvrdi-da-je-voda-hezbollaha-hassan-nasrallah-ubijen\/#breadcrumb","itemListElement":[{"@type":"ListItem","position":1,"name":"Home","item":"https:\/\/odabrano.com\/"},{"@type":"ListItem","position":2,"name":"Izraelska vojska tvrdi da je vo\u0111a Hezbollaha Hassan Nasrallah ubijen"}]},{"@type":"WebSite","@id":"https:\/\/odabrano.com\/#website","url":"https:\/\/odabrano.com\/","name":"odabrano","description":"news portal koji nudi odabrane vijesti i informacije","publisher":{"@id":"https:\/\/odabrano.com\/#\/schema\/person\/460f2b14657879743f23c4f6a7cd3236"},"alternateName":"vijesti i informacije iz Hrvatske i svijeta","potentialAction":[{"@type":"SearchAction","target":{"@type":"EntryPoint","urlTemplate":"https:\/\/odabrano.com\/?s={search_term_string}"},"query-input":"required name=search_term_string"}],"inLanguage":"en-US"},{"@type":["Person","Organization"],"@id":"https:\/\/odabrano.com\/#\/schema\/person\/460f2b14657879743f23c4f6a7cd3236","name":"admin","image":{"@type":"ImageObject","inLanguage":"en-US","@id":"https:\/\/odabrano.com\/#\/schema\/person\/image\/","url":"https:\/\/odabrano.com\/wp-content\/uploads\/2024\/04\/dolar.jpg","contentUrl":"https:\/\/odabrano.com\/wp-content\/uploads\/2024\/04\/dolar.jpg","width":1216,"height":519,"caption":"admin"},"logo":{"@id":"https:\/\/odabrano.com\/#\/schema\/person\/image\/"},"sameAs":["http:\/\/odabrano.com"],"url":"https:\/\/odabrano.com\/index.php\/author\/sokolneno_u3xb387h\/"}]}},"_links":{"self":[{"href":"https:\/\/odabrano.com\/index.php\/wp-json\/wp\/v2\/posts\/4767","targetHints":{"allow":["GET"]}}],"collection":[{"href":"https:\/\/odabrano.com\/index.php\/wp-json\/wp\/v2\/posts"}],"about":[{"href":"https:\/\/odabrano.com\/index.php\/wp-json\/wp\/v2\/types\/post"}],"author":[{"embeddable":true,"href":"https:\/\/odabrano.com\/index.php\/wp-json\/wp\/v2\/users\/1"}],"replies":[{"embeddable":true,"href":"https:\/\/odabrano.com\/index.php\/wp-json\/wp\/v2\/comments?post=4767"}],"version-history":[{"count":1,"href":"https:\/\/odabrano.com\/index.php\/wp-json\/wp\/v2\/posts\/4767\/revisions"}],"predecessor-version":[{"id":4769,"href":"https:\/\/odabrano.com\/index.php\/wp-json\/wp\/v2\/posts\/4767\/revisions\/4769"}],"wp:featuredmedia":[{"embeddable":true,"href":"https:\/\/odabrano.com\/index.php\/wp-json\/wp\/v2\/media\/4768"}],"wp:attachment":[{"href":"https:\/\/odabrano.com\/index.php\/wp-json\/wp\/v2\/media?parent=4767"}],"wp:term":[{"taxonomy":"category","embeddable":true,"href":"https:\/\/odabrano.com\/index.php\/wp-json\/wp\/v2\/categories?post=4767"},{"taxonomy":"post_tag","embeddable":true,"href":"https:\/\/odabrano.com\/index.php\/wp-json\/wp\/v2\/tags?post=4767"}],"curies":[{"name":"wp","href":"https:\/\/api.w.org\/{rel}","templated":true}]}}