{"id":4694,"date":"2024-09-24T05:59:50","date_gmt":"2024-09-24T03:59:50","guid":{"rendered":"https:\/\/odabrano.com\/?p=4694"},"modified":"2024-09-24T13:58:02","modified_gmt":"2024-09-24T11:58:02","slug":"u-izraelskim-zracnim-napadima-u-libanonu-poginule-su-492-osobe","status":"publish","type":"post","link":"https:\/\/odabrano.com\/index.php\/2024\/09\/24\/u-izraelskim-zracnim-napadima-u-libanonu-poginule-su-492-osobe\/","title":{"rendered":"U izraelskim zra\u010dnim napadima u Libanonu poginule su 492 osobe"},"content":{"rendered":"\n<p>Najmanje 492 ljudi ubijeno je u intenzivnim i opse\u017enim izraelskim zra\u010dnim napadima usmjerenim na Hezbollah u Libanonu, ka\u017ee ministarstvo zdravstva te zemlje, u najsmrtonosnijem danu tamo\u0161njeg sukoba u gotovo 20 godina.<\/p>\n\n\n\n<p>Tisu\u0107e obitelji tako\u0111er su napustile svoje domove jer je izraelska vojska rekla da je pogodila 1.300 ciljeva Hezbollaha u operaciji uni\u0161tavanja infrastrukture koju je ta naoru\u017eana skupina izgradila od rata 2006. godine.<\/p>\n\n\n<p><iframe loading=\"lazy\" width=\"560\" height=\"315\" src=\"https:\/\/www.youtube.com\/embed\/spGaWdx5SbU?si=xy7DHx68IQb-DnMi\" title=\"YouTube video player\" frameborder=\"0\" allow=\"accelerometer; autoplay; clipboard-write; encrypted-media; gyroscope; picture-in-picture; web-share\" referrerpolicy=\"strict-origin-when-cross-origin\" allowfullscreen><\/iframe><\/p>\n\n\n<p>Hezbolah je u me\u0111uvremenu, prema vojsci, ispalio vi\u0161e od 200 raketa na sjeverni Izrael. Bolni\u010dari su rekli da su dvije osobe ozlije\u0111ene gelerima.<\/p>\n\n\n\n<p>Svjetske sile pozivaju na suzdr\u017eanost jer se \u010dini da se obje strane pribli\u017eavaju sveobuhvatnom ratu.<\/p>\n\n\n\n<p>Libanonsko ministarstvo zdravstva priop\u0107ilo je da je me\u0111u mrtvima 35 djece i 58 \u017eena, dok je 1645 drugih ranjeno.<\/p>\n\n\n\n<p>Nije navedeno koliko je \u017ertava bilo civila ili boraca.<\/p>\n\n\n\n<p>Ministar zdravstva Firass Abiad rekao je da su tisu\u0107e obitelji tako\u0111er raseljene zbog \u0161trajkova.<\/p>\n\n\n\n<p>Glavni tajnik UN-a Ant\u00f3nio Guterres izrazio je zabrinutost zbog eskalacije situacije i rekao da ne \u017eeli da Libanon &#8220;postane jo\u0161 jedna Gaza&#8221;.<\/p>\n\n\n\n<p>Visoki predstavnik EU za vanjske poslove Josep Borrell rekao je da je &#8220;eskalacija iznimno opasna i zabrinjavaju\u0107a&#8221; uo\u010di okupljanja svjetskih \u010delnika u UN-u u New Yorku, dodaju\u0107i &#8220;skoro smo u pravom ratu&#8221;.<\/p>\n\n\n\n<p>Predsjednik Joe Biden rekao je da SAD &#8220;radi na deeskalaciji na na\u010din koji omogu\u0107ava ljudima da se sigurno vrate ku\u0107i&#8221;, dok je Pentagon objavio da \u0161alje &#8220;mali broj&#8221; dodatnih trupa na Bliski istok &#8220;iz obilja Oprez&#8221;.<\/p>\n\n\n\n<p>Gotovo godinu dana prekograni\u010dnih borbi izme\u0111u Izraela i Hezbollaha izazvanih ratom u Gazi ubile su stotine ljudi, od kojih su ve\u0107ina borci Hezbollaha, a deseci tisu\u0107a su raseljeni s obje strane granice.<\/p>\n\n\n\n<p>Hezbolah je rekao da djeluje kao podr\u0161ka Hamasu i da ne\u0107e stati dok ne do\u0111e do prekida vatre u Gazi. Obje skupine podupire Iran, a Izrael, UK i druge zemlje ih zabranjuju kao teroristi\u010dke organizacije.<\/p>\n\n\n\n<p>Pentagon je rekao da \u0161alje &#8220;mali broj&#8221; dodatnih ameri\u010dkih vojnika na Bliski istok usred rastu\u0107e krize.<\/p>\n\n\n\n<p>&#8220;U svjetlu pove\u0107anih napetosti na Bliskom istoku i zbog velikog opreza, \u0161aljemo mali broj dodatnog ameri\u010dkog vojnog osoblja naprijed kako bismo poja\u010dali na\u0161e snage koje su ve\u0107 u regiji&#8221;, rekao je glasnogovornik Pentagona general bojnik Pat Ryder u brifing s novinarima.<\/p>\n\n\n\n<p>Nije htio odgovoriti ni na jedno dodatno pitanje o pojedinostima.<\/p>\n\n\n\n<p>Ju\u017eni Libanon jutros 24.09.<br><br><\/p>\n\n<blockquote class=\"twitter-tweet\" data-media-max-width=\"560\"><p lang=\"en\" dir=\"ltr\">Since dawn today Tuesday September 24, the Lebanese resistance <a href=\"https:\/\/twitter.com\/hashtag\/Hezbollah?src=hash&amp;ref_src=twsrc%5Etfw\">#Hezbollah<\/a> has carried out six operations:<br>1. Targeting the Megiddo military airport, west of Afula, with rockets.<br>2. Targeting the Ramat David military base and airport near Haifa with rockets.<br>3. A second strike on\u2026 <a href=\"https:\/\/t.co\/QdlucsL5Lu\">pic.twitter.com\/QdlucsL5Lu<\/a><\/p>&mdash; Marwa Osman || \u0645\u0631\u0648\u0629 \u0639\u062b\u0645\u0627\u0646 (@Marwa__Osman) <a href=\"https:\/\/twitter.com\/Marwa__Osman\/status\/1838542268560515450?ref_src=twsrc%5Etfw\">September 24, 2024<\/a><\/blockquote> <script async src=\"https:\/\/platform.twitter.com\/widgets.js\" charset=\"utf-8\"><\/script> ","protected":false},"excerpt":{"rendered":"<p>Najmanje 492 ljudi ubijeno je u intenzivnim i opse\u017enim izraelskim zra\u010dnim napadima usmjerenim na Hezbollah u Libanonu, ka\u017ee ministarstvo zdravstva te zemlje, u najsmrtonosnijem danu tamo\u0161njeg sukoba u gotovo 20 godina. Tisu\u0107e obitelji tako\u0111er su napustile svoje domove jer je izraelska vojska rekla da je pogodila 1.300 ciljeva Hezbollaha u operaciji uni\u0161tavanja infrastrukture koju je &hellip;<\/p>\n","protected":false},"author":1,"featured_media":4695,"comment_status":"closed","ping_status":"open","sticky":false,"template":"","format":"standard","meta":{"_monsterinsights_skip_tracking":false,"_monsterinsights_sitenote_active":false,"_monsterinsights_sitenote_note":"","_monsterinsights_sitenote_category":0,"footnotes":""},"categories":[9],"tags":[75,223,319],"class_list":["post-4694","post","type-post","status-publish","format-standard","has-post-thumbnail","","category-svijet","tag-izrael","tag-libanon","tag-napadi"],"yoast_head":"<!-- This site is optimized with the Yoast SEO plugin v22.1 - https:\/\/yoast.com\/wordpress\/plugins\/seo\/ -->\n<title>U izraelskim zra\u010dnim napadima u Libanonu poginule su 492 osobe - odabrano<\/title>\n<meta name=\"robots\" content=\"index, follow, max-snippet:-1, max-image-preview:large, max-video-preview:-1\" \/>\n<link rel=\"canonical\" href=\"https:\/\/odabrano.com\/index.php\/2024\/09\/24\/u-izraelskim-zracnim-napadima-u-libanonu-poginule-su-492-osobe\/\" \/>\n<meta property=\"og:locale\" content=\"en_US\" \/>\n<meta property=\"og:type\" content=\"article\" \/>\n<meta property=\"og:title\" content=\"U izraelskim zra\u010dnim napadima u Libanonu poginule su 492 osobe - odabrano\" \/>\n<meta property=\"og:description\" content=\"Najmanje 492 ljudi ubijeno je u intenzivnim i opse\u017enim izraelskim zra\u010dnim napadima usmjerenim na Hezbollah u Libanonu, ka\u017ee ministarstvo zdravstva te zemlje, u najsmrtonosnijem danu tamo\u0161njeg sukoba u gotovo 20 godina. Tisu\u0107e obitelji tako\u0111er su napustile svoje domove jer je izraelska vojska rekla da je pogodila 1.300 ciljeva Hezbollaha u operaciji uni\u0161tavanja infrastrukture koju je &hellip;\" \/>\n<meta property=\"og:url\" content=\"https:\/\/odabrano.com\/index.php\/2024\/09\/24\/u-izraelskim-zracnim-napadima-u-libanonu-poginule-su-492-osobe\/\" \/>\n<meta property=\"og:site_name\" content=\"odabrano\" \/>\n<meta property=\"article:published_time\" content=\"2024-09-24T03:59:50+00:00\" \/>\n<meta property=\"article:modified_time\" content=\"2024-09-24T11:58:02+00:00\" \/>\n<meta property=\"og:image\" content=\"http:\/\/odabrano.com\/wp-content\/uploads\/2024\/09\/libanon.webp\" \/>\n\t<meta property=\"og:image:width\" content=\"1536\" \/>\n\t<meta property=\"og:image:height\" content=\"863\" \/>\n\t<meta property=\"og:image:type\" content=\"image\/webp\" \/>\n<meta name=\"author\" content=\"admin\" \/>\n<meta name=\"twitter:card\" content=\"summary_large_image\" \/>\n<meta name=\"twitter:label1\" content=\"Written by\" \/>\n\t<meta name=\"twitter:data1\" content=\"admin\" \/>\n\t<meta name=\"twitter:label2\" content=\"Est. reading time\" \/>\n\t<meta name=\"twitter:data2\" content=\"2 minutes\" \/>\n<script type=\"application\/ld+json\" class=\"yoast-schema-graph\">{\"@context\":\"https:\/\/schema.org\",\"@graph\":[{\"@type\":\"Article\",\"@id\":\"https:\/\/odabrano.com\/index.php\/2024\/09\/24\/u-izraelskim-zracnim-napadima-u-libanonu-poginule-su-492-osobe\/#article\",\"isPartOf\":{\"@id\":\"https:\/\/odabrano.com\/index.php\/2024\/09\/24\/u-izraelskim-zracnim-napadima-u-libanonu-poginule-su-492-osobe\/\"},\"author\":{\"name\":\"admin\",\"@id\":\"https:\/\/odabrano.com\/#\/schema\/person\/460f2b14657879743f23c4f6a7cd3236\"},\"headline\":\"U izraelskim zra\u010dnim napadima u Libanonu poginule su 492 osobe\",\"datePublished\":\"2024-09-24T03:59:50+00:00\",\"dateModified\":\"2024-09-24T11:58:02+00:00\",\"mainEntityOfPage\":{\"@id\":\"https:\/\/odabrano.com\/index.php\/2024\/09\/24\/u-izraelskim-zracnim-napadima-u-libanonu-poginule-su-492-osobe\/\"},\"wordCount\":463,\"publisher\":{\"@id\":\"https:\/\/odabrano.com\/#\/schema\/person\/460f2b14657879743f23c4f6a7cd3236\"},\"keywords\":[\"izrael\",\"libanon\",\"napadi\"],\"articleSection\":[\"Svijet\"],\"inLanguage\":\"en-US\"},{\"@type\":\"WebPage\",\"@id\":\"https:\/\/odabrano.com\/index.php\/2024\/09\/24\/u-izraelskim-zracnim-napadima-u-libanonu-poginule-su-492-osobe\/\",\"url\":\"https:\/\/odabrano.com\/index.php\/2024\/09\/24\/u-izraelskim-zracnim-napadima-u-libanonu-poginule-su-492-osobe\/\",\"name\":\"U izraelskim zra\u010dnim napadima u Libanonu poginule su 492 osobe - odabrano\",\"isPartOf\":{\"@id\":\"https:\/\/odabrano.com\/#website\"},\"datePublished\":\"2024-09-24T03:59:50+00:00\",\"dateModified\":\"2024-09-24T11:58:02+00:00\",\"breadcrumb\":{\"@id\":\"https:\/\/odabrano.com\/index.php\/2024\/09\/24\/u-izraelskim-zracnim-napadima-u-libanonu-poginule-su-492-osobe\/#breadcrumb\"},\"inLanguage\":\"en-US\",\"potentialAction\":[{\"@type\":\"ReadAction\",\"target\":[\"https:\/\/odabrano.com\/index.php\/2024\/09\/24\/u-izraelskim-zracnim-napadima-u-libanonu-poginule-su-492-osobe\/\"]}]},{\"@type\":\"BreadcrumbList\",\"@id\":\"https:\/\/odabrano.com\/index.php\/2024\/09\/24\/u-izraelskim-zracnim-napadima-u-libanonu-poginule-su-492-osobe\/#breadcrumb\",\"itemListElement\":[{\"@type\":\"ListItem\",\"position\":1,\"name\":\"Home\",\"item\":\"https:\/\/odabrano.com\/\"},{\"@type\":\"ListItem\",\"position\":2,\"name\":\"U izraelskim zra\u010dnim napadima u Libanonu poginule su 492 osobe\"}]},{\"@type\":\"WebSite\",\"@id\":\"https:\/\/odabrano.com\/#website\",\"url\":\"https:\/\/odabrano.com\/\",\"name\":\"odabrano\",\"description\":\"news portal koji nudi odabrane vijesti i informacije\",\"publisher\":{\"@id\":\"https:\/\/odabrano.com\/#\/schema\/person\/460f2b14657879743f23c4f6a7cd3236\"},\"alternateName\":\"vijesti i informacije iz Hrvatske i svijeta\",\"potentialAction\":[{\"@type\":\"SearchAction\",\"target\":{\"@type\":\"EntryPoint\",\"urlTemplate\":\"https:\/\/odabrano.com\/?s={search_term_string}\"},\"query-input\":\"required name=search_term_string\"}],\"inLanguage\":\"en-US\"},{\"@type\":[\"Person\",\"Organization\"],\"@id\":\"https:\/\/odabrano.com\/#\/schema\/person\/460f2b14657879743f23c4f6a7cd3236\",\"name\":\"admin\",\"image\":{\"@type\":\"ImageObject\",\"inLanguage\":\"en-US\",\"@id\":\"https:\/\/odabrano.com\/#\/schema\/person\/image\/\",\"url\":\"https:\/\/odabrano.com\/wp-content\/uploads\/2024\/04\/dolar.jpg\",\"contentUrl\":\"https:\/\/odabrano.com\/wp-content\/uploads\/2024\/04\/dolar.jpg\",\"width\":1216,\"height\":519,\"caption\":\"admin\"},\"logo\":{\"@id\":\"https:\/\/odabrano.com\/#\/schema\/person\/image\/\"},\"sameAs\":[\"http:\/\/odabrano.com\"],\"url\":\"https:\/\/odabrano.com\/index.php\/author\/sokolneno_u3xb387h\/\"}]}<\/script>\n<!-- \/ Yoast SEO plugin. -->","yoast_head_json":{"title":"U izraelskim zra\u010dnim napadima u Libanonu poginule su 492 osobe - odabrano","robots":{"index":"index","follow":"follow","max-snippet":"max-snippet:-1","max-image-preview":"max-image-preview:large","max-video-preview":"max-video-preview:-1"},"canonical":"https:\/\/odabrano.com\/index.php\/2024\/09\/24\/u-izraelskim-zracnim-napadima-u-libanonu-poginule-su-492-osobe\/","og_locale":"en_US","og_type":"article","og_title":"U izraelskim zra\u010dnim napadima u Libanonu poginule su 492 osobe - odabrano","og_description":"Najmanje 492 ljudi ubijeno je u intenzivnim i opse\u017enim izraelskim zra\u010dnim napadima usmjerenim na Hezbollah u Libanonu, ka\u017ee ministarstvo zdravstva te zemlje, u najsmrtonosnijem danu tamo\u0161njeg sukoba u gotovo 20 godina. Tisu\u0107e obitelji tako\u0111er su napustile svoje domove jer je izraelska vojska rekla da je pogodila 1.300 ciljeva Hezbollaha u operaciji uni\u0161tavanja infrastrukture koju je &hellip;","og_url":"https:\/\/odabrano.com\/index.php\/2024\/09\/24\/u-izraelskim-zracnim-napadima-u-libanonu-poginule-su-492-osobe\/","og_site_name":"odabrano","article_published_time":"2024-09-24T03:59:50+00:00","article_modified_time":"2024-09-24T11:58:02+00:00","og_image":[{"width":1536,"height":863,"url":"http:\/\/odabrano.com\/wp-content\/uploads\/2024\/09\/libanon.webp","type":"image\/webp"}],"author":"admin","twitter_card":"summary_large_image","twitter_misc":{"Written by":"admin","Est. reading time":"2 minutes"},"schema":{"@context":"https:\/\/schema.org","@graph":[{"@type":"Article","@id":"https:\/\/odabrano.com\/index.php\/2024\/09\/24\/u-izraelskim-zracnim-napadima-u-libanonu-poginule-su-492-osobe\/#article","isPartOf":{"@id":"https:\/\/odabrano.com\/index.php\/2024\/09\/24\/u-izraelskim-zracnim-napadima-u-libanonu-poginule-su-492-osobe\/"},"author":{"name":"admin","@id":"https:\/\/odabrano.com\/#\/schema\/person\/460f2b14657879743f23c4f6a7cd3236"},"headline":"U izraelskim zra\u010dnim napadima u Libanonu poginule su 492 osobe","datePublished":"2024-09-24T03:59:50+00:00","dateModified":"2024-09-24T11:58:02+00:00","mainEntityOfPage":{"@id":"https:\/\/odabrano.com\/index.php\/2024\/09\/24\/u-izraelskim-zracnim-napadima-u-libanonu-poginule-su-492-osobe\/"},"wordCount":463,"publisher":{"@id":"https:\/\/odabrano.com\/#\/schema\/person\/460f2b14657879743f23c4f6a7cd3236"},"keywords":["izrael","libanon","napadi"],"articleSection":["Svijet"],"inLanguage":"en-US"},{"@type":"WebPage","@id":"https:\/\/odabrano.com\/index.php\/2024\/09\/24\/u-izraelskim-zracnim-napadima-u-libanonu-poginule-su-492-osobe\/","url":"https:\/\/odabrano.com\/index.php\/2024\/09\/24\/u-izraelskim-zracnim-napadima-u-libanonu-poginule-su-492-osobe\/","name":"U izraelskim zra\u010dnim napadima u Libanonu poginule su 492 osobe - odabrano","isPartOf":{"@id":"https:\/\/odabrano.com\/#website"},"datePublished":"2024-09-24T03:59:50+00:00","dateModified":"2024-09-24T11:58:02+00:00","breadcrumb":{"@id":"https:\/\/odabrano.com\/index.php\/2024\/09\/24\/u-izraelskim-zracnim-napadima-u-libanonu-poginule-su-492-osobe\/#breadcrumb"},"inLanguage":"en-US","potentialAction":[{"@type":"ReadAction","target":["https:\/\/odabrano.com\/index.php\/2024\/09\/24\/u-izraelskim-zracnim-napadima-u-libanonu-poginule-su-492-osobe\/"]}]},{"@type":"BreadcrumbList","@id":"https:\/\/odabrano.com\/index.php\/2024\/09\/24\/u-izraelskim-zracnim-napadima-u-libanonu-poginule-su-492-osobe\/#breadcrumb","itemListElement":[{"@type":"ListItem","position":1,"name":"Home","item":"https:\/\/odabrano.com\/"},{"@type":"ListItem","position":2,"name":"U izraelskim zra\u010dnim napadima u Libanonu poginule su 492 osobe"}]},{"@type":"WebSite","@id":"https:\/\/odabrano.com\/#website","url":"https:\/\/odabrano.com\/","name":"odabrano","description":"news portal koji nudi odabrane vijesti i informacije","publisher":{"@id":"https:\/\/odabrano.com\/#\/schema\/person\/460f2b14657879743f23c4f6a7cd3236"},"alternateName":"vijesti i informacije iz Hrvatske i svijeta","potentialAction":[{"@type":"SearchAction","target":{"@type":"EntryPoint","urlTemplate":"https:\/\/odabrano.com\/?s={search_term_string}"},"query-input":"required name=search_term_string"}],"inLanguage":"en-US"},{"@type":["Person","Organization"],"@id":"https:\/\/odabrano.com\/#\/schema\/person\/460f2b14657879743f23c4f6a7cd3236","name":"admin","image":{"@type":"ImageObject","inLanguage":"en-US","@id":"https:\/\/odabrano.com\/#\/schema\/person\/image\/","url":"https:\/\/odabrano.com\/wp-content\/uploads\/2024\/04\/dolar.jpg","contentUrl":"https:\/\/odabrano.com\/wp-content\/uploads\/2024\/04\/dolar.jpg","width":1216,"height":519,"caption":"admin"},"logo":{"@id":"https:\/\/odabrano.com\/#\/schema\/person\/image\/"},"sameAs":["http:\/\/odabrano.com"],"url":"https:\/\/odabrano.com\/index.php\/author\/sokolneno_u3xb387h\/"}]}},"_links":{"self":[{"href":"https:\/\/odabrano.com\/index.php\/wp-json\/wp\/v2\/posts\/4694","targetHints":{"allow":["GET"]}}],"collection":[{"href":"https:\/\/odabrano.com\/index.php\/wp-json\/wp\/v2\/posts"}],"about":[{"href":"https:\/\/odabrano.com\/index.php\/wp-json\/wp\/v2\/types\/post"}],"author":[{"embeddable":true,"href":"https:\/\/odabrano.com\/index.php\/wp-json\/wp\/v2\/users\/1"}],"replies":[{"embeddable":true,"href":"https:\/\/odabrano.com\/index.php\/wp-json\/wp\/v2\/comments?post=4694"}],"version-history":[{"count":3,"href":"https:\/\/odabrano.com\/index.php\/wp-json\/wp\/v2\/posts\/4694\/revisions"}],"predecessor-version":[{"id":4704,"href":"https:\/\/odabrano.com\/index.php\/wp-json\/wp\/v2\/posts\/4694\/revisions\/4704"}],"wp:featuredmedia":[{"embeddable":true,"href":"https:\/\/odabrano.com\/index.php\/wp-json\/wp\/v2\/media\/4695"}],"wp:attachment":[{"href":"https:\/\/odabrano.com\/index.php\/wp-json\/wp\/v2\/media?parent=4694"}],"wp:term":[{"taxonomy":"category","embeddable":true,"href":"https:\/\/odabrano.com\/index.php\/wp-json\/wp\/v2\/categories?post=4694"},{"taxonomy":"post_tag","embeddable":true,"href":"https:\/\/odabrano.com\/index.php\/wp-json\/wp\/v2\/tags?post=4694"}],"curies":[{"name":"wp","href":"https:\/\/api.w.org\/{rel}","templated":true}]}}