{"id":4682,"date":"2024-09-23T13:32:44","date_gmt":"2024-09-23T11:32:44","guid":{"rendered":"https:\/\/odabrano.com\/?p=4682"},"modified":"2024-09-23T13:34:04","modified_gmt":"2024-09-23T11:34:04","slug":"rusima-ljudski-zivot-nista-ne-vrijedi-svjedocenje-srbina-koji-se-borio-u-ukrajini","status":"publish","type":"post","link":"https:\/\/odabrano.com\/index.php\/2024\/09\/23\/rusima-ljudski-zivot-nista-ne-vrijedi-svjedocenje-srbina-koji-se-borio-u-ukrajini\/","title":{"rendered":"&#8216;Rusima ljudski \u017eivot ni\u0161ta ne vrijedi&#8217;: Svjedo\u010denje Srbina koji se borio u Ukrajini"},"content":{"rendered":"\n<p>Kada su Dragan i njegova grupa Srba u lipnju 2023. stigli na beogradski aerodrom &#8220;Nikola Tesla&#8221;, imali su dokumente koji su svjedo\u010dili o vi\u0161emjese\u010dnom radu u inozemstvu za rusku gra\u0111evinsku tvrtku.<\/p>\n\n\n\n<p>Istina je, me\u0111utim, bila sasvim druga\u010dija: svi su se vra\u0107ali ku\u0107i s rati\u0161ta u Ukrajini, gdje su se nakon kratke vojne obuke na poligonima u blizini Moskve borili u ruskoj postrojbi &#8220;Vuk&#8221;.<\/p>\n\n\n\n<p>Slu\u010daj ove skupine najnoviji je dokaz postojanja podzemnog sustava koji osigurava me\u0111unarodno pokri\u0107e za anga\u017emane s Balkana na frontu i sudjelovanje u ratu Rusije protiv Ukrajine \u2013 sukobu koji traje ve\u0107 desetlje\u0107e, po\u010dev\u0161i od aneksije Krima 2014., koja je eskalirala u invaziju punih razmjera kada su deseci tisu\u0107a regularnih ruskih vojnika pre\u0161li ukrajinsku granicu u velja\u010di 2022.<\/p>\n\n\n\n<p>Iako se na Telegramu, platformi popularnoj me\u0111u vojnicima obje strane, povremeno mogu vidjeti njihove slike zamagljenih lica, nema pouzdanih procjena koliko se Srba borilo uz Ruse.<\/p>\n\n\n\n<p>Ministarstvo unutarnjih poslova Srbije, Ministarstvo vanjskih poslova i Sigurnosno-informativna agencija (BIA) nisu odgovorili na upit Radija Slobodna Europa (RSE) koliko je dr\u017eavljana Srbije trenutno na frontu.<\/p>\n\n\n\n<p>RSE je uspjela razgovarati s jednim od boraca, koji je anga\u017eiran kao pla\u0107enik, nakon \u0161to mu je zagarantirana anonimnost. Njegovo svjedo\u010denje daje detaljan prikaz njegovog osobnog osmomjese\u010dnog iskustva tijekom 2022.-23. godina.<\/p>\n\n\n\n<p>\u201cDragan\u201d, koji je dva mjeseca bio na obuci i jo\u0161 \u0161est mjeseci pod ugovorom o sudjelovanju u ratu u Ukrajini, dao je novinarima RSE-a dokumente i fotografije koje su im omogu\u0107ile da potvrde njegovu ovdje iznesenu pri\u010du kroz neovisne izvore i otvorene podatke, osim u dijelovi gdje je druga\u010dije navedeno.<\/p>\n\n\n\n<p>Draganova pri\u010da o pogre\u0161kama zbog povjerenja u sumnjive posrednike i prezrive zapovjednike pokazuje kako Srbi, dijelom namamljeni &#8220;bratskim&#8221; entuzijazmom, odlaze u Rusiju da ih brzo obu\u010de za ratovanje i po\u0161alju u boj.<\/p>\n\n\n\n<p>Tako\u0111er pru\u017ea rijedak uvid u naizgled stalan tok gubitaka me\u0111u Srbima i drugim Balkancima u Ukrajini \u2013 kao i prekr\u0161ena obe\u0107anja i druge razloge za\u0161to se Dragan odlu\u010dio ne vratiti u Rusiju ili u rovove.<\/p>\n\n\n\n<p>&#8220;Za njih ljudski \u017eivot vrijedi onoliko koliko je vrijedio u vrijeme [Josifa] Staljina&#8221;, rekao je Dragan za RFE\/RL, citiraju\u0107i naslje\u0111e najbrutalnijeg i najozlogla\u0161enijeg sovjetskog diktatora kako bi opisao svoje iskustvo pla\u0107enika.<\/p>\n\n\n\n<p>&#8220;Jedan masovni posao, u kojem stradaju obi\u010dni ljudi &#8211; mobilizirani ili pla\u0107eni, svejedno.&#8221;<\/p>\n\n\n\n<p>Sudjelovanje u stranim ratovima kazneno je djelo za koje je propisana kazna zatvora do osam godina otkako je Srbija postro\u017eila zakone 2015. godine. Javna upozorenja predsjednika Srbije Aleksandra Vu\u010di\u0107a na pla\u0107eni\u010dke anga\u017emane zao\u0161trena su od po\u010detka 2022. godine.<\/p>\n\n\n\n<p>Istodobno, Srbija, koja je kandidat za \u010dlanstvo u EU, izbjegla je pridru\u017eivanje sankcijama Rusiji i zadr\u017eala trgovinske i diplomatske veze s Moskvom.<\/p>\n\n\n\n<p>Istra\u017eivanja pokazuju da gotovo polovica od sedam milijuna stanovnika Srbije jo\u0161 uvijek smatra Rusiju svojim glavnim saveznikom (daleko ispred Kine), a simbol &#8220;Z&#8221; kao potpora ruskim ratnim naporima \u010desto se mo\u017ee vidjeti diljem Srbije.<\/p>\n\n\n\n<p>Detaljna analiza sudskih spisa u Srbiji od 2014. do danas pokazuje da je, unato\u010d slu\u017ebenim potvrdama da su se stotine Srba borile u Ukrajini u prvim godinama sukoba, samo 37 osoba osu\u0111eno za sudjelovanje u ukrajinskom ratu i jo\u0161 jedna osoba za organiziranje takvog sudjelovanja .<\/p>\n\n\n\n<p>U samo \u0161est slu\u010dajeva izre\u010dene su zatvorske kazne, dok se samo jedan odnosi na sudjelovanje u ratu nakon eskalacije sukoba 2022. godine.<\/p>\n\n\n\n<p>Protiv navodnih \u201cboraca\u201d trenutno se ne vode postupci.<\/p>\n\n\n\n<h4 class=\"wp-block-heading\"><strong>Putovanje dogovoreno sa Dejanom Beri\u0107em<\/strong><\/h4>\n\n\n\n<p>Dragan, koji je u ranim tridesetima, dosad nije bio kazneno gonjen, pokazuje pregr\u0161t dokumenata koje su RSE-u dostavili sudovi.<\/p>\n\n\n\n<p>Otputovao je u Moskvu sredinom studenog 2022. na obuku kako bi bio poslan u rat u Ukrajini. Sve se to odvijalo, kako ka\u017ee, na temelju planova koje je detaljno dogovorio s jo\u0161 jednim srpskim dr\u017eavljaninom Dejanom Beri\u0107em.<\/p>\n\n\n\n<p>Beri\u0107 je u inozemstvu od pridru\u017eivanja ruskim snagama u Ukrajini 2014. godine i ima &#8220;putovnicu&#8221; separatista koje podupire Rusija na okupiranim podru\u010djima Ukrajine.<\/p>\n\n\n\n<p>Sebe naziva ratnim izvjestiteljem, ali je bio pod istragom Vi\u0161eg javnog tu\u017eiteljstva u Beogradu zbog sudjelovanja u ratu. Beri\u0107 nikada nije skrivao da je od 2014. vrbovao srpske borce u sukobe, a u svom posljednjem regrutacijskom videu na YouTubeu od 13. rujna tvrdio je da se spremao na put u Rusiju na &#8220;Putinov nalog&#8221;.<\/p>\n\n\n\n<p>Beri\u0107 i bosanski Srbin po imenu Davor Savi\u010di\u0107 povezani su s ruskom borbenom jedinicom koja je od svog osnutka negdje u vrijeme invazije 2022. godine nosila Savi\u010di\u0107ev kodni naziv &#8220;Vuk&#8221;.<\/p>\n\n\n\n<p>Obojica su pro\u0161le godine javno progovorili o nova\u010denju Srba za rat, uklju\u010duju\u0107i i nova\u010denje u zloglasnu Wagnerovu skupinu, bez obzira na prijetnje kaznenim progonom.<\/p>\n\n\n\n<p>Dragan ka\u017ee da ga je, iako je bio uvjeren da \u0107e mu se Beri\u0107 pridru\u017eiti ili voditi, vidio samo dva puta u Ukrajini, kada je Beri\u0107 tamo snimao reklamne spotove.<\/p>\n\n\n\n<p>Savi\u010di\u0107a, kojeg bosanskohercegova\u010dke vlasti sumnji\u010de da je Wagnerov pla\u0107enik, vidio je, ka\u017ee, u Avdijevki i Bahmutu. Ova dva ukrajinska grada uni\u0161tena su u borbama ruskih i ukrajinskih snaga, uz velik broj civilnih \u017ertava i prisilno raseljavanje desetaka tisu\u0107a stanovnika.<\/p>\n\n\n\n<p>Ni Beri\u0107 ni Savi\u010di\u0107 nisu odgovorili na pitanja RSE-a poslana putem dru\u0161tvenih mre\u017ea.<\/p>\n\n\n\n<h4 class=\"wp-block-heading\"><strong>Privu\u010den mogu\u0107no\u0161\u0107u da &#8216;pomognem bratskom ruskom narodu&#8217;<\/strong><\/h4>\n\n\n\n<p>Dragan je posvjedo\u010dio da nije imao nikakvog prethodnog vojnog iskustva osim obveznog slu\u017eenja vojnog roka od \u0161est mjeseci, a za RSE je rekao da nikada nije bio uklju\u010den u nacionalisti\u010dke skupine niti je bio posebno politi\u010dki aktivan.<\/p>\n\n\n\n<p>Privukla ga je, obja\u0161njava, prilika da &#8220;pomogne bratskom ruskom narodu&#8221; i obe\u0107anje ruske putovnice koje mu je dao Beri\u0107. Obe\u0107anje se nije ispunilo, a Dragan ka\u017ee da je sam kupio avionsku kartu za moskovski aerodrom Vnukovo, preko Turske.<\/p>\n\n\n\n<p>\u201cPla\u0107a i novac nisu bili moj motiv\u201d, ka\u017ee.<\/p>\n\n\n\n<p>Na pitanje o financijskim uvjetima ugovora, Dragan je rekao da je dobio 110.000 rubalja (oko 1.215 dolara) u gotovini za svaki od dva mjeseca obuke, i otprilike dvostruko vi\u0161e za svaki od \u0161est mjeseci borbi u Ukrajini. Prosje\u010dna mjese\u010dna pla\u0107a u to vrijeme u Srbiji iznosila je oko 808 dolara.<\/p>\n\n\n\n<p>Kako je posvjedo\u010dio, na aerodromu Vnukovo do\u010dekao ga je mu\u0161karac koji se predstavio kao Dima, za kojeg je Dragan shvatio da je \u010dasnik ruske vojne obavje\u0161tajne slu\u017ebe GRU. RSE nije uspjela potvrditi Dimin slu\u017ebeni stav.<\/p>\n\n\n\n<p>Prema Draganovim rije\u010dima, Dima ga je dovezao do zasnje\u017eenog parkirali\u0161ta i bijelog kombija zatamnjenih stakala, a potom su se vozili 45 minuta.<\/p>\n\n\n\n<p>\u201cNapustili smo autoput kroz neka naseljena mjesta. U jednom trenutku su se po\u010dele pojavljivati \u200b\u200bvojne rampe\u201d, ka\u017ee Dragan. &#8220;Sve oko nas bilo je vojno. Oni [stra\u017eari] samo su mirno stajali, salutirali i otvorili [rampe] bez rije\u010di.&#8221;<\/p>\n\n\n\n<p>Na osnovu Draganove pri\u010de o putovanju i slika koje je dostavio, RSE je potvrdila da je on odveden na vojni poligon Alabino, zapadno od Moskve.<\/p>\n\n\n\n<p>RSE je tako\u0111er usporedio detalje s Draganovih fotografija sa slikama s Beri\u0107eve snimke iz Alabina i potvrdio da su snimljene na istoj lokaciji.<\/p>\n\n\n\n<p>Dragana su odveli u \u0161ator s drugim novim srpskim regrutima, a tijekom sljede\u0107a dva mjeseca obuke u Alabinu zapovijedali su Dima i jo\u0161 jedan navodni \u010dasnik GRU-a koji se predstavio kao Oleg.<\/p>\n\n\n\n<h4 class=\"wp-block-heading\"><strong>Ugovor s privatnom tvrtkom<\/strong><\/h4>\n\n\n\n<p>Dragan procjenjuje da je sljede\u0107ih osam tjedana u Alabinu bilo oko 25 Srba; pet ih je, rekao je, odustalo prije zavr\u0161etka obuke.<\/p>\n\n\n\n<p>Navodno je bilo Srba iz Srbije, ali i iz Republike Srpske u Bosni i Hercegovini, Crne Gore, Sjeverne Makedonije, pa \u010dak i jedan Srbin iz Francuske. RSE ovu informaciju nije mogla neovisno provjeriti.<\/p>\n\n\n\n<p>Dragan je rekao da je \u201cu Diminom i Olegovom \u0161atoru potpisao \u0161estomjese\u010dni ugovor s privatnom vojnom tvrtkom\u201d, iako nam nije mogao dati kopiju ugovora ni fotografiju.<\/p>\n\n\n\n<p>U ugovoru se moglo vidjeti da to nema nikakve veze s Ministarstvom obrane Rusije, ve\u0107 da se radi o privatnoj vojnoj tvrtki OOO Redut, navodi RSE.<\/p>\n\n\n\n<p>Istra\u017eiva\u010dke redakcije RSE-a, Systema i Schemes, ranije su potvrdile da je Rusija u to vrijeme koristila tvrtku pod imenom PMC Redut za regrutiranje i slanje boraca u Ukrajinu.<\/p>\n\n\n\n<p>Kako je RSE otkrio u listopadu 2023., postrojba &#8220;Vuk&#8221; bila je jedna od najmanje 20 formacija koje su se borile u Ukrajini pod oznakom Redut.<\/p>\n\n\n\n<p>Od tada, dijelom kao rezultat neugodnosti koje je pretrpio Kremlj nakon Wagnerovog \u0161efa, pobune Jevgenija Prigo\u017eina protiv ruskog vojnog establi\u0161menta u lipnju 2023., pla\u0107enici koji su krenuli u Ukrajinu potpisivali su ugovore izravno i bili su objedinjeni pod rusko Ministarstvo obrane.<\/p>\n\n\n\n<p>Dragan je ispri\u010dao da mu je mjese\u010dne gotovinske isplate dostavljao mu\u0161karac pod kodnim imenom &#8220;Amur&#8221;.<\/p>\n\n\n\n<p>Istrage RSE-a potvrdile su &#8220;Amurove&#8221; veze s Redutom i identificirale ga kao zapovjednika pla\u0107eni\u010dkih snaga aktivnih na okupiranim podru\u010djima Ukrajine.<\/p>\n\n\n\n<p>Iste istrage su pokazale da je &#8220;Amur&#8221; naredio snagama da okupe pojedince radi ispitivanja i bace ih u &#8220;jame&#8221; prije nego \u0161to ih osobno ispita i mu\u010di.<\/p>\n\n\n\n<p>Dragan ka\u017ee da nema primjedbi na dvomjese\u010dni proces borbene obuke, koji se, kako ka\u017ee, odvija od 9 do 17 sati, \u0161est dana u tjednu.<\/p>\n\n\n\n<p>Bio je dio postrojbe pod nazivom 1. diverzantsko-izvi\u0111a\u010dko-juri\u0161na brigada &#8220;Vukovi&#8221; (1-\u00e2 DR\u0160Br Volki), a dodaje da su grupu obu\u010davala \u010detiri instruktora za koje je shvatio da su pripadnici ruskih specijalnih snaga.<\/p>\n\n\n\n<p>Nakon dva mjeseca u Alabinu, Dragan se u sije\u010dnju 2023. uklju\u010dio u rat u Ukrajini.<\/p>\n\n\n\n<p>Dao je mnogo detalja o tome gdje je njegov tim bio raspore\u0111en, \u0161to je RFE\/RL uspio potvrditi putem fotografija i drugih digitalnih tragova.<\/p>\n\n\n\n<p>Borili su se u borbama kod Lisi\u010danska u Luganskoj oblasti i kod Avdijevke u Donjeckoj oblasti.<\/p>\n\n\n\n<p>Tako\u0111er su poslani u Soledar, grad s prijeratnim stanovni\u0161tvom od oko 10.000 u regiji Bakhmut, koji su zauzele ruske snage u sije\u010dnju 2023.<\/p>\n\n\n\n<p>Dragan ka\u017ee da je u svom osmomjese\u010dnom iskustvu izbrojao oko 70 drugih Srba, te dodaje da su mnogi u bitku poslani s daleko manje obuke i potpuno nespremni za borbu.<\/p>\n\n\n\n<p>\u201cMi smo jedini koji smo imali (puna dva mjeseca) obuku\u201d, navodi Dragan. &#8220;Drugi su imali pet do 14 dana obuke.&#8221;<\/p>\n\n\n\n<p>Navodi primjer Srbina za kojeg ka\u017ee da je tako\u0111er pro\u0161ao Alabino, iako je imao jo\u0161 kra\u0107u obuku.<\/p>\n\n\n\n<h4 class=\"wp-block-heading\"><strong>Trening u samo jedno popodne<\/strong><\/h4>\n\n\n\n<p>Naime, srpski mediji po\u010detkom kolovoza 2023. sugerirali su da je Emrah Zorni\u0107 iz Novog Pazara, na jugozapadu Srbije, misteriozno do\u0161ao u Ukrajinu prije nego \u0161to je poginuo poku\u0161avaju\u0107i &#8220;pomo\u0107i ranjenima i civilima&#8221;.<\/p>\n\n\n\n<p>Me\u0111utim, Dragan tvrdi da je Zorni\u0107 bio borac koji je imao obuku samo popodne u Alabinu prije nego \u0161to mu je dodijeljeno oru\u017eje \u201ci to je bilo to\u201d.<\/p>\n\n\n\n<p>Iako je Zorni\u0107eva obitelj bila muslimanska, u poku\u0161aju da ga politi\u010dki prika\u017eu kao pravoslavca, ruski mediji prikazali su njegov sprovod u jugozapadnom gradu Tambovu koji je predvodio pravoslavni sve\u0107enik.<\/p>\n\n\n\n<p>Tvrdili su i da je Zorni\u0107 bio \u010dlan \u017eupe u Tambovu, gradu udaljenom oko 350 kilometara od ukrajinske granice \u2013 \u0161to je prakti\u010dki nemogu\u0107e, s obzirom na to da je tamo proveo svega nekoliko dana na putu s vojnih poligona u blizini Moskve u Lugansk 2014. istok Ukrajine.<\/p>\n\n\n\n<p>Kao datum njegove smrti naveden je 17. travnja 2023., \u0161to se poklapa s razdobljem kada je Dragan boravio u Ukrajini.<\/p>\n\n\n\n<p>Beri\u0107, \u201cratni reporter\u201d koji je vrbovao Dragana, gostovao je u kolovozu na ruskoj televiziji i potvrdio smrt neimenovanog Srbina koji je stradao \u201cpod Bahmutom\u201d.<\/p>\n\n\n\n<p>Savi\u010di\u0107 je u istoj emisiji rekao da nikada nije slao neobu\u010dene pojedince u borbu, ali je priznao da puno toga &#8220;ovisi koliko brzo netko u\u010di&#8221;.<\/p>\n\n\n\n<h4 class=\"wp-block-heading\"><strong>La\u017ena potvrda da je radio na gra\u0111evini<\/strong><\/h4>\n\n\n\n<p>Na upit RSE o poginulima, Dragan procjenjuje da je za njegovih \u0161est mjeseci ratovanja u Ukrajini poginulo 15 Srba. Ovu informaciju bilo je nemogu\u0107e neovisno provjeriti.<\/p>\n\n\n\n<p>Nakon \u0161est mjeseci u Ukrajini, u lipnju 2023. godine, kako navodi, bio je razo\u010daran onim \u0161to je vidio o ruskoj vojsci.<\/p>\n\n\n\n<p>S moje strane, &#8216;biznis i korupcija cvjetaju&#8217;, a &#8216;Rusa, kako ih mi Srbi zami\u0161ljamo i smatramo, ima u vrlo malom postotku&#8217;\u201d, ka\u017ee.<\/p>\n\n\n\n<p>Tada mu je, kako tvrdi, bilo i jasno da nikada ne\u0107e dobiti rusku putovnicu koju mu je Beri\u0107 obe\u0107ao.<\/p>\n\n\n\n<p>Prije povratka u Srbiju Dragan je dobio dokument da radi za moskovsku tvrtku Monte gradnja, kako bi se osigurao u slu\u010daju da srpski grani\u010dni slu\u017ebenici posumnjaju.<\/p>\n\n\n\n<p>Dokument, u koji je RSE imao uvid, ima pe\u010dat tvrtke i potpis njenog osniva\u010da i generalnog direktora Rajka Ba\u010dkovi\u0107a.<\/p>\n\n\n\n<p>Iz Monte Gradnje nisu odgovorili na upite, no RSE je otkrio vezu Backkovi\u0107a i Savi\u010di\u0107a preko tvrtke sa sjedi\u0161tem u Rusiji Volf grupe, \u010dija je osnovna djelatnost izgradnja stambenih zgrada.<\/p>\n\n\n\n<p>Savi\u010di\u0107, koji se u BiH sumnji\u010di da je sudjelovao u borbama u Ukrajini, dao je sli\u010dnu izjavu novinarima 2016., rekav\u0161i da se bavi gra\u0111evinskim poslovima.<\/p>\n\n\n\n<p>Majka srpskog dragovoljca koji se borio u Ukrajini, Vuka\u0161ina Stevanovi\u0107a, lani je za BBC rekla da njen sin \u201cradi na gra\u0111evini\u201d.<\/p>\n","protected":false},"excerpt":{"rendered":"<p>Kada su Dragan i njegova grupa Srba u lipnju 2023. stigli na beogradski aerodrom &#8220;Nikola Tesla&#8221;, imali su dokumente koji su svjedo\u010dili o vi\u0161emjese\u010dnom radu u inozemstvu za rusku gra\u0111evinsku tvrtku. Istina je, me\u0111utim, bila sasvim druga\u010dija: svi su se vra\u0107ali ku\u0107i s rati\u0161ta u Ukrajini, gdje su se nakon kratke vojne obuke na poligonima &hellip;<\/p>\n","protected":false},"author":1,"featured_media":4683,"comment_status":"closed","ping_status":"open","sticky":false,"template":"","format":"standard","meta":{"_monsterinsights_skip_tracking":false,"_monsterinsights_sitenote_active":false,"_monsterinsights_sitenote_note":"","_monsterinsights_sitenote_category":0,"footnotes":""},"categories":[9],"tags":[1021,794,17],"class_list":["post-4682","post","type-post","status-publish","format-standard","has-post-thumbnail","","category-svijet","tag-dobrovoljci","tag-srbi","tag-ukrajina"],"yoast_head":"<!-- This site is optimized with the Yoast SEO plugin v22.1 - https:\/\/yoast.com\/wordpress\/plugins\/seo\/ -->\n<title>&#039;Rusima ljudski \u017eivot ni\u0161ta ne vrijedi&#039;: Svjedo\u010denje Srbina koji se borio u Ukrajini - odabrano<\/title>\n<meta name=\"robots\" content=\"index, follow, max-snippet:-1, max-image-preview:large, max-video-preview:-1\" \/>\n<link rel=\"canonical\" href=\"https:\/\/odabrano.com\/index.php\/2024\/09\/23\/rusima-ljudski-zivot-nista-ne-vrijedi-svjedocenje-srbina-koji-se-borio-u-ukrajini\/\" \/>\n<meta property=\"og:locale\" content=\"en_US\" \/>\n<meta property=\"og:type\" content=\"article\" \/>\n<meta property=\"og:title\" content=\"&#039;Rusima ljudski \u017eivot ni\u0161ta ne vrijedi&#039;: Svjedo\u010denje Srbina koji se borio u Ukrajini - odabrano\" \/>\n<meta property=\"og:description\" content=\"Kada su Dragan i njegova grupa Srba u lipnju 2023. stigli na beogradski aerodrom &#8220;Nikola Tesla&#8221;, imali su dokumente koji su svjedo\u010dili o vi\u0161emjese\u010dnom radu u inozemstvu za rusku gra\u0111evinsku tvrtku. Istina je, me\u0111utim, bila sasvim druga\u010dija: svi su se vra\u0107ali ku\u0107i s rati\u0161ta u Ukrajini, gdje su se nakon kratke vojne obuke na poligonima &hellip;\" \/>\n<meta property=\"og:url\" content=\"https:\/\/odabrano.com\/index.php\/2024\/09\/23\/rusima-ljudski-zivot-nista-ne-vrijedi-svjedocenje-srbina-koji-se-borio-u-ukrajini\/\" \/>\n<meta property=\"og:site_name\" content=\"odabrano\" \/>\n<meta property=\"article:published_time\" content=\"2024-09-23T11:32:44+00:00\" \/>\n<meta property=\"article:modified_time\" content=\"2024-09-23T11:34:04+00:00\" \/>\n<meta property=\"og:image\" content=\"http:\/\/odabrano.com\/wp-content\/uploads\/2024\/09\/vojnici.jpeg\" \/>\n\t<meta property=\"og:image:width\" content=\"1280\" \/>\n\t<meta property=\"og:image:height\" content=\"853\" \/>\n\t<meta property=\"og:image:type\" content=\"image\/jpeg\" \/>\n<meta name=\"author\" content=\"admin\" \/>\n<meta name=\"twitter:card\" content=\"summary_large_image\" \/>\n<meta name=\"twitter:label1\" content=\"Written by\" \/>\n\t<meta name=\"twitter:data1\" content=\"admin\" \/>\n\t<meta name=\"twitter:label2\" content=\"Est. reading time\" \/>\n\t<meta name=\"twitter:data2\" content=\"10 minutes\" \/>\n<script type=\"application\/ld+json\" class=\"yoast-schema-graph\">{\"@context\":\"https:\/\/schema.org\",\"@graph\":[{\"@type\":\"Article\",\"@id\":\"https:\/\/odabrano.com\/index.php\/2024\/09\/23\/rusima-ljudski-zivot-nista-ne-vrijedi-svjedocenje-srbina-koji-se-borio-u-ukrajini\/#article\",\"isPartOf\":{\"@id\":\"https:\/\/odabrano.com\/index.php\/2024\/09\/23\/rusima-ljudski-zivot-nista-ne-vrijedi-svjedocenje-srbina-koji-se-borio-u-ukrajini\/\"},\"author\":{\"name\":\"admin\",\"@id\":\"https:\/\/odabrano.com\/#\/schema\/person\/460f2b14657879743f23c4f6a7cd3236\"},\"headline\":\"&#8216;Rusima ljudski \u017eivot ni\u0161ta ne vrijedi&#8217;: Svjedo\u010denje Srbina koji se borio u Ukrajini\",\"datePublished\":\"2024-09-23T11:32:44+00:00\",\"dateModified\":\"2024-09-23T11:34:04+00:00\",\"mainEntityOfPage\":{\"@id\":\"https:\/\/odabrano.com\/index.php\/2024\/09\/23\/rusima-ljudski-zivot-nista-ne-vrijedi-svjedocenje-srbina-koji-se-borio-u-ukrajini\/\"},\"wordCount\":2196,\"publisher\":{\"@id\":\"https:\/\/odabrano.com\/#\/schema\/person\/460f2b14657879743f23c4f6a7cd3236\"},\"keywords\":[\"dobrovoljci\",\"srbi\",\"ukrajina\"],\"articleSection\":[\"Svijet\"],\"inLanguage\":\"en-US\"},{\"@type\":\"WebPage\",\"@id\":\"https:\/\/odabrano.com\/index.php\/2024\/09\/23\/rusima-ljudski-zivot-nista-ne-vrijedi-svjedocenje-srbina-koji-se-borio-u-ukrajini\/\",\"url\":\"https:\/\/odabrano.com\/index.php\/2024\/09\/23\/rusima-ljudski-zivot-nista-ne-vrijedi-svjedocenje-srbina-koji-se-borio-u-ukrajini\/\",\"name\":\"'Rusima ljudski \u017eivot ni\u0161ta ne vrijedi': Svjedo\u010denje Srbina koji se borio u Ukrajini - odabrano\",\"isPartOf\":{\"@id\":\"https:\/\/odabrano.com\/#website\"},\"datePublished\":\"2024-09-23T11:32:44+00:00\",\"dateModified\":\"2024-09-23T11:34:04+00:00\",\"breadcrumb\":{\"@id\":\"https:\/\/odabrano.com\/index.php\/2024\/09\/23\/rusima-ljudski-zivot-nista-ne-vrijedi-svjedocenje-srbina-koji-se-borio-u-ukrajini\/#breadcrumb\"},\"inLanguage\":\"en-US\",\"potentialAction\":[{\"@type\":\"ReadAction\",\"target\":[\"https:\/\/odabrano.com\/index.php\/2024\/09\/23\/rusima-ljudski-zivot-nista-ne-vrijedi-svjedocenje-srbina-koji-se-borio-u-ukrajini\/\"]}]},{\"@type\":\"BreadcrumbList\",\"@id\":\"https:\/\/odabrano.com\/index.php\/2024\/09\/23\/rusima-ljudski-zivot-nista-ne-vrijedi-svjedocenje-srbina-koji-se-borio-u-ukrajini\/#breadcrumb\",\"itemListElement\":[{\"@type\":\"ListItem\",\"position\":1,\"name\":\"Home\",\"item\":\"https:\/\/odabrano.com\/\"},{\"@type\":\"ListItem\",\"position\":2,\"name\":\"&#8216;Rusima ljudski \u017eivot ni\u0161ta ne vrijedi&#8217;: Svjedo\u010denje Srbina koji se borio u Ukrajini\"}]},{\"@type\":\"WebSite\",\"@id\":\"https:\/\/odabrano.com\/#website\",\"url\":\"https:\/\/odabrano.com\/\",\"name\":\"odabrano\",\"description\":\"news portal koji nudi odabrane vijesti i informacije\",\"publisher\":{\"@id\":\"https:\/\/odabrano.com\/#\/schema\/person\/460f2b14657879743f23c4f6a7cd3236\"},\"alternateName\":\"vijesti i informacije iz Hrvatske i svijeta\",\"potentialAction\":[{\"@type\":\"SearchAction\",\"target\":{\"@type\":\"EntryPoint\",\"urlTemplate\":\"https:\/\/odabrano.com\/?s={search_term_string}\"},\"query-input\":\"required name=search_term_string\"}],\"inLanguage\":\"en-US\"},{\"@type\":[\"Person\",\"Organization\"],\"@id\":\"https:\/\/odabrano.com\/#\/schema\/person\/460f2b14657879743f23c4f6a7cd3236\",\"name\":\"admin\",\"image\":{\"@type\":\"ImageObject\",\"inLanguage\":\"en-US\",\"@id\":\"https:\/\/odabrano.com\/#\/schema\/person\/image\/\",\"url\":\"https:\/\/odabrano.com\/wp-content\/uploads\/2024\/04\/dolar.jpg\",\"contentUrl\":\"https:\/\/odabrano.com\/wp-content\/uploads\/2024\/04\/dolar.jpg\",\"width\":1216,\"height\":519,\"caption\":\"admin\"},\"logo\":{\"@id\":\"https:\/\/odabrano.com\/#\/schema\/person\/image\/\"},\"sameAs\":[\"http:\/\/odabrano.com\"],\"url\":\"https:\/\/odabrano.com\/index.php\/author\/sokolneno_u3xb387h\/\"}]}<\/script>\n<!-- \/ Yoast SEO plugin. -->","yoast_head_json":{"title":"'Rusima ljudski \u017eivot ni\u0161ta ne vrijedi': Svjedo\u010denje Srbina koji se borio u Ukrajini - odabrano","robots":{"index":"index","follow":"follow","max-snippet":"max-snippet:-1","max-image-preview":"max-image-preview:large","max-video-preview":"max-video-preview:-1"},"canonical":"https:\/\/odabrano.com\/index.php\/2024\/09\/23\/rusima-ljudski-zivot-nista-ne-vrijedi-svjedocenje-srbina-koji-se-borio-u-ukrajini\/","og_locale":"en_US","og_type":"article","og_title":"'Rusima ljudski \u017eivot ni\u0161ta ne vrijedi': Svjedo\u010denje Srbina koji se borio u Ukrajini - odabrano","og_description":"Kada su Dragan i njegova grupa Srba u lipnju 2023. stigli na beogradski aerodrom &#8220;Nikola Tesla&#8221;, imali su dokumente koji su svjedo\u010dili o vi\u0161emjese\u010dnom radu u inozemstvu za rusku gra\u0111evinsku tvrtku. Istina je, me\u0111utim, bila sasvim druga\u010dija: svi su se vra\u0107ali ku\u0107i s rati\u0161ta u Ukrajini, gdje su se nakon kratke vojne obuke na poligonima &hellip;","og_url":"https:\/\/odabrano.com\/index.php\/2024\/09\/23\/rusima-ljudski-zivot-nista-ne-vrijedi-svjedocenje-srbina-koji-se-borio-u-ukrajini\/","og_site_name":"odabrano","article_published_time":"2024-09-23T11:32:44+00:00","article_modified_time":"2024-09-23T11:34:04+00:00","og_image":[{"width":1280,"height":853,"url":"http:\/\/odabrano.com\/wp-content\/uploads\/2024\/09\/vojnici.jpeg","type":"image\/jpeg"}],"author":"admin","twitter_card":"summary_large_image","twitter_misc":{"Written by":"admin","Est. reading time":"10 minutes"},"schema":{"@context":"https:\/\/schema.org","@graph":[{"@type":"Article","@id":"https:\/\/odabrano.com\/index.php\/2024\/09\/23\/rusima-ljudski-zivot-nista-ne-vrijedi-svjedocenje-srbina-koji-se-borio-u-ukrajini\/#article","isPartOf":{"@id":"https:\/\/odabrano.com\/index.php\/2024\/09\/23\/rusima-ljudski-zivot-nista-ne-vrijedi-svjedocenje-srbina-koji-se-borio-u-ukrajini\/"},"author":{"name":"admin","@id":"https:\/\/odabrano.com\/#\/schema\/person\/460f2b14657879743f23c4f6a7cd3236"},"headline":"&#8216;Rusima ljudski \u017eivot ni\u0161ta ne vrijedi&#8217;: Svjedo\u010denje Srbina koji se borio u Ukrajini","datePublished":"2024-09-23T11:32:44+00:00","dateModified":"2024-09-23T11:34:04+00:00","mainEntityOfPage":{"@id":"https:\/\/odabrano.com\/index.php\/2024\/09\/23\/rusima-ljudski-zivot-nista-ne-vrijedi-svjedocenje-srbina-koji-se-borio-u-ukrajini\/"},"wordCount":2196,"publisher":{"@id":"https:\/\/odabrano.com\/#\/schema\/person\/460f2b14657879743f23c4f6a7cd3236"},"keywords":["dobrovoljci","srbi","ukrajina"],"articleSection":["Svijet"],"inLanguage":"en-US"},{"@type":"WebPage","@id":"https:\/\/odabrano.com\/index.php\/2024\/09\/23\/rusima-ljudski-zivot-nista-ne-vrijedi-svjedocenje-srbina-koji-se-borio-u-ukrajini\/","url":"https:\/\/odabrano.com\/index.php\/2024\/09\/23\/rusima-ljudski-zivot-nista-ne-vrijedi-svjedocenje-srbina-koji-se-borio-u-ukrajini\/","name":"'Rusima ljudski \u017eivot ni\u0161ta ne vrijedi': Svjedo\u010denje Srbina koji se borio u Ukrajini - odabrano","isPartOf":{"@id":"https:\/\/odabrano.com\/#website"},"datePublished":"2024-09-23T11:32:44+00:00","dateModified":"2024-09-23T11:34:04+00:00","breadcrumb":{"@id":"https:\/\/odabrano.com\/index.php\/2024\/09\/23\/rusima-ljudski-zivot-nista-ne-vrijedi-svjedocenje-srbina-koji-se-borio-u-ukrajini\/#breadcrumb"},"inLanguage":"en-US","potentialAction":[{"@type":"ReadAction","target":["https:\/\/odabrano.com\/index.php\/2024\/09\/23\/rusima-ljudski-zivot-nista-ne-vrijedi-svjedocenje-srbina-koji-se-borio-u-ukrajini\/"]}]},{"@type":"BreadcrumbList","@id":"https:\/\/odabrano.com\/index.php\/2024\/09\/23\/rusima-ljudski-zivot-nista-ne-vrijedi-svjedocenje-srbina-koji-se-borio-u-ukrajini\/#breadcrumb","itemListElement":[{"@type":"ListItem","position":1,"name":"Home","item":"https:\/\/odabrano.com\/"},{"@type":"ListItem","position":2,"name":"&#8216;Rusima ljudski \u017eivot ni\u0161ta ne vrijedi&#8217;: Svjedo\u010denje Srbina koji se borio u Ukrajini"}]},{"@type":"WebSite","@id":"https:\/\/odabrano.com\/#website","url":"https:\/\/odabrano.com\/","name":"odabrano","description":"news portal koji nudi odabrane vijesti i informacije","publisher":{"@id":"https:\/\/odabrano.com\/#\/schema\/person\/460f2b14657879743f23c4f6a7cd3236"},"alternateName":"vijesti i informacije iz Hrvatske i svijeta","potentialAction":[{"@type":"SearchAction","target":{"@type":"EntryPoint","urlTemplate":"https:\/\/odabrano.com\/?s={search_term_string}"},"query-input":"required name=search_term_string"}],"inLanguage":"en-US"},{"@type":["Person","Organization"],"@id":"https:\/\/odabrano.com\/#\/schema\/person\/460f2b14657879743f23c4f6a7cd3236","name":"admin","image":{"@type":"ImageObject","inLanguage":"en-US","@id":"https:\/\/odabrano.com\/#\/schema\/person\/image\/","url":"https:\/\/odabrano.com\/wp-content\/uploads\/2024\/04\/dolar.jpg","contentUrl":"https:\/\/odabrano.com\/wp-content\/uploads\/2024\/04\/dolar.jpg","width":1216,"height":519,"caption":"admin"},"logo":{"@id":"https:\/\/odabrano.com\/#\/schema\/person\/image\/"},"sameAs":["http:\/\/odabrano.com"],"url":"https:\/\/odabrano.com\/index.php\/author\/sokolneno_u3xb387h\/"}]}},"_links":{"self":[{"href":"https:\/\/odabrano.com\/index.php\/wp-json\/wp\/v2\/posts\/4682","targetHints":{"allow":["GET"]}}],"collection":[{"href":"https:\/\/odabrano.com\/index.php\/wp-json\/wp\/v2\/posts"}],"about":[{"href":"https:\/\/odabrano.com\/index.php\/wp-json\/wp\/v2\/types\/post"}],"author":[{"embeddable":true,"href":"https:\/\/odabrano.com\/index.php\/wp-json\/wp\/v2\/users\/1"}],"replies":[{"embeddable":true,"href":"https:\/\/odabrano.com\/index.php\/wp-json\/wp\/v2\/comments?post=4682"}],"version-history":[{"count":2,"href":"https:\/\/odabrano.com\/index.php\/wp-json\/wp\/v2\/posts\/4682\/revisions"}],"predecessor-version":[{"id":4686,"href":"https:\/\/odabrano.com\/index.php\/wp-json\/wp\/v2\/posts\/4682\/revisions\/4686"}],"wp:featuredmedia":[{"embeddable":true,"href":"https:\/\/odabrano.com\/index.php\/wp-json\/wp\/v2\/media\/4683"}],"wp:attachment":[{"href":"https:\/\/odabrano.com\/index.php\/wp-json\/wp\/v2\/media?parent=4682"}],"wp:term":[{"taxonomy":"category","embeddable":true,"href":"https:\/\/odabrano.com\/index.php\/wp-json\/wp\/v2\/categories?post=4682"},{"taxonomy":"post_tag","embeddable":true,"href":"https:\/\/odabrano.com\/index.php\/wp-json\/wp\/v2\/tags?post=4682"}],"curies":[{"name":"wp","href":"https:\/\/api.w.org\/{rel}","templated":true}]}}