{"id":4658,"date":"2024-09-22T06:47:06","date_gmt":"2024-09-22T04:47:06","guid":{"rendered":"https:\/\/odabrano.com\/?p=4658"},"modified":"2024-09-22T06:47:07","modified_gmt":"2024-09-22T04:47:07","slug":"broj-izbjeglica-u-njemackoj-dosegao-povijesne-razine","status":"publish","type":"post","link":"https:\/\/odabrano.com\/index.php\/2024\/09\/22\/broj-izbjeglica-u-njemackoj-dosegao-povijesne-razine\/","title":{"rendered":"Broj izbjeglica u Njema\u010dkoj dosegao povijesne razine"},"content":{"rendered":"\n<p>Krajem prve polovice 2024. godine, broj izbjeglica u Njema\u010dkoj dosegao je 3,48 milijuna, prema izvje\u0161taju koji je prenio \u201eNeue Osnabr\u00fccker Zeitung\u201c, a temelji se na odgovoru njema\u010dke vlade na upit stranke Ljevica u Bundestagu. Ovaj broj predstavlja najve\u0107i zabilje\u017eeni broj izbjeglica od pedesetih godina pro\u0161log stolje\u0107a i pove\u0107anje od 60.000 osoba u odnosu na kraj 2023. godine.<\/p>\n\n\n\n<p>Izvje\u0161\u0107e obuhva\u0107a sve osobe koje tra\u017ee za\u0161titu u Njema\u010dkoj, bez obzira na njihov trenutni boravi\u0161ni status. To uklju\u010duje tra\u017eitelje azila, osobe s priznatim statusom izbjeglica te one sa statusom &#8220;Duldung&#8221;, koji sprje\u010dava njihovo protjerivanje iz humanitarnih razloga. Oko 1,18 milijuna izbjeglica dolazi iz Ukrajine.<\/p>\n\n\n\n<p><strong>Smanjenje obveze napu\u0161tanja zemlje<\/strong><\/p>\n\n\n\n<p>Broj osoba koje su obvezne napustiti Njema\u010dku pao je tijekom 2024. godine. Sredinom godine zabilje\u017eeno je 226.882 osoba s obvezom napu\u0161tanja zemlje, \u0161to je za 15.760 manje nego krajem prethodne godine. Unato\u010d toj obvezi, mnogi od njih imaju status &#8220;Duldung&#8221;, koji im omogu\u0107uje privremeni boravak zbog nemogu\u0107nosti deportacije.<\/p>\n\n\n\n<p><strong>Politi\u010dke reakcije i migracijska rasprava<\/strong><\/p>\n\n\n\n<p>Glasnogovornica stranke Ljevica za pitanja migracija, Clara B\u00fcnger, kritizirala je aktualnu raspravu o migraciji, istaknuv\u0161i kako u Njema\u010dkoj trenutno \u017eivi oko 3,5 milijuna izbjeglica, \u0161to predstavlja \u010detiri posto ukupnog stanovni\u0161tva. Mnogi od njih borave u Njema\u010dkoj ve\u0107 desetlje\u0107ima.<\/p>\n\n\n\n<p><strong>Sigurnosne mjere nakon napada u Solingenu<\/strong><\/p>\n\n\n\n<p>Rasprava o migracijama dodatno se intenzivirala nakon incidenta u Solingenu, gdje je u napadu no\u017eem osumnji\u010den Sirijac. Kao odgovor, njema\u010dka vlada predlo\u017eila je niz mjera usmjerenih protiv nasilnog islamizma te poo\u0161travanje zakona o boravku i azilu. Tako\u0111er su uvedene poja\u010dane grani\u010dne kontrole prema svim susjednim dr\u017eavama. Me\u0111utim, opozicijska konzervativna Unija CDU\/CSU zatra\u017eila je jo\u0161 stro\u017ee mjere.<\/p>\n","protected":false},"excerpt":{"rendered":"<p>Krajem prve polovice 2024. godine, broj izbjeglica u Njema\u010dkoj dosegao je 3,48 milijuna, prema izvje\u0161taju koji je prenio \u201eNeue Osnabr\u00fccker Zeitung\u201c, a temelji se na odgovoru njema\u010dke vlade na upit stranke Ljevica u Bundestagu. Ovaj broj predstavlja najve\u0107i zabilje\u017eeni broj izbjeglica od pedesetih godina pro\u0161log stolje\u0107a i pove\u0107anje od 60.000 osoba u odnosu na kraj &hellip;<\/p>\n","protected":false},"author":1,"featured_media":4659,"comment_status":"closed","ping_status":"open","sticky":false,"template":"","format":"standard","meta":{"_monsterinsights_skip_tracking":false,"_monsterinsights_sitenote_active":false,"_monsterinsights_sitenote_note":"","_monsterinsights_sitenote_category":0,"footnotes":""},"categories":[9],"tags":[500,244],"class_list":["post-4658","post","type-post","status-publish","format-standard","has-post-thumbnail","","category-svijet","tag-izbjeglice","tag-njemacka"],"yoast_head":"<!-- This site is optimized with the Yoast SEO plugin v22.1 - https:\/\/yoast.com\/wordpress\/plugins\/seo\/ -->\n<title>Broj izbjeglica u Njema\u010dkoj dosegao povijesne razine - odabrano<\/title>\n<meta name=\"robots\" content=\"index, follow, max-snippet:-1, max-image-preview:large, max-video-preview:-1\" \/>\n<link rel=\"canonical\" href=\"https:\/\/odabrano.com\/index.php\/2024\/09\/22\/broj-izbjeglica-u-njemackoj-dosegao-povijesne-razine\/\" \/>\n<meta property=\"og:locale\" content=\"en_US\" \/>\n<meta property=\"og:type\" content=\"article\" \/>\n<meta property=\"og:title\" content=\"Broj izbjeglica u Njema\u010dkoj dosegao povijesne razine - odabrano\" \/>\n<meta property=\"og:description\" content=\"Krajem prve polovice 2024. godine, broj izbjeglica u Njema\u010dkoj dosegao je 3,48 milijuna, prema izvje\u0161taju koji je prenio \u201eNeue Osnabr\u00fccker Zeitung\u201c, a temelji se na odgovoru njema\u010dke vlade na upit stranke Ljevica u Bundestagu. Ovaj broj predstavlja najve\u0107i zabilje\u017eeni broj izbjeglica od pedesetih godina pro\u0161log stolje\u0107a i pove\u0107anje od 60.000 osoba u odnosu na kraj &hellip;\" \/>\n<meta property=\"og:url\" content=\"https:\/\/odabrano.com\/index.php\/2024\/09\/22\/broj-izbjeglica-u-njemackoj-dosegao-povijesne-razine\/\" \/>\n<meta property=\"og:site_name\" content=\"odabrano\" \/>\n<meta property=\"article:published_time\" content=\"2024-09-22T04:47:06+00:00\" \/>\n<meta property=\"article:modified_time\" content=\"2024-09-22T04:47:07+00:00\" \/>\n<meta property=\"og:image\" content=\"http:\/\/odabrano.com\/wp-content\/uploads\/2024\/09\/izbjeglice.webp\" \/>\n\t<meta property=\"og:image:width\" content=\"1200\" \/>\n\t<meta property=\"og:image:height\" content=\"525\" \/>\n\t<meta property=\"og:image:type\" content=\"image\/webp\" \/>\n<meta name=\"author\" content=\"admin\" \/>\n<meta name=\"twitter:card\" content=\"summary_large_image\" \/>\n<meta name=\"twitter:label1\" content=\"Written by\" \/>\n\t<meta name=\"twitter:data1\" content=\"admin\" \/>\n\t<meta name=\"twitter:label2\" content=\"Est. reading time\" \/>\n\t<meta name=\"twitter:data2\" content=\"2 minutes\" \/>\n<script type=\"application\/ld+json\" class=\"yoast-schema-graph\">{\"@context\":\"https:\/\/schema.org\",\"@graph\":[{\"@type\":\"Article\",\"@id\":\"https:\/\/odabrano.com\/index.php\/2024\/09\/22\/broj-izbjeglica-u-njemackoj-dosegao-povijesne-razine\/#article\",\"isPartOf\":{\"@id\":\"https:\/\/odabrano.com\/index.php\/2024\/09\/22\/broj-izbjeglica-u-njemackoj-dosegao-povijesne-razine\/\"},\"author\":{\"name\":\"admin\",\"@id\":\"https:\/\/odabrano.com\/#\/schema\/person\/460f2b14657879743f23c4f6a7cd3236\"},\"headline\":\"Broj izbjeglica u Njema\u010dkoj dosegao povijesne razine\",\"datePublished\":\"2024-09-22T04:47:06+00:00\",\"dateModified\":\"2024-09-22T04:47:07+00:00\",\"mainEntityOfPage\":{\"@id\":\"https:\/\/odabrano.com\/index.php\/2024\/09\/22\/broj-izbjeglica-u-njemackoj-dosegao-povijesne-razine\/\"},\"wordCount\":301,\"publisher\":{\"@id\":\"https:\/\/odabrano.com\/#\/schema\/person\/460f2b14657879743f23c4f6a7cd3236\"},\"keywords\":[\"izbjeglice\",\"njema\u010dka\"],\"articleSection\":[\"Svijet\"],\"inLanguage\":\"en-US\"},{\"@type\":\"WebPage\",\"@id\":\"https:\/\/odabrano.com\/index.php\/2024\/09\/22\/broj-izbjeglica-u-njemackoj-dosegao-povijesne-razine\/\",\"url\":\"https:\/\/odabrano.com\/index.php\/2024\/09\/22\/broj-izbjeglica-u-njemackoj-dosegao-povijesne-razine\/\",\"name\":\"Broj izbjeglica u Njema\u010dkoj dosegao povijesne razine - odabrano\",\"isPartOf\":{\"@id\":\"https:\/\/odabrano.com\/#website\"},\"datePublished\":\"2024-09-22T04:47:06+00:00\",\"dateModified\":\"2024-09-22T04:47:07+00:00\",\"breadcrumb\":{\"@id\":\"https:\/\/odabrano.com\/index.php\/2024\/09\/22\/broj-izbjeglica-u-njemackoj-dosegao-povijesne-razine\/#breadcrumb\"},\"inLanguage\":\"en-US\",\"potentialAction\":[{\"@type\":\"ReadAction\",\"target\":[\"https:\/\/odabrano.com\/index.php\/2024\/09\/22\/broj-izbjeglica-u-njemackoj-dosegao-povijesne-razine\/\"]}]},{\"@type\":\"BreadcrumbList\",\"@id\":\"https:\/\/odabrano.com\/index.php\/2024\/09\/22\/broj-izbjeglica-u-njemackoj-dosegao-povijesne-razine\/#breadcrumb\",\"itemListElement\":[{\"@type\":\"ListItem\",\"position\":1,\"name\":\"Home\",\"item\":\"https:\/\/odabrano.com\/\"},{\"@type\":\"ListItem\",\"position\":2,\"name\":\"Broj izbjeglica u Njema\u010dkoj dosegao povijesne razine\"}]},{\"@type\":\"WebSite\",\"@id\":\"https:\/\/odabrano.com\/#website\",\"url\":\"https:\/\/odabrano.com\/\",\"name\":\"odabrano\",\"description\":\"news portal koji nudi odabrane vijesti i informacije\",\"publisher\":{\"@id\":\"https:\/\/odabrano.com\/#\/schema\/person\/460f2b14657879743f23c4f6a7cd3236\"},\"alternateName\":\"vijesti i informacije iz Hrvatske i svijeta\",\"potentialAction\":[{\"@type\":\"SearchAction\",\"target\":{\"@type\":\"EntryPoint\",\"urlTemplate\":\"https:\/\/odabrano.com\/?s={search_term_string}\"},\"query-input\":\"required name=search_term_string\"}],\"inLanguage\":\"en-US\"},{\"@type\":[\"Person\",\"Organization\"],\"@id\":\"https:\/\/odabrano.com\/#\/schema\/person\/460f2b14657879743f23c4f6a7cd3236\",\"name\":\"admin\",\"image\":{\"@type\":\"ImageObject\",\"inLanguage\":\"en-US\",\"@id\":\"https:\/\/odabrano.com\/#\/schema\/person\/image\/\",\"url\":\"https:\/\/odabrano.com\/wp-content\/uploads\/2024\/04\/dolar.jpg\",\"contentUrl\":\"https:\/\/odabrano.com\/wp-content\/uploads\/2024\/04\/dolar.jpg\",\"width\":1216,\"height\":519,\"caption\":\"admin\"},\"logo\":{\"@id\":\"https:\/\/odabrano.com\/#\/schema\/person\/image\/\"},\"sameAs\":[\"http:\/\/odabrano.com\"],\"url\":\"https:\/\/odabrano.com\/index.php\/author\/sokolneno_u3xb387h\/\"}]}<\/script>\n<!-- \/ Yoast SEO plugin. -->","yoast_head_json":{"title":"Broj izbjeglica u Njema\u010dkoj dosegao povijesne razine - odabrano","robots":{"index":"index","follow":"follow","max-snippet":"max-snippet:-1","max-image-preview":"max-image-preview:large","max-video-preview":"max-video-preview:-1"},"canonical":"https:\/\/odabrano.com\/index.php\/2024\/09\/22\/broj-izbjeglica-u-njemackoj-dosegao-povijesne-razine\/","og_locale":"en_US","og_type":"article","og_title":"Broj izbjeglica u Njema\u010dkoj dosegao povijesne razine - odabrano","og_description":"Krajem prve polovice 2024. godine, broj izbjeglica u Njema\u010dkoj dosegao je 3,48 milijuna, prema izvje\u0161taju koji je prenio \u201eNeue Osnabr\u00fccker Zeitung\u201c, a temelji se na odgovoru njema\u010dke vlade na upit stranke Ljevica u Bundestagu. Ovaj broj predstavlja najve\u0107i zabilje\u017eeni broj izbjeglica od pedesetih godina pro\u0161log stolje\u0107a i pove\u0107anje od 60.000 osoba u odnosu na kraj &hellip;","og_url":"https:\/\/odabrano.com\/index.php\/2024\/09\/22\/broj-izbjeglica-u-njemackoj-dosegao-povijesne-razine\/","og_site_name":"odabrano","article_published_time":"2024-09-22T04:47:06+00:00","article_modified_time":"2024-09-22T04:47:07+00:00","og_image":[{"width":1200,"height":525,"url":"http:\/\/odabrano.com\/wp-content\/uploads\/2024\/09\/izbjeglice.webp","type":"image\/webp"}],"author":"admin","twitter_card":"summary_large_image","twitter_misc":{"Written by":"admin","Est. reading time":"2 minutes"},"schema":{"@context":"https:\/\/schema.org","@graph":[{"@type":"Article","@id":"https:\/\/odabrano.com\/index.php\/2024\/09\/22\/broj-izbjeglica-u-njemackoj-dosegao-povijesne-razine\/#article","isPartOf":{"@id":"https:\/\/odabrano.com\/index.php\/2024\/09\/22\/broj-izbjeglica-u-njemackoj-dosegao-povijesne-razine\/"},"author":{"name":"admin","@id":"https:\/\/odabrano.com\/#\/schema\/person\/460f2b14657879743f23c4f6a7cd3236"},"headline":"Broj izbjeglica u Njema\u010dkoj dosegao povijesne razine","datePublished":"2024-09-22T04:47:06+00:00","dateModified":"2024-09-22T04:47:07+00:00","mainEntityOfPage":{"@id":"https:\/\/odabrano.com\/index.php\/2024\/09\/22\/broj-izbjeglica-u-njemackoj-dosegao-povijesne-razine\/"},"wordCount":301,"publisher":{"@id":"https:\/\/odabrano.com\/#\/schema\/person\/460f2b14657879743f23c4f6a7cd3236"},"keywords":["izbjeglice","njema\u010dka"],"articleSection":["Svijet"],"inLanguage":"en-US"},{"@type":"WebPage","@id":"https:\/\/odabrano.com\/index.php\/2024\/09\/22\/broj-izbjeglica-u-njemackoj-dosegao-povijesne-razine\/","url":"https:\/\/odabrano.com\/index.php\/2024\/09\/22\/broj-izbjeglica-u-njemackoj-dosegao-povijesne-razine\/","name":"Broj izbjeglica u Njema\u010dkoj dosegao povijesne razine - odabrano","isPartOf":{"@id":"https:\/\/odabrano.com\/#website"},"datePublished":"2024-09-22T04:47:06+00:00","dateModified":"2024-09-22T04:47:07+00:00","breadcrumb":{"@id":"https:\/\/odabrano.com\/index.php\/2024\/09\/22\/broj-izbjeglica-u-njemackoj-dosegao-povijesne-razine\/#breadcrumb"},"inLanguage":"en-US","potentialAction":[{"@type":"ReadAction","target":["https:\/\/odabrano.com\/index.php\/2024\/09\/22\/broj-izbjeglica-u-njemackoj-dosegao-povijesne-razine\/"]}]},{"@type":"BreadcrumbList","@id":"https:\/\/odabrano.com\/index.php\/2024\/09\/22\/broj-izbjeglica-u-njemackoj-dosegao-povijesne-razine\/#breadcrumb","itemListElement":[{"@type":"ListItem","position":1,"name":"Home","item":"https:\/\/odabrano.com\/"},{"@type":"ListItem","position":2,"name":"Broj izbjeglica u Njema\u010dkoj dosegao povijesne razine"}]},{"@type":"WebSite","@id":"https:\/\/odabrano.com\/#website","url":"https:\/\/odabrano.com\/","name":"odabrano","description":"news portal koji nudi odabrane vijesti i informacije","publisher":{"@id":"https:\/\/odabrano.com\/#\/schema\/person\/460f2b14657879743f23c4f6a7cd3236"},"alternateName":"vijesti i informacije iz Hrvatske i svijeta","potentialAction":[{"@type":"SearchAction","target":{"@type":"EntryPoint","urlTemplate":"https:\/\/odabrano.com\/?s={search_term_string}"},"query-input":"required name=search_term_string"}],"inLanguage":"en-US"},{"@type":["Person","Organization"],"@id":"https:\/\/odabrano.com\/#\/schema\/person\/460f2b14657879743f23c4f6a7cd3236","name":"admin","image":{"@type":"ImageObject","inLanguage":"en-US","@id":"https:\/\/odabrano.com\/#\/schema\/person\/image\/","url":"https:\/\/odabrano.com\/wp-content\/uploads\/2024\/04\/dolar.jpg","contentUrl":"https:\/\/odabrano.com\/wp-content\/uploads\/2024\/04\/dolar.jpg","width":1216,"height":519,"caption":"admin"},"logo":{"@id":"https:\/\/odabrano.com\/#\/schema\/person\/image\/"},"sameAs":["http:\/\/odabrano.com"],"url":"https:\/\/odabrano.com\/index.php\/author\/sokolneno_u3xb387h\/"}]}},"_links":{"self":[{"href":"https:\/\/odabrano.com\/index.php\/wp-json\/wp\/v2\/posts\/4658","targetHints":{"allow":["GET"]}}],"collection":[{"href":"https:\/\/odabrano.com\/index.php\/wp-json\/wp\/v2\/posts"}],"about":[{"href":"https:\/\/odabrano.com\/index.php\/wp-json\/wp\/v2\/types\/post"}],"author":[{"embeddable":true,"href":"https:\/\/odabrano.com\/index.php\/wp-json\/wp\/v2\/users\/1"}],"replies":[{"embeddable":true,"href":"https:\/\/odabrano.com\/index.php\/wp-json\/wp\/v2\/comments?post=4658"}],"version-history":[{"count":1,"href":"https:\/\/odabrano.com\/index.php\/wp-json\/wp\/v2\/posts\/4658\/revisions"}],"predecessor-version":[{"id":4660,"href":"https:\/\/odabrano.com\/index.php\/wp-json\/wp\/v2\/posts\/4658\/revisions\/4660"}],"wp:featuredmedia":[{"embeddable":true,"href":"https:\/\/odabrano.com\/index.php\/wp-json\/wp\/v2\/media\/4659"}],"wp:attachment":[{"href":"https:\/\/odabrano.com\/index.php\/wp-json\/wp\/v2\/media?parent=4658"}],"wp:term":[{"taxonomy":"category","embeddable":true,"href":"https:\/\/odabrano.com\/index.php\/wp-json\/wp\/v2\/categories?post=4658"},{"taxonomy":"post_tag","embeddable":true,"href":"https:\/\/odabrano.com\/index.php\/wp-json\/wp\/v2\/tags?post=4658"}],"curies":[{"name":"wp","href":"https:\/\/api.w.org\/{rel}","templated":true}]}}