{"id":4500,"date":"2024-09-17T18:09:26","date_gmt":"2024-09-17T16:09:26","guid":{"rendered":"https:\/\/odabrano.com\/?p=4500"},"modified":"2024-09-19T08:45:23","modified_gmt":"2024-09-19T06:45:23","slug":"otkrijte-caroliju-nacionalnog-parka-kornati","status":"publish","type":"post","link":"https:\/\/odabrano.com\/index.php\/2024\/09\/17\/otkrijte-caroliju-nacionalnog-parka-kornati\/","title":{"rendered":"Otkrijte \u010daroliju Nacionalnog parka Kornati"},"content":{"rendered":"\n<p>Nacionalni park Kornati jedno je od najljep\u0161ih prirodnih \u010duda Hrvatske, smje\u0161teno u srednjoj Dalmaciji, poznato po svojoj zadivljuju\u0107oj ljepoti i netaknutoj prirodi. Ovaj arhipelag sastoji se od vi\u0161e od 89 otoka, oto\u010di\u0107a i hridi, te nudi nezaboravno iskustvo za posjetitelje \u017eeljne mira, avanture i prirodnih ljepota. Kornati su pravi raj za ljubitelje mora, jedrenja i ronjenja, a tako\u0111er su poznati po svojoj bogatoj povijesti i kulturnoj ba\u0161tini.<\/p>\n\n\n<iframe loading=\"lazy\" width=\"800\" height=\"450\" src=\"https:\/\/www.youtube.com\/embed\/5khrKTtYrbw?si=754kGEsuzPgLPSBL\" title=\"YouTube video player\" frameborder=\"0\" allow=\"accelerometer; autoplay; clipboard-write; encrypted-media; gyroscope; picture-in-picture; web-share\" referrerpolicy=\"strict-origin-when-cross-origin\" allowfullscreen><\/iframe>\n\n\nGrupni izleti po Kornatima jedan su od najpopularnijih na\u010dina da posjetite ovu jedinstvenu destinaciju. Mnoge agencije organiziraju dnevne ture brodom koje polaze iz \u0160ibenika, Zadra i Murtera. Ovi izleti omogu\u0107uju posjetiteljima da istra\u017ee skrivene uvale, slikovite oto\u010di\u0107e i predivne pla\u017ee. Ve\u0107ina izleta uklju\u010duje i zaustavljanje na nekoliko atraktivnih lokacija unutar parka, kao \u0161to su uvala Tela\u0161\u0107ica i najpoznatija Kornatska tvr\u0111ava, Tureta, iz vremena Bizanta.\n\n\n\n<p>Restorani na Kornatima prava su gastronomska poslastica za one koji \u017eele ku\u0161ati autenti\u010dnu dalmatinsku kuhinju. Mnogobrojne konobe smje\u0161tene na otocima nude svje\u017eu ribu, \u0161koljke i plodove mora, pripremljene na tradicionalan na\u010din. Restorani poput konobe Opat, konobe Mare i konobe \u017dakan poznati su po vrhunskim specijalitetima, uklju\u010duju\u0107i jela od hobotnice, jastoga i dagnji. Ovi restorani \u010desto se nalaze uz more, pru\u017eaju\u0107i gostima prekrasan pogled na kristalno \u010disto Jadransko more dok u\u017eivaju u lokalnim delicijama.<\/p>\n\n\n\n<p>Smje\u0161taj na Kornatima je uglavnom privatnog karaktera. Oto\u010dje nije gusto naseljeno, no postoji nekoliko privatnih ku\u0107a i vikendica koje se iznajmljuju turistima. Smje\u0161taj je uglavnom rustikalan, idealan za one koji tra\u017ee bijeg od modernog \u017eivota i \u017eele do\u017eivjeti autenti\u010dnu atmosferu dalmatinskog otoka. Tako\u0111er, neki restorani i konobe nude mogu\u0107nost no\u0107enja za goste koji \u017eele produ\u017eiti boravak na Kornatima.<\/p>\n\n\n\n<p>Pla\u017ee na Kornatima su uglavnom prirodne, \u0161ljun\u010dane ili stjenovite, a mnoge su skrivene u malim uvalama do kojih se mo\u017ee do\u0107i samo brodom. Najpoznatije pla\u017ee uklju\u010duju uvalu Lojena na otoku Levrnaka, koja je jedna od rijetkih pje\u0161\u010danih pla\u017ea u Nacionalnom parku. Kristalno \u010disto more i bogat podmorski svijet \u010dine ove pla\u017ee idealnim mjestom za ronjenje, snorkeling ili jednostavno u\u017eivanje u miru i ti\u0161ini. Ove pla\u017ee nisu pretrpane turistima, \u0161to ih \u010dini savr\u0161enim mjestom za one koji tra\u017ee privatnost.<\/p>\n\n\n\n<p>Za one koji vole avanturu, Kornati nude i mogu\u0107nosti za jedrenje, kajakarenje i ribolov. Oto\u010dje je tako\u0111er popularno me\u0111u ljubiteljima ronjenja zbog bogatog podmorskog svijeta, koji uklju\u010duje koralje, ribe i potopljene brodove. Ronila\u010dki izleti su dostupni za po\u010detnike i iskusne ronioce.<\/p>\n\n\n\n<p>Nacionalni park Kornati pravo je mjesto za sve koji \u017eele pobje\u0107i od u\u017eurbanog \u017eivota i provesti vrijeme u prirodi. Bilo da dolazite na jednodnevni izlet, u\u017eivate u lokalnim restoranima, tra\u017eite miran smje\u0161taj ili jednostavno \u017eelite u\u017eivati na skrivenim pla\u017eama, Kornati nude nezaboravno iskustvo.<\/p>\n\n\n\n<p><strong>Pla\u017ee na Kornatima:<\/strong><br><a href=\"https:\/\/www.google.com\/maps\/place\/Lojena\/@43.8210668,15.2495287,831m\/data=!3m1!1e3!4m6!3m5!1s0x1334ba9c46929aa7:0x566ac7660dbba0d7!8m2!3d43.8207495!4d15.2504826!16s%2Fg%2F11byp86w40?entry=ttu&amp;g_ep=EgoyMDI0MDkxMS4wIKXMDSoASAFQAw%3D%3D\"><strong>Lojena<\/strong><\/a><br><a href=\"https:\/\/www.google.com\/maps\/place\/Katina\/@43.8809101,15.2089216,4182m\/data=!3m1!1e3!4m6!3m5!1s0x1334ae20570e5335:0xde8991fe8232ef27!8m2!3d43.8827644!4d15.2209435!16s%2Fm%2F0n5vbwq?entry=ttu&amp;g_ep=EgoyMDI0MDkxMS4wIKXMDSoASAFQAw%3D%3D\"><strong>Katina<\/strong><\/a><br><a href=\"https:\/\/www.google.com\/maps\/place\/Otocic+Aba+Vela\/@43.8688391,15.2111859,2092m\/data=!3m1!1e3!4m6!3m5!1s0x1334afd32d8a0589:0x508f7e0f2cd60194!8m2!3d43.867129!4d15.2114362!16s%2Fg%2F120vbwz5?entry=ttu&amp;g_ep=EgoyMDI0MDkxMS4wIKXMDSoASAFQAw%3D%3D\"><strong>Aba Vela<\/strong><\/a><br><a href=\"https:\/\/www.google.com\/maps\/place\/Lavsa\/@43.7526545,15.3321958,8383m\/data=!3m1!1e3!4m6!3m5!1s0x1334b8e7db0ac2dd:0x1a99fb8be59166d3!8m2!3d43.7527778!4d15.3711111!16s%2Fg%2F11bx4bd0ch?entry=ttu&amp;g_ep=EgoyMDI0MDkxMS4wIKXMDSoASAFQAw%3D%3D\"><strong>Lavsa<\/strong><\/a><\/p>\n\n\n\n<p>Kornati se meteorolo\u0161ki nalaze izme\u0111u dva razli\u010dita klimatska podru\u010dja: sjevernog Jadrana, pod utjecajem genovskih ciklona u prolje\u0107e i jesen, i ju\u017enog Jadrana, koji ljeti ima suptropski visok atmosferski tlak. Klima je ujedna\u010dena zbog male povr\u0161ine i niske nadmorske visine, dok oskudna vegetacija omogu\u0107uje obilnu rosu koja donekle zamjenjuje ki\u0161u. Prema K\u00f6ppenovoj klasifikaciji, Kornati imaju klimu masline (Csa), s toplim, suhim ljetima i ki\u0161nim jesenima. Prosje\u010dna godi\u0161nja temperatura je 16\u00b0C, dok najvi\u0161e temperature dose\u017eu do 36,4\u00b0C, a najni\u017ee do -3,8\u00b0C. U godini, \u010dak 270 dana temperature prelaze 10\u00b0C, a vru\u0107i dani (preko 30\u00b0C) traju oko 40 dana, najvi\u0161e u kolovozu. Naoblaka je minimalna, s dvostruko vi\u0161e vedrih nego obla\u010dnih dana. Naj\u010de\u0161\u0107i vjetar je bura, dok ljeti prevladava maestral. Jaki vjetrovi (6 bofora i vi\u0161e) pu\u0161u oko 37 dana godi\u0161nje, naj\u010de\u0161\u0107e u prosincu.<\/p>\n","protected":false},"excerpt":{"rendered":"<p>Nacionalni park Kornati jedno je od najljep\u0161ih prirodnih \u010duda Hrvatske, smje\u0161teno u srednjoj Dalmaciji, poznato po svojoj zadivljuju\u0107oj ljepoti i netaknutoj prirodi. Ovaj arhipelag sastoji se od vi\u0161e od 89 otoka, oto\u010di\u0107a i hridi, te nudi nezaboravno iskustvo za posjetitelje \u017eeljne mira, avanture i prirodnih ljepota. Kornati su pravi raj za ljubitelje mora, jedrenja i &hellip;<\/p>\n","protected":false},"author":1,"featured_media":4501,"comment_status":"closed","ping_status":"open","sticky":false,"template":"","format":"standard","meta":{"_monsterinsights_skip_tracking":false,"_monsterinsights_sitenote_active":false,"_monsterinsights_sitenote_note":"","_monsterinsights_sitenote_category":0,"footnotes":""},"categories":[195],"tags":[905,997],"class_list":["post-4500","post","type-post","status-publish","format-standard","has-post-thumbnail","","category-horizonti","tag-kornati","tag-nacionalni-park"],"yoast_head":"<!-- This site is optimized with the Yoast SEO plugin v22.1 - https:\/\/yoast.com\/wordpress\/plugins\/seo\/ -->\n<title>Otkrijte \u010daroliju Nacionalnog parka Kornati - odabrano<\/title>\n<meta name=\"robots\" content=\"index, follow, max-snippet:-1, max-image-preview:large, max-video-preview:-1\" \/>\n<link rel=\"canonical\" href=\"https:\/\/odabrano.com\/index.php\/2024\/09\/17\/otkrijte-caroliju-nacionalnog-parka-kornati\/\" \/>\n<meta property=\"og:locale\" content=\"en_US\" \/>\n<meta property=\"og:type\" content=\"article\" \/>\n<meta property=\"og:title\" content=\"Otkrijte \u010daroliju Nacionalnog parka Kornati - odabrano\" \/>\n<meta property=\"og:description\" content=\"Nacionalni park Kornati jedno je od najljep\u0161ih prirodnih \u010duda Hrvatske, smje\u0161teno u srednjoj Dalmaciji, poznato po svojoj zadivljuju\u0107oj ljepoti i netaknutoj prirodi. Ovaj arhipelag sastoji se od vi\u0161e od 89 otoka, oto\u010di\u0107a i hridi, te nudi nezaboravno iskustvo za posjetitelje \u017eeljne mira, avanture i prirodnih ljepota. Kornati su pravi raj za ljubitelje mora, jedrenja i &hellip;\" \/>\n<meta property=\"og:url\" content=\"https:\/\/odabrano.com\/index.php\/2024\/09\/17\/otkrijte-caroliju-nacionalnog-parka-kornati\/\" \/>\n<meta property=\"og:site_name\" content=\"odabrano\" \/>\n<meta property=\"article:published_time\" content=\"2024-09-17T16:09:26+00:00\" \/>\n<meta property=\"article:modified_time\" content=\"2024-09-19T06:45:23+00:00\" \/>\n<meta property=\"og:image\" content=\"http:\/\/odabrano.com\/wp-content\/uploads\/2024\/09\/kornati.jpg\" \/>\n\t<meta property=\"og:image:width\" content=\"933\" \/>\n\t<meta property=\"og:image:height\" content=\"482\" \/>\n\t<meta property=\"og:image:type\" content=\"image\/jpeg\" \/>\n<meta name=\"author\" content=\"admin\" \/>\n<meta name=\"twitter:card\" content=\"summary_large_image\" \/>\n<meta name=\"twitter:label1\" content=\"Written by\" \/>\n\t<meta name=\"twitter:data1\" content=\"admin\" \/>\n\t<meta name=\"twitter:label2\" content=\"Est. reading time\" \/>\n\t<meta name=\"twitter:data2\" content=\"3 minutes\" \/>\n<script type=\"application\/ld+json\" class=\"yoast-schema-graph\">{\"@context\":\"https:\/\/schema.org\",\"@graph\":[{\"@type\":\"Article\",\"@id\":\"https:\/\/odabrano.com\/index.php\/2024\/09\/17\/otkrijte-caroliju-nacionalnog-parka-kornati\/#article\",\"isPartOf\":{\"@id\":\"https:\/\/odabrano.com\/index.php\/2024\/09\/17\/otkrijte-caroliju-nacionalnog-parka-kornati\/\"},\"author\":{\"name\":\"admin\",\"@id\":\"https:\/\/odabrano.com\/#\/schema\/person\/460f2b14657879743f23c4f6a7cd3236\"},\"headline\":\"Otkrijte \u010daroliju Nacionalnog parka Kornati\",\"datePublished\":\"2024-09-17T16:09:26+00:00\",\"dateModified\":\"2024-09-19T06:45:23+00:00\",\"mainEntityOfPage\":{\"@id\":\"https:\/\/odabrano.com\/index.php\/2024\/09\/17\/otkrijte-caroliju-nacionalnog-parka-kornati\/\"},\"wordCount\":660,\"publisher\":{\"@id\":\"https:\/\/odabrano.com\/#\/schema\/person\/460f2b14657879743f23c4f6a7cd3236\"},\"keywords\":[\"kornati\",\"nacionalni park\"],\"articleSection\":[\"Horizonti\"],\"inLanguage\":\"en-US\"},{\"@type\":\"WebPage\",\"@id\":\"https:\/\/odabrano.com\/index.php\/2024\/09\/17\/otkrijte-caroliju-nacionalnog-parka-kornati\/\",\"url\":\"https:\/\/odabrano.com\/index.php\/2024\/09\/17\/otkrijte-caroliju-nacionalnog-parka-kornati\/\",\"name\":\"Otkrijte \u010daroliju Nacionalnog parka Kornati - odabrano\",\"isPartOf\":{\"@id\":\"https:\/\/odabrano.com\/#website\"},\"datePublished\":\"2024-09-17T16:09:26+00:00\",\"dateModified\":\"2024-09-19T06:45:23+00:00\",\"breadcrumb\":{\"@id\":\"https:\/\/odabrano.com\/index.php\/2024\/09\/17\/otkrijte-caroliju-nacionalnog-parka-kornati\/#breadcrumb\"},\"inLanguage\":\"en-US\",\"potentialAction\":[{\"@type\":\"ReadAction\",\"target\":[\"https:\/\/odabrano.com\/index.php\/2024\/09\/17\/otkrijte-caroliju-nacionalnog-parka-kornati\/\"]}]},{\"@type\":\"BreadcrumbList\",\"@id\":\"https:\/\/odabrano.com\/index.php\/2024\/09\/17\/otkrijte-caroliju-nacionalnog-parka-kornati\/#breadcrumb\",\"itemListElement\":[{\"@type\":\"ListItem\",\"position\":1,\"name\":\"Home\",\"item\":\"https:\/\/odabrano.com\/\"},{\"@type\":\"ListItem\",\"position\":2,\"name\":\"Otkrijte \u010daroliju Nacionalnog parka Kornati\"}]},{\"@type\":\"WebSite\",\"@id\":\"https:\/\/odabrano.com\/#website\",\"url\":\"https:\/\/odabrano.com\/\",\"name\":\"odabrano\",\"description\":\"news portal koji nudi odabrane vijesti i informacije\",\"publisher\":{\"@id\":\"https:\/\/odabrano.com\/#\/schema\/person\/460f2b14657879743f23c4f6a7cd3236\"},\"alternateName\":\"vijesti i informacije iz Hrvatske i svijeta\",\"potentialAction\":[{\"@type\":\"SearchAction\",\"target\":{\"@type\":\"EntryPoint\",\"urlTemplate\":\"https:\/\/odabrano.com\/?s={search_term_string}\"},\"query-input\":\"required name=search_term_string\"}],\"inLanguage\":\"en-US\"},{\"@type\":[\"Person\",\"Organization\"],\"@id\":\"https:\/\/odabrano.com\/#\/schema\/person\/460f2b14657879743f23c4f6a7cd3236\",\"name\":\"admin\",\"image\":{\"@type\":\"ImageObject\",\"inLanguage\":\"en-US\",\"@id\":\"https:\/\/odabrano.com\/#\/schema\/person\/image\/\",\"url\":\"https:\/\/odabrano.com\/wp-content\/uploads\/2024\/04\/dolar.jpg\",\"contentUrl\":\"https:\/\/odabrano.com\/wp-content\/uploads\/2024\/04\/dolar.jpg\",\"width\":1216,\"height\":519,\"caption\":\"admin\"},\"logo\":{\"@id\":\"https:\/\/odabrano.com\/#\/schema\/person\/image\/\"},\"sameAs\":[\"http:\/\/odabrano.com\"],\"url\":\"https:\/\/odabrano.com\/index.php\/author\/sokolneno_u3xb387h\/\"}]}<\/script>\n<!-- \/ Yoast SEO plugin. -->","yoast_head_json":{"title":"Otkrijte \u010daroliju Nacionalnog parka Kornati - odabrano","robots":{"index":"index","follow":"follow","max-snippet":"max-snippet:-1","max-image-preview":"max-image-preview:large","max-video-preview":"max-video-preview:-1"},"canonical":"https:\/\/odabrano.com\/index.php\/2024\/09\/17\/otkrijte-caroliju-nacionalnog-parka-kornati\/","og_locale":"en_US","og_type":"article","og_title":"Otkrijte \u010daroliju Nacionalnog parka Kornati - odabrano","og_description":"Nacionalni park Kornati jedno je od najljep\u0161ih prirodnih \u010duda Hrvatske, smje\u0161teno u srednjoj Dalmaciji, poznato po svojoj zadivljuju\u0107oj ljepoti i netaknutoj prirodi. Ovaj arhipelag sastoji se od vi\u0161e od 89 otoka, oto\u010di\u0107a i hridi, te nudi nezaboravno iskustvo za posjetitelje \u017eeljne mira, avanture i prirodnih ljepota. Kornati su pravi raj za ljubitelje mora, jedrenja i &hellip;","og_url":"https:\/\/odabrano.com\/index.php\/2024\/09\/17\/otkrijte-caroliju-nacionalnog-parka-kornati\/","og_site_name":"odabrano","article_published_time":"2024-09-17T16:09:26+00:00","article_modified_time":"2024-09-19T06:45:23+00:00","og_image":[{"width":933,"height":482,"url":"http:\/\/odabrano.com\/wp-content\/uploads\/2024\/09\/kornati.jpg","type":"image\/jpeg"}],"author":"admin","twitter_card":"summary_large_image","twitter_misc":{"Written by":"admin","Est. reading time":"3 minutes"},"schema":{"@context":"https:\/\/schema.org","@graph":[{"@type":"Article","@id":"https:\/\/odabrano.com\/index.php\/2024\/09\/17\/otkrijte-caroliju-nacionalnog-parka-kornati\/#article","isPartOf":{"@id":"https:\/\/odabrano.com\/index.php\/2024\/09\/17\/otkrijte-caroliju-nacionalnog-parka-kornati\/"},"author":{"name":"admin","@id":"https:\/\/odabrano.com\/#\/schema\/person\/460f2b14657879743f23c4f6a7cd3236"},"headline":"Otkrijte \u010daroliju Nacionalnog parka Kornati","datePublished":"2024-09-17T16:09:26+00:00","dateModified":"2024-09-19T06:45:23+00:00","mainEntityOfPage":{"@id":"https:\/\/odabrano.com\/index.php\/2024\/09\/17\/otkrijte-caroliju-nacionalnog-parka-kornati\/"},"wordCount":660,"publisher":{"@id":"https:\/\/odabrano.com\/#\/schema\/person\/460f2b14657879743f23c4f6a7cd3236"},"keywords":["kornati","nacionalni park"],"articleSection":["Horizonti"],"inLanguage":"en-US"},{"@type":"WebPage","@id":"https:\/\/odabrano.com\/index.php\/2024\/09\/17\/otkrijte-caroliju-nacionalnog-parka-kornati\/","url":"https:\/\/odabrano.com\/index.php\/2024\/09\/17\/otkrijte-caroliju-nacionalnog-parka-kornati\/","name":"Otkrijte \u010daroliju Nacionalnog parka Kornati - odabrano","isPartOf":{"@id":"https:\/\/odabrano.com\/#website"},"datePublished":"2024-09-17T16:09:26+00:00","dateModified":"2024-09-19T06:45:23+00:00","breadcrumb":{"@id":"https:\/\/odabrano.com\/index.php\/2024\/09\/17\/otkrijte-caroliju-nacionalnog-parka-kornati\/#breadcrumb"},"inLanguage":"en-US","potentialAction":[{"@type":"ReadAction","target":["https:\/\/odabrano.com\/index.php\/2024\/09\/17\/otkrijte-caroliju-nacionalnog-parka-kornati\/"]}]},{"@type":"BreadcrumbList","@id":"https:\/\/odabrano.com\/index.php\/2024\/09\/17\/otkrijte-caroliju-nacionalnog-parka-kornati\/#breadcrumb","itemListElement":[{"@type":"ListItem","position":1,"name":"Home","item":"https:\/\/odabrano.com\/"},{"@type":"ListItem","position":2,"name":"Otkrijte \u010daroliju Nacionalnog parka Kornati"}]},{"@type":"WebSite","@id":"https:\/\/odabrano.com\/#website","url":"https:\/\/odabrano.com\/","name":"odabrano","description":"news portal koji nudi odabrane vijesti i informacije","publisher":{"@id":"https:\/\/odabrano.com\/#\/schema\/person\/460f2b14657879743f23c4f6a7cd3236"},"alternateName":"vijesti i informacije iz Hrvatske i svijeta","potentialAction":[{"@type":"SearchAction","target":{"@type":"EntryPoint","urlTemplate":"https:\/\/odabrano.com\/?s={search_term_string}"},"query-input":"required name=search_term_string"}],"inLanguage":"en-US"},{"@type":["Person","Organization"],"@id":"https:\/\/odabrano.com\/#\/schema\/person\/460f2b14657879743f23c4f6a7cd3236","name":"admin","image":{"@type":"ImageObject","inLanguage":"en-US","@id":"https:\/\/odabrano.com\/#\/schema\/person\/image\/","url":"https:\/\/odabrano.com\/wp-content\/uploads\/2024\/04\/dolar.jpg","contentUrl":"https:\/\/odabrano.com\/wp-content\/uploads\/2024\/04\/dolar.jpg","width":1216,"height":519,"caption":"admin"},"logo":{"@id":"https:\/\/odabrano.com\/#\/schema\/person\/image\/"},"sameAs":["http:\/\/odabrano.com"],"url":"https:\/\/odabrano.com\/index.php\/author\/sokolneno_u3xb387h\/"}]}},"_links":{"self":[{"href":"https:\/\/odabrano.com\/index.php\/wp-json\/wp\/v2\/posts\/4500","targetHints":{"allow":["GET"]}}],"collection":[{"href":"https:\/\/odabrano.com\/index.php\/wp-json\/wp\/v2\/posts"}],"about":[{"href":"https:\/\/odabrano.com\/index.php\/wp-json\/wp\/v2\/types\/post"}],"author":[{"embeddable":true,"href":"https:\/\/odabrano.com\/index.php\/wp-json\/wp\/v2\/users\/1"}],"replies":[{"embeddable":true,"href":"https:\/\/odabrano.com\/index.php\/wp-json\/wp\/v2\/comments?post=4500"}],"version-history":[{"count":24,"href":"https:\/\/odabrano.com\/index.php\/wp-json\/wp\/v2\/posts\/4500\/revisions"}],"predecessor-version":[{"id":4584,"href":"https:\/\/odabrano.com\/index.php\/wp-json\/wp\/v2\/posts\/4500\/revisions\/4584"}],"wp:featuredmedia":[{"embeddable":true,"href":"https:\/\/odabrano.com\/index.php\/wp-json\/wp\/v2\/media\/4501"}],"wp:attachment":[{"href":"https:\/\/odabrano.com\/index.php\/wp-json\/wp\/v2\/media?parent=4500"}],"wp:term":[{"taxonomy":"category","embeddable":true,"href":"https:\/\/odabrano.com\/index.php\/wp-json\/wp\/v2\/categories?post=4500"},{"taxonomy":"post_tag","embeddable":true,"href":"https:\/\/odabrano.com\/index.php\/wp-json\/wp\/v2\/tags?post=4500"}],"curies":[{"name":"wp","href":"https:\/\/api.w.org\/{rel}","templated":true}]}}