{"id":4486,"date":"2024-09-16T06:25:36","date_gmt":"2024-09-16T04:25:36","guid":{"rendered":"https:\/\/odabrano.com\/?p=4486"},"modified":"2024-09-16T06:25:37","modified_gmt":"2024-09-16T04:25:37","slug":"boris-potopio-europu-sest-mrtvih-naselja-pod-vodom-deseci-tisuca-evakuiranih","status":"publish","type":"post","link":"https:\/\/odabrano.com\/index.php\/2024\/09\/16\/boris-potopio-europu-sest-mrtvih-naselja-pod-vodom-deseci-tisuca-evakuiranih\/","title":{"rendered":"Boris potopio Europu: \u0160est mrtvih, naselja pod vodom, deseci tisu\u0107a evakuiranih"},"content":{"rendered":"\n<p>\u0160est mrtvih, nekoliko nestalih, tisu\u0107e evakuiranih i deseci tisu\u0107a bez struje, dosada\u0161nje su posljedice oluje Boris koja olujnim ki\u0161ama i katastrofalnim poplavama pusto\u0161i srednju i isto\u010dnu Europu.<\/p>\n\n\n\n<p>Ova oluja izazvala je katastrofalne \u0161tete i poplave u \u010ce\u0161koj, Slova\u010dkoj, Poljskoj i Rumunjskoj. Pod vodom su i dijelovi Austrije.<\/p>\n\n\n\n<p>Nakon \u0161to su \u010detiri osobe poginule u subotu u Rumunjskoj, u nedjelju se utapanjem jedne osobe u Poljskoj i stradavanjem vatrogasca u Austriji broj mrtvih popeo na \u0161est.<\/p>\n\n\n\n<p>\u010cetiri osobe nestale su u \u010ce\u0161koj.<\/p>\n\n\n\n<p>Razmjere katastrofe prikazuju fotografije i snimke iz tih zemalja na&nbsp;kojima&nbsp;se vide poplavljene cijele \u010detvrti, ulice pod vodom, stanovnici&nbsp;s vodom do pazuha, pje\u0161\u010dani&nbsp;nasipi&nbsp;kojima se nalet bujica poku\u0161ava ograni\u010diti, ljudi&nbsp;koji tra\u017ee uto\u010di\u0161te.<\/p>\n\n\n\n<p>Oluja je uzrokovala goleme prekide u elektri\u010dnoj i prometnoj mre\u017ei i masovne evakuacije stanovni\u0161tva diljem ovih zemalja.<\/p>\n\n\n\n<p>U Rumunjskoj su hitne slu\u017ebe u subotu prona\u0161le tijela \u010detvero ljudi tijekom operacije spa\u0161avanja&nbsp;u najpogo\u0111enijoj regiji, Galati (jugoistok), gdje su nastradale tisu\u0107e domova.<\/p>\n\n\n\n<p>Rumunjsko ministarstvo unutarnjih poslova izvijestilo je o \u201cvi\u0161e od 5000 ku\u0107anstava i vi\u0161e od 15.000 ljudi zahva\u0107enih poplavama&nbsp;u okruzima Galati i Vaslui\u201d.<\/p>\n\n\n\n<p>U sjeveroisto\u010dnoj Austriji jedan je vatrogasac poginuo u slu\u017ebi, priop\u0107ile su regionalne vlasti u nedjelju.<\/p>\n\n\n\n<p><strong>\u201cMi tonemo\u201d<\/strong><\/p>\n\n\n\n<p>U poljskom gradu Glucholazyju, na poljsko-\u010de\u0161koj granici, nabujala rijeka Biala Glucholaska pre\u0161la je preko nasipa, poplaviv\u0161i sredi\u0161te grada i \u010detvrti uz rijeku.<\/p>\n\n\n\n<p>\u201cTonemo\u201d, izjavio je novinarima gradona\u010delnik,&nbsp;pozivaju\u0107i stanovnike da napuste podru\u010dja ugro\u017eena poplavama.<\/p>\n\n\n\n<p>Tisu\u0107e ljudi su evakuirane i evakuiraju se i dalje s obje strane granice gdje su stotine tisu\u0107a domova od nedjelje ujutro ostale bez struje.<\/p>\n\n\n\n<p>\u017deljezni\u010dki promet izme\u0111u Poljske i \u010ce\u0161ke je prekinut, javila je agencija PAP.<\/p>\n\n\n\n<p>\u201cImamo prvi potvr\u0111eni smrtni slu\u010daj utapanja, u regiji Klodzko\u201d, rekao je u nedjelju ujutro poljski premijer Donald Tusk, koji od subote putuje jugozapadom zemlje, najvi\u0161e pogo\u0111enim poplavama.<\/p>\n\n\n\n<p>U \u010ce\u0161koj je policija izvijestila o nestanku \u010detiri osobe, tri osobe u automobilu koji je upao u rijeku u sjeveroisto\u010dnom gradu Lipova-Lazne i mu\u0161karca koji je nestao odnesen nabujalom&nbsp;rijekom.<\/p>\n\n\n\n<p>Posebno je ozbiljna situacija na sjeveroistoku zemlje gdje je zbog izlijevanja rijeke Opave evakuiran velik dio istoimenog grada.<\/p>\n\n\n\n<p>U Poljskoj je grad Ladek Zdroj ostao bez cestovnog pristupa, a u regiji Klodzko 1600 ljudi je moralo biti evakuirano.<\/p>\n\n\n\n<p>\u201cMislimo da \u0107e biti jo\u0161 evakuacija\u201d, rekao je Tusk i pozvao stanovni\u0161tvo da se tome ne protivi.<\/p>\n\n\n\n<p>Poljski premijer najavio je postavljanje satelitskih internetskih sustava Starlink kako bi se osigurala komunikacija na mjestima koja su&nbsp;odsje\u010dena.<\/p>\n\n\n\n<p>Poljska je poslala vojsku da pomogne&nbsp;vatrogascima i policiji&nbsp;u pogo\u0111enim podru\u010djima, rekao je novinarima ministar obrane Wladyslaw Kosiniak-Kamysz.<\/p>\n\n\n\n<p>U \u010ce\u0161koj je 260.000 domova ostalo bez struje zbog poplava.<\/p>\n\n\n\n<p><strong>Zarobljeni stanovnici<\/strong><\/p>\n\n\n\n<p>U Austriji je u no\u0107i sa subote na nedjelju u dijelu zemlje prekinut \u017eeljezni\u010dki promet.<\/p>\n\n\n\n<p>Linija be\u010dke podzemne \u017eeljeznice djelomi\u010dno je zatvorena, a prometnu mre\u017eu ugro\u017eavaju rijeka Wien i Dunavski kanal koji prolaze kroz glavni grad Austrije.<\/p>\n\n\n\n<p>Unutar tunela podignute su pje\u0161\u010dane brane.<\/p>\n\n\n\n<p>U blizini Kennedyjeva mosta u Be\u010du pje\u0161a\u010dke i biciklisti\u010dke staze su poplavljene, a pod vodom su i terase restorana na obalama rijeke.<\/p>\n\n\n\n<p>U predgra\u0111u Penzingu, sjeverozapadno od Be\u010da, rijeka Wien se na nekim mjestima izlila iz korita. Ku\u0107e su evakuirane dok su ulice i podzemno parkirali\u0161te bili pod vodom.<\/p>\n\n\n\n<p>Obilnim oborinama je najpogo\u0111enija pokrajina Donja Austrija. \u201cHidrolozi predvi\u0111aju iznimno obilne ki\u0161e u narednim satima, do 60 milimetara\u201d, upozorio je njezin viceguverner Stephan Pernkopf.<\/p>\n\n\n\n<p>Gotovo 5000 intervencija dogodilo se tijekom no\u0107i u Donjoj Austriji, gdje su mnogi stanovnici trenutno zarobljeni u svojim domovima.<\/p>\n\n\n\n<p>U me\u0111uvremenu su se za mogu\u0107e poplave po\u010deli pripremati u isto\u010dnoj Njema\u010dkoj gdje se u utorak o\u010dekuje najvi\u0161a razina vodostaja Labe, dok u Budimpe\u0161ti opasan porast&nbsp;razine Dunava o\u010dekuju u ponedjeljak.<\/p>\n","protected":false},"excerpt":{"rendered":"<p>\u0160est mrtvih, nekoliko nestalih, tisu\u0107e evakuiranih i deseci tisu\u0107a bez struje, dosada\u0161nje su posljedice oluje Boris koja olujnim ki\u0161ama i katastrofalnim poplavama pusto\u0161i srednju i isto\u010dnu Europu. Ova oluja izazvala je katastrofalne \u0161tete i poplave u \u010ce\u0161koj, Slova\u010dkoj, Poljskoj i Rumunjskoj. Pod vodom su i dijelovi Austrije. Nakon \u0161to su \u010detiri osobe poginule u subotu &hellip;<\/p>\n","protected":false},"author":1,"featured_media":4487,"comment_status":"closed","ping_status":"open","sticky":false,"template":"","format":"standard","meta":{"_monsterinsights_skip_tracking":false,"_monsterinsights_sitenote_active":false,"_monsterinsights_sitenote_note":"","_monsterinsights_sitenote_category":0,"footnotes":""},"categories":[9],"tags":[988,990,989],"class_list":["post-4486","post","type-post","status-publish","format-standard","has-post-thumbnail","","category-svijet","tag-oluja-boris","tag-poplave","tag-srednja-evropa"],"yoast_head":"<!-- This site is optimized with the Yoast SEO plugin v22.1 - https:\/\/yoast.com\/wordpress\/plugins\/seo\/ -->\n<title>Boris potopio Europu: \u0160est mrtvih, naselja pod vodom, deseci tisu\u0107a evakuiranih - odabrano<\/title>\n<meta name=\"robots\" content=\"index, follow, max-snippet:-1, max-image-preview:large, max-video-preview:-1\" \/>\n<link rel=\"canonical\" href=\"https:\/\/odabrano.com\/index.php\/2024\/09\/16\/boris-potopio-europu-sest-mrtvih-naselja-pod-vodom-deseci-tisuca-evakuiranih\/\" \/>\n<meta property=\"og:locale\" content=\"en_US\" \/>\n<meta property=\"og:type\" content=\"article\" \/>\n<meta property=\"og:title\" content=\"Boris potopio Europu: \u0160est mrtvih, naselja pod vodom, deseci tisu\u0107a evakuiranih - odabrano\" \/>\n<meta property=\"og:description\" content=\"\u0160est mrtvih, nekoliko nestalih, tisu\u0107e evakuiranih i deseci tisu\u0107a bez struje, dosada\u0161nje su posljedice oluje Boris koja olujnim ki\u0161ama i katastrofalnim poplavama pusto\u0161i srednju i isto\u010dnu Europu. Ova oluja izazvala je katastrofalne \u0161tete i poplave u \u010ce\u0161koj, Slova\u010dkoj, Poljskoj i Rumunjskoj. Pod vodom su i dijelovi Austrije. Nakon \u0161to su \u010detiri osobe poginule u subotu &hellip;\" \/>\n<meta property=\"og:url\" content=\"https:\/\/odabrano.com\/index.php\/2024\/09\/16\/boris-potopio-europu-sest-mrtvih-naselja-pod-vodom-deseci-tisuca-evakuiranih\/\" \/>\n<meta property=\"og:site_name\" content=\"odabrano\" \/>\n<meta property=\"article:published_time\" content=\"2024-09-16T04:25:36+00:00\" \/>\n<meta property=\"article:modified_time\" content=\"2024-09-16T04:25:37+00:00\" \/>\n<meta property=\"og:image\" content=\"http:\/\/odabrano.com\/wp-content\/uploads\/2024\/09\/boris.webp\" \/>\n\t<meta property=\"og:image:width\" content=\"800\" \/>\n\t<meta property=\"og:image:height\" content=\"505\" \/>\n\t<meta property=\"og:image:type\" content=\"image\/webp\" \/>\n<meta name=\"author\" content=\"admin\" \/>\n<meta name=\"twitter:card\" content=\"summary_large_image\" \/>\n<meta name=\"twitter:label1\" content=\"Written by\" \/>\n\t<meta name=\"twitter:data1\" content=\"admin\" \/>\n\t<meta name=\"twitter:label2\" content=\"Est. reading time\" \/>\n\t<meta name=\"twitter:data2\" content=\"3 minutes\" \/>\n<script type=\"application\/ld+json\" class=\"yoast-schema-graph\">{\"@context\":\"https:\/\/schema.org\",\"@graph\":[{\"@type\":\"Article\",\"@id\":\"https:\/\/odabrano.com\/index.php\/2024\/09\/16\/boris-potopio-europu-sest-mrtvih-naselja-pod-vodom-deseci-tisuca-evakuiranih\/#article\",\"isPartOf\":{\"@id\":\"https:\/\/odabrano.com\/index.php\/2024\/09\/16\/boris-potopio-europu-sest-mrtvih-naselja-pod-vodom-deseci-tisuca-evakuiranih\/\"},\"author\":{\"name\":\"admin\",\"@id\":\"https:\/\/odabrano.com\/#\/schema\/person\/460f2b14657879743f23c4f6a7cd3236\"},\"headline\":\"Boris potopio Europu: \u0160est mrtvih, naselja pod vodom, deseci tisu\u0107a evakuiranih\",\"datePublished\":\"2024-09-16T04:25:36+00:00\",\"dateModified\":\"2024-09-16T04:25:37+00:00\",\"mainEntityOfPage\":{\"@id\":\"https:\/\/odabrano.com\/index.php\/2024\/09\/16\/boris-potopio-europu-sest-mrtvih-naselja-pod-vodom-deseci-tisuca-evakuiranih\/\"},\"wordCount\":700,\"publisher\":{\"@id\":\"https:\/\/odabrano.com\/#\/schema\/person\/460f2b14657879743f23c4f6a7cd3236\"},\"keywords\":[\"oluja boris\",\"poplave\",\"srednja evropa\"],\"articleSection\":[\"Svijet\"],\"inLanguage\":\"en-US\"},{\"@type\":\"WebPage\",\"@id\":\"https:\/\/odabrano.com\/index.php\/2024\/09\/16\/boris-potopio-europu-sest-mrtvih-naselja-pod-vodom-deseci-tisuca-evakuiranih\/\",\"url\":\"https:\/\/odabrano.com\/index.php\/2024\/09\/16\/boris-potopio-europu-sest-mrtvih-naselja-pod-vodom-deseci-tisuca-evakuiranih\/\",\"name\":\"Boris potopio Europu: \u0160est mrtvih, naselja pod vodom, deseci tisu\u0107a evakuiranih - odabrano\",\"isPartOf\":{\"@id\":\"https:\/\/odabrano.com\/#website\"},\"datePublished\":\"2024-09-16T04:25:36+00:00\",\"dateModified\":\"2024-09-16T04:25:37+00:00\",\"breadcrumb\":{\"@id\":\"https:\/\/odabrano.com\/index.php\/2024\/09\/16\/boris-potopio-europu-sest-mrtvih-naselja-pod-vodom-deseci-tisuca-evakuiranih\/#breadcrumb\"},\"inLanguage\":\"en-US\",\"potentialAction\":[{\"@type\":\"ReadAction\",\"target\":[\"https:\/\/odabrano.com\/index.php\/2024\/09\/16\/boris-potopio-europu-sest-mrtvih-naselja-pod-vodom-deseci-tisuca-evakuiranih\/\"]}]},{\"@type\":\"BreadcrumbList\",\"@id\":\"https:\/\/odabrano.com\/index.php\/2024\/09\/16\/boris-potopio-europu-sest-mrtvih-naselja-pod-vodom-deseci-tisuca-evakuiranih\/#breadcrumb\",\"itemListElement\":[{\"@type\":\"ListItem\",\"position\":1,\"name\":\"Home\",\"item\":\"https:\/\/odabrano.com\/\"},{\"@type\":\"ListItem\",\"position\":2,\"name\":\"Boris potopio Europu: \u0160est mrtvih, naselja pod vodom, deseci tisu\u0107a evakuiranih\"}]},{\"@type\":\"WebSite\",\"@id\":\"https:\/\/odabrano.com\/#website\",\"url\":\"https:\/\/odabrano.com\/\",\"name\":\"odabrano\",\"description\":\"news portal koji nudi odabrane vijesti i informacije\",\"publisher\":{\"@id\":\"https:\/\/odabrano.com\/#\/schema\/person\/460f2b14657879743f23c4f6a7cd3236\"},\"alternateName\":\"vijesti i informacije iz Hrvatske i svijeta\",\"potentialAction\":[{\"@type\":\"SearchAction\",\"target\":{\"@type\":\"EntryPoint\",\"urlTemplate\":\"https:\/\/odabrano.com\/?s={search_term_string}\"},\"query-input\":\"required name=search_term_string\"}],\"inLanguage\":\"en-US\"},{\"@type\":[\"Person\",\"Organization\"],\"@id\":\"https:\/\/odabrano.com\/#\/schema\/person\/460f2b14657879743f23c4f6a7cd3236\",\"name\":\"admin\",\"image\":{\"@type\":\"ImageObject\",\"inLanguage\":\"en-US\",\"@id\":\"https:\/\/odabrano.com\/#\/schema\/person\/image\/\",\"url\":\"https:\/\/odabrano.com\/wp-content\/uploads\/2024\/04\/dolar.jpg\",\"contentUrl\":\"https:\/\/odabrano.com\/wp-content\/uploads\/2024\/04\/dolar.jpg\",\"width\":1216,\"height\":519,\"caption\":\"admin\"},\"logo\":{\"@id\":\"https:\/\/odabrano.com\/#\/schema\/person\/image\/\"},\"sameAs\":[\"http:\/\/odabrano.com\"],\"url\":\"https:\/\/odabrano.com\/index.php\/author\/sokolneno_u3xb387h\/\"}]}<\/script>\n<!-- \/ Yoast SEO plugin. -->","yoast_head_json":{"title":"Boris potopio Europu: \u0160est mrtvih, naselja pod vodom, deseci tisu\u0107a evakuiranih - odabrano","robots":{"index":"index","follow":"follow","max-snippet":"max-snippet:-1","max-image-preview":"max-image-preview:large","max-video-preview":"max-video-preview:-1"},"canonical":"https:\/\/odabrano.com\/index.php\/2024\/09\/16\/boris-potopio-europu-sest-mrtvih-naselja-pod-vodom-deseci-tisuca-evakuiranih\/","og_locale":"en_US","og_type":"article","og_title":"Boris potopio Europu: \u0160est mrtvih, naselja pod vodom, deseci tisu\u0107a evakuiranih - odabrano","og_description":"\u0160est mrtvih, nekoliko nestalih, tisu\u0107e evakuiranih i deseci tisu\u0107a bez struje, dosada\u0161nje su posljedice oluje Boris koja olujnim ki\u0161ama i katastrofalnim poplavama pusto\u0161i srednju i isto\u010dnu Europu. Ova oluja izazvala je katastrofalne \u0161tete i poplave u \u010ce\u0161koj, Slova\u010dkoj, Poljskoj i Rumunjskoj. Pod vodom su i dijelovi Austrije. Nakon \u0161to su \u010detiri osobe poginule u subotu &hellip;","og_url":"https:\/\/odabrano.com\/index.php\/2024\/09\/16\/boris-potopio-europu-sest-mrtvih-naselja-pod-vodom-deseci-tisuca-evakuiranih\/","og_site_name":"odabrano","article_published_time":"2024-09-16T04:25:36+00:00","article_modified_time":"2024-09-16T04:25:37+00:00","og_image":[{"width":800,"height":505,"url":"http:\/\/odabrano.com\/wp-content\/uploads\/2024\/09\/boris.webp","type":"image\/webp"}],"author":"admin","twitter_card":"summary_large_image","twitter_misc":{"Written by":"admin","Est. reading time":"3 minutes"},"schema":{"@context":"https:\/\/schema.org","@graph":[{"@type":"Article","@id":"https:\/\/odabrano.com\/index.php\/2024\/09\/16\/boris-potopio-europu-sest-mrtvih-naselja-pod-vodom-deseci-tisuca-evakuiranih\/#article","isPartOf":{"@id":"https:\/\/odabrano.com\/index.php\/2024\/09\/16\/boris-potopio-europu-sest-mrtvih-naselja-pod-vodom-deseci-tisuca-evakuiranih\/"},"author":{"name":"admin","@id":"https:\/\/odabrano.com\/#\/schema\/person\/460f2b14657879743f23c4f6a7cd3236"},"headline":"Boris potopio Europu: \u0160est mrtvih, naselja pod vodom, deseci tisu\u0107a evakuiranih","datePublished":"2024-09-16T04:25:36+00:00","dateModified":"2024-09-16T04:25:37+00:00","mainEntityOfPage":{"@id":"https:\/\/odabrano.com\/index.php\/2024\/09\/16\/boris-potopio-europu-sest-mrtvih-naselja-pod-vodom-deseci-tisuca-evakuiranih\/"},"wordCount":700,"publisher":{"@id":"https:\/\/odabrano.com\/#\/schema\/person\/460f2b14657879743f23c4f6a7cd3236"},"keywords":["oluja boris","poplave","srednja evropa"],"articleSection":["Svijet"],"inLanguage":"en-US"},{"@type":"WebPage","@id":"https:\/\/odabrano.com\/index.php\/2024\/09\/16\/boris-potopio-europu-sest-mrtvih-naselja-pod-vodom-deseci-tisuca-evakuiranih\/","url":"https:\/\/odabrano.com\/index.php\/2024\/09\/16\/boris-potopio-europu-sest-mrtvih-naselja-pod-vodom-deseci-tisuca-evakuiranih\/","name":"Boris potopio Europu: \u0160est mrtvih, naselja pod vodom, deseci tisu\u0107a evakuiranih - odabrano","isPartOf":{"@id":"https:\/\/odabrano.com\/#website"},"datePublished":"2024-09-16T04:25:36+00:00","dateModified":"2024-09-16T04:25:37+00:00","breadcrumb":{"@id":"https:\/\/odabrano.com\/index.php\/2024\/09\/16\/boris-potopio-europu-sest-mrtvih-naselja-pod-vodom-deseci-tisuca-evakuiranih\/#breadcrumb"},"inLanguage":"en-US","potentialAction":[{"@type":"ReadAction","target":["https:\/\/odabrano.com\/index.php\/2024\/09\/16\/boris-potopio-europu-sest-mrtvih-naselja-pod-vodom-deseci-tisuca-evakuiranih\/"]}]},{"@type":"BreadcrumbList","@id":"https:\/\/odabrano.com\/index.php\/2024\/09\/16\/boris-potopio-europu-sest-mrtvih-naselja-pod-vodom-deseci-tisuca-evakuiranih\/#breadcrumb","itemListElement":[{"@type":"ListItem","position":1,"name":"Home","item":"https:\/\/odabrano.com\/"},{"@type":"ListItem","position":2,"name":"Boris potopio Europu: \u0160est mrtvih, naselja pod vodom, deseci tisu\u0107a evakuiranih"}]},{"@type":"WebSite","@id":"https:\/\/odabrano.com\/#website","url":"https:\/\/odabrano.com\/","name":"odabrano","description":"news portal koji nudi odabrane vijesti i informacije","publisher":{"@id":"https:\/\/odabrano.com\/#\/schema\/person\/460f2b14657879743f23c4f6a7cd3236"},"alternateName":"vijesti i informacije iz Hrvatske i svijeta","potentialAction":[{"@type":"SearchAction","target":{"@type":"EntryPoint","urlTemplate":"https:\/\/odabrano.com\/?s={search_term_string}"},"query-input":"required name=search_term_string"}],"inLanguage":"en-US"},{"@type":["Person","Organization"],"@id":"https:\/\/odabrano.com\/#\/schema\/person\/460f2b14657879743f23c4f6a7cd3236","name":"admin","image":{"@type":"ImageObject","inLanguage":"en-US","@id":"https:\/\/odabrano.com\/#\/schema\/person\/image\/","url":"https:\/\/odabrano.com\/wp-content\/uploads\/2024\/04\/dolar.jpg","contentUrl":"https:\/\/odabrano.com\/wp-content\/uploads\/2024\/04\/dolar.jpg","width":1216,"height":519,"caption":"admin"},"logo":{"@id":"https:\/\/odabrano.com\/#\/schema\/person\/image\/"},"sameAs":["http:\/\/odabrano.com"],"url":"https:\/\/odabrano.com\/index.php\/author\/sokolneno_u3xb387h\/"}]}},"_links":{"self":[{"href":"https:\/\/odabrano.com\/index.php\/wp-json\/wp\/v2\/posts\/4486","targetHints":{"allow":["GET"]}}],"collection":[{"href":"https:\/\/odabrano.com\/index.php\/wp-json\/wp\/v2\/posts"}],"about":[{"href":"https:\/\/odabrano.com\/index.php\/wp-json\/wp\/v2\/types\/post"}],"author":[{"embeddable":true,"href":"https:\/\/odabrano.com\/index.php\/wp-json\/wp\/v2\/users\/1"}],"replies":[{"embeddable":true,"href":"https:\/\/odabrano.com\/index.php\/wp-json\/wp\/v2\/comments?post=4486"}],"version-history":[{"count":1,"href":"https:\/\/odabrano.com\/index.php\/wp-json\/wp\/v2\/posts\/4486\/revisions"}],"predecessor-version":[{"id":4488,"href":"https:\/\/odabrano.com\/index.php\/wp-json\/wp\/v2\/posts\/4486\/revisions\/4488"}],"wp:featuredmedia":[{"embeddable":true,"href":"https:\/\/odabrano.com\/index.php\/wp-json\/wp\/v2\/media\/4487"}],"wp:attachment":[{"href":"https:\/\/odabrano.com\/index.php\/wp-json\/wp\/v2\/media?parent=4486"}],"wp:term":[{"taxonomy":"category","embeddable":true,"href":"https:\/\/odabrano.com\/index.php\/wp-json\/wp\/v2\/categories?post=4486"},{"taxonomy":"post_tag","embeddable":true,"href":"https:\/\/odabrano.com\/index.php\/wp-json\/wp\/v2\/tags?post=4486"}],"curies":[{"name":"wp","href":"https:\/\/api.w.org\/{rel}","templated":true}]}}