{"id":4369,"date":"2024-09-09T18:01:24","date_gmt":"2024-09-09T16:01:24","guid":{"rendered":"http:\/\/odabrano.com\/?p=4369"},"modified":"2024-09-09T18:01:24","modified_gmt":"2024-09-09T16:01:24","slug":"sjene-proslosti","status":"publish","type":"post","link":"https:\/\/odabrano.com\/index.php\/2024\/09\/09\/sjene-proslosti\/","title":{"rendered":"Sjene pro\u0161losti"},"content":{"rendered":"\n<p>RTL u jesenjoj shemi donosi napetu dramsku seriju\u00a0<a href=\"https:\/\/voyo.rtl.hr\/sadrzaj\/sjene_proslosti\">&#8216;<\/a><strong>Sjene pro\u0161losti<\/strong><a href=\"https:\/\/voyo.rtl.hr\/sadrzaj\/sjene_proslosti\"><strong>&#8216;<\/strong><\/a>. Najglamuroznija televizijska dramska serija sezone vodi gledatelje u zatvoren svijet kojim vladaju posebna pravila. Pravila su to koja postavljaju mo\u0107ne, sna\u017ene \u017eene \u010diji \u017eivoti su isprepleteni doga\u0111ajima iz djetinjstva. &#8216;Sjene pro\u0161losti&#8217; pri\u010daju pri\u010du o \u010detiri (ne)prijateljice \u010diji \u017eivoti su nepovratno vezani postupcima iz pro\u0161losti. Osveta nikad nije bila ovoliko slatka &#8211; i vodit \u0107e glavnu protagonisticu serije.\u00a0<\/p>\n\n\n\n<p>Dramska serija Sjene pro\u0161losti donosi sna\u017enu pri\u010du o \u017eivotima \u010detiriju \u017eena: Marte (Jelena Per\u010din), Paule (Dajana \u010culjak), Ane (Ana Maras Harmander), Olge (Marina Fernandez) i njihovih obitelji. U djetinjstvu su bile bliske prijateljice, no njihovo se prijateljstvo raspalo kada su se tri djevojke, predvo\u0111ene Martom, urotile i smislile groznu la\u017e o Olgi \u0161to dovodi do toga da ona i njihov u\u010ditelj knji\u017eevnosti Eduard budu javno osramo\u0107eni te izba\u010deni iz njihove srednje \u0161kole. U seriji Sjene pro\u0161losti, Olga o\u010dajni\u010dki poku\u0161ava dokazati svoju nevinost, ali ne uspijeva pa mora napustiti predgra\u0111e Zagreba. 20 godina kasnije, serija Sjene pro\u0161losti prikazuje nam Olgu koja je danas ginekologinja koja vodi uspje\u0161nu ordinaciju u Zagrebu. Sna\u017ena, odlu\u010dna i pravedna, Olga je empati\u010dna i savjesna te duboko emotivno do\u017eivljava svijet oko sebe. No detalji iz pro\u0161losti se vra\u0107aju, a putevi \u010detiri biv\u0161e prijateljice ponovno se isprepli\u0107u.<\/p>\n","protected":false},"excerpt":{"rendered":"<p>RTL u jesenjoj shemi donosi napetu dramsku seriju\u00a0&#8216;Sjene pro\u0161losti&#8216;. Najglamuroznija televizijska dramska serija sezone vodi gledatelje u zatvoren svijet kojim vladaju posebna pravila. Pravila su to koja postavljaju mo\u0107ne, sna\u017ene \u017eene \u010diji \u017eivoti su isprepleteni doga\u0111ajima iz djetinjstva. &#8216;Sjene pro\u0161losti&#8217; pri\u010daju pri\u010du o \u010detiri (ne)prijateljice \u010diji \u017eivoti su nepovratno vezani postupcima iz pro\u0161losti. Osveta nikad &hellip;<\/p>\n","protected":false},"author":1,"featured_media":4370,"comment_status":"closed","ping_status":"open","sticky":false,"template":"","format":"standard","meta":{"_monsterinsights_skip_tracking":false,"_monsterinsights_sitenote_active":false,"_monsterinsights_sitenote_note":"","_monsterinsights_sitenote_category":0,"footnotes":""},"categories":[25],"tags":[962,961],"class_list":["post-4369","post","type-post","status-publish","format-standard","has-post-thumbnail","","category-hrvatska","tag-dramska-serija","tag-sjene-proslosti"],"yoast_head":"<!-- This site is optimized with the Yoast SEO plugin v22.1 - https:\/\/yoast.com\/wordpress\/plugins\/seo\/ -->\n<title>Sjene pro\u0161losti - odabrano<\/title>\n<meta name=\"robots\" content=\"index, follow, max-snippet:-1, max-image-preview:large, max-video-preview:-1\" \/>\n<link rel=\"canonical\" href=\"https:\/\/odabrano.com\/index.php\/2024\/09\/09\/sjene-proslosti\/\" \/>\n<meta property=\"og:locale\" content=\"en_US\" \/>\n<meta property=\"og:type\" content=\"article\" \/>\n<meta property=\"og:title\" content=\"Sjene pro\u0161losti - odabrano\" \/>\n<meta property=\"og:description\" content=\"RTL u jesenjoj shemi donosi napetu dramsku seriju\u00a0&#8216;Sjene pro\u0161losti&#8216;. Najglamuroznija televizijska dramska serija sezone vodi gledatelje u zatvoren svijet kojim vladaju posebna pravila. Pravila su to koja postavljaju mo\u0107ne, sna\u017ene \u017eene \u010diji \u017eivoti su isprepleteni doga\u0111ajima iz djetinjstva. &#8216;Sjene pro\u0161losti&#8217; pri\u010daju pri\u010du o \u010detiri (ne)prijateljice \u010diji \u017eivoti su nepovratno vezani postupcima iz pro\u0161losti. Osveta nikad &hellip;\" \/>\n<meta property=\"og:url\" content=\"https:\/\/odabrano.com\/index.php\/2024\/09\/09\/sjene-proslosti\/\" \/>\n<meta property=\"og:site_name\" content=\"odabrano\" \/>\n<meta property=\"article:published_time\" content=\"2024-09-09T16:01:24+00:00\" \/>\n<meta property=\"og:image\" content=\"https:\/\/odabrano.com\/wp-content\/uploads\/2024\/09\/sjene.jpg\" \/>\n\t<meta property=\"og:image:width\" content=\"884\" \/>\n\t<meta property=\"og:image:height\" content=\"498\" \/>\n\t<meta property=\"og:image:type\" content=\"image\/jpeg\" \/>\n<meta name=\"author\" content=\"admin\" \/>\n<meta name=\"twitter:card\" content=\"summary_large_image\" \/>\n<meta name=\"twitter:label1\" content=\"Written by\" \/>\n\t<meta name=\"twitter:data1\" content=\"admin\" \/>\n\t<meta name=\"twitter:label2\" content=\"Est. reading time\" \/>\n\t<meta name=\"twitter:data2\" content=\"2 minutes\" \/>\n<script type=\"application\/ld+json\" class=\"yoast-schema-graph\">{\"@context\":\"https:\/\/schema.org\",\"@graph\":[{\"@type\":\"Article\",\"@id\":\"https:\/\/odabrano.com\/index.php\/2024\/09\/09\/sjene-proslosti\/#article\",\"isPartOf\":{\"@id\":\"https:\/\/odabrano.com\/index.php\/2024\/09\/09\/sjene-proslosti\/\"},\"author\":{\"name\":\"admin\",\"@id\":\"https:\/\/odabrano.com\/#\/schema\/person\/460f2b14657879743f23c4f6a7cd3236\"},\"headline\":\"Sjene pro\u0161losti\",\"datePublished\":\"2024-09-09T16:01:24+00:00\",\"dateModified\":\"2024-09-09T16:01:24+00:00\",\"mainEntityOfPage\":{\"@id\":\"https:\/\/odabrano.com\/index.php\/2024\/09\/09\/sjene-proslosti\/\"},\"wordCount\":241,\"publisher\":{\"@id\":\"https:\/\/odabrano.com\/#\/schema\/person\/460f2b14657879743f23c4f6a7cd3236\"},\"keywords\":[\"dramska serija\",\"sjene pro\u0161losti\"],\"articleSection\":[\"Hrvatska\"],\"inLanguage\":\"en-US\"},{\"@type\":\"WebPage\",\"@id\":\"https:\/\/odabrano.com\/index.php\/2024\/09\/09\/sjene-proslosti\/\",\"url\":\"https:\/\/odabrano.com\/index.php\/2024\/09\/09\/sjene-proslosti\/\",\"name\":\"Sjene pro\u0161losti - odabrano\",\"isPartOf\":{\"@id\":\"https:\/\/odabrano.com\/#website\"},\"datePublished\":\"2024-09-09T16:01:24+00:00\",\"dateModified\":\"2024-09-09T16:01:24+00:00\",\"breadcrumb\":{\"@id\":\"https:\/\/odabrano.com\/index.php\/2024\/09\/09\/sjene-proslosti\/#breadcrumb\"},\"inLanguage\":\"en-US\",\"potentialAction\":[{\"@type\":\"ReadAction\",\"target\":[\"https:\/\/odabrano.com\/index.php\/2024\/09\/09\/sjene-proslosti\/\"]}]},{\"@type\":\"BreadcrumbList\",\"@id\":\"https:\/\/odabrano.com\/index.php\/2024\/09\/09\/sjene-proslosti\/#breadcrumb\",\"itemListElement\":[{\"@type\":\"ListItem\",\"position\":1,\"name\":\"Home\",\"item\":\"https:\/\/odabrano.com\/\"},{\"@type\":\"ListItem\",\"position\":2,\"name\":\"Sjene pro\u0161losti\"}]},{\"@type\":\"WebSite\",\"@id\":\"https:\/\/odabrano.com\/#website\",\"url\":\"https:\/\/odabrano.com\/\",\"name\":\"odabrano\",\"description\":\"news portal koji nudi odabrane vijesti i informacije\",\"publisher\":{\"@id\":\"https:\/\/odabrano.com\/#\/schema\/person\/460f2b14657879743f23c4f6a7cd3236\"},\"alternateName\":\"vijesti i informacije iz Hrvatske i svijeta\",\"potentialAction\":[{\"@type\":\"SearchAction\",\"target\":{\"@type\":\"EntryPoint\",\"urlTemplate\":\"https:\/\/odabrano.com\/?s={search_term_string}\"},\"query-input\":\"required name=search_term_string\"}],\"inLanguage\":\"en-US\"},{\"@type\":[\"Person\",\"Organization\"],\"@id\":\"https:\/\/odabrano.com\/#\/schema\/person\/460f2b14657879743f23c4f6a7cd3236\",\"name\":\"admin\",\"image\":{\"@type\":\"ImageObject\",\"inLanguage\":\"en-US\",\"@id\":\"https:\/\/odabrano.com\/#\/schema\/person\/image\/\",\"url\":\"https:\/\/odabrano.com\/wp-content\/uploads\/2024\/04\/dolar.jpg\",\"contentUrl\":\"https:\/\/odabrano.com\/wp-content\/uploads\/2024\/04\/dolar.jpg\",\"width\":1216,\"height\":519,\"caption\":\"admin\"},\"logo\":{\"@id\":\"https:\/\/odabrano.com\/#\/schema\/person\/image\/\"},\"sameAs\":[\"http:\/\/odabrano.com\"],\"url\":\"https:\/\/odabrano.com\/index.php\/author\/sokolneno_u3xb387h\/\"}]}<\/script>\n<!-- \/ Yoast SEO plugin. -->","yoast_head_json":{"title":"Sjene pro\u0161losti - odabrano","robots":{"index":"index","follow":"follow","max-snippet":"max-snippet:-1","max-image-preview":"max-image-preview:large","max-video-preview":"max-video-preview:-1"},"canonical":"https:\/\/odabrano.com\/index.php\/2024\/09\/09\/sjene-proslosti\/","og_locale":"en_US","og_type":"article","og_title":"Sjene pro\u0161losti - odabrano","og_description":"RTL u jesenjoj shemi donosi napetu dramsku seriju\u00a0&#8216;Sjene pro\u0161losti&#8216;. Najglamuroznija televizijska dramska serija sezone vodi gledatelje u zatvoren svijet kojim vladaju posebna pravila. Pravila su to koja postavljaju mo\u0107ne, sna\u017ene \u017eene \u010diji \u017eivoti su isprepleteni doga\u0111ajima iz djetinjstva. &#8216;Sjene pro\u0161losti&#8217; pri\u010daju pri\u010du o \u010detiri (ne)prijateljice \u010diji \u017eivoti su nepovratno vezani postupcima iz pro\u0161losti. Osveta nikad &hellip;","og_url":"https:\/\/odabrano.com\/index.php\/2024\/09\/09\/sjene-proslosti\/","og_site_name":"odabrano","article_published_time":"2024-09-09T16:01:24+00:00","og_image":[{"width":884,"height":498,"url":"https:\/\/odabrano.com\/wp-content\/uploads\/2024\/09\/sjene.jpg","type":"image\/jpeg"}],"author":"admin","twitter_card":"summary_large_image","twitter_misc":{"Written by":"admin","Est. reading time":"2 minutes"},"schema":{"@context":"https:\/\/schema.org","@graph":[{"@type":"Article","@id":"https:\/\/odabrano.com\/index.php\/2024\/09\/09\/sjene-proslosti\/#article","isPartOf":{"@id":"https:\/\/odabrano.com\/index.php\/2024\/09\/09\/sjene-proslosti\/"},"author":{"name":"admin","@id":"https:\/\/odabrano.com\/#\/schema\/person\/460f2b14657879743f23c4f6a7cd3236"},"headline":"Sjene pro\u0161losti","datePublished":"2024-09-09T16:01:24+00:00","dateModified":"2024-09-09T16:01:24+00:00","mainEntityOfPage":{"@id":"https:\/\/odabrano.com\/index.php\/2024\/09\/09\/sjene-proslosti\/"},"wordCount":241,"publisher":{"@id":"https:\/\/odabrano.com\/#\/schema\/person\/460f2b14657879743f23c4f6a7cd3236"},"keywords":["dramska serija","sjene pro\u0161losti"],"articleSection":["Hrvatska"],"inLanguage":"en-US"},{"@type":"WebPage","@id":"https:\/\/odabrano.com\/index.php\/2024\/09\/09\/sjene-proslosti\/","url":"https:\/\/odabrano.com\/index.php\/2024\/09\/09\/sjene-proslosti\/","name":"Sjene pro\u0161losti - odabrano","isPartOf":{"@id":"https:\/\/odabrano.com\/#website"},"datePublished":"2024-09-09T16:01:24+00:00","dateModified":"2024-09-09T16:01:24+00:00","breadcrumb":{"@id":"https:\/\/odabrano.com\/index.php\/2024\/09\/09\/sjene-proslosti\/#breadcrumb"},"inLanguage":"en-US","potentialAction":[{"@type":"ReadAction","target":["https:\/\/odabrano.com\/index.php\/2024\/09\/09\/sjene-proslosti\/"]}]},{"@type":"BreadcrumbList","@id":"https:\/\/odabrano.com\/index.php\/2024\/09\/09\/sjene-proslosti\/#breadcrumb","itemListElement":[{"@type":"ListItem","position":1,"name":"Home","item":"https:\/\/odabrano.com\/"},{"@type":"ListItem","position":2,"name":"Sjene pro\u0161losti"}]},{"@type":"WebSite","@id":"https:\/\/odabrano.com\/#website","url":"https:\/\/odabrano.com\/","name":"odabrano","description":"news portal koji nudi odabrane vijesti i informacije","publisher":{"@id":"https:\/\/odabrano.com\/#\/schema\/person\/460f2b14657879743f23c4f6a7cd3236"},"alternateName":"vijesti i informacije iz Hrvatske i svijeta","potentialAction":[{"@type":"SearchAction","target":{"@type":"EntryPoint","urlTemplate":"https:\/\/odabrano.com\/?s={search_term_string}"},"query-input":"required name=search_term_string"}],"inLanguage":"en-US"},{"@type":["Person","Organization"],"@id":"https:\/\/odabrano.com\/#\/schema\/person\/460f2b14657879743f23c4f6a7cd3236","name":"admin","image":{"@type":"ImageObject","inLanguage":"en-US","@id":"https:\/\/odabrano.com\/#\/schema\/person\/image\/","url":"https:\/\/odabrano.com\/wp-content\/uploads\/2024\/04\/dolar.jpg","contentUrl":"https:\/\/odabrano.com\/wp-content\/uploads\/2024\/04\/dolar.jpg","width":1216,"height":519,"caption":"admin"},"logo":{"@id":"https:\/\/odabrano.com\/#\/schema\/person\/image\/"},"sameAs":["http:\/\/odabrano.com"],"url":"https:\/\/odabrano.com\/index.php\/author\/sokolneno_u3xb387h\/"}]}},"_links":{"self":[{"href":"https:\/\/odabrano.com\/index.php\/wp-json\/wp\/v2\/posts\/4369","targetHints":{"allow":["GET"]}}],"collection":[{"href":"https:\/\/odabrano.com\/index.php\/wp-json\/wp\/v2\/posts"}],"about":[{"href":"https:\/\/odabrano.com\/index.php\/wp-json\/wp\/v2\/types\/post"}],"author":[{"embeddable":true,"href":"https:\/\/odabrano.com\/index.php\/wp-json\/wp\/v2\/users\/1"}],"replies":[{"embeddable":true,"href":"https:\/\/odabrano.com\/index.php\/wp-json\/wp\/v2\/comments?post=4369"}],"version-history":[{"count":1,"href":"https:\/\/odabrano.com\/index.php\/wp-json\/wp\/v2\/posts\/4369\/revisions"}],"predecessor-version":[{"id":4371,"href":"https:\/\/odabrano.com\/index.php\/wp-json\/wp\/v2\/posts\/4369\/revisions\/4371"}],"wp:featuredmedia":[{"embeddable":true,"href":"https:\/\/odabrano.com\/index.php\/wp-json\/wp\/v2\/media\/4370"}],"wp:attachment":[{"href":"https:\/\/odabrano.com\/index.php\/wp-json\/wp\/v2\/media?parent=4369"}],"wp:term":[{"taxonomy":"category","embeddable":true,"href":"https:\/\/odabrano.com\/index.php\/wp-json\/wp\/v2\/categories?post=4369"},{"taxonomy":"post_tag","embeddable":true,"href":"https:\/\/odabrano.com\/index.php\/wp-json\/wp\/v2\/tags?post=4369"}],"curies":[{"name":"wp","href":"https:\/\/api.w.org\/{rel}","templated":true}]}}