{"id":4289,"date":"2024-09-05T06:56:59","date_gmt":"2024-09-05T04:56:59","guid":{"rendered":"http:\/\/odabrano.com\/?p=4289"},"modified":"2024-09-05T06:57:00","modified_gmt":"2024-09-05T04:57:00","slug":"lavrov-upozorio-ameriku-da-se-ne-sali-sa-ruskim-crvenim-linijama","status":"publish","type":"post","link":"https:\/\/odabrano.com\/index.php\/2024\/09\/05\/lavrov-upozorio-ameriku-da-se-ne-sali-sa-ruskim-crvenim-linijama\/","title":{"rendered":"Lavrov upozorio Ameriku da se ne \u0161ali sa ruskim \u201ecrvenim linijama\u201d"},"content":{"rendered":"\n<p><strong>Ruski ministar vanjskih poslova Sergej Lavrov, odgovaraju\u0107i na pitanje o potencijalnoj isporuci ameri\u010dkih raketa dugog dometa Ukrajini, upozorio je u srijedu Sjedinjene Dr\u017eave da se ne \u0161ale sa ruskim \u201ecrvenim linijama\u201d.<\/strong><\/p>\n\n\n\n<p>Lavrov je rekao da SAD gube iz vida osje\u0107aj me\u0111usobnog odvra\u0107anja koji je bio u osnovi sigurnosne ravnote\u017ee izme\u0111u Moskve i Washingtona od Hladnog rata i da je to opasno.<br><br>On je komentirao izvje\u0161taj Reutersa da su SAD blizu sporazuma o snabdijevanju Ukrajine krstare\u0107im raketama dugog dometa JASSM koje bi mogle doprijeti duboko u Rusiju &#8211; za \u0161ta je lobirao ukrajinski predsjednik Volodimir Zelenski.<br><br>\u201eNe\u0107u se ni\u010demu iznenaditi &#8211; Amerikanci su ve\u0107 pre\u0161li prag koji su sami sebi postavili. Nagovaraju ih, a Zelenski to, naravno, vidi i koristi to\u201d, rekao je Lavrov.<br><br>\u201eAli oni bi trebali razumjeti &#8211; oni se \u0161ale sa na\u0161im crvenim linijama ovdje. Ne bi se trebali \u0161aliti s na\u0161im crvenim linijama.\u201d<br><br>Predsjednik Vladimir Putin je vi\u0161e puta upozoravao Zapad otkako je 2022. pokrenuo, kako je rekao, svoju \u201especijalnu vojnu operaciju\u201d u Ukrajini da ne poku\u0161ava osujetiti Rusiju, koja ima najve\u0107i svjetski arsenal nuklearnog oru\u017eja.<br><br>Ali Washington i njegovi saveznici pove\u0107ali su vojnu pomo\u0107 Ukrajini, uklju\u010duju\u0107i obezbje\u0111ivanje tenkova, naprednih projektila i borbenih aviona F-16.<br><br>To je navelo neke zapadne politi\u010dare da sugeri\u0161u da je Putinova nuklearna retorika blef i da bi SAD i NATO trebali dati sve od sebe da pomognu Ukrajini da dobije rat. Zelenski je rekao da ukrajinski upad u Rusiju, koji je zapo\u010deo 6. augusta, predstavlja sprdnju Putinovim crvenim linijama.<br><br>Lavrov je rekao da je Washington znao gdje le\u017ee te granice, ali je pogrije\u0161io ako je vjerovao da \u0107e posljedice bilo kakve eskalacije rata u Ukrajini snositi uglavnom Evropa.<br><br>\u201eOni imaju genetsko uvjerenje da ih niko ne\u0107e dirati\u201d, rekao je Lavrov.<\/p>\n\n\n\n<p>To je, kako je rekao, potkopalo sve principe koji su bili temelj strate\u0161ke stabilnosti s Washingtonom od sovjetskih vremena.<br><br>\u201eOvaj osje\u0107aj me\u0111usobnog odvra\u0107anja &#8211; iz nekog razloga po\u010dinju da gube. Ovo je opasno\u201d, rekao je on.<\/p>\n\n\n\n<h3 class=\"wp-block-heading\">Upozorenja<\/h3>\n\n\n\n<p>Lavrov je aludirao na izjave savjetnika Bijele ku\u0107e za nacionalnu sigurnost Johna Kirbyja, koji je u junu rekao da je predsjednik Joe Biden vi\u0161e puta rekao da Washington ne tra\u017ei \u201eTre\u0107i svjetski rat\u201d.<br><br>Kirby je rekao da bi velika eskalacija rata u Ukrajini mogla imati \u201ekatastrofalne posljedice, potencijalno, \u0161irom evropskog kontinenta\u201d i da ne bi bila dobra za interese SAD-a.<br><br>Bio je to drugi put u ne\u0161to vi\u0161e od nedjelju dana da je Lavrov upozorio SAD da potencijalni tre\u0107i svjetski rat ne\u0107e biti ograni\u010den na Evropu.<br><br>Kremlj je u srijedu saop\u0107io da Rusija mijenja svoju nuklearnu doktrinu jer Washington i njegovi saveznici prijete Rusiji eskalacijom rata u Ukrajini i grubim pona\u0161anjem oko onoga \u0161to je nazvao legitimnim sigurnosnim interesima Moskve.<br><br>Nije navedeno kako se planira a\u017eurirati dokument o politici u kojem se navode okolnosti u kojima bi Rusija mogla koristiti nuklearno oru\u017eje, niti kada \u0107e promjene stupiti na snagu.<\/p>\n","protected":false},"excerpt":{"rendered":"<p>Ruski ministar vanjskih poslova Sergej Lavrov, odgovaraju\u0107i na pitanje o potencijalnoj isporuci ameri\u010dkih raketa dugog dometa Ukrajini, upozorio je u srijedu Sjedinjene Dr\u017eave da se ne \u0161ale sa ruskim \u201ecrvenim linijama\u201d. Lavrov je rekao da SAD gube iz vida osje\u0107aj me\u0111usobnog odvra\u0107anja koji je bio u osnovi sigurnosne ravnote\u017ee izme\u0111u Moskve i Washingtona od Hladnog &hellip;<\/p>\n","protected":false},"author":1,"featured_media":4290,"comment_status":"closed","ping_status":"open","sticky":false,"template":"","format":"standard","meta":{"_monsterinsights_skip_tracking":false,"_monsterinsights_sitenote_active":false,"_monsterinsights_sitenote_note":"","_monsterinsights_sitenote_category":0,"footnotes":""},"categories":[9],"tags":[937,646,936,18],"class_list":["post-4289","post","type-post","status-publish","format-standard","has-post-thumbnail","","category-svijet","tag-crvena-linija","tag-granice","tag-lavrov","tag-rusija"],"yoast_head":"<!-- This site is optimized with the Yoast SEO plugin v22.1 - https:\/\/yoast.com\/wordpress\/plugins\/seo\/ -->\n<title>Lavrov upozorio Ameriku da se ne \u0161ali sa ruskim \u201ecrvenim linijama\u201d - odabrano<\/title>\n<meta name=\"robots\" content=\"index, follow, max-snippet:-1, max-image-preview:large, max-video-preview:-1\" \/>\n<link rel=\"canonical\" href=\"https:\/\/odabrano.com\/index.php\/2024\/09\/05\/lavrov-upozorio-ameriku-da-se-ne-sali-sa-ruskim-crvenim-linijama\/\" \/>\n<meta property=\"og:locale\" content=\"en_US\" \/>\n<meta property=\"og:type\" content=\"article\" \/>\n<meta property=\"og:title\" content=\"Lavrov upozorio Ameriku da se ne \u0161ali sa ruskim \u201ecrvenim linijama\u201d - odabrano\" \/>\n<meta property=\"og:description\" content=\"Ruski ministar vanjskih poslova Sergej Lavrov, odgovaraju\u0107i na pitanje o potencijalnoj isporuci ameri\u010dkih raketa dugog dometa Ukrajini, upozorio je u srijedu Sjedinjene Dr\u017eave da se ne \u0161ale sa ruskim \u201ecrvenim linijama\u201d. Lavrov je rekao da SAD gube iz vida osje\u0107aj me\u0111usobnog odvra\u0107anja koji je bio u osnovi sigurnosne ravnote\u017ee izme\u0111u Moskve i Washingtona od Hladnog &hellip;\" \/>\n<meta property=\"og:url\" content=\"https:\/\/odabrano.com\/index.php\/2024\/09\/05\/lavrov-upozorio-ameriku-da-se-ne-sali-sa-ruskim-crvenim-linijama\/\" \/>\n<meta property=\"og:site_name\" content=\"odabrano\" \/>\n<meta property=\"article:published_time\" content=\"2024-09-05T04:56:59+00:00\" \/>\n<meta property=\"article:modified_time\" content=\"2024-09-05T04:57:00+00:00\" \/>\n<meta property=\"og:image\" content=\"https:\/\/odabrano.com\/wp-content\/uploads\/2024\/09\/lavrov.png\" \/>\n\t<meta property=\"og:image:width\" content=\"714\" \/>\n\t<meta property=\"og:image:height\" content=\"542\" \/>\n\t<meta property=\"og:image:type\" content=\"image\/png\" \/>\n<meta name=\"author\" content=\"admin\" \/>\n<meta name=\"twitter:card\" content=\"summary_large_image\" \/>\n<meta name=\"twitter:label1\" content=\"Written by\" \/>\n\t<meta name=\"twitter:data1\" content=\"admin\" \/>\n\t<meta name=\"twitter:label2\" content=\"Est. reading time\" \/>\n\t<meta name=\"twitter:data2\" content=\"3 minutes\" \/>\n<script type=\"application\/ld+json\" class=\"yoast-schema-graph\">{\"@context\":\"https:\/\/schema.org\",\"@graph\":[{\"@type\":\"Article\",\"@id\":\"https:\/\/odabrano.com\/index.php\/2024\/09\/05\/lavrov-upozorio-ameriku-da-se-ne-sali-sa-ruskim-crvenim-linijama\/#article\",\"isPartOf\":{\"@id\":\"https:\/\/odabrano.com\/index.php\/2024\/09\/05\/lavrov-upozorio-ameriku-da-se-ne-sali-sa-ruskim-crvenim-linijama\/\"},\"author\":{\"name\":\"admin\",\"@id\":\"https:\/\/odabrano.com\/#\/schema\/person\/460f2b14657879743f23c4f6a7cd3236\"},\"headline\":\"Lavrov upozorio Ameriku da se ne \u0161ali sa ruskim \u201ecrvenim linijama\u201d\",\"datePublished\":\"2024-09-05T04:56:59+00:00\",\"dateModified\":\"2024-09-05T04:57:00+00:00\",\"mainEntityOfPage\":{\"@id\":\"https:\/\/odabrano.com\/index.php\/2024\/09\/05\/lavrov-upozorio-ameriku-da-se-ne-sali-sa-ruskim-crvenim-linijama\/\"},\"wordCount\":530,\"publisher\":{\"@id\":\"https:\/\/odabrano.com\/#\/schema\/person\/460f2b14657879743f23c4f6a7cd3236\"},\"keywords\":[\"crvena linija\",\"granice\",\"lavrov\",\"rusija\"],\"articleSection\":[\"Svijet\"],\"inLanguage\":\"en-US\"},{\"@type\":\"WebPage\",\"@id\":\"https:\/\/odabrano.com\/index.php\/2024\/09\/05\/lavrov-upozorio-ameriku-da-se-ne-sali-sa-ruskim-crvenim-linijama\/\",\"url\":\"https:\/\/odabrano.com\/index.php\/2024\/09\/05\/lavrov-upozorio-ameriku-da-se-ne-sali-sa-ruskim-crvenim-linijama\/\",\"name\":\"Lavrov upozorio Ameriku da se ne \u0161ali sa ruskim \u201ecrvenim linijama\u201d - odabrano\",\"isPartOf\":{\"@id\":\"https:\/\/odabrano.com\/#website\"},\"datePublished\":\"2024-09-05T04:56:59+00:00\",\"dateModified\":\"2024-09-05T04:57:00+00:00\",\"breadcrumb\":{\"@id\":\"https:\/\/odabrano.com\/index.php\/2024\/09\/05\/lavrov-upozorio-ameriku-da-se-ne-sali-sa-ruskim-crvenim-linijama\/#breadcrumb\"},\"inLanguage\":\"en-US\",\"potentialAction\":[{\"@type\":\"ReadAction\",\"target\":[\"https:\/\/odabrano.com\/index.php\/2024\/09\/05\/lavrov-upozorio-ameriku-da-se-ne-sali-sa-ruskim-crvenim-linijama\/\"]}]},{\"@type\":\"BreadcrumbList\",\"@id\":\"https:\/\/odabrano.com\/index.php\/2024\/09\/05\/lavrov-upozorio-ameriku-da-se-ne-sali-sa-ruskim-crvenim-linijama\/#breadcrumb\",\"itemListElement\":[{\"@type\":\"ListItem\",\"position\":1,\"name\":\"Home\",\"item\":\"https:\/\/odabrano.com\/\"},{\"@type\":\"ListItem\",\"position\":2,\"name\":\"Lavrov upozorio Ameriku da se ne \u0161ali sa ruskim \u201ecrvenim linijama\u201d\"}]},{\"@type\":\"WebSite\",\"@id\":\"https:\/\/odabrano.com\/#website\",\"url\":\"https:\/\/odabrano.com\/\",\"name\":\"odabrano\",\"description\":\"news portal koji nudi odabrane vijesti i informacije\",\"publisher\":{\"@id\":\"https:\/\/odabrano.com\/#\/schema\/person\/460f2b14657879743f23c4f6a7cd3236\"},\"alternateName\":\"vijesti i informacije iz Hrvatske i svijeta\",\"potentialAction\":[{\"@type\":\"SearchAction\",\"target\":{\"@type\":\"EntryPoint\",\"urlTemplate\":\"https:\/\/odabrano.com\/?s={search_term_string}\"},\"query-input\":\"required name=search_term_string\"}],\"inLanguage\":\"en-US\"},{\"@type\":[\"Person\",\"Organization\"],\"@id\":\"https:\/\/odabrano.com\/#\/schema\/person\/460f2b14657879743f23c4f6a7cd3236\",\"name\":\"admin\",\"image\":{\"@type\":\"ImageObject\",\"inLanguage\":\"en-US\",\"@id\":\"https:\/\/odabrano.com\/#\/schema\/person\/image\/\",\"url\":\"https:\/\/odabrano.com\/wp-content\/uploads\/2024\/04\/dolar.jpg\",\"contentUrl\":\"https:\/\/odabrano.com\/wp-content\/uploads\/2024\/04\/dolar.jpg\",\"width\":1216,\"height\":519,\"caption\":\"admin\"},\"logo\":{\"@id\":\"https:\/\/odabrano.com\/#\/schema\/person\/image\/\"},\"sameAs\":[\"http:\/\/odabrano.com\"],\"url\":\"https:\/\/odabrano.com\/index.php\/author\/sokolneno_u3xb387h\/\"}]}<\/script>\n<!-- \/ Yoast SEO plugin. -->","yoast_head_json":{"title":"Lavrov upozorio Ameriku da se ne \u0161ali sa ruskim \u201ecrvenim linijama\u201d - odabrano","robots":{"index":"index","follow":"follow","max-snippet":"max-snippet:-1","max-image-preview":"max-image-preview:large","max-video-preview":"max-video-preview:-1"},"canonical":"https:\/\/odabrano.com\/index.php\/2024\/09\/05\/lavrov-upozorio-ameriku-da-se-ne-sali-sa-ruskim-crvenim-linijama\/","og_locale":"en_US","og_type":"article","og_title":"Lavrov upozorio Ameriku da se ne \u0161ali sa ruskim \u201ecrvenim linijama\u201d - odabrano","og_description":"Ruski ministar vanjskih poslova Sergej Lavrov, odgovaraju\u0107i na pitanje o potencijalnoj isporuci ameri\u010dkih raketa dugog dometa Ukrajini, upozorio je u srijedu Sjedinjene Dr\u017eave da se ne \u0161ale sa ruskim \u201ecrvenim linijama\u201d. Lavrov je rekao da SAD gube iz vida osje\u0107aj me\u0111usobnog odvra\u0107anja koji je bio u osnovi sigurnosne ravnote\u017ee izme\u0111u Moskve i Washingtona od Hladnog &hellip;","og_url":"https:\/\/odabrano.com\/index.php\/2024\/09\/05\/lavrov-upozorio-ameriku-da-se-ne-sali-sa-ruskim-crvenim-linijama\/","og_site_name":"odabrano","article_published_time":"2024-09-05T04:56:59+00:00","article_modified_time":"2024-09-05T04:57:00+00:00","og_image":[{"width":714,"height":542,"url":"https:\/\/odabrano.com\/wp-content\/uploads\/2024\/09\/lavrov.png","type":"image\/png"}],"author":"admin","twitter_card":"summary_large_image","twitter_misc":{"Written by":"admin","Est. reading time":"3 minutes"},"schema":{"@context":"https:\/\/schema.org","@graph":[{"@type":"Article","@id":"https:\/\/odabrano.com\/index.php\/2024\/09\/05\/lavrov-upozorio-ameriku-da-se-ne-sali-sa-ruskim-crvenim-linijama\/#article","isPartOf":{"@id":"https:\/\/odabrano.com\/index.php\/2024\/09\/05\/lavrov-upozorio-ameriku-da-se-ne-sali-sa-ruskim-crvenim-linijama\/"},"author":{"name":"admin","@id":"https:\/\/odabrano.com\/#\/schema\/person\/460f2b14657879743f23c4f6a7cd3236"},"headline":"Lavrov upozorio Ameriku da se ne \u0161ali sa ruskim \u201ecrvenim linijama\u201d","datePublished":"2024-09-05T04:56:59+00:00","dateModified":"2024-09-05T04:57:00+00:00","mainEntityOfPage":{"@id":"https:\/\/odabrano.com\/index.php\/2024\/09\/05\/lavrov-upozorio-ameriku-da-se-ne-sali-sa-ruskim-crvenim-linijama\/"},"wordCount":530,"publisher":{"@id":"https:\/\/odabrano.com\/#\/schema\/person\/460f2b14657879743f23c4f6a7cd3236"},"keywords":["crvena linija","granice","lavrov","rusija"],"articleSection":["Svijet"],"inLanguage":"en-US"},{"@type":"WebPage","@id":"https:\/\/odabrano.com\/index.php\/2024\/09\/05\/lavrov-upozorio-ameriku-da-se-ne-sali-sa-ruskim-crvenim-linijama\/","url":"https:\/\/odabrano.com\/index.php\/2024\/09\/05\/lavrov-upozorio-ameriku-da-se-ne-sali-sa-ruskim-crvenim-linijama\/","name":"Lavrov upozorio Ameriku da se ne \u0161ali sa ruskim \u201ecrvenim linijama\u201d - odabrano","isPartOf":{"@id":"https:\/\/odabrano.com\/#website"},"datePublished":"2024-09-05T04:56:59+00:00","dateModified":"2024-09-05T04:57:00+00:00","breadcrumb":{"@id":"https:\/\/odabrano.com\/index.php\/2024\/09\/05\/lavrov-upozorio-ameriku-da-se-ne-sali-sa-ruskim-crvenim-linijama\/#breadcrumb"},"inLanguage":"en-US","potentialAction":[{"@type":"ReadAction","target":["https:\/\/odabrano.com\/index.php\/2024\/09\/05\/lavrov-upozorio-ameriku-da-se-ne-sali-sa-ruskim-crvenim-linijama\/"]}]},{"@type":"BreadcrumbList","@id":"https:\/\/odabrano.com\/index.php\/2024\/09\/05\/lavrov-upozorio-ameriku-da-se-ne-sali-sa-ruskim-crvenim-linijama\/#breadcrumb","itemListElement":[{"@type":"ListItem","position":1,"name":"Home","item":"https:\/\/odabrano.com\/"},{"@type":"ListItem","position":2,"name":"Lavrov upozorio Ameriku da se ne \u0161ali sa ruskim \u201ecrvenim linijama\u201d"}]},{"@type":"WebSite","@id":"https:\/\/odabrano.com\/#website","url":"https:\/\/odabrano.com\/","name":"odabrano","description":"news portal koji nudi odabrane vijesti i informacije","publisher":{"@id":"https:\/\/odabrano.com\/#\/schema\/person\/460f2b14657879743f23c4f6a7cd3236"},"alternateName":"vijesti i informacije iz Hrvatske i svijeta","potentialAction":[{"@type":"SearchAction","target":{"@type":"EntryPoint","urlTemplate":"https:\/\/odabrano.com\/?s={search_term_string}"},"query-input":"required name=search_term_string"}],"inLanguage":"en-US"},{"@type":["Person","Organization"],"@id":"https:\/\/odabrano.com\/#\/schema\/person\/460f2b14657879743f23c4f6a7cd3236","name":"admin","image":{"@type":"ImageObject","inLanguage":"en-US","@id":"https:\/\/odabrano.com\/#\/schema\/person\/image\/","url":"https:\/\/odabrano.com\/wp-content\/uploads\/2024\/04\/dolar.jpg","contentUrl":"https:\/\/odabrano.com\/wp-content\/uploads\/2024\/04\/dolar.jpg","width":1216,"height":519,"caption":"admin"},"logo":{"@id":"https:\/\/odabrano.com\/#\/schema\/person\/image\/"},"sameAs":["http:\/\/odabrano.com"],"url":"https:\/\/odabrano.com\/index.php\/author\/sokolneno_u3xb387h\/"}]}},"_links":{"self":[{"href":"https:\/\/odabrano.com\/index.php\/wp-json\/wp\/v2\/posts\/4289","targetHints":{"allow":["GET"]}}],"collection":[{"href":"https:\/\/odabrano.com\/index.php\/wp-json\/wp\/v2\/posts"}],"about":[{"href":"https:\/\/odabrano.com\/index.php\/wp-json\/wp\/v2\/types\/post"}],"author":[{"embeddable":true,"href":"https:\/\/odabrano.com\/index.php\/wp-json\/wp\/v2\/users\/1"}],"replies":[{"embeddable":true,"href":"https:\/\/odabrano.com\/index.php\/wp-json\/wp\/v2\/comments?post=4289"}],"version-history":[{"count":1,"href":"https:\/\/odabrano.com\/index.php\/wp-json\/wp\/v2\/posts\/4289\/revisions"}],"predecessor-version":[{"id":4291,"href":"https:\/\/odabrano.com\/index.php\/wp-json\/wp\/v2\/posts\/4289\/revisions\/4291"}],"wp:featuredmedia":[{"embeddable":true,"href":"https:\/\/odabrano.com\/index.php\/wp-json\/wp\/v2\/media\/4290"}],"wp:attachment":[{"href":"https:\/\/odabrano.com\/index.php\/wp-json\/wp\/v2\/media?parent=4289"}],"wp:term":[{"taxonomy":"category","embeddable":true,"href":"https:\/\/odabrano.com\/index.php\/wp-json\/wp\/v2\/categories?post=4289"},{"taxonomy":"post_tag","embeddable":true,"href":"https:\/\/odabrano.com\/index.php\/wp-json\/wp\/v2\/tags?post=4289"}],"curies":[{"name":"wp","href":"https:\/\/api.w.org\/{rel}","templated":true}]}}