{"id":4286,"date":"2024-09-04T10:07:10","date_gmt":"2024-09-04T08:07:10","guid":{"rendered":"http:\/\/odabrano.com\/?p=4286"},"modified":"2024-09-04T10:07:11","modified_gmt":"2024-09-04T08:07:11","slug":"bora-dordevic-bora-corba-umro-danas-u-ljubljani","status":"publish","type":"post","link":"https:\/\/odabrano.com\/index.php\/2024\/09\/04\/bora-dordevic-bora-corba-umro-danas-u-ljubljani\/","title":{"rendered":"Bora \u0110or\u0111evi\u0107 &#8211; Bora \u010corba umro danas u Ljubljani"},"content":{"rendered":"\n<p>Bora \u0110or\u0111evi\u0107, poznatiji kao Bora \u010corba, bio je jedan od najprepoznatljivijih i najkontroverznijih rock muzi\u010dara s podru\u010dja biv\u0161e Jugoslavije. Kao frontmen grupe &#8220;Riblja \u010corba&#8221;, osnovane 1978. godine, Bora je stekao slavu zahvaljuju\u0107i provokativnim i dru\u0161tveno anga\u017eiranim tekstovima. Njegova glazba, koja je \u010desto bila kritika politi\u010dkih sistema i dru\u0161tvenih pojava, postala je simbol bunta i slobode izra\u017eavanja. Me\u0111utim, tijekom ratnih devedesetih, \u0110or\u0111evi\u0107 je svojim izjavama i stavovima izazvao kontroverze, posebno u Hrvatskoj, gdje su ga mnogi vidjeli kao osobu koja svojim stavovima raspiruje nacionalisti\u010dke strasti.<\/p>\n\n\n\n<p>Tijekom devedesetih, njegove izjave i pjesme bile su obilje\u017eene nacionalisti\u010dkom retorikom, \u0161to je uzrokovalo da mnogi Hrvati prestanu slu\u0161ati njegovu glazbu. Ipak, &#8220;Riblja \u010corba&#8221; je zadr\u017eala veliku popularnost u Srbiji i drugim dijelovima biv\u0161e Jugoslavije. \u0110or\u0111evi\u0107 je kasnije tvrdio da su njegove izjave iz tog perioda bile pogre\u0161no interpretirane i da su bile motivirane kontekstom vremena, no mnogi u Hrvatskoj nisu mu to zaboravili.<\/p>\n\n\n\n<p>Unato\u010d ovim kontroverzama, \u0110or\u0111evi\u0107 je poku\u0161avao ponovno nastupati u Hrvatskoj, ali su njegovi koncerti bili zabranjivani ili otkazivani zbog pritisaka i protesta. Tijekom godina, Bora se \u010desto vra\u0107ao na temu svoje reputacije u Hrvatskoj, izra\u017eavaju\u0107i \u017ealjenje zbog nesporazuma, ali nikada nije izbjegavao svoju provokativnu prirodu. Njegovi poku\u0161aji pomirenja s hrvatskom publikom nisu uvijek bili uspje\u0161ni, ali su pokazivali njegovu \u017eelju da ostane relevantan i prepoznatljiv glas u regiji.<\/p>\n\n\n\n<p>Bora \u0110or\u0111evi\u0107 je svojim pjesmama poput &#8220;Lutka sa naslovne strane&#8221;, &#8220;Pogledaj dom svoj, an\u0111ele&#8221;, i mnogim drugim, postao dio kulturnog identiteta jedne generacije. Njegova smrt u Ljubljani danas zatvara jedno poglavlje regionalne muzi\u010dke povijesti, ali iza sebe ostavlja naslije\u0111e koje \u0107e dugo ostati u sje\u0107anju. S jedne strane, \u0110or\u0111evi\u0107 je bio kriti\u010dar dru\u0161tva i politike, a s druge strane, simbol kontroverzi koje su pratile raspad Jugoslavije. Bez obzira na razila\u017eenja, Bora \u0107e se pamtiti kao autenti\u010dni glas rock&#8217;n&#8217;rolla na ovim prostorima, koji je svojim pjesmama i izjavama \u010desto izazivao \u017eestoke reakcije, ali je tako\u0111er donosio emociju i energiju koja je obilje\u017eila jedno vrijeme.<\/p>\n","protected":false},"excerpt":{"rendered":"<p>Bora \u0110or\u0111evi\u0107, poznatiji kao Bora \u010corba, bio je jedan od najprepoznatljivijih i najkontroverznijih rock muzi\u010dara s podru\u010dja biv\u0161e Jugoslavije. Kao frontmen grupe &#8220;Riblja \u010corba&#8221;, osnovane 1978. godine, Bora je stekao slavu zahvaljuju\u0107i provokativnim i dru\u0161tveno anga\u017eiranim tekstovima. Njegova glazba, koja je \u010desto bila kritika politi\u010dkih sistema i dru\u0161tvenih pojava, postala je simbol bunta i slobode &hellip;<\/p>\n","protected":false},"author":1,"featured_media":4287,"comment_status":"closed","ping_status":"open","sticky":false,"template":"","format":"standard","meta":{"_monsterinsights_skip_tracking":false,"_monsterinsights_sitenote_active":false,"_monsterinsights_sitenote_note":"","_monsterinsights_sitenote_category":0,"footnotes":""},"categories":[6],"tags":[933,934,370],"class_list":["post-4286","post","type-post","status-publish","format-standard","has-post-thumbnail","","category-istok","tag-bora-corba","tag-bora-dordevic","tag-umro"],"yoast_head":"<!-- This site is optimized with the Yoast SEO plugin v22.1 - https:\/\/yoast.com\/wordpress\/plugins\/seo\/ -->\n<title>Bora \u0110or\u0111evi\u0107 - Bora \u010corba umro danas u Ljubljani - odabrano<\/title>\n<meta name=\"robots\" content=\"index, follow, max-snippet:-1, max-image-preview:large, max-video-preview:-1\" \/>\n<link rel=\"canonical\" href=\"https:\/\/odabrano.com\/index.php\/2024\/09\/04\/bora-dordevic-bora-corba-umro-danas-u-ljubljani\/\" \/>\n<meta property=\"og:locale\" content=\"en_US\" \/>\n<meta property=\"og:type\" content=\"article\" \/>\n<meta property=\"og:title\" content=\"Bora \u0110or\u0111evi\u0107 - Bora \u010corba umro danas u Ljubljani - odabrano\" \/>\n<meta property=\"og:description\" content=\"Bora \u0110or\u0111evi\u0107, poznatiji kao Bora \u010corba, bio je jedan od najprepoznatljivijih i najkontroverznijih rock muzi\u010dara s podru\u010dja biv\u0161e Jugoslavije. Kao frontmen grupe &#8220;Riblja \u010corba&#8221;, osnovane 1978. godine, Bora je stekao slavu zahvaljuju\u0107i provokativnim i dru\u0161tveno anga\u017eiranim tekstovima. Njegova glazba, koja je \u010desto bila kritika politi\u010dkih sistema i dru\u0161tvenih pojava, postala je simbol bunta i slobode &hellip;\" \/>\n<meta property=\"og:url\" content=\"https:\/\/odabrano.com\/index.php\/2024\/09\/04\/bora-dordevic-bora-corba-umro-danas-u-ljubljani\/\" \/>\n<meta property=\"og:site_name\" content=\"odabrano\" \/>\n<meta property=\"article:published_time\" content=\"2024-09-04T08:07:10+00:00\" \/>\n<meta property=\"article:modified_time\" content=\"2024-09-04T08:07:11+00:00\" \/>\n<meta property=\"og:image\" content=\"https:\/\/odabrano.com\/wp-content\/uploads\/2024\/09\/bora.jpg\" \/>\n\t<meta property=\"og:image:width\" content=\"1280\" \/>\n\t<meta property=\"og:image:height\" content=\"670\" \/>\n\t<meta property=\"og:image:type\" content=\"image\/jpeg\" \/>\n<meta name=\"author\" content=\"admin\" \/>\n<meta name=\"twitter:card\" content=\"summary_large_image\" \/>\n<meta name=\"twitter:label1\" content=\"Written by\" \/>\n\t<meta name=\"twitter:data1\" content=\"admin\" \/>\n\t<meta name=\"twitter:label2\" content=\"Est. reading time\" \/>\n\t<meta name=\"twitter:data2\" content=\"2 minutes\" \/>\n<script type=\"application\/ld+json\" class=\"yoast-schema-graph\">{\"@context\":\"https:\/\/schema.org\",\"@graph\":[{\"@type\":\"Article\",\"@id\":\"https:\/\/odabrano.com\/index.php\/2024\/09\/04\/bora-dordevic-bora-corba-umro-danas-u-ljubljani\/#article\",\"isPartOf\":{\"@id\":\"https:\/\/odabrano.com\/index.php\/2024\/09\/04\/bora-dordevic-bora-corba-umro-danas-u-ljubljani\/\"},\"author\":{\"name\":\"admin\",\"@id\":\"https:\/\/odabrano.com\/#\/schema\/person\/460f2b14657879743f23c4f6a7cd3236\"},\"headline\":\"Bora \u0110or\u0111evi\u0107 &#8211; Bora \u010corba umro danas u Ljubljani\",\"datePublished\":\"2024-09-04T08:07:10+00:00\",\"dateModified\":\"2024-09-04T08:07:11+00:00\",\"mainEntityOfPage\":{\"@id\":\"https:\/\/odabrano.com\/index.php\/2024\/09\/04\/bora-dordevic-bora-corba-umro-danas-u-ljubljani\/\"},\"wordCount\":369,\"publisher\":{\"@id\":\"https:\/\/odabrano.com\/#\/schema\/person\/460f2b14657879743f23c4f6a7cd3236\"},\"keywords\":[\"bora \u010dorba\",\"bora \u0111or\u0111evi\u0107\",\"umro\"],\"articleSection\":[\"Istok\"],\"inLanguage\":\"en-US\"},{\"@type\":\"WebPage\",\"@id\":\"https:\/\/odabrano.com\/index.php\/2024\/09\/04\/bora-dordevic-bora-corba-umro-danas-u-ljubljani\/\",\"url\":\"https:\/\/odabrano.com\/index.php\/2024\/09\/04\/bora-dordevic-bora-corba-umro-danas-u-ljubljani\/\",\"name\":\"Bora \u0110or\u0111evi\u0107 - Bora \u010corba umro danas u Ljubljani - odabrano\",\"isPartOf\":{\"@id\":\"https:\/\/odabrano.com\/#website\"},\"datePublished\":\"2024-09-04T08:07:10+00:00\",\"dateModified\":\"2024-09-04T08:07:11+00:00\",\"breadcrumb\":{\"@id\":\"https:\/\/odabrano.com\/index.php\/2024\/09\/04\/bora-dordevic-bora-corba-umro-danas-u-ljubljani\/#breadcrumb\"},\"inLanguage\":\"en-US\",\"potentialAction\":[{\"@type\":\"ReadAction\",\"target\":[\"https:\/\/odabrano.com\/index.php\/2024\/09\/04\/bora-dordevic-bora-corba-umro-danas-u-ljubljani\/\"]}]},{\"@type\":\"BreadcrumbList\",\"@id\":\"https:\/\/odabrano.com\/index.php\/2024\/09\/04\/bora-dordevic-bora-corba-umro-danas-u-ljubljani\/#breadcrumb\",\"itemListElement\":[{\"@type\":\"ListItem\",\"position\":1,\"name\":\"Home\",\"item\":\"https:\/\/odabrano.com\/\"},{\"@type\":\"ListItem\",\"position\":2,\"name\":\"Bora \u0110or\u0111evi\u0107 &#8211; Bora \u010corba umro danas u Ljubljani\"}]},{\"@type\":\"WebSite\",\"@id\":\"https:\/\/odabrano.com\/#website\",\"url\":\"https:\/\/odabrano.com\/\",\"name\":\"odabrano\",\"description\":\"news portal koji nudi odabrane vijesti i informacije\",\"publisher\":{\"@id\":\"https:\/\/odabrano.com\/#\/schema\/person\/460f2b14657879743f23c4f6a7cd3236\"},\"alternateName\":\"vijesti i informacije iz Hrvatske i svijeta\",\"potentialAction\":[{\"@type\":\"SearchAction\",\"target\":{\"@type\":\"EntryPoint\",\"urlTemplate\":\"https:\/\/odabrano.com\/?s={search_term_string}\"},\"query-input\":\"required name=search_term_string\"}],\"inLanguage\":\"en-US\"},{\"@type\":[\"Person\",\"Organization\"],\"@id\":\"https:\/\/odabrano.com\/#\/schema\/person\/460f2b14657879743f23c4f6a7cd3236\",\"name\":\"admin\",\"image\":{\"@type\":\"ImageObject\",\"inLanguage\":\"en-US\",\"@id\":\"https:\/\/odabrano.com\/#\/schema\/person\/image\/\",\"url\":\"https:\/\/odabrano.com\/wp-content\/uploads\/2024\/04\/dolar.jpg\",\"contentUrl\":\"https:\/\/odabrano.com\/wp-content\/uploads\/2024\/04\/dolar.jpg\",\"width\":1216,\"height\":519,\"caption\":\"admin\"},\"logo\":{\"@id\":\"https:\/\/odabrano.com\/#\/schema\/person\/image\/\"},\"sameAs\":[\"http:\/\/odabrano.com\"],\"url\":\"https:\/\/odabrano.com\/index.php\/author\/sokolneno_u3xb387h\/\"}]}<\/script>\n<!-- \/ Yoast SEO plugin. -->","yoast_head_json":{"title":"Bora \u0110or\u0111evi\u0107 - Bora \u010corba umro danas u Ljubljani - odabrano","robots":{"index":"index","follow":"follow","max-snippet":"max-snippet:-1","max-image-preview":"max-image-preview:large","max-video-preview":"max-video-preview:-1"},"canonical":"https:\/\/odabrano.com\/index.php\/2024\/09\/04\/bora-dordevic-bora-corba-umro-danas-u-ljubljani\/","og_locale":"en_US","og_type":"article","og_title":"Bora \u0110or\u0111evi\u0107 - Bora \u010corba umro danas u Ljubljani - odabrano","og_description":"Bora \u0110or\u0111evi\u0107, poznatiji kao Bora \u010corba, bio je jedan od najprepoznatljivijih i najkontroverznijih rock muzi\u010dara s podru\u010dja biv\u0161e Jugoslavije. Kao frontmen grupe &#8220;Riblja \u010corba&#8221;, osnovane 1978. godine, Bora je stekao slavu zahvaljuju\u0107i provokativnim i dru\u0161tveno anga\u017eiranim tekstovima. Njegova glazba, koja je \u010desto bila kritika politi\u010dkih sistema i dru\u0161tvenih pojava, postala je simbol bunta i slobode &hellip;","og_url":"https:\/\/odabrano.com\/index.php\/2024\/09\/04\/bora-dordevic-bora-corba-umro-danas-u-ljubljani\/","og_site_name":"odabrano","article_published_time":"2024-09-04T08:07:10+00:00","article_modified_time":"2024-09-04T08:07:11+00:00","og_image":[{"width":1280,"height":670,"url":"https:\/\/odabrano.com\/wp-content\/uploads\/2024\/09\/bora.jpg","type":"image\/jpeg"}],"author":"admin","twitter_card":"summary_large_image","twitter_misc":{"Written by":"admin","Est. reading time":"2 minutes"},"schema":{"@context":"https:\/\/schema.org","@graph":[{"@type":"Article","@id":"https:\/\/odabrano.com\/index.php\/2024\/09\/04\/bora-dordevic-bora-corba-umro-danas-u-ljubljani\/#article","isPartOf":{"@id":"https:\/\/odabrano.com\/index.php\/2024\/09\/04\/bora-dordevic-bora-corba-umro-danas-u-ljubljani\/"},"author":{"name":"admin","@id":"https:\/\/odabrano.com\/#\/schema\/person\/460f2b14657879743f23c4f6a7cd3236"},"headline":"Bora \u0110or\u0111evi\u0107 &#8211; Bora \u010corba umro danas u Ljubljani","datePublished":"2024-09-04T08:07:10+00:00","dateModified":"2024-09-04T08:07:11+00:00","mainEntityOfPage":{"@id":"https:\/\/odabrano.com\/index.php\/2024\/09\/04\/bora-dordevic-bora-corba-umro-danas-u-ljubljani\/"},"wordCount":369,"publisher":{"@id":"https:\/\/odabrano.com\/#\/schema\/person\/460f2b14657879743f23c4f6a7cd3236"},"keywords":["bora \u010dorba","bora \u0111or\u0111evi\u0107","umro"],"articleSection":["Istok"],"inLanguage":"en-US"},{"@type":"WebPage","@id":"https:\/\/odabrano.com\/index.php\/2024\/09\/04\/bora-dordevic-bora-corba-umro-danas-u-ljubljani\/","url":"https:\/\/odabrano.com\/index.php\/2024\/09\/04\/bora-dordevic-bora-corba-umro-danas-u-ljubljani\/","name":"Bora \u0110or\u0111evi\u0107 - Bora \u010corba umro danas u Ljubljani - odabrano","isPartOf":{"@id":"https:\/\/odabrano.com\/#website"},"datePublished":"2024-09-04T08:07:10+00:00","dateModified":"2024-09-04T08:07:11+00:00","breadcrumb":{"@id":"https:\/\/odabrano.com\/index.php\/2024\/09\/04\/bora-dordevic-bora-corba-umro-danas-u-ljubljani\/#breadcrumb"},"inLanguage":"en-US","potentialAction":[{"@type":"ReadAction","target":["https:\/\/odabrano.com\/index.php\/2024\/09\/04\/bora-dordevic-bora-corba-umro-danas-u-ljubljani\/"]}]},{"@type":"BreadcrumbList","@id":"https:\/\/odabrano.com\/index.php\/2024\/09\/04\/bora-dordevic-bora-corba-umro-danas-u-ljubljani\/#breadcrumb","itemListElement":[{"@type":"ListItem","position":1,"name":"Home","item":"https:\/\/odabrano.com\/"},{"@type":"ListItem","position":2,"name":"Bora \u0110or\u0111evi\u0107 &#8211; Bora \u010corba umro danas u Ljubljani"}]},{"@type":"WebSite","@id":"https:\/\/odabrano.com\/#website","url":"https:\/\/odabrano.com\/","name":"odabrano","description":"news portal koji nudi odabrane vijesti i informacije","publisher":{"@id":"https:\/\/odabrano.com\/#\/schema\/person\/460f2b14657879743f23c4f6a7cd3236"},"alternateName":"vijesti i informacije iz Hrvatske i svijeta","potentialAction":[{"@type":"SearchAction","target":{"@type":"EntryPoint","urlTemplate":"https:\/\/odabrano.com\/?s={search_term_string}"},"query-input":"required name=search_term_string"}],"inLanguage":"en-US"},{"@type":["Person","Organization"],"@id":"https:\/\/odabrano.com\/#\/schema\/person\/460f2b14657879743f23c4f6a7cd3236","name":"admin","image":{"@type":"ImageObject","inLanguage":"en-US","@id":"https:\/\/odabrano.com\/#\/schema\/person\/image\/","url":"https:\/\/odabrano.com\/wp-content\/uploads\/2024\/04\/dolar.jpg","contentUrl":"https:\/\/odabrano.com\/wp-content\/uploads\/2024\/04\/dolar.jpg","width":1216,"height":519,"caption":"admin"},"logo":{"@id":"https:\/\/odabrano.com\/#\/schema\/person\/image\/"},"sameAs":["http:\/\/odabrano.com"],"url":"https:\/\/odabrano.com\/index.php\/author\/sokolneno_u3xb387h\/"}]}},"_links":{"self":[{"href":"https:\/\/odabrano.com\/index.php\/wp-json\/wp\/v2\/posts\/4286","targetHints":{"allow":["GET"]}}],"collection":[{"href":"https:\/\/odabrano.com\/index.php\/wp-json\/wp\/v2\/posts"}],"about":[{"href":"https:\/\/odabrano.com\/index.php\/wp-json\/wp\/v2\/types\/post"}],"author":[{"embeddable":true,"href":"https:\/\/odabrano.com\/index.php\/wp-json\/wp\/v2\/users\/1"}],"replies":[{"embeddable":true,"href":"https:\/\/odabrano.com\/index.php\/wp-json\/wp\/v2\/comments?post=4286"}],"version-history":[{"count":1,"href":"https:\/\/odabrano.com\/index.php\/wp-json\/wp\/v2\/posts\/4286\/revisions"}],"predecessor-version":[{"id":4288,"href":"https:\/\/odabrano.com\/index.php\/wp-json\/wp\/v2\/posts\/4286\/revisions\/4288"}],"wp:featuredmedia":[{"embeddable":true,"href":"https:\/\/odabrano.com\/index.php\/wp-json\/wp\/v2\/media\/4287"}],"wp:attachment":[{"href":"https:\/\/odabrano.com\/index.php\/wp-json\/wp\/v2\/media?parent=4286"}],"wp:term":[{"taxonomy":"category","embeddable":true,"href":"https:\/\/odabrano.com\/index.php\/wp-json\/wp\/v2\/categories?post=4286"},{"taxonomy":"post_tag","embeddable":true,"href":"https:\/\/odabrano.com\/index.php\/wp-json\/wp\/v2\/tags?post=4286"}],"curies":[{"name":"wp","href":"https:\/\/api.w.org\/{rel}","templated":true}]}}