{"id":4265,"date":"2024-09-02T17:43:50","date_gmt":"2024-09-02T15:43:50","guid":{"rendered":"http:\/\/odabrano.com\/?p=4265"},"modified":"2024-09-02T17:43:51","modified_gmt":"2024-09-02T15:43:51","slug":"jerko-bakotin","status":"publish","type":"post","link":"https:\/\/odabrano.com\/index.php\/2024\/09\/02\/jerko-bakotin\/","title":{"rendered":"Jerko Bakotin"},"content":{"rendered":"\n<p>Jerko Bakotin je poznati hrvatski novinar, autor i istra\u017eiva\u010dki reporter. Ro\u0111en je 1984. godine u Splitu, gdje je zavr\u0161io osnovno i srednjo\u0161kolsko obrazovanje. Studirao je filozofiju i sociologiju na Filozofskom fakultetu Sveu\u010dili\u0161ta u Zagrebu, \u0161to mu je omogu\u0107ilo \u0161ire razumijevanje dru\u0161tvenih i politi\u010dkih fenomena, \u0161to se kasnije odrazilo u njegovom novinarskom radu.<\/p>\n\n\n\n<p>Njegova novinarska karijera zapo\u010dela je 2006. godine u splitskom tjedniku &#8220;Feral Tribune&#8221;, gdje se brzo istaknuo kao autor dubokih i analiti\u010dkih tekstova o razli\u010ditim dru\u0161tvenim i politi\u010dkim temama. Nakon zatvaranja &#8220;Feral Tribunea&#8221;, Bakotin je nastavio svoj rad u novinarstvu, sura\u0111uju\u0107i s nizom doma\u0107ih i inozemnih medija, kao \u0161to su &#8220;Novi list&#8221;, &#8220;Tportal&#8221;, &#8220;H-Alter&#8221;, &#8220;Le Monde Diplomatique&#8221; i &#8220;Der Freitag&#8221;.<\/p>\n\n\n\n<p>Posebno se bavio pitanjima socijalne pravde, ljudskih prava, radni\u010dkih prava i globalizacije, pri \u010demu je \u010desto kriti\u010dki analizirao posljedice neoliberalnih politika u Hrvatskoj i \u0161ire. Njegovi tekstovi odlikuju se visokom razinom istra\u017eiva\u010dke preciznosti, dubinskim uvidom i naglaskom na marginalizirane skupine dru\u0161tva, \u0161to mu je donijelo prepoznatljivost i po\u0161tovanje me\u0111u kolegama i \u010ditateljima.<\/p>\n\n\n\n<p>Bakotin je nekoliko godina radio i kao slobodni novinar u Berlinu, gdje je istra\u017eivao i pisao o njema\u010dkom dru\u0161tvu, politici i kulturi. Tijekom tog perioda, putovao je i na razli\u010dita krizna \u017eari\u0161ta diljem svijeta, uklju\u010duju\u0107i Bliski istok, Ukrajinu i Afriku, \u0161to mu je omogu\u0107ilo dublji uvid u me\u0111unarodne odnose i geopolitiku.<\/p>\n\n\n\n<p>Njegova istra\u017eivanja \u010desto se fokusiraju na probleme siroma\u0161tva, migracija, klimatskih promjena i dru\u0161tvenih nepravdi, a poznat je po svojoj strasti za humanitarnim i socijalnim pitanjima. Aktivno se zala\u017ee za slobodu medija i izra\u017eavanja, \u010desto kritiziraju\u0107i cenzuru i pritiske na novinare.<\/p>\n\n\n\n<p>Kao novinar koji ne bje\u017ei od te\u0161kih i kontroverznih tema, Jerko Bakotin se u hrvatskom medijskom prostoru isti\u010de kao glas savjesti i kriti\u010dki analiti\u010dar dru\u0161tvenih pojava. Njegov rad odlikuje se istra\u017eiva\u010dkim novinarstvom koje \u010desto razotkriva korupciju, nepravde i nejednakosti, zbog \u010dega je stekao reputaciju jednog od vode\u0107ih novinara u regiji.<\/p>\n\n\n\n<p>Osim novinarstva, Bakotin je sudjelovao i u brojnim javnim debatama, radionicama i predavanjima na temu medijskih sloboda, ljudskih prava i dru\u0161tvene odgovornosti. Njegova strast prema dru\u0161tvenoj pravdi, eti\u010dkom novinarstvu i borbi protiv nepravde osigurala mu je zna\u010dajno mjesto na hrvatskoj medijskoj sceni.<br><br><a href=\"https:\/\/portalnovosti.com\/izrael-provodi-genocidne-radnje\"><strong>Portalnovosti.com &#8211; posljednji \u010dlanak Jerka Bakotina o Gazi<\/strong><\/a><\/p>\n","protected":false},"excerpt":{"rendered":"<p>Jerko Bakotin je poznati hrvatski novinar, autor i istra\u017eiva\u010dki reporter. Ro\u0111en je 1984. godine u Splitu, gdje je zavr\u0161io osnovno i srednjo\u0161kolsko obrazovanje. Studirao je filozofiju i sociologiju na Filozofskom fakultetu Sveu\u010dili\u0161ta u Zagrebu, \u0161to mu je omogu\u0107ilo \u0161ire razumijevanje dru\u0161tvenih i politi\u010dkih fenomena, \u0161to se kasnije odrazilo u njegovom novinarskom radu. Njegova novinarska karijera &hellip;<\/p>\n","protected":false},"author":1,"featured_media":4266,"comment_status":"closed","ping_status":"open","sticky":false,"template":"","format":"standard","meta":{"_monsterinsights_skip_tracking":false,"_monsterinsights_sitenote_active":false,"_monsterinsights_sitenote_note":"","_monsterinsights_sitenote_category":0,"footnotes":""},"categories":[25],"tags":[],"class_list":["post-4265","post","type-post","status-publish","format-standard","has-post-thumbnail","","category-hrvatska"],"yoast_head":"<!-- This site is optimized with the Yoast SEO plugin v22.1 - https:\/\/yoast.com\/wordpress\/plugins\/seo\/ -->\n<title>Jerko Bakotin - odabrano<\/title>\n<meta name=\"robots\" content=\"index, follow, max-snippet:-1, max-image-preview:large, max-video-preview:-1\" \/>\n<link rel=\"canonical\" href=\"https:\/\/odabrano.com\/index.php\/2024\/09\/02\/jerko-bakotin\/\" \/>\n<meta property=\"og:locale\" content=\"en_US\" \/>\n<meta property=\"og:type\" content=\"article\" \/>\n<meta property=\"og:title\" content=\"Jerko Bakotin - odabrano\" \/>\n<meta property=\"og:description\" content=\"Jerko Bakotin je poznati hrvatski novinar, autor i istra\u017eiva\u010dki reporter. Ro\u0111en je 1984. godine u Splitu, gdje je zavr\u0161io osnovno i srednjo\u0161kolsko obrazovanje. Studirao je filozofiju i sociologiju na Filozofskom fakultetu Sveu\u010dili\u0161ta u Zagrebu, \u0161to mu je omogu\u0107ilo \u0161ire razumijevanje dru\u0161tvenih i politi\u010dkih fenomena, \u0161to se kasnije odrazilo u njegovom novinarskom radu. Njegova novinarska karijera &hellip;\" \/>\n<meta property=\"og:url\" content=\"https:\/\/odabrano.com\/index.php\/2024\/09\/02\/jerko-bakotin\/\" \/>\n<meta property=\"og:site_name\" content=\"odabrano\" \/>\n<meta property=\"article:published_time\" content=\"2024-09-02T15:43:50+00:00\" \/>\n<meta property=\"article:modified_time\" content=\"2024-09-02T15:43:51+00:00\" \/>\n<meta property=\"og:image\" content=\"https:\/\/odabrano.com\/wp-content\/uploads\/2024\/09\/bakotin.jpg\" \/>\n\t<meta property=\"og:image:width\" content=\"300\" \/>\n\t<meta property=\"og:image:height\" content=\"250\" \/>\n\t<meta property=\"og:image:type\" content=\"image\/jpeg\" \/>\n<meta name=\"author\" content=\"admin\" \/>\n<meta name=\"twitter:card\" content=\"summary_large_image\" \/>\n<meta name=\"twitter:label1\" content=\"Written by\" \/>\n\t<meta name=\"twitter:data1\" content=\"admin\" \/>\n\t<meta name=\"twitter:label2\" content=\"Est. reading time\" \/>\n\t<meta name=\"twitter:data2\" content=\"2 minutes\" \/>\n<script type=\"application\/ld+json\" class=\"yoast-schema-graph\">{\"@context\":\"https:\/\/schema.org\",\"@graph\":[{\"@type\":\"Article\",\"@id\":\"https:\/\/odabrano.com\/index.php\/2024\/09\/02\/jerko-bakotin\/#article\",\"isPartOf\":{\"@id\":\"https:\/\/odabrano.com\/index.php\/2024\/09\/02\/jerko-bakotin\/\"},\"author\":{\"name\":\"admin\",\"@id\":\"https:\/\/odabrano.com\/#\/schema\/person\/460f2b14657879743f23c4f6a7cd3236\"},\"headline\":\"Jerko Bakotin\",\"datePublished\":\"2024-09-02T15:43:50+00:00\",\"dateModified\":\"2024-09-02T15:43:51+00:00\",\"mainEntityOfPage\":{\"@id\":\"https:\/\/odabrano.com\/index.php\/2024\/09\/02\/jerko-bakotin\/\"},\"wordCount\":408,\"publisher\":{\"@id\":\"https:\/\/odabrano.com\/#\/schema\/person\/460f2b14657879743f23c4f6a7cd3236\"},\"articleSection\":[\"Hrvatska\"],\"inLanguage\":\"en-US\"},{\"@type\":\"WebPage\",\"@id\":\"https:\/\/odabrano.com\/index.php\/2024\/09\/02\/jerko-bakotin\/\",\"url\":\"https:\/\/odabrano.com\/index.php\/2024\/09\/02\/jerko-bakotin\/\",\"name\":\"Jerko Bakotin - odabrano\",\"isPartOf\":{\"@id\":\"https:\/\/odabrano.com\/#website\"},\"datePublished\":\"2024-09-02T15:43:50+00:00\",\"dateModified\":\"2024-09-02T15:43:51+00:00\",\"breadcrumb\":{\"@id\":\"https:\/\/odabrano.com\/index.php\/2024\/09\/02\/jerko-bakotin\/#breadcrumb\"},\"inLanguage\":\"en-US\",\"potentialAction\":[{\"@type\":\"ReadAction\",\"target\":[\"https:\/\/odabrano.com\/index.php\/2024\/09\/02\/jerko-bakotin\/\"]}]},{\"@type\":\"BreadcrumbList\",\"@id\":\"https:\/\/odabrano.com\/index.php\/2024\/09\/02\/jerko-bakotin\/#breadcrumb\",\"itemListElement\":[{\"@type\":\"ListItem\",\"position\":1,\"name\":\"Home\",\"item\":\"https:\/\/odabrano.com\/\"},{\"@type\":\"ListItem\",\"position\":2,\"name\":\"Jerko Bakotin\"}]},{\"@type\":\"WebSite\",\"@id\":\"https:\/\/odabrano.com\/#website\",\"url\":\"https:\/\/odabrano.com\/\",\"name\":\"odabrano\",\"description\":\"news portal koji nudi odabrane vijesti i informacije\",\"publisher\":{\"@id\":\"https:\/\/odabrano.com\/#\/schema\/person\/460f2b14657879743f23c4f6a7cd3236\"},\"alternateName\":\"vijesti i informacije iz Hrvatske i svijeta\",\"potentialAction\":[{\"@type\":\"SearchAction\",\"target\":{\"@type\":\"EntryPoint\",\"urlTemplate\":\"https:\/\/odabrano.com\/?s={search_term_string}\"},\"query-input\":\"required name=search_term_string\"}],\"inLanguage\":\"en-US\"},{\"@type\":[\"Person\",\"Organization\"],\"@id\":\"https:\/\/odabrano.com\/#\/schema\/person\/460f2b14657879743f23c4f6a7cd3236\",\"name\":\"admin\",\"image\":{\"@type\":\"ImageObject\",\"inLanguage\":\"en-US\",\"@id\":\"https:\/\/odabrano.com\/#\/schema\/person\/image\/\",\"url\":\"https:\/\/odabrano.com\/wp-content\/uploads\/2024\/04\/dolar.jpg\",\"contentUrl\":\"https:\/\/odabrano.com\/wp-content\/uploads\/2024\/04\/dolar.jpg\",\"width\":1216,\"height\":519,\"caption\":\"admin\"},\"logo\":{\"@id\":\"https:\/\/odabrano.com\/#\/schema\/person\/image\/\"},\"sameAs\":[\"http:\/\/odabrano.com\"],\"url\":\"https:\/\/odabrano.com\/index.php\/author\/sokolneno_u3xb387h\/\"}]}<\/script>\n<!-- \/ Yoast SEO plugin. -->","yoast_head_json":{"title":"Jerko Bakotin - odabrano","robots":{"index":"index","follow":"follow","max-snippet":"max-snippet:-1","max-image-preview":"max-image-preview:large","max-video-preview":"max-video-preview:-1"},"canonical":"https:\/\/odabrano.com\/index.php\/2024\/09\/02\/jerko-bakotin\/","og_locale":"en_US","og_type":"article","og_title":"Jerko Bakotin - odabrano","og_description":"Jerko Bakotin je poznati hrvatski novinar, autor i istra\u017eiva\u010dki reporter. Ro\u0111en je 1984. godine u Splitu, gdje je zavr\u0161io osnovno i srednjo\u0161kolsko obrazovanje. Studirao je filozofiju i sociologiju na Filozofskom fakultetu Sveu\u010dili\u0161ta u Zagrebu, \u0161to mu je omogu\u0107ilo \u0161ire razumijevanje dru\u0161tvenih i politi\u010dkih fenomena, \u0161to se kasnije odrazilo u njegovom novinarskom radu. Njegova novinarska karijera &hellip;","og_url":"https:\/\/odabrano.com\/index.php\/2024\/09\/02\/jerko-bakotin\/","og_site_name":"odabrano","article_published_time":"2024-09-02T15:43:50+00:00","article_modified_time":"2024-09-02T15:43:51+00:00","og_image":[{"width":300,"height":250,"url":"https:\/\/odabrano.com\/wp-content\/uploads\/2024\/09\/bakotin.jpg","type":"image\/jpeg"}],"author":"admin","twitter_card":"summary_large_image","twitter_misc":{"Written by":"admin","Est. reading time":"2 minutes"},"schema":{"@context":"https:\/\/schema.org","@graph":[{"@type":"Article","@id":"https:\/\/odabrano.com\/index.php\/2024\/09\/02\/jerko-bakotin\/#article","isPartOf":{"@id":"https:\/\/odabrano.com\/index.php\/2024\/09\/02\/jerko-bakotin\/"},"author":{"name":"admin","@id":"https:\/\/odabrano.com\/#\/schema\/person\/460f2b14657879743f23c4f6a7cd3236"},"headline":"Jerko Bakotin","datePublished":"2024-09-02T15:43:50+00:00","dateModified":"2024-09-02T15:43:51+00:00","mainEntityOfPage":{"@id":"https:\/\/odabrano.com\/index.php\/2024\/09\/02\/jerko-bakotin\/"},"wordCount":408,"publisher":{"@id":"https:\/\/odabrano.com\/#\/schema\/person\/460f2b14657879743f23c4f6a7cd3236"},"articleSection":["Hrvatska"],"inLanguage":"en-US"},{"@type":"WebPage","@id":"https:\/\/odabrano.com\/index.php\/2024\/09\/02\/jerko-bakotin\/","url":"https:\/\/odabrano.com\/index.php\/2024\/09\/02\/jerko-bakotin\/","name":"Jerko Bakotin - odabrano","isPartOf":{"@id":"https:\/\/odabrano.com\/#website"},"datePublished":"2024-09-02T15:43:50+00:00","dateModified":"2024-09-02T15:43:51+00:00","breadcrumb":{"@id":"https:\/\/odabrano.com\/index.php\/2024\/09\/02\/jerko-bakotin\/#breadcrumb"},"inLanguage":"en-US","potentialAction":[{"@type":"ReadAction","target":["https:\/\/odabrano.com\/index.php\/2024\/09\/02\/jerko-bakotin\/"]}]},{"@type":"BreadcrumbList","@id":"https:\/\/odabrano.com\/index.php\/2024\/09\/02\/jerko-bakotin\/#breadcrumb","itemListElement":[{"@type":"ListItem","position":1,"name":"Home","item":"https:\/\/odabrano.com\/"},{"@type":"ListItem","position":2,"name":"Jerko Bakotin"}]},{"@type":"WebSite","@id":"https:\/\/odabrano.com\/#website","url":"https:\/\/odabrano.com\/","name":"odabrano","description":"news portal koji nudi odabrane vijesti i informacije","publisher":{"@id":"https:\/\/odabrano.com\/#\/schema\/person\/460f2b14657879743f23c4f6a7cd3236"},"alternateName":"vijesti i informacije iz Hrvatske i svijeta","potentialAction":[{"@type":"SearchAction","target":{"@type":"EntryPoint","urlTemplate":"https:\/\/odabrano.com\/?s={search_term_string}"},"query-input":"required name=search_term_string"}],"inLanguage":"en-US"},{"@type":["Person","Organization"],"@id":"https:\/\/odabrano.com\/#\/schema\/person\/460f2b14657879743f23c4f6a7cd3236","name":"admin","image":{"@type":"ImageObject","inLanguage":"en-US","@id":"https:\/\/odabrano.com\/#\/schema\/person\/image\/","url":"https:\/\/odabrano.com\/wp-content\/uploads\/2024\/04\/dolar.jpg","contentUrl":"https:\/\/odabrano.com\/wp-content\/uploads\/2024\/04\/dolar.jpg","width":1216,"height":519,"caption":"admin"},"logo":{"@id":"https:\/\/odabrano.com\/#\/schema\/person\/image\/"},"sameAs":["http:\/\/odabrano.com"],"url":"https:\/\/odabrano.com\/index.php\/author\/sokolneno_u3xb387h\/"}]}},"_links":{"self":[{"href":"https:\/\/odabrano.com\/index.php\/wp-json\/wp\/v2\/posts\/4265","targetHints":{"allow":["GET"]}}],"collection":[{"href":"https:\/\/odabrano.com\/index.php\/wp-json\/wp\/v2\/posts"}],"about":[{"href":"https:\/\/odabrano.com\/index.php\/wp-json\/wp\/v2\/types\/post"}],"author":[{"embeddable":true,"href":"https:\/\/odabrano.com\/index.php\/wp-json\/wp\/v2\/users\/1"}],"replies":[{"embeddable":true,"href":"https:\/\/odabrano.com\/index.php\/wp-json\/wp\/v2\/comments?post=4265"}],"version-history":[{"count":1,"href":"https:\/\/odabrano.com\/index.php\/wp-json\/wp\/v2\/posts\/4265\/revisions"}],"predecessor-version":[{"id":4267,"href":"https:\/\/odabrano.com\/index.php\/wp-json\/wp\/v2\/posts\/4265\/revisions\/4267"}],"wp:featuredmedia":[{"embeddable":true,"href":"https:\/\/odabrano.com\/index.php\/wp-json\/wp\/v2\/media\/4266"}],"wp:attachment":[{"href":"https:\/\/odabrano.com\/index.php\/wp-json\/wp\/v2\/media?parent=4265"}],"wp:term":[{"taxonomy":"category","embeddable":true,"href":"https:\/\/odabrano.com\/index.php\/wp-json\/wp\/v2\/categories?post=4265"},{"taxonomy":"post_tag","embeddable":true,"href":"https:\/\/odabrano.com\/index.php\/wp-json\/wp\/v2\/tags?post=4265"}],"curies":[{"name":"wp","href":"https:\/\/api.w.org\/{rel}","templated":true}]}}