{"id":4226,"date":"2024-08-31T13:11:11","date_gmt":"2024-08-31T11:11:11","guid":{"rendered":"http:\/\/odabrano.com\/?p=4226"},"modified":"2024-08-31T13:11:11","modified_gmt":"2024-08-31T11:11:11","slug":"velika-eksplozija-u-adenu-u-jemenu","status":"publish","type":"post","link":"https:\/\/odabrano.com\/index.php\/2024\/08\/31\/velika-eksplozija-u-adenu-u-jemenu\/","title":{"rendered":"Velika eksplozija u Adenu u Jemenu"},"content":{"rendered":"\n<p><a href=\"https:\/\/en-webangah-ir.translate.goog\/news-en\/?_x_tr_sl=en&amp;_x_tr_tl=hr&amp;_x_tr_hl=en&amp;_x_tr_pto=wapp\">Novinska<\/a> agencija Mehr izvjestila je kako su grad Aden potresle dvije uzastopne sna\u017ene eksplozije plinskih spremnika.<\/p>\n\n\n\n<p>Kairska novinska baza Al-Akhbariyeh od zvuka dviju uzastopnih eksplozija u podru\u010dju koje je Al-Mansurah objavila na sjeveru grada Adena.<\/p>\n\n\n\n<p>Prema ovom izvje\u0161\u0107u, dvije velike eksplozije dogodile su se pribli\u017eno u isto vrijeme u petak nave\u010der u podru\u010dju Al Mansoura u gradu Adenu, prva eksplozija se dogodila nakon \u0161to se plin talo\u017eio u spremniku plina, a nakon toga, jo\u0161 jedna eksplozija s vi\u0161e Eksplozivna snaga dogodila se u blizini prvog incidenta, nakon eksplozije cisterne s plinom.<\/p>\n\n\n\n<p>S tim u vezi, medicinski izvori u Adenu izvijestili su da je nakon dvije uzastopne eksplozije 5 dr\u017eavljana Jemena poginulo, a 13 ih je ozlije\u0111eno.<\/p>\n\n\n\n<p>O\u010devici su izvijestili da je intenzitet eksplozija bio zastra\u0161uju\u0107i; Tako da se nekoliko automobila u blizini eksplozije zapalilo i poremetilo aktivnosti spasila\u010dkih ekipa.<\/p>\n\n\n<blockquote class=\"twitter-tweet\" data-media-max-width=\"560\"><p lang=\"en\" dir=\"ltr\">At least 18 killed after a large explosion in Aden, Yemen <a href=\"https:\/\/t.co\/SAfOnn6orO\">pic.twitter.com\/SAfOnn6orO<\/a><\/p>&mdash; Visegr\u00e1d 24 (@visegrad24) <a href=\"https:\/\/twitter.com\/visegrad24\/status\/1829669251525054644?ref_src=twsrc%5Etfw\">August 30, 2024<\/a><\/blockquote> <script async src=\"https:\/\/platform.twitter.com\/widgets.js\" charset=\"utf-8\"><\/script> ","protected":false},"excerpt":{"rendered":"<p>Novinska agencija Mehr izvjestila je kako su grad Aden potresle dvije uzastopne sna\u017ene eksplozije plinskih spremnika. Kairska novinska baza Al-Akhbariyeh od zvuka dviju uzastopnih eksplozija u podru\u010dju koje je Al-Mansurah objavila na sjeveru grada Adena. Prema ovom izvje\u0161\u0107u, dvije velike eksplozije dogodile su se pribli\u017eno u isto vrijeme u petak nave\u010der u podru\u010dju Al Mansoura &hellip;<\/p>\n","protected":false},"author":1,"featured_media":4227,"comment_status":"closed","ping_status":"open","sticky":false,"template":"","format":"standard","meta":{"_monsterinsights_skip_tracking":false,"_monsterinsights_sitenote_active":false,"_monsterinsights_sitenote_note":"","_monsterinsights_sitenote_category":0,"footnotes":""},"categories":[9],"tags":[914,90],"class_list":["post-4226","post","type-post","status-publish","format-standard","has-post-thumbnail","","category-svijet","tag-eksplozije","tag-jemen"],"yoast_head":"<!-- This site is optimized with the Yoast SEO plugin v22.1 - https:\/\/yoast.com\/wordpress\/plugins\/seo\/ -->\n<title>Velika eksplozija u Adenu u Jemenu - odabrano<\/title>\n<meta name=\"robots\" content=\"index, follow, max-snippet:-1, max-image-preview:large, max-video-preview:-1\" \/>\n<link rel=\"canonical\" href=\"https:\/\/odabrano.com\/index.php\/2024\/08\/31\/velika-eksplozija-u-adenu-u-jemenu\/\" \/>\n<meta property=\"og:locale\" content=\"en_US\" \/>\n<meta property=\"og:type\" content=\"article\" \/>\n<meta property=\"og:title\" content=\"Velika eksplozija u Adenu u Jemenu - odabrano\" \/>\n<meta property=\"og:description\" content=\"Novinska agencija Mehr izvjestila je kako su grad Aden potresle dvije uzastopne sna\u017ene eksplozije plinskih spremnika. Kairska novinska baza Al-Akhbariyeh od zvuka dviju uzastopnih eksplozija u podru\u010dju koje je Al-Mansurah objavila na sjeveru grada Adena. Prema ovom izvje\u0161\u0107u, dvije velike eksplozije dogodile su se pribli\u017eno u isto vrijeme u petak nave\u010der u podru\u010dju Al Mansoura &hellip;\" \/>\n<meta property=\"og:url\" content=\"https:\/\/odabrano.com\/index.php\/2024\/08\/31\/velika-eksplozija-u-adenu-u-jemenu\/\" \/>\n<meta property=\"og:site_name\" content=\"odabrano\" \/>\n<meta property=\"article:published_time\" content=\"2024-08-31T11:11:11+00:00\" \/>\n<meta property=\"og:image\" content=\"https:\/\/odabrano.com\/wp-content\/uploads\/2024\/08\/jemen22.jpeg\" \/>\n\t<meta property=\"og:image:width\" content=\"600\" \/>\n\t<meta property=\"og:image:height\" content=\"400\" \/>\n\t<meta property=\"og:image:type\" content=\"image\/jpeg\" \/>\n<meta name=\"author\" content=\"admin\" \/>\n<meta name=\"twitter:card\" content=\"summary_large_image\" \/>\n<meta name=\"twitter:label1\" content=\"Written by\" \/>\n\t<meta name=\"twitter:data1\" content=\"admin\" \/>\n\t<meta name=\"twitter:label2\" content=\"Est. reading time\" \/>\n\t<meta name=\"twitter:data2\" content=\"1 minute\" \/>\n<script type=\"application\/ld+json\" class=\"yoast-schema-graph\">{\"@context\":\"https:\/\/schema.org\",\"@graph\":[{\"@type\":\"Article\",\"@id\":\"https:\/\/odabrano.com\/index.php\/2024\/08\/31\/velika-eksplozija-u-adenu-u-jemenu\/#article\",\"isPartOf\":{\"@id\":\"https:\/\/odabrano.com\/index.php\/2024\/08\/31\/velika-eksplozija-u-adenu-u-jemenu\/\"},\"author\":{\"name\":\"admin\",\"@id\":\"https:\/\/odabrano.com\/#\/schema\/person\/460f2b14657879743f23c4f6a7cd3236\"},\"headline\":\"Velika eksplozija u Adenu u Jemenu\",\"datePublished\":\"2024-08-31T11:11:11+00:00\",\"dateModified\":\"2024-08-31T11:11:11+00:00\",\"mainEntityOfPage\":{\"@id\":\"https:\/\/odabrano.com\/index.php\/2024\/08\/31\/velika-eksplozija-u-adenu-u-jemenu\/\"},\"wordCount\":177,\"publisher\":{\"@id\":\"https:\/\/odabrano.com\/#\/schema\/person\/460f2b14657879743f23c4f6a7cd3236\"},\"keywords\":[\"eksplozije\",\"jemen\"],\"articleSection\":[\"Svijet\"],\"inLanguage\":\"en-US\"},{\"@type\":\"WebPage\",\"@id\":\"https:\/\/odabrano.com\/index.php\/2024\/08\/31\/velika-eksplozija-u-adenu-u-jemenu\/\",\"url\":\"https:\/\/odabrano.com\/index.php\/2024\/08\/31\/velika-eksplozija-u-adenu-u-jemenu\/\",\"name\":\"Velika eksplozija u Adenu u Jemenu - odabrano\",\"isPartOf\":{\"@id\":\"https:\/\/odabrano.com\/#website\"},\"datePublished\":\"2024-08-31T11:11:11+00:00\",\"dateModified\":\"2024-08-31T11:11:11+00:00\",\"breadcrumb\":{\"@id\":\"https:\/\/odabrano.com\/index.php\/2024\/08\/31\/velika-eksplozija-u-adenu-u-jemenu\/#breadcrumb\"},\"inLanguage\":\"en-US\",\"potentialAction\":[{\"@type\":\"ReadAction\",\"target\":[\"https:\/\/odabrano.com\/index.php\/2024\/08\/31\/velika-eksplozija-u-adenu-u-jemenu\/\"]}]},{\"@type\":\"BreadcrumbList\",\"@id\":\"https:\/\/odabrano.com\/index.php\/2024\/08\/31\/velika-eksplozija-u-adenu-u-jemenu\/#breadcrumb\",\"itemListElement\":[{\"@type\":\"ListItem\",\"position\":1,\"name\":\"Home\",\"item\":\"https:\/\/odabrano.com\/\"},{\"@type\":\"ListItem\",\"position\":2,\"name\":\"Velika eksplozija u Adenu u Jemenu\"}]},{\"@type\":\"WebSite\",\"@id\":\"https:\/\/odabrano.com\/#website\",\"url\":\"https:\/\/odabrano.com\/\",\"name\":\"odabrano\",\"description\":\"news portal koji nudi odabrane vijesti i informacije\",\"publisher\":{\"@id\":\"https:\/\/odabrano.com\/#\/schema\/person\/460f2b14657879743f23c4f6a7cd3236\"},\"alternateName\":\"vijesti i informacije iz Hrvatske i svijeta\",\"potentialAction\":[{\"@type\":\"SearchAction\",\"target\":{\"@type\":\"EntryPoint\",\"urlTemplate\":\"https:\/\/odabrano.com\/?s={search_term_string}\"},\"query-input\":\"required name=search_term_string\"}],\"inLanguage\":\"en-US\"},{\"@type\":[\"Person\",\"Organization\"],\"@id\":\"https:\/\/odabrano.com\/#\/schema\/person\/460f2b14657879743f23c4f6a7cd3236\",\"name\":\"admin\",\"image\":{\"@type\":\"ImageObject\",\"inLanguage\":\"en-US\",\"@id\":\"https:\/\/odabrano.com\/#\/schema\/person\/image\/\",\"url\":\"https:\/\/odabrano.com\/wp-content\/uploads\/2024\/04\/dolar.jpg\",\"contentUrl\":\"https:\/\/odabrano.com\/wp-content\/uploads\/2024\/04\/dolar.jpg\",\"width\":1216,\"height\":519,\"caption\":\"admin\"},\"logo\":{\"@id\":\"https:\/\/odabrano.com\/#\/schema\/person\/image\/\"},\"sameAs\":[\"http:\/\/odabrano.com\"],\"url\":\"https:\/\/odabrano.com\/index.php\/author\/sokolneno_u3xb387h\/\"}]}<\/script>\n<!-- \/ Yoast SEO plugin. -->","yoast_head_json":{"title":"Velika eksplozija u Adenu u Jemenu - odabrano","robots":{"index":"index","follow":"follow","max-snippet":"max-snippet:-1","max-image-preview":"max-image-preview:large","max-video-preview":"max-video-preview:-1"},"canonical":"https:\/\/odabrano.com\/index.php\/2024\/08\/31\/velika-eksplozija-u-adenu-u-jemenu\/","og_locale":"en_US","og_type":"article","og_title":"Velika eksplozija u Adenu u Jemenu - odabrano","og_description":"Novinska agencija Mehr izvjestila je kako su grad Aden potresle dvije uzastopne sna\u017ene eksplozije plinskih spremnika. Kairska novinska baza Al-Akhbariyeh od zvuka dviju uzastopnih eksplozija u podru\u010dju koje je Al-Mansurah objavila na sjeveru grada Adena. Prema ovom izvje\u0161\u0107u, dvije velike eksplozije dogodile su se pribli\u017eno u isto vrijeme u petak nave\u010der u podru\u010dju Al Mansoura &hellip;","og_url":"https:\/\/odabrano.com\/index.php\/2024\/08\/31\/velika-eksplozija-u-adenu-u-jemenu\/","og_site_name":"odabrano","article_published_time":"2024-08-31T11:11:11+00:00","og_image":[{"width":600,"height":400,"url":"https:\/\/odabrano.com\/wp-content\/uploads\/2024\/08\/jemen22.jpeg","type":"image\/jpeg"}],"author":"admin","twitter_card":"summary_large_image","twitter_misc":{"Written by":"admin","Est. reading time":"1 minute"},"schema":{"@context":"https:\/\/schema.org","@graph":[{"@type":"Article","@id":"https:\/\/odabrano.com\/index.php\/2024\/08\/31\/velika-eksplozija-u-adenu-u-jemenu\/#article","isPartOf":{"@id":"https:\/\/odabrano.com\/index.php\/2024\/08\/31\/velika-eksplozija-u-adenu-u-jemenu\/"},"author":{"name":"admin","@id":"https:\/\/odabrano.com\/#\/schema\/person\/460f2b14657879743f23c4f6a7cd3236"},"headline":"Velika eksplozija u Adenu u Jemenu","datePublished":"2024-08-31T11:11:11+00:00","dateModified":"2024-08-31T11:11:11+00:00","mainEntityOfPage":{"@id":"https:\/\/odabrano.com\/index.php\/2024\/08\/31\/velika-eksplozija-u-adenu-u-jemenu\/"},"wordCount":177,"publisher":{"@id":"https:\/\/odabrano.com\/#\/schema\/person\/460f2b14657879743f23c4f6a7cd3236"},"keywords":["eksplozije","jemen"],"articleSection":["Svijet"],"inLanguage":"en-US"},{"@type":"WebPage","@id":"https:\/\/odabrano.com\/index.php\/2024\/08\/31\/velika-eksplozija-u-adenu-u-jemenu\/","url":"https:\/\/odabrano.com\/index.php\/2024\/08\/31\/velika-eksplozija-u-adenu-u-jemenu\/","name":"Velika eksplozija u Adenu u Jemenu - odabrano","isPartOf":{"@id":"https:\/\/odabrano.com\/#website"},"datePublished":"2024-08-31T11:11:11+00:00","dateModified":"2024-08-31T11:11:11+00:00","breadcrumb":{"@id":"https:\/\/odabrano.com\/index.php\/2024\/08\/31\/velika-eksplozija-u-adenu-u-jemenu\/#breadcrumb"},"inLanguage":"en-US","potentialAction":[{"@type":"ReadAction","target":["https:\/\/odabrano.com\/index.php\/2024\/08\/31\/velika-eksplozija-u-adenu-u-jemenu\/"]}]},{"@type":"BreadcrumbList","@id":"https:\/\/odabrano.com\/index.php\/2024\/08\/31\/velika-eksplozija-u-adenu-u-jemenu\/#breadcrumb","itemListElement":[{"@type":"ListItem","position":1,"name":"Home","item":"https:\/\/odabrano.com\/"},{"@type":"ListItem","position":2,"name":"Velika eksplozija u Adenu u Jemenu"}]},{"@type":"WebSite","@id":"https:\/\/odabrano.com\/#website","url":"https:\/\/odabrano.com\/","name":"odabrano","description":"news portal koji nudi odabrane vijesti i informacije","publisher":{"@id":"https:\/\/odabrano.com\/#\/schema\/person\/460f2b14657879743f23c4f6a7cd3236"},"alternateName":"vijesti i informacije iz Hrvatske i svijeta","potentialAction":[{"@type":"SearchAction","target":{"@type":"EntryPoint","urlTemplate":"https:\/\/odabrano.com\/?s={search_term_string}"},"query-input":"required name=search_term_string"}],"inLanguage":"en-US"},{"@type":["Person","Organization"],"@id":"https:\/\/odabrano.com\/#\/schema\/person\/460f2b14657879743f23c4f6a7cd3236","name":"admin","image":{"@type":"ImageObject","inLanguage":"en-US","@id":"https:\/\/odabrano.com\/#\/schema\/person\/image\/","url":"https:\/\/odabrano.com\/wp-content\/uploads\/2024\/04\/dolar.jpg","contentUrl":"https:\/\/odabrano.com\/wp-content\/uploads\/2024\/04\/dolar.jpg","width":1216,"height":519,"caption":"admin"},"logo":{"@id":"https:\/\/odabrano.com\/#\/schema\/person\/image\/"},"sameAs":["http:\/\/odabrano.com"],"url":"https:\/\/odabrano.com\/index.php\/author\/sokolneno_u3xb387h\/"}]}},"_links":{"self":[{"href":"https:\/\/odabrano.com\/index.php\/wp-json\/wp\/v2\/posts\/4226","targetHints":{"allow":["GET"]}}],"collection":[{"href":"https:\/\/odabrano.com\/index.php\/wp-json\/wp\/v2\/posts"}],"about":[{"href":"https:\/\/odabrano.com\/index.php\/wp-json\/wp\/v2\/types\/post"}],"author":[{"embeddable":true,"href":"https:\/\/odabrano.com\/index.php\/wp-json\/wp\/v2\/users\/1"}],"replies":[{"embeddable":true,"href":"https:\/\/odabrano.com\/index.php\/wp-json\/wp\/v2\/comments?post=4226"}],"version-history":[{"count":1,"href":"https:\/\/odabrano.com\/index.php\/wp-json\/wp\/v2\/posts\/4226\/revisions"}],"predecessor-version":[{"id":4228,"href":"https:\/\/odabrano.com\/index.php\/wp-json\/wp\/v2\/posts\/4226\/revisions\/4228"}],"wp:featuredmedia":[{"embeddable":true,"href":"https:\/\/odabrano.com\/index.php\/wp-json\/wp\/v2\/media\/4227"}],"wp:attachment":[{"href":"https:\/\/odabrano.com\/index.php\/wp-json\/wp\/v2\/media?parent=4226"}],"wp:term":[{"taxonomy":"category","embeddable":true,"href":"https:\/\/odabrano.com\/index.php\/wp-json\/wp\/v2\/categories?post=4226"},{"taxonomy":"post_tag","embeddable":true,"href":"https:\/\/odabrano.com\/index.php\/wp-json\/wp\/v2\/tags?post=4226"}],"curies":[{"name":"wp","href":"https:\/\/api.w.org\/{rel}","templated":true}]}}