{"id":4223,"date":"2024-08-31T10:46:28","date_gmt":"2024-08-31T08:46:28","guid":{"rendered":"http:\/\/odabrano.com\/?p=4223"},"modified":"2024-08-31T10:46:29","modified_gmt":"2024-08-31T08:46:29","slug":"zena-u-njemackoj-u-autobusu-izbola-sestero-ljudi","status":"publish","type":"post","link":"https:\/\/odabrano.com\/index.php\/2024\/08\/31\/zena-u-njemackoj-u-autobusu-izbola-sestero-ljudi\/","title":{"rendered":"\u017dena u Njema\u010dkoj u autobusu izbola \u0161estero ljudi"},"content":{"rendered":"\n<p>U Siegen-Eiserfeldu 32-godi\u0161nja Njemica napala je u petak nave\u010der no\u017eem \u0161est osoba u autobusu. Tri osobe su zadobile po \u017eivot opasne ozljede, jedna je te\u0161ko ozlije\u0111ena, a dvije lak\u0161e, javlja WDR.<\/p>\n\n\n\n<h3 class=\"wp-block-heading\">Nije terorizam<\/h3>\n\n\n\n<p>Autobus je bio na putu prema gradskom festivalu u Siegenu. Policija je uhitila napada\u010dicu. Istra\u017eitelji trenutno ne vjeruju da se radi o teroristi\u010dkom \u010dinu. &#8220;Trenutno ne postoji daljnja opasnost&#8221;, priop\u0107ila je policija.<\/p>\n\n\n\n<p>Kako je priop\u0107ila policija,&nbsp;osumnji\u010dena je oko 19:40 napala no\u017eem \u0161est osoba u dobi od 16 do 30 godina. Troje je i dalje u \u017eivotnoj opasnosti, dok su tri preostale ozlije\u0111ene osobe nakon obrade napustile bolnicu.&nbsp;Prema policiji i dr\u017eavnom odvjetni\u0161tvu, sve ozlije\u0111ene osobe su iz okruga Siegen-Wittgenstein.<\/p>\n\n\n\n<p>Autobus je trebao prevesti putnike do gradskog festivala. U autobusu je bilo najmanje jo\u0161 40 drugih osoba.<\/p>\n\n\n\n<h3 class=\"wp-block-heading\">Napada\u010dica je njema\u010dka dr\u017eavljanka<\/h3>\n\n\n\n<p>Nekoliko putnika alarmiralo je policiju, nakon \u010dega su policajci uhitili osumnji\u010denicu, njema\u010dku dr\u017eavljanku. 32-godi\u0161njakinja je ve\u0107 poznata policiji. Prema informacijama agencije dpa, postoje naznake o psihi\u010dkoj bolesti \u017eene.<\/p>\n\n\n\n<p>Policija iz Dortmunda preuzela je istragu i vodi akciju. Pozivaju gra\u0111ane da ne \u0161ire la\u017ene vijesti na dru\u0161tvenim mre\u017eama ili drugim kanalima te da napad ne dovode u vezu s teroristi\u010dkim napadom. Prema izjavama dr\u017eavnog odvjetni\u0161tva i policije, &#8220;nema naznaka o politi\u010dkom ili vjerskom motivu&#8221;.<\/p>\n\n\n\n<p>Glasnogovornik prijevozni\u010dke tvrtke Westfalen-S\u00fcd rekao je novinama da je voza\u010d autobusa brzo reagirao, odmah zaustavio autobus nakon \u0161to je zapo\u010deo incident u vozilu i otvorio sva vrata. To je omogu\u0107ilo putnicima brzi bijeg iz autobusa i mo\u017eda sprije\u010dilo jo\u0161 gore posljedice. Prema izvje\u0161taju novina, u autobusu su se nalazila i djeca i mladi.<\/p>\n\n\n\n<p>Nakon napada no\u017eem u Solingenu prije tjedan dana, u kojem je islamist ubio tri osobe i te\u0161ko ozlijedio osam, na gradskom festivalu u Siegenu primjenjuje se poja\u010dan sigurnosni koncept, a festival \u0107e se nastaviti.&nbsp;<\/p>\n","protected":false},"excerpt":{"rendered":"<p>U Siegen-Eiserfeldu 32-godi\u0161nja Njemica napala je u petak nave\u010der no\u017eem \u0161est osoba u autobusu. Tri osobe su zadobile po \u017eivot opasne ozljede, jedna je te\u0161ko ozlije\u0111ena, a dvije lak\u0161e, javlja WDR. Nije terorizam Autobus je bio na putu prema gradskom festivalu u Siegenu. Policija je uhitila napada\u010dicu. Istra\u017eitelji trenutno ne vjeruju da se radi o &hellip;<\/p>\n","protected":false},"author":1,"featured_media":4224,"comment_status":"closed","ping_status":"open","sticky":false,"template":"","format":"standard","meta":{"_monsterinsights_skip_tracking":false,"_monsterinsights_sitenote_active":false,"_monsterinsights_sitenote_note":"","_monsterinsights_sitenote_category":0,"footnotes":""},"categories":[9],"tags":[912,705,244,913,911],"class_list":["post-4223","post","type-post","status-publish","format-standard","has-post-thumbnail","","category-svijet","tag-autobus","tag-napad-nozem","tag-njemacka","tag-siegen","tag-zena"],"yoast_head":"<!-- This site is optimized with the Yoast SEO plugin v22.1 - https:\/\/yoast.com\/wordpress\/plugins\/seo\/ -->\n<title>\u017dena u Njema\u010dkoj u autobusu izbola \u0161estero ljudi - odabrano<\/title>\n<meta name=\"robots\" content=\"index, follow, max-snippet:-1, max-image-preview:large, max-video-preview:-1\" \/>\n<link rel=\"canonical\" href=\"https:\/\/odabrano.com\/index.php\/2024\/08\/31\/zena-u-njemackoj-u-autobusu-izbola-sestero-ljudi\/\" \/>\n<meta property=\"og:locale\" content=\"en_US\" \/>\n<meta property=\"og:type\" content=\"article\" \/>\n<meta property=\"og:title\" content=\"\u017dena u Njema\u010dkoj u autobusu izbola \u0161estero ljudi - odabrano\" \/>\n<meta property=\"og:description\" content=\"U Siegen-Eiserfeldu 32-godi\u0161nja Njemica napala je u petak nave\u010der no\u017eem \u0161est osoba u autobusu. Tri osobe su zadobile po \u017eivot opasne ozljede, jedna je te\u0161ko ozlije\u0111ena, a dvije lak\u0161e, javlja WDR. Nije terorizam Autobus je bio na putu prema gradskom festivalu u Siegenu. Policija je uhitila napada\u010dicu. Istra\u017eitelji trenutno ne vjeruju da se radi o &hellip;\" \/>\n<meta property=\"og:url\" content=\"https:\/\/odabrano.com\/index.php\/2024\/08\/31\/zena-u-njemackoj-u-autobusu-izbola-sestero-ljudi\/\" \/>\n<meta property=\"og:site_name\" content=\"odabrano\" \/>\n<meta property=\"article:published_time\" content=\"2024-08-31T08:46:28+00:00\" \/>\n<meta property=\"article:modified_time\" content=\"2024-08-31T08:46:29+00:00\" \/>\n<meta property=\"og:image\" content=\"https:\/\/odabrano.com\/wp-content\/uploads\/2024\/08\/nozz.jpg\" \/>\n\t<meta property=\"og:image:width\" content=\"730\" \/>\n\t<meta property=\"og:image:height\" content=\"487\" \/>\n\t<meta property=\"og:image:type\" content=\"image\/jpeg\" \/>\n<meta name=\"author\" content=\"admin\" \/>\n<meta name=\"twitter:card\" content=\"summary_large_image\" \/>\n<meta name=\"twitter:label1\" content=\"Written by\" \/>\n\t<meta name=\"twitter:data1\" content=\"admin\" \/>\n\t<meta name=\"twitter:label2\" content=\"Est. reading time\" \/>\n\t<meta name=\"twitter:data2\" content=\"2 minutes\" \/>\n<script type=\"application\/ld+json\" class=\"yoast-schema-graph\">{\"@context\":\"https:\/\/schema.org\",\"@graph\":[{\"@type\":\"Article\",\"@id\":\"https:\/\/odabrano.com\/index.php\/2024\/08\/31\/zena-u-njemackoj-u-autobusu-izbola-sestero-ljudi\/#article\",\"isPartOf\":{\"@id\":\"https:\/\/odabrano.com\/index.php\/2024\/08\/31\/zena-u-njemackoj-u-autobusu-izbola-sestero-ljudi\/\"},\"author\":{\"name\":\"admin\",\"@id\":\"https:\/\/odabrano.com\/#\/schema\/person\/460f2b14657879743f23c4f6a7cd3236\"},\"headline\":\"\u017dena u Njema\u010dkoj u autobusu izbola \u0161estero ljudi\",\"datePublished\":\"2024-08-31T08:46:28+00:00\",\"dateModified\":\"2024-08-31T08:46:29+00:00\",\"mainEntityOfPage\":{\"@id\":\"https:\/\/odabrano.com\/index.php\/2024\/08\/31\/zena-u-njemackoj-u-autobusu-izbola-sestero-ljudi\/\"},\"wordCount\":345,\"publisher\":{\"@id\":\"https:\/\/odabrano.com\/#\/schema\/person\/460f2b14657879743f23c4f6a7cd3236\"},\"keywords\":[\"autobus\",\"napad no\u017eem\",\"njema\u010dka\",\"siegen\",\"\u017eena\"],\"articleSection\":[\"Svijet\"],\"inLanguage\":\"en-US\"},{\"@type\":\"WebPage\",\"@id\":\"https:\/\/odabrano.com\/index.php\/2024\/08\/31\/zena-u-njemackoj-u-autobusu-izbola-sestero-ljudi\/\",\"url\":\"https:\/\/odabrano.com\/index.php\/2024\/08\/31\/zena-u-njemackoj-u-autobusu-izbola-sestero-ljudi\/\",\"name\":\"\u017dena u Njema\u010dkoj u autobusu izbola \u0161estero ljudi - odabrano\",\"isPartOf\":{\"@id\":\"https:\/\/odabrano.com\/#website\"},\"datePublished\":\"2024-08-31T08:46:28+00:00\",\"dateModified\":\"2024-08-31T08:46:29+00:00\",\"breadcrumb\":{\"@id\":\"https:\/\/odabrano.com\/index.php\/2024\/08\/31\/zena-u-njemackoj-u-autobusu-izbola-sestero-ljudi\/#breadcrumb\"},\"inLanguage\":\"en-US\",\"potentialAction\":[{\"@type\":\"ReadAction\",\"target\":[\"https:\/\/odabrano.com\/index.php\/2024\/08\/31\/zena-u-njemackoj-u-autobusu-izbola-sestero-ljudi\/\"]}]},{\"@type\":\"BreadcrumbList\",\"@id\":\"https:\/\/odabrano.com\/index.php\/2024\/08\/31\/zena-u-njemackoj-u-autobusu-izbola-sestero-ljudi\/#breadcrumb\",\"itemListElement\":[{\"@type\":\"ListItem\",\"position\":1,\"name\":\"Home\",\"item\":\"https:\/\/odabrano.com\/\"},{\"@type\":\"ListItem\",\"position\":2,\"name\":\"\u017dena u Njema\u010dkoj u autobusu izbola \u0161estero ljudi\"}]},{\"@type\":\"WebSite\",\"@id\":\"https:\/\/odabrano.com\/#website\",\"url\":\"https:\/\/odabrano.com\/\",\"name\":\"odabrano\",\"description\":\"news portal koji nudi odabrane vijesti i informacije\",\"publisher\":{\"@id\":\"https:\/\/odabrano.com\/#\/schema\/person\/460f2b14657879743f23c4f6a7cd3236\"},\"alternateName\":\"vijesti i informacije iz Hrvatske i svijeta\",\"potentialAction\":[{\"@type\":\"SearchAction\",\"target\":{\"@type\":\"EntryPoint\",\"urlTemplate\":\"https:\/\/odabrano.com\/?s={search_term_string}\"},\"query-input\":\"required name=search_term_string\"}],\"inLanguage\":\"en-US\"},{\"@type\":[\"Person\",\"Organization\"],\"@id\":\"https:\/\/odabrano.com\/#\/schema\/person\/460f2b14657879743f23c4f6a7cd3236\",\"name\":\"admin\",\"image\":{\"@type\":\"ImageObject\",\"inLanguage\":\"en-US\",\"@id\":\"https:\/\/odabrano.com\/#\/schema\/person\/image\/\",\"url\":\"https:\/\/odabrano.com\/wp-content\/uploads\/2024\/04\/dolar.jpg\",\"contentUrl\":\"https:\/\/odabrano.com\/wp-content\/uploads\/2024\/04\/dolar.jpg\",\"width\":1216,\"height\":519,\"caption\":\"admin\"},\"logo\":{\"@id\":\"https:\/\/odabrano.com\/#\/schema\/person\/image\/\"},\"sameAs\":[\"http:\/\/odabrano.com\"],\"url\":\"https:\/\/odabrano.com\/index.php\/author\/sokolneno_u3xb387h\/\"}]}<\/script>\n<!-- \/ Yoast SEO plugin. -->","yoast_head_json":{"title":"\u017dena u Njema\u010dkoj u autobusu izbola \u0161estero ljudi - odabrano","robots":{"index":"index","follow":"follow","max-snippet":"max-snippet:-1","max-image-preview":"max-image-preview:large","max-video-preview":"max-video-preview:-1"},"canonical":"https:\/\/odabrano.com\/index.php\/2024\/08\/31\/zena-u-njemackoj-u-autobusu-izbola-sestero-ljudi\/","og_locale":"en_US","og_type":"article","og_title":"\u017dena u Njema\u010dkoj u autobusu izbola \u0161estero ljudi - odabrano","og_description":"U Siegen-Eiserfeldu 32-godi\u0161nja Njemica napala je u petak nave\u010der no\u017eem \u0161est osoba u autobusu. Tri osobe su zadobile po \u017eivot opasne ozljede, jedna je te\u0161ko ozlije\u0111ena, a dvije lak\u0161e, javlja WDR. Nije terorizam Autobus je bio na putu prema gradskom festivalu u Siegenu. Policija je uhitila napada\u010dicu. Istra\u017eitelji trenutno ne vjeruju da se radi o &hellip;","og_url":"https:\/\/odabrano.com\/index.php\/2024\/08\/31\/zena-u-njemackoj-u-autobusu-izbola-sestero-ljudi\/","og_site_name":"odabrano","article_published_time":"2024-08-31T08:46:28+00:00","article_modified_time":"2024-08-31T08:46:29+00:00","og_image":[{"width":730,"height":487,"url":"https:\/\/odabrano.com\/wp-content\/uploads\/2024\/08\/nozz.jpg","type":"image\/jpeg"}],"author":"admin","twitter_card":"summary_large_image","twitter_misc":{"Written by":"admin","Est. reading time":"2 minutes"},"schema":{"@context":"https:\/\/schema.org","@graph":[{"@type":"Article","@id":"https:\/\/odabrano.com\/index.php\/2024\/08\/31\/zena-u-njemackoj-u-autobusu-izbola-sestero-ljudi\/#article","isPartOf":{"@id":"https:\/\/odabrano.com\/index.php\/2024\/08\/31\/zena-u-njemackoj-u-autobusu-izbola-sestero-ljudi\/"},"author":{"name":"admin","@id":"https:\/\/odabrano.com\/#\/schema\/person\/460f2b14657879743f23c4f6a7cd3236"},"headline":"\u017dena u Njema\u010dkoj u autobusu izbola \u0161estero ljudi","datePublished":"2024-08-31T08:46:28+00:00","dateModified":"2024-08-31T08:46:29+00:00","mainEntityOfPage":{"@id":"https:\/\/odabrano.com\/index.php\/2024\/08\/31\/zena-u-njemackoj-u-autobusu-izbola-sestero-ljudi\/"},"wordCount":345,"publisher":{"@id":"https:\/\/odabrano.com\/#\/schema\/person\/460f2b14657879743f23c4f6a7cd3236"},"keywords":["autobus","napad no\u017eem","njema\u010dka","siegen","\u017eena"],"articleSection":["Svijet"],"inLanguage":"en-US"},{"@type":"WebPage","@id":"https:\/\/odabrano.com\/index.php\/2024\/08\/31\/zena-u-njemackoj-u-autobusu-izbola-sestero-ljudi\/","url":"https:\/\/odabrano.com\/index.php\/2024\/08\/31\/zena-u-njemackoj-u-autobusu-izbola-sestero-ljudi\/","name":"\u017dena u Njema\u010dkoj u autobusu izbola \u0161estero ljudi - odabrano","isPartOf":{"@id":"https:\/\/odabrano.com\/#website"},"datePublished":"2024-08-31T08:46:28+00:00","dateModified":"2024-08-31T08:46:29+00:00","breadcrumb":{"@id":"https:\/\/odabrano.com\/index.php\/2024\/08\/31\/zena-u-njemackoj-u-autobusu-izbola-sestero-ljudi\/#breadcrumb"},"inLanguage":"en-US","potentialAction":[{"@type":"ReadAction","target":["https:\/\/odabrano.com\/index.php\/2024\/08\/31\/zena-u-njemackoj-u-autobusu-izbola-sestero-ljudi\/"]}]},{"@type":"BreadcrumbList","@id":"https:\/\/odabrano.com\/index.php\/2024\/08\/31\/zena-u-njemackoj-u-autobusu-izbola-sestero-ljudi\/#breadcrumb","itemListElement":[{"@type":"ListItem","position":1,"name":"Home","item":"https:\/\/odabrano.com\/"},{"@type":"ListItem","position":2,"name":"\u017dena u Njema\u010dkoj u autobusu izbola \u0161estero ljudi"}]},{"@type":"WebSite","@id":"https:\/\/odabrano.com\/#website","url":"https:\/\/odabrano.com\/","name":"odabrano","description":"news portal koji nudi odabrane vijesti i informacije","publisher":{"@id":"https:\/\/odabrano.com\/#\/schema\/person\/460f2b14657879743f23c4f6a7cd3236"},"alternateName":"vijesti i informacije iz Hrvatske i svijeta","potentialAction":[{"@type":"SearchAction","target":{"@type":"EntryPoint","urlTemplate":"https:\/\/odabrano.com\/?s={search_term_string}"},"query-input":"required name=search_term_string"}],"inLanguage":"en-US"},{"@type":["Person","Organization"],"@id":"https:\/\/odabrano.com\/#\/schema\/person\/460f2b14657879743f23c4f6a7cd3236","name":"admin","image":{"@type":"ImageObject","inLanguage":"en-US","@id":"https:\/\/odabrano.com\/#\/schema\/person\/image\/","url":"https:\/\/odabrano.com\/wp-content\/uploads\/2024\/04\/dolar.jpg","contentUrl":"https:\/\/odabrano.com\/wp-content\/uploads\/2024\/04\/dolar.jpg","width":1216,"height":519,"caption":"admin"},"logo":{"@id":"https:\/\/odabrano.com\/#\/schema\/person\/image\/"},"sameAs":["http:\/\/odabrano.com"],"url":"https:\/\/odabrano.com\/index.php\/author\/sokolneno_u3xb387h\/"}]}},"_links":{"self":[{"href":"https:\/\/odabrano.com\/index.php\/wp-json\/wp\/v2\/posts\/4223","targetHints":{"allow":["GET"]}}],"collection":[{"href":"https:\/\/odabrano.com\/index.php\/wp-json\/wp\/v2\/posts"}],"about":[{"href":"https:\/\/odabrano.com\/index.php\/wp-json\/wp\/v2\/types\/post"}],"author":[{"embeddable":true,"href":"https:\/\/odabrano.com\/index.php\/wp-json\/wp\/v2\/users\/1"}],"replies":[{"embeddable":true,"href":"https:\/\/odabrano.com\/index.php\/wp-json\/wp\/v2\/comments?post=4223"}],"version-history":[{"count":1,"href":"https:\/\/odabrano.com\/index.php\/wp-json\/wp\/v2\/posts\/4223\/revisions"}],"predecessor-version":[{"id":4225,"href":"https:\/\/odabrano.com\/index.php\/wp-json\/wp\/v2\/posts\/4223\/revisions\/4225"}],"wp:featuredmedia":[{"embeddable":true,"href":"https:\/\/odabrano.com\/index.php\/wp-json\/wp\/v2\/media\/4224"}],"wp:attachment":[{"href":"https:\/\/odabrano.com\/index.php\/wp-json\/wp\/v2\/media?parent=4223"}],"wp:term":[{"taxonomy":"category","embeddable":true,"href":"https:\/\/odabrano.com\/index.php\/wp-json\/wp\/v2\/categories?post=4223"},{"taxonomy":"post_tag","embeddable":true,"href":"https:\/\/odabrano.com\/index.php\/wp-json\/wp\/v2\/tags?post=4223"}],"curies":[{"name":"wp","href":"https:\/\/api.w.org\/{rel}","templated":true}]}}