{"id":4211,"date":"2024-08-30T06:48:08","date_gmt":"2024-08-30T04:48:08","guid":{"rendered":"http:\/\/odabrano.com\/?p=4211"},"modified":"2024-08-30T06:48:09","modified_gmt":"2024-08-30T04:48:09","slug":"beros-je-znao-za-skandal-u-zadarskoj-bolnici","status":"publish","type":"post","link":"https:\/\/odabrano.com\/index.php\/2024\/08\/30\/beros-je-znao-za-skandal-u-zadarskoj-bolnici\/","title":{"rendered":"Bero\u0161 je znao za skandal u zadarskoj bolnici?"},"content":{"rendered":"\n<p>DORH je pokrenuo istragu vezano za slu\u010daj u Zadru u kojem su zadarski lije\u010dnici istovremeno radili u privatnim i javnim ustanovama,&nbsp;<a href=\"https:\/\/dnevnik.hr\/vijesti\/hrvatska\/vili-beros-i-lijecnicka-komora-navodno-su-znali-za-lijecnike-koji-su-radili-u-dvije-bolnice-istovremeno---866196.html?fbclid=IwY2xjawE9vfNleHRuA2FlbQIxMQABHS9ttdN4vqNrjYZ_8ZrCtZJt2VAB7I8HVXRAJyd34pKqd_-iCHuR43IRKQ_aem_3IpzbTeuckXueIaPU8YjCg\">javlja Dnevnik.hr<\/a>.&nbsp;\u010cetiri godine zadarski lije\u010dnik i lije\u010dnica umjesto da tijekom radnog vremena obavljaju preglede u op\u0107oj bolnici, odra\u0111ivali su preglede u njezinoj privatnoj poliklinici &#8211; prenosi&nbsp;<a href=\"https:\/\/www.jutarnji.hr\/vijesti\/hrvatska\/beros-je-znao-za-skandal-u-zadarskoj-bolnici-slao-sam-mu-videozapise-pa-i-malo-dijete-bi-vidjelo-da-tu-nesto-ne-stima-15497017\">Jutarnji.hr<\/a>.<\/p>\n\n\n\n<p>Za to su i pisali prekovremene i odobravali si pla\u0107ene dopuste. Tako su bolnicu o\u0161tetili za 25 tisu\u0107a eura. Zbog ovih sumnji, lije\u010dnica je i privedena pa pu\u0161tena da se brani sa slobode. O tome je ve\u0107 govorio i nezavisni zadarski vije\u0107nik.<\/p>\n\n\n\n<p>&#8220;Ja sam slao videozapise sa skup\u0161tine gdje sam postavljao to pitanje i lije\u010dni\u010dkoj komori i Viliju Bero\u0161u. Stra\u0161no je da oni nisu na\u0161li za shodno da to proanaliziraju jer i malo dijete bi vidjelo da tu ne\u0161to ne \u0161tima&#8221;, rekao je&nbsp;Marko Pupi\u0107 Bakra\u010d, vije\u0107nik u \u017dupanijskoj skup\u0161tini Zadarske \u017eupanije.<\/p>\n\n\n\n<p>Istraga je pokazala da su oboje tijekom radnog vremena u bolnici obavljali preglede u poliklinici te da su to radili \u010detiri godine.<\/p>\n\n\n\n<p>&#8220;Imate situaciju da ljudi od 80 godina imaju stara\u010dke mrene i da ne mogu do\u0107i na preglede dvije ili tri godine. Zamislite koliko im to sni\u017eava kvalitetu \u017eivota&#8221;, rekao je Pupi\u0107 Bakra\u010d.<\/p>\n\n\n\n<p>&#8220;Zatra\u017eio sam hitno o\u010ditovanje od ravnatelja zadarske bolnice. Ukoliko se doka\u017ee da se u javno zdravstveno ustavni operirala samo jedna osoba s kataraktom, a u privatnoj istovremeno pet ili \u0161est osoba, potpuno je jasno da to nije dobro&#8221;, rekao je Vili Bero\u0161, ministar zdravstva.<\/p>\n\n\n\n<p>I dodaje da svaki dan \u010duje prigovore na takve situacije. Kako bi smanjio liste \u010dekanja, ministar je krajem pro\u0161le godine slao i dopis ravnateljima da mogu uskratiti odobrenja za privatni rad lije\u010dnika. Tko je to uop\u0107e u\u010dinio ne spominje, ali opet poziva ravnatelje.<\/p>\n\n\n\n<p>&#8220;\u017delim da ravnatelji ispitaju takve situacije i sankcioniraju takvo pona\u0161anje. Mo\u017eete o\u010dekivati daljnje korake u saniranju ove problemati\u010dne situacije i izmjenjivanje pravilnika&#8221;, rekao je Bero\u0161.<\/p>\n\n\n\n<p>Iz Udruge za za\u0161titu prava pacijenata ka\u017eu kako je ovo problem koji predugo traje.<\/p>\n\n\n\n<p>&#8220;Svi pacijenti koji idu privatno, a ne mogu to ostvariti u dr\u017eavnoj bolnici morali bi dobiti povrat tro\u0161kova za uslugu koju su morali napraviti privatno i to bi bio jedini po\u0161teni na\u010din prema pacijentima&#8221;, rekla je&nbsp;Jasna Kara\u010di\u0107&nbsp;iz Udruge za za\u0161titu pacijenata.<\/p>\n\n\n\n<p>Privedena lije\u010dnica dobila je mjeru opreza i zabranu rada u op\u0107oj bolnici Zadar. Lije\u010dnik koji je s njom radio tek treba biti ispitan.<\/p>\n","protected":false},"excerpt":{"rendered":"<p>DORH je pokrenuo istragu vezano za slu\u010daj u Zadru u kojem su zadarski lije\u010dnici istovremeno radili u privatnim i javnim ustanovama,&nbsp;javlja Dnevnik.hr.&nbsp;\u010cetiri godine zadarski lije\u010dnik i lije\u010dnica umjesto da tijekom radnog vremena obavljaju preglede u op\u0107oj bolnici, odra\u0111ivali su preglede u njezinoj privatnoj poliklinici &#8211; prenosi&nbsp;Jutarnji.hr. Za to su i pisali prekovremene i odobravali si &hellip;<\/p>\n","protected":false},"author":1,"featured_media":4212,"comment_status":"closed","ping_status":"open","sticky":false,"template":"","format":"standard","meta":{"_monsterinsights_skip_tracking":false,"_monsterinsights_sitenote_active":false,"_monsterinsights_sitenote_note":"","_monsterinsights_sitenote_category":0,"footnotes":""},"categories":[25],"tags":[906,908,907],"class_list":["post-4211","post","type-post","status-publish","format-standard","has-post-thumbnail","","category-hrvatska","tag-beros","tag-skandal","tag-zadarska-bolnica"],"yoast_head":"<!-- This site is optimized with the Yoast SEO plugin v22.1 - https:\/\/yoast.com\/wordpress\/plugins\/seo\/ -->\n<title>Bero\u0161 je znao za skandal u zadarskoj bolnici? - odabrano<\/title>\n<meta name=\"robots\" content=\"index, follow, max-snippet:-1, max-image-preview:large, max-video-preview:-1\" \/>\n<link rel=\"canonical\" href=\"https:\/\/odabrano.com\/index.php\/2024\/08\/30\/beros-je-znao-za-skandal-u-zadarskoj-bolnici\/\" \/>\n<meta property=\"og:locale\" content=\"en_US\" \/>\n<meta property=\"og:type\" content=\"article\" \/>\n<meta property=\"og:title\" content=\"Bero\u0161 je znao za skandal u zadarskoj bolnici? - odabrano\" \/>\n<meta property=\"og:description\" content=\"DORH je pokrenuo istragu vezano za slu\u010daj u Zadru u kojem su zadarski lije\u010dnici istovremeno radili u privatnim i javnim ustanovama,&nbsp;javlja Dnevnik.hr.&nbsp;\u010cetiri godine zadarski lije\u010dnik i lije\u010dnica umjesto da tijekom radnog vremena obavljaju preglede u op\u0107oj bolnici, odra\u0111ivali su preglede u njezinoj privatnoj poliklinici &#8211; prenosi&nbsp;Jutarnji.hr. Za to su i pisali prekovremene i odobravali si &hellip;\" \/>\n<meta property=\"og:url\" content=\"https:\/\/odabrano.com\/index.php\/2024\/08\/30\/beros-je-znao-za-skandal-u-zadarskoj-bolnici\/\" \/>\n<meta property=\"og:site_name\" content=\"odabrano\" \/>\n<meta property=\"article:published_time\" content=\"2024-08-30T04:48:08+00:00\" \/>\n<meta property=\"article:modified_time\" content=\"2024-08-30T04:48:09+00:00\" \/>\n<meta property=\"og:image\" content=\"https:\/\/odabrano.com\/wp-content\/uploads\/2024\/08\/beros.webp\" \/>\n\t<meta property=\"og:image:width\" content=\"768\" \/>\n\t<meta property=\"og:image:height\" content=\"432\" \/>\n\t<meta property=\"og:image:type\" content=\"image\/webp\" \/>\n<meta name=\"author\" content=\"admin\" \/>\n<meta name=\"twitter:card\" content=\"summary_large_image\" \/>\n<meta name=\"twitter:label1\" content=\"Written by\" \/>\n\t<meta name=\"twitter:data1\" content=\"admin\" \/>\n\t<meta name=\"twitter:label2\" content=\"Est. reading time\" \/>\n\t<meta name=\"twitter:data2\" content=\"2 minutes\" \/>\n<script type=\"application\/ld+json\" class=\"yoast-schema-graph\">{\"@context\":\"https:\/\/schema.org\",\"@graph\":[{\"@type\":\"Article\",\"@id\":\"https:\/\/odabrano.com\/index.php\/2024\/08\/30\/beros-je-znao-za-skandal-u-zadarskoj-bolnici\/#article\",\"isPartOf\":{\"@id\":\"https:\/\/odabrano.com\/index.php\/2024\/08\/30\/beros-je-znao-za-skandal-u-zadarskoj-bolnici\/\"},\"author\":{\"name\":\"admin\",\"@id\":\"https:\/\/odabrano.com\/#\/schema\/person\/460f2b14657879743f23c4f6a7cd3236\"},\"headline\":\"Bero\u0161 je znao za skandal u zadarskoj bolnici?\",\"datePublished\":\"2024-08-30T04:48:08+00:00\",\"dateModified\":\"2024-08-30T04:48:09+00:00\",\"mainEntityOfPage\":{\"@id\":\"https:\/\/odabrano.com\/index.php\/2024\/08\/30\/beros-je-znao-za-skandal-u-zadarskoj-bolnici\/\"},\"wordCount\":447,\"publisher\":{\"@id\":\"https:\/\/odabrano.com\/#\/schema\/person\/460f2b14657879743f23c4f6a7cd3236\"},\"keywords\":[\"bero\u0161\",\"skandal\",\"zadarska bolnica\"],\"articleSection\":[\"Hrvatska\"],\"inLanguage\":\"en-US\"},{\"@type\":\"WebPage\",\"@id\":\"https:\/\/odabrano.com\/index.php\/2024\/08\/30\/beros-je-znao-za-skandal-u-zadarskoj-bolnici\/\",\"url\":\"https:\/\/odabrano.com\/index.php\/2024\/08\/30\/beros-je-znao-za-skandal-u-zadarskoj-bolnici\/\",\"name\":\"Bero\u0161 je znao za skandal u zadarskoj bolnici? - odabrano\",\"isPartOf\":{\"@id\":\"https:\/\/odabrano.com\/#website\"},\"datePublished\":\"2024-08-30T04:48:08+00:00\",\"dateModified\":\"2024-08-30T04:48:09+00:00\",\"breadcrumb\":{\"@id\":\"https:\/\/odabrano.com\/index.php\/2024\/08\/30\/beros-je-znao-za-skandal-u-zadarskoj-bolnici\/#breadcrumb\"},\"inLanguage\":\"en-US\",\"potentialAction\":[{\"@type\":\"ReadAction\",\"target\":[\"https:\/\/odabrano.com\/index.php\/2024\/08\/30\/beros-je-znao-za-skandal-u-zadarskoj-bolnici\/\"]}]},{\"@type\":\"BreadcrumbList\",\"@id\":\"https:\/\/odabrano.com\/index.php\/2024\/08\/30\/beros-je-znao-za-skandal-u-zadarskoj-bolnici\/#breadcrumb\",\"itemListElement\":[{\"@type\":\"ListItem\",\"position\":1,\"name\":\"Home\",\"item\":\"https:\/\/odabrano.com\/\"},{\"@type\":\"ListItem\",\"position\":2,\"name\":\"Bero\u0161 je znao za skandal u zadarskoj bolnici?\"}]},{\"@type\":\"WebSite\",\"@id\":\"https:\/\/odabrano.com\/#website\",\"url\":\"https:\/\/odabrano.com\/\",\"name\":\"odabrano\",\"description\":\"news portal koji nudi odabrane vijesti i informacije\",\"publisher\":{\"@id\":\"https:\/\/odabrano.com\/#\/schema\/person\/460f2b14657879743f23c4f6a7cd3236\"},\"alternateName\":\"vijesti i informacije iz Hrvatske i svijeta\",\"potentialAction\":[{\"@type\":\"SearchAction\",\"target\":{\"@type\":\"EntryPoint\",\"urlTemplate\":\"https:\/\/odabrano.com\/?s={search_term_string}\"},\"query-input\":\"required name=search_term_string\"}],\"inLanguage\":\"en-US\"},{\"@type\":[\"Person\",\"Organization\"],\"@id\":\"https:\/\/odabrano.com\/#\/schema\/person\/460f2b14657879743f23c4f6a7cd3236\",\"name\":\"admin\",\"image\":{\"@type\":\"ImageObject\",\"inLanguage\":\"en-US\",\"@id\":\"https:\/\/odabrano.com\/#\/schema\/person\/image\/\",\"url\":\"https:\/\/odabrano.com\/wp-content\/uploads\/2024\/04\/dolar.jpg\",\"contentUrl\":\"https:\/\/odabrano.com\/wp-content\/uploads\/2024\/04\/dolar.jpg\",\"width\":1216,\"height\":519,\"caption\":\"admin\"},\"logo\":{\"@id\":\"https:\/\/odabrano.com\/#\/schema\/person\/image\/\"},\"sameAs\":[\"http:\/\/odabrano.com\"],\"url\":\"https:\/\/odabrano.com\/index.php\/author\/sokolneno_u3xb387h\/\"}]}<\/script>\n<!-- \/ Yoast SEO plugin. -->","yoast_head_json":{"title":"Bero\u0161 je znao za skandal u zadarskoj bolnici? - odabrano","robots":{"index":"index","follow":"follow","max-snippet":"max-snippet:-1","max-image-preview":"max-image-preview:large","max-video-preview":"max-video-preview:-1"},"canonical":"https:\/\/odabrano.com\/index.php\/2024\/08\/30\/beros-je-znao-za-skandal-u-zadarskoj-bolnici\/","og_locale":"en_US","og_type":"article","og_title":"Bero\u0161 je znao za skandal u zadarskoj bolnici? - odabrano","og_description":"DORH je pokrenuo istragu vezano za slu\u010daj u Zadru u kojem su zadarski lije\u010dnici istovremeno radili u privatnim i javnim ustanovama,&nbsp;javlja Dnevnik.hr.&nbsp;\u010cetiri godine zadarski lije\u010dnik i lije\u010dnica umjesto da tijekom radnog vremena obavljaju preglede u op\u0107oj bolnici, odra\u0111ivali su preglede u njezinoj privatnoj poliklinici &#8211; prenosi&nbsp;Jutarnji.hr. Za to su i pisali prekovremene i odobravali si &hellip;","og_url":"https:\/\/odabrano.com\/index.php\/2024\/08\/30\/beros-je-znao-za-skandal-u-zadarskoj-bolnici\/","og_site_name":"odabrano","article_published_time":"2024-08-30T04:48:08+00:00","article_modified_time":"2024-08-30T04:48:09+00:00","og_image":[{"width":768,"height":432,"url":"https:\/\/odabrano.com\/wp-content\/uploads\/2024\/08\/beros.webp","type":"image\/webp"}],"author":"admin","twitter_card":"summary_large_image","twitter_misc":{"Written by":"admin","Est. reading time":"2 minutes"},"schema":{"@context":"https:\/\/schema.org","@graph":[{"@type":"Article","@id":"https:\/\/odabrano.com\/index.php\/2024\/08\/30\/beros-je-znao-za-skandal-u-zadarskoj-bolnici\/#article","isPartOf":{"@id":"https:\/\/odabrano.com\/index.php\/2024\/08\/30\/beros-je-znao-za-skandal-u-zadarskoj-bolnici\/"},"author":{"name":"admin","@id":"https:\/\/odabrano.com\/#\/schema\/person\/460f2b14657879743f23c4f6a7cd3236"},"headline":"Bero\u0161 je znao za skandal u zadarskoj bolnici?","datePublished":"2024-08-30T04:48:08+00:00","dateModified":"2024-08-30T04:48:09+00:00","mainEntityOfPage":{"@id":"https:\/\/odabrano.com\/index.php\/2024\/08\/30\/beros-je-znao-za-skandal-u-zadarskoj-bolnici\/"},"wordCount":447,"publisher":{"@id":"https:\/\/odabrano.com\/#\/schema\/person\/460f2b14657879743f23c4f6a7cd3236"},"keywords":["bero\u0161","skandal","zadarska bolnica"],"articleSection":["Hrvatska"],"inLanguage":"en-US"},{"@type":"WebPage","@id":"https:\/\/odabrano.com\/index.php\/2024\/08\/30\/beros-je-znao-za-skandal-u-zadarskoj-bolnici\/","url":"https:\/\/odabrano.com\/index.php\/2024\/08\/30\/beros-je-znao-za-skandal-u-zadarskoj-bolnici\/","name":"Bero\u0161 je znao za skandal u zadarskoj bolnici? - odabrano","isPartOf":{"@id":"https:\/\/odabrano.com\/#website"},"datePublished":"2024-08-30T04:48:08+00:00","dateModified":"2024-08-30T04:48:09+00:00","breadcrumb":{"@id":"https:\/\/odabrano.com\/index.php\/2024\/08\/30\/beros-je-znao-za-skandal-u-zadarskoj-bolnici\/#breadcrumb"},"inLanguage":"en-US","potentialAction":[{"@type":"ReadAction","target":["https:\/\/odabrano.com\/index.php\/2024\/08\/30\/beros-je-znao-za-skandal-u-zadarskoj-bolnici\/"]}]},{"@type":"BreadcrumbList","@id":"https:\/\/odabrano.com\/index.php\/2024\/08\/30\/beros-je-znao-za-skandal-u-zadarskoj-bolnici\/#breadcrumb","itemListElement":[{"@type":"ListItem","position":1,"name":"Home","item":"https:\/\/odabrano.com\/"},{"@type":"ListItem","position":2,"name":"Bero\u0161 je znao za skandal u zadarskoj bolnici?"}]},{"@type":"WebSite","@id":"https:\/\/odabrano.com\/#website","url":"https:\/\/odabrano.com\/","name":"odabrano","description":"news portal koji nudi odabrane vijesti i informacije","publisher":{"@id":"https:\/\/odabrano.com\/#\/schema\/person\/460f2b14657879743f23c4f6a7cd3236"},"alternateName":"vijesti i informacije iz Hrvatske i svijeta","potentialAction":[{"@type":"SearchAction","target":{"@type":"EntryPoint","urlTemplate":"https:\/\/odabrano.com\/?s={search_term_string}"},"query-input":"required name=search_term_string"}],"inLanguage":"en-US"},{"@type":["Person","Organization"],"@id":"https:\/\/odabrano.com\/#\/schema\/person\/460f2b14657879743f23c4f6a7cd3236","name":"admin","image":{"@type":"ImageObject","inLanguage":"en-US","@id":"https:\/\/odabrano.com\/#\/schema\/person\/image\/","url":"https:\/\/odabrano.com\/wp-content\/uploads\/2024\/04\/dolar.jpg","contentUrl":"https:\/\/odabrano.com\/wp-content\/uploads\/2024\/04\/dolar.jpg","width":1216,"height":519,"caption":"admin"},"logo":{"@id":"https:\/\/odabrano.com\/#\/schema\/person\/image\/"},"sameAs":["http:\/\/odabrano.com"],"url":"https:\/\/odabrano.com\/index.php\/author\/sokolneno_u3xb387h\/"}]}},"_links":{"self":[{"href":"https:\/\/odabrano.com\/index.php\/wp-json\/wp\/v2\/posts\/4211","targetHints":{"allow":["GET"]}}],"collection":[{"href":"https:\/\/odabrano.com\/index.php\/wp-json\/wp\/v2\/posts"}],"about":[{"href":"https:\/\/odabrano.com\/index.php\/wp-json\/wp\/v2\/types\/post"}],"author":[{"embeddable":true,"href":"https:\/\/odabrano.com\/index.php\/wp-json\/wp\/v2\/users\/1"}],"replies":[{"embeddable":true,"href":"https:\/\/odabrano.com\/index.php\/wp-json\/wp\/v2\/comments?post=4211"}],"version-history":[{"count":1,"href":"https:\/\/odabrano.com\/index.php\/wp-json\/wp\/v2\/posts\/4211\/revisions"}],"predecessor-version":[{"id":4213,"href":"https:\/\/odabrano.com\/index.php\/wp-json\/wp\/v2\/posts\/4211\/revisions\/4213"}],"wp:featuredmedia":[{"embeddable":true,"href":"https:\/\/odabrano.com\/index.php\/wp-json\/wp\/v2\/media\/4212"}],"wp:attachment":[{"href":"https:\/\/odabrano.com\/index.php\/wp-json\/wp\/v2\/media?parent=4211"}],"wp:term":[{"taxonomy":"category","embeddable":true,"href":"https:\/\/odabrano.com\/index.php\/wp-json\/wp\/v2\/categories?post=4211"},{"taxonomy":"post_tag","embeddable":true,"href":"https:\/\/odabrano.com\/index.php\/wp-json\/wp\/v2\/tags?post=4211"}],"curies":[{"name":"wp","href":"https:\/\/api.w.org\/{rel}","templated":true}]}}