{"id":4207,"date":"2024-08-30T06:20:58","date_gmt":"2024-08-30T04:20:58","guid":{"rendered":"http:\/\/odabrano.com\/?p=4207"},"modified":"2024-08-30T06:20:59","modified_gmt":"2024-08-30T04:20:59","slug":"imena-u-usponu-u-srpskoj-politici","status":"publish","type":"post","link":"https:\/\/odabrano.com\/index.php\/2024\/08\/30\/imena-u-usponu-u-srpskoj-politici\/","title":{"rendered":"Imena u usponu u srpskoj politici"},"content":{"rendered":"\n<p>U politi\u010dkom pejza\u017eu Srbije, nova generacija mladih lidera donosi svje\u017einu i dinamiku. <strong>Aleksandar Jovanovi\u0107 (\u0106uta)<\/strong> isti\u010de se svojim anga\u017emanom u ekolo\u0161kim pitanjima i borbi za za\u0161titu \u017eivotne sredine kroz svoju stranku <strong>Zajedno za Srbiju<\/strong>. Njegova strast za o\u010duvanjem prirodnih resursa i dru\u0161tvenom pravdom nadahnjuje mnoge mlade aktiviste. U sli\u010dnom duhu, <strong>Mihailo Jovanovi\u0107<\/strong> iz <strong>Slobodnih gra\u0111ana Srbije<\/strong> (SGS) donosi reformisti\u010dke ideje usmjerene na promjene u dru\u0161tvu i ekonomiji.<\/p>\n\n\n\n<figure class=\"wp-block-image size-large\"><img loading=\"lazy\" decoding=\"async\" width=\"1024\" height=\"341\" src=\"http:\/\/odabrano.com\/wp-content\/uploads\/2024\/08\/mihailo_jovanovic-1024x341.jpg\" alt=\"\" class=\"wp-image-4209\" srcset=\"https:\/\/odabrano.com\/wp-content\/uploads\/2024\/08\/mihailo_jovanovic-1024x341.jpg 1024w, https:\/\/odabrano.com\/wp-content\/uploads\/2024\/08\/mihailo_jovanovic-300x100.jpg 300w, https:\/\/odabrano.com\/wp-content\/uploads\/2024\/08\/mihailo_jovanovic-768x256.jpg 768w, https:\/\/odabrano.com\/wp-content\/uploads\/2024\/08\/mihailo_jovanovic.jpg 1500w\" sizes=\"auto, (max-width: 1024px) 100vw, 1024px\" \/><\/figure>\n\n\n\n<p><strong>Danilo Stevanovi\u0107<\/strong> iz <strong>Stranke slobode i pravde<\/strong> (SSP) tako\u0111er je prepoznat po svom anga\u017emanu u borbi protiv korupcije i unapre\u0111enju ljudskih prava. Njegov rad nagla\u0161ava va\u017enost transparentnosti i eti\u010dkog upravljanja, \u0161to je klju\u010dno za budu\u0107nost srpske politike. <strong>Ana Jovanovi\u0107<\/strong>, \u010dlanica <strong>Demokratske stranke<\/strong> (DS), usmjerava svoje napore na reformu obrazovnog sistema, nastoje\u0107i pobolj\u0161ati kvalitetu obrazovanja i uklju\u010diti mlade u politi\u010dki proces.<\/p>\n\n\n\n<p><\/p>\n\n\n\n<p><strong>Vladimir \u0110ukanovi\u0107<\/strong> iz <strong>Partije slobode<\/strong> zauzima se za promicanje politi\u010dke participacije mladih i borbu protiv korupcije, \u0161to \u010dini va\u017ean korak prema transparentnijem dru\u0161tvu. S druge strane, <strong>Jovana Stevi\u0107<\/strong> iz <strong>Narodne stranke<\/strong> fokusira se na ravnote\u017eu izme\u0111u regionalnog razvoja i odr\u017eivog upravljanja resursima, nagla\u0161avaju\u0107i va\u017enost lokalnih zajednica.<\/p>\n\n\n\n<p><strong>Marko Milenkovi\u0107<\/strong>, \u010dlan <strong>Srpske napredne stranke<\/strong> (SNS), isti\u010de se svojim radom na reformama u zdravstvu i obrazovanju, doprinosi pobolj\u0161anju uvjeta \u017eivota u lokalnim zajednicama. <strong>Milica \u0110uri\u0107<\/strong> iz <strong>Stranke moderne Srbije<\/strong> bavi se pitanjima ljudskih prava i integracije manjinskih grupa, poku\u0161avaju\u0107i osigurati jednakost i pravednost za sve.<\/p>\n\n\n\n<p><strong>Nikola Kova\u010devi\u0107<\/strong> iz <strong>Liberalno-demokratske partije<\/strong> (LDP) usmjerava svoje napore na ekonomske reforme i digitalizaciju javnih usluga, nastoje\u0107i modernizirati administrativne procese. Kona\u010dno, <strong>Teodora \u0110or\u0111evi\u0107<\/strong> iz <strong>Stranke zelenih Srbije<\/strong> posve\u0107ena je ekolo\u0161kim politikama i odr\u017eivom razvoju, rade\u0107i na rje\u0161enju urbanih problema kroz odr\u017eiva rje\u0161enja.<\/p>\n\n\n\n<p>Ova skupina mladih politi\u010dara predstavlja novu generaciju lidera koji se bore za pozitivne promjene u Srbiji. Njihov rad pokazuje kako inovativne ideje i strast za reformama mogu oblikovati budu\u0107nost zemlje. Svaki od njih doprinosi svom jedinstvenom na\u010dinu, a zajedno predstavljaju nadu za bolje sutra, s fokusom na odr\u017eivost, pravdu, i transparentnost. Uvjerenje u njihov potencijal nagla\u0161ava va\u017enost mladih lidera u oblikovanju politi\u010dke scene i dru\u0161tvenog razvoja.<\/p>\n","protected":false},"excerpt":{"rendered":"<p>U politi\u010dkom pejza\u017eu Srbije, nova generacija mladih lidera donosi svje\u017einu i dinamiku. Aleksandar Jovanovi\u0107 (\u0106uta) isti\u010de se svojim anga\u017emanom u ekolo\u0161kim pitanjima i borbi za za\u0161titu \u017eivotne sredine kroz svoju stranku Zajedno za Srbiju. Njegova strast za o\u010duvanjem prirodnih resursa i dru\u0161tvenom pravdom nadahnjuje mnoge mlade aktiviste. U sli\u010dnom duhu, Mihailo Jovanovi\u0107 iz Slobodnih gra\u0111ana &hellip;<\/p>\n","protected":false},"author":1,"featured_media":4208,"comment_status":"closed","ping_status":"open","sticky":false,"template":"","format":"standard","meta":{"_monsterinsights_skip_tracking":false,"_monsterinsights_sitenote_active":false,"_monsterinsights_sitenote_note":"","_monsterinsights_sitenote_category":0,"footnotes":""},"categories":[6],"tags":[],"class_list":["post-4207","post","type-post","status-publish","format-standard","has-post-thumbnail","","category-istok"],"yoast_head":"<!-- This site is optimized with the Yoast SEO plugin v22.1 - https:\/\/yoast.com\/wordpress\/plugins\/seo\/ -->\n<title>Imena u usponu u srpskoj politici - odabrano<\/title>\n<meta name=\"robots\" content=\"index, follow, max-snippet:-1, max-image-preview:large, max-video-preview:-1\" \/>\n<link rel=\"canonical\" href=\"https:\/\/odabrano.com\/index.php\/2024\/08\/30\/imena-u-usponu-u-srpskoj-politici\/\" \/>\n<meta property=\"og:locale\" content=\"en_US\" \/>\n<meta property=\"og:type\" content=\"article\" \/>\n<meta property=\"og:title\" content=\"Imena u usponu u srpskoj politici - odabrano\" \/>\n<meta property=\"og:description\" content=\"U politi\u010dkom pejza\u017eu Srbije, nova generacija mladih lidera donosi svje\u017einu i dinamiku. Aleksandar Jovanovi\u0107 (\u0106uta) isti\u010de se svojim anga\u017emanom u ekolo\u0161kim pitanjima i borbi za za\u0161titu \u017eivotne sredine kroz svoju stranku Zajedno za Srbiju. Njegova strast za o\u010duvanjem prirodnih resursa i dru\u0161tvenom pravdom nadahnjuje mnoge mlade aktiviste. U sli\u010dnom duhu, Mihailo Jovanovi\u0107 iz Slobodnih gra\u0111ana &hellip;\" \/>\n<meta property=\"og:url\" content=\"https:\/\/odabrano.com\/index.php\/2024\/08\/30\/imena-u-usponu-u-srpskoj-politici\/\" \/>\n<meta property=\"og:site_name\" content=\"odabrano\" \/>\n<meta property=\"article:published_time\" content=\"2024-08-30T04:20:58+00:00\" \/>\n<meta property=\"article:modified_time\" content=\"2024-08-30T04:20:59+00:00\" \/>\n<meta property=\"og:image\" content=\"https:\/\/odabrano.com\/wp-content\/uploads\/2024\/08\/cuta.jpg\" \/>\n\t<meta property=\"og:image:width\" content=\"1024\" \/>\n\t<meta property=\"og:image:height\" content=\"746\" \/>\n\t<meta property=\"og:image:type\" content=\"image\/jpeg\" \/>\n<meta name=\"author\" content=\"admin\" \/>\n<meta name=\"twitter:card\" content=\"summary_large_image\" \/>\n<meta name=\"twitter:label1\" content=\"Written by\" \/>\n\t<meta name=\"twitter:data1\" content=\"admin\" \/>\n\t<meta name=\"twitter:label2\" content=\"Est. reading time\" \/>\n\t<meta name=\"twitter:data2\" content=\"2 minutes\" \/>\n<script type=\"application\/ld+json\" class=\"yoast-schema-graph\">{\"@context\":\"https:\/\/schema.org\",\"@graph\":[{\"@type\":\"Article\",\"@id\":\"https:\/\/odabrano.com\/index.php\/2024\/08\/30\/imena-u-usponu-u-srpskoj-politici\/#article\",\"isPartOf\":{\"@id\":\"https:\/\/odabrano.com\/index.php\/2024\/08\/30\/imena-u-usponu-u-srpskoj-politici\/\"},\"author\":{\"name\":\"admin\",\"@id\":\"https:\/\/odabrano.com\/#\/schema\/person\/460f2b14657879743f23c4f6a7cd3236\"},\"headline\":\"Imena u usponu u srpskoj politici\",\"datePublished\":\"2024-08-30T04:20:58+00:00\",\"dateModified\":\"2024-08-30T04:20:59+00:00\",\"mainEntityOfPage\":{\"@id\":\"https:\/\/odabrano.com\/index.php\/2024\/08\/30\/imena-u-usponu-u-srpskoj-politici\/\"},\"wordCount\":390,\"publisher\":{\"@id\":\"https:\/\/odabrano.com\/#\/schema\/person\/460f2b14657879743f23c4f6a7cd3236\"},\"articleSection\":[\"Istok\"],\"inLanguage\":\"en-US\"},{\"@type\":\"WebPage\",\"@id\":\"https:\/\/odabrano.com\/index.php\/2024\/08\/30\/imena-u-usponu-u-srpskoj-politici\/\",\"url\":\"https:\/\/odabrano.com\/index.php\/2024\/08\/30\/imena-u-usponu-u-srpskoj-politici\/\",\"name\":\"Imena u usponu u srpskoj politici - odabrano\",\"isPartOf\":{\"@id\":\"https:\/\/odabrano.com\/#website\"},\"datePublished\":\"2024-08-30T04:20:58+00:00\",\"dateModified\":\"2024-08-30T04:20:59+00:00\",\"breadcrumb\":{\"@id\":\"https:\/\/odabrano.com\/index.php\/2024\/08\/30\/imena-u-usponu-u-srpskoj-politici\/#breadcrumb\"},\"inLanguage\":\"en-US\",\"potentialAction\":[{\"@type\":\"ReadAction\",\"target\":[\"https:\/\/odabrano.com\/index.php\/2024\/08\/30\/imena-u-usponu-u-srpskoj-politici\/\"]}]},{\"@type\":\"BreadcrumbList\",\"@id\":\"https:\/\/odabrano.com\/index.php\/2024\/08\/30\/imena-u-usponu-u-srpskoj-politici\/#breadcrumb\",\"itemListElement\":[{\"@type\":\"ListItem\",\"position\":1,\"name\":\"Home\",\"item\":\"https:\/\/odabrano.com\/\"},{\"@type\":\"ListItem\",\"position\":2,\"name\":\"Imena u usponu u srpskoj politici\"}]},{\"@type\":\"WebSite\",\"@id\":\"https:\/\/odabrano.com\/#website\",\"url\":\"https:\/\/odabrano.com\/\",\"name\":\"odabrano\",\"description\":\"news portal koji nudi odabrane vijesti i informacije\",\"publisher\":{\"@id\":\"https:\/\/odabrano.com\/#\/schema\/person\/460f2b14657879743f23c4f6a7cd3236\"},\"alternateName\":\"vijesti i informacije iz Hrvatske i svijeta\",\"potentialAction\":[{\"@type\":\"SearchAction\",\"target\":{\"@type\":\"EntryPoint\",\"urlTemplate\":\"https:\/\/odabrano.com\/?s={search_term_string}\"},\"query-input\":\"required name=search_term_string\"}],\"inLanguage\":\"en-US\"},{\"@type\":[\"Person\",\"Organization\"],\"@id\":\"https:\/\/odabrano.com\/#\/schema\/person\/460f2b14657879743f23c4f6a7cd3236\",\"name\":\"admin\",\"image\":{\"@type\":\"ImageObject\",\"inLanguage\":\"en-US\",\"@id\":\"https:\/\/odabrano.com\/#\/schema\/person\/image\/\",\"url\":\"https:\/\/odabrano.com\/wp-content\/uploads\/2024\/04\/dolar.jpg\",\"contentUrl\":\"https:\/\/odabrano.com\/wp-content\/uploads\/2024\/04\/dolar.jpg\",\"width\":1216,\"height\":519,\"caption\":\"admin\"},\"logo\":{\"@id\":\"https:\/\/odabrano.com\/#\/schema\/person\/image\/\"},\"sameAs\":[\"http:\/\/odabrano.com\"],\"url\":\"https:\/\/odabrano.com\/index.php\/author\/sokolneno_u3xb387h\/\"}]}<\/script>\n<!-- \/ Yoast SEO plugin. -->","yoast_head_json":{"title":"Imena u usponu u srpskoj politici - odabrano","robots":{"index":"index","follow":"follow","max-snippet":"max-snippet:-1","max-image-preview":"max-image-preview:large","max-video-preview":"max-video-preview:-1"},"canonical":"https:\/\/odabrano.com\/index.php\/2024\/08\/30\/imena-u-usponu-u-srpskoj-politici\/","og_locale":"en_US","og_type":"article","og_title":"Imena u usponu u srpskoj politici - odabrano","og_description":"U politi\u010dkom pejza\u017eu Srbije, nova generacija mladih lidera donosi svje\u017einu i dinamiku. Aleksandar Jovanovi\u0107 (\u0106uta) isti\u010de se svojim anga\u017emanom u ekolo\u0161kim pitanjima i borbi za za\u0161titu \u017eivotne sredine kroz svoju stranku Zajedno za Srbiju. Njegova strast za o\u010duvanjem prirodnih resursa i dru\u0161tvenom pravdom nadahnjuje mnoge mlade aktiviste. U sli\u010dnom duhu, Mihailo Jovanovi\u0107 iz Slobodnih gra\u0111ana &hellip;","og_url":"https:\/\/odabrano.com\/index.php\/2024\/08\/30\/imena-u-usponu-u-srpskoj-politici\/","og_site_name":"odabrano","article_published_time":"2024-08-30T04:20:58+00:00","article_modified_time":"2024-08-30T04:20:59+00:00","og_image":[{"width":1024,"height":746,"url":"https:\/\/odabrano.com\/wp-content\/uploads\/2024\/08\/cuta.jpg","type":"image\/jpeg"}],"author":"admin","twitter_card":"summary_large_image","twitter_misc":{"Written by":"admin","Est. reading time":"2 minutes"},"schema":{"@context":"https:\/\/schema.org","@graph":[{"@type":"Article","@id":"https:\/\/odabrano.com\/index.php\/2024\/08\/30\/imena-u-usponu-u-srpskoj-politici\/#article","isPartOf":{"@id":"https:\/\/odabrano.com\/index.php\/2024\/08\/30\/imena-u-usponu-u-srpskoj-politici\/"},"author":{"name":"admin","@id":"https:\/\/odabrano.com\/#\/schema\/person\/460f2b14657879743f23c4f6a7cd3236"},"headline":"Imena u usponu u srpskoj politici","datePublished":"2024-08-30T04:20:58+00:00","dateModified":"2024-08-30T04:20:59+00:00","mainEntityOfPage":{"@id":"https:\/\/odabrano.com\/index.php\/2024\/08\/30\/imena-u-usponu-u-srpskoj-politici\/"},"wordCount":390,"publisher":{"@id":"https:\/\/odabrano.com\/#\/schema\/person\/460f2b14657879743f23c4f6a7cd3236"},"articleSection":["Istok"],"inLanguage":"en-US"},{"@type":"WebPage","@id":"https:\/\/odabrano.com\/index.php\/2024\/08\/30\/imena-u-usponu-u-srpskoj-politici\/","url":"https:\/\/odabrano.com\/index.php\/2024\/08\/30\/imena-u-usponu-u-srpskoj-politici\/","name":"Imena u usponu u srpskoj politici - odabrano","isPartOf":{"@id":"https:\/\/odabrano.com\/#website"},"datePublished":"2024-08-30T04:20:58+00:00","dateModified":"2024-08-30T04:20:59+00:00","breadcrumb":{"@id":"https:\/\/odabrano.com\/index.php\/2024\/08\/30\/imena-u-usponu-u-srpskoj-politici\/#breadcrumb"},"inLanguage":"en-US","potentialAction":[{"@type":"ReadAction","target":["https:\/\/odabrano.com\/index.php\/2024\/08\/30\/imena-u-usponu-u-srpskoj-politici\/"]}]},{"@type":"BreadcrumbList","@id":"https:\/\/odabrano.com\/index.php\/2024\/08\/30\/imena-u-usponu-u-srpskoj-politici\/#breadcrumb","itemListElement":[{"@type":"ListItem","position":1,"name":"Home","item":"https:\/\/odabrano.com\/"},{"@type":"ListItem","position":2,"name":"Imena u usponu u srpskoj politici"}]},{"@type":"WebSite","@id":"https:\/\/odabrano.com\/#website","url":"https:\/\/odabrano.com\/","name":"odabrano","description":"news portal koji nudi odabrane vijesti i informacije","publisher":{"@id":"https:\/\/odabrano.com\/#\/schema\/person\/460f2b14657879743f23c4f6a7cd3236"},"alternateName":"vijesti i informacije iz Hrvatske i svijeta","potentialAction":[{"@type":"SearchAction","target":{"@type":"EntryPoint","urlTemplate":"https:\/\/odabrano.com\/?s={search_term_string}"},"query-input":"required name=search_term_string"}],"inLanguage":"en-US"},{"@type":["Person","Organization"],"@id":"https:\/\/odabrano.com\/#\/schema\/person\/460f2b14657879743f23c4f6a7cd3236","name":"admin","image":{"@type":"ImageObject","inLanguage":"en-US","@id":"https:\/\/odabrano.com\/#\/schema\/person\/image\/","url":"https:\/\/odabrano.com\/wp-content\/uploads\/2024\/04\/dolar.jpg","contentUrl":"https:\/\/odabrano.com\/wp-content\/uploads\/2024\/04\/dolar.jpg","width":1216,"height":519,"caption":"admin"},"logo":{"@id":"https:\/\/odabrano.com\/#\/schema\/person\/image\/"},"sameAs":["http:\/\/odabrano.com"],"url":"https:\/\/odabrano.com\/index.php\/author\/sokolneno_u3xb387h\/"}]}},"_links":{"self":[{"href":"https:\/\/odabrano.com\/index.php\/wp-json\/wp\/v2\/posts\/4207","targetHints":{"allow":["GET"]}}],"collection":[{"href":"https:\/\/odabrano.com\/index.php\/wp-json\/wp\/v2\/posts"}],"about":[{"href":"https:\/\/odabrano.com\/index.php\/wp-json\/wp\/v2\/types\/post"}],"author":[{"embeddable":true,"href":"https:\/\/odabrano.com\/index.php\/wp-json\/wp\/v2\/users\/1"}],"replies":[{"embeddable":true,"href":"https:\/\/odabrano.com\/index.php\/wp-json\/wp\/v2\/comments?post=4207"}],"version-history":[{"count":1,"href":"https:\/\/odabrano.com\/index.php\/wp-json\/wp\/v2\/posts\/4207\/revisions"}],"predecessor-version":[{"id":4210,"href":"https:\/\/odabrano.com\/index.php\/wp-json\/wp\/v2\/posts\/4207\/revisions\/4210"}],"wp:featuredmedia":[{"embeddable":true,"href":"https:\/\/odabrano.com\/index.php\/wp-json\/wp\/v2\/media\/4208"}],"wp:attachment":[{"href":"https:\/\/odabrano.com\/index.php\/wp-json\/wp\/v2\/media?parent=4207"}],"wp:term":[{"taxonomy":"category","embeddable":true,"href":"https:\/\/odabrano.com\/index.php\/wp-json\/wp\/v2\/categories?post=4207"},{"taxonomy":"post_tag","embeddable":true,"href":"https:\/\/odabrano.com\/index.php\/wp-json\/wp\/v2\/tags?post=4207"}],"curies":[{"name":"wp","href":"https:\/\/api.w.org\/{rel}","templated":true}]}}