{"id":4086,"date":"2024-08-24T15:16:13","date_gmt":"2024-08-24T13:16:13","guid":{"rendered":"http:\/\/odabrano.com\/?p=4086"},"modified":"2024-08-24T15:32:26","modified_gmt":"2024-08-24T13:32:26","slug":"kuca-za-odmor-uz-plazu-privatni-grijani-bazen","status":"publish","type":"post","link":"https:\/\/odabrano.com\/index.php\/2024\/08\/24\/kuca-za-odmor-uz-plazu-privatni-grijani-bazen\/","title":{"rendered":"Ku\u0107a za odmor uz pla\u017eu &#8211; privatni grijani bazen"},"content":{"rendered":"\n<p>Smje\u0161tena u malom turisti\u010dkom mjestu Mimice, ova luksuzna vila savr\u0161en je izbor za obiteljski odmor. Mo\u017ee primiti do 14 osoba, sa 6 spava\u0107ih soba sa bra\u010dnim krevetima, dvije potpuno opremljene kuhinje i dnevnim boravkom, 6,5 kupaonica , vanjskim bazenom i svime \u0161to vam je potrebno ili \u017eelite za ugodan boravak me\u0111u obitelji i prijateljima.<br>Odli\u010dna lokacija, samo 50 metara od mora i 100 metara od najbli\u017ee pla\u017ee!<br>Split je 35km, Makarska je 24km, a Omi\u0161 je 10km od objekta!<\/p>\n\n\n\n<h3 class=\"wp-block-heading\">Prostor<\/h3>\n\n\n\n<p>Uz besplatan privatni parking, vila se nalazi na podru\u010dju gdje gosti imaju privatnost daleko od gradske buke i mogu zaista u\u017eivati u svom ljetnom domu!<br>S oko 390 m\u00b2, na \u010detiri eta\u017ee, vila ima u prizemlju veliki i svijetli dnevni boravak, udobno opremljen HD televizorom. Odatle mo\u017eete pristupiti blagovaonici i kuhinji s velikim prozorima s pogledom na more te potpuno opremljenoj kuhinji (hladnjak, pe\u0107nica, mikrovalna pe\u0107nica, perilica posu\u0111a, aparat za kavu itd.) s prostorom za sjedenje i uredskim prostorom.<br>Mo\u017eete iza\u0107i izravno na verandu i terasu kako biste pristupili grijanom bazenu s pogledom na more.<br>Na prvom katu se nalaze 3 spava\u0107e sobe s bra\u010dnim krevetima (1,80mx2,00m). Svaka spava\u0107a soba ima klima-ure\u0111aj i HD TV. Tu su i dvije kupaonice s WC-om i praonica rublja s perilicom i su\u0161ilicom.<br>Na drugom katu nalaze se dvije spava\u0107e sobe s bra\u010dnim krevetima i dodatnom kupaonicom. Jedna spava\u0107a soba tako\u0111er ima terasu s pogledom na more. Na istom katu se nalazi i kuhinja s prostorom za sjedenje i prostranom terasom.<br>Na tre\u0107em katu nalaze se velika spava\u0107a soba i terasa s koje se pru\u017ea zadivljuju\u0107i pogled na more.<br>Vani \u0107ete u\u017eivati u prekrasnoj privatnoj ure\u0111enoj terasi s brojnim borovima, travnatim i \u0161umovitim prirodnim povr\u0161inama, prekrasnom bazenu od 20 m\u00b2 s prekrasnim pogledom, ro\u0161tiljem i vrtnim namje\u0161tajem.<\/p>\n\n\n\n<h3 class=\"wp-block-heading\">Ostale napomene<\/h3>\n\n\n\n<p>Ako \u017eelite otkriti podru\u010dje, planinarenje, ronjenje i ronjenje su mogu\u0107i u okolici.<br>Nekretnina nudi uslugu prijevoza iz\/do zra\u010dne luke uz nadoplatu.<br>Podru\u010dje Omi\u0161a nudi razne pustolovne aktivnosti kao \u0161to su rafting na rijeci Cetini, cetinski rije\u010dni tubing, kanu safari na rijeci Cetini, kanjoning rijeke Cetine, penjanje na stijene u Omi\u0161u i najpoznatija &#8211; zip line u Omi\u0161u.<br><br><strong><a href=\"https:\/\/hr.airbnb.com\/rooms\/593366110540588381?source_impression_id=p3_1724505030_P3Rkv1vLCnXijyPa\">Ku\u0107a za odmor uz pla\u017eu<\/a><\/strong><br><br><strong>English<\/strong><\/p>\n\n\n\n<p>Located in the small tourist town of Mimice, this luxurious villa is the perfect choice for a family vacation. It can accommodate up to 14 people, with 6 bedrooms with double beds, two fully equipped kitchens and living rooms, 6.5 bathrooms, an outdoor pool, and everything you need or want for a pleasant stay with family and friends.<\/p>\n\n\n\n<p>Great location, only 50 meters from the sea and 100 meters from the nearest beach! Split is 35 km, Makarska is 24 km, and Omi\u0161 is 10 km away!<\/p>\n\n\n\n<h3 class=\"wp-block-heading\">Space<\/h3>\n\n\n\n<p>In addition to free private parking, the villa is located in an area where guests have privacy away from the city noise and can truly enjoy their summer home!<\/p>\n\n\n\n<p>With around 390 m\u00b2 spread over four floors, the villa has a large and bright living room on the ground floor, comfortably equipped with an HD TV. From there, you can access the dining room and kitchen with large windows overlooking the sea and a fully equipped kitchen (fridge, oven, microwave, dishwasher, coffee machine, etc.) with a seating area and office space.<\/p>\n\n\n\n<p>You can step directly onto the veranda and terrace to access the heated pool with a sea view.<\/p>\n\n\n\n<p>On the first floor, there are 3 bedrooms with double beds (1.80m x 2.00m). Each bedroom has air conditioning and an HD TV. There are also two bathrooms with toilets and a laundry room with a washing machine and dryer.<\/p>\n\n\n\n<p>On the second floor, there are two bedrooms with double beds and an additional bathroom. One bedroom also has a terrace with a sea view. On the same floor, there is also a kitchen with a seating area and a spacious terrace.<\/p>\n\n\n\n<p>On the third floor, there is a large bedroom and a terrace offering a stunning sea view.<\/p>\n\n\n\n<p>Outside, you will enjoy a beautiful private landscaped terrace with numerous pine trees, grassy and wooded natural areas, a beautiful 20 m\u00b2 pool with a gorgeous view, a barbecue, and garden furniture.<\/p>\n\n\n\n<h3 class=\"wp-block-heading\">Other Notes<\/h3>\n\n\n\n<p>If you wish to explore the area, hiking, diving, and snorkeling are possible in the surroundings. The property offers airport shuttle service at an additional charge.<\/p>\n\n\n\n<p>The Omi\u0161 area offers various adventure activities such as rafting on the Cetina River, Cetina river tubing, canoe safari on the Cetina River, Cetina river canyoning, rock climbing in Omi\u0161, and the most famous &#8211; the Omi\u0161 zip line.<\/p>\n","protected":false},"excerpt":{"rendered":"<p>Smje\u0161tena u malom turisti\u010dkom mjestu Mimice, ova luksuzna vila savr\u0161en je izbor za obiteljski odmor. Mo\u017ee primiti do 14 osoba, sa 6 spava\u0107ih soba sa bra\u010dnim krevetima, dvije potpuno opremljene kuhinje i dnevnim boravkom, 6,5 kupaonica , vanjskim bazenom i svime \u0161to vam je potrebno ili \u017eelite za ugodan boravak me\u0111u obitelji i prijateljima.Odli\u010dna lokacija, &hellip;<\/p>\n","protected":false},"author":1,"featured_media":4087,"comment_status":"closed","ping_status":"open","sticky":false,"template":"","format":"standard","meta":{"_monsterinsights_skip_tracking":false,"_monsterinsights_sitenote_active":false,"_monsterinsights_sitenote_note":"","_monsterinsights_sitenote_category":0,"footnotes":""},"categories":[871],"tags":[860,873,874],"class_list":["post-4086","post","type-post","status-publish","format-standard","has-post-thumbnail","","category-accommodations","tag-dalmatia","tag-kuca-uz-plazu","tag-mimice"],"yoast_head":"<!-- This site is optimized with the Yoast SEO plugin v22.1 - https:\/\/yoast.com\/wordpress\/plugins\/seo\/ -->\n<title>Ku\u0107a za odmor uz pla\u017eu - privatni grijani bazen - odabrano<\/title>\n<meta name=\"robots\" content=\"index, follow, max-snippet:-1, max-image-preview:large, max-video-preview:-1\" \/>\n<link rel=\"canonical\" href=\"https:\/\/odabrano.com\/index.php\/2024\/08\/24\/kuca-za-odmor-uz-plazu-privatni-grijani-bazen\/\" \/>\n<meta property=\"og:locale\" content=\"en_US\" \/>\n<meta property=\"og:type\" content=\"article\" \/>\n<meta property=\"og:title\" content=\"Ku\u0107a za odmor uz pla\u017eu - privatni grijani bazen - odabrano\" \/>\n<meta property=\"og:description\" content=\"Smje\u0161tena u malom turisti\u010dkom mjestu Mimice, ova luksuzna vila savr\u0161en je izbor za obiteljski odmor. Mo\u017ee primiti do 14 osoba, sa 6 spava\u0107ih soba sa bra\u010dnim krevetima, dvije potpuno opremljene kuhinje i dnevnim boravkom, 6,5 kupaonica , vanjskim bazenom i svime \u0161to vam je potrebno ili \u017eelite za ugodan boravak me\u0111u obitelji i prijateljima.Odli\u010dna lokacija, &hellip;\" \/>\n<meta property=\"og:url\" content=\"https:\/\/odabrano.com\/index.php\/2024\/08\/24\/kuca-za-odmor-uz-plazu-privatni-grijani-bazen\/\" \/>\n<meta property=\"og:site_name\" content=\"odabrano\" \/>\n<meta property=\"article:published_time\" content=\"2024-08-24T13:16:13+00:00\" \/>\n<meta property=\"article:modified_time\" content=\"2024-08-24T13:32:26+00:00\" \/>\n<meta property=\"og:image\" content=\"https:\/\/odabrano.com\/wp-content\/uploads\/2024\/08\/mimice.webp\" \/>\n\t<meta property=\"og:image:width\" content=\"1200\" \/>\n\t<meta property=\"og:image:height\" content=\"800\" \/>\n\t<meta property=\"og:image:type\" content=\"image\/webp\" \/>\n<meta name=\"author\" content=\"admin\" \/>\n<meta name=\"twitter:card\" content=\"summary_large_image\" \/>\n<meta name=\"twitter:label1\" content=\"Written by\" \/>\n\t<meta name=\"twitter:data1\" content=\"admin\" \/>\n\t<meta name=\"twitter:label2\" content=\"Est. reading time\" \/>\n\t<meta name=\"twitter:data2\" content=\"4 minutes\" \/>\n<script type=\"application\/ld+json\" class=\"yoast-schema-graph\">{\"@context\":\"https:\/\/schema.org\",\"@graph\":[{\"@type\":\"Article\",\"@id\":\"https:\/\/odabrano.com\/index.php\/2024\/08\/24\/kuca-za-odmor-uz-plazu-privatni-grijani-bazen\/#article\",\"isPartOf\":{\"@id\":\"https:\/\/odabrano.com\/index.php\/2024\/08\/24\/kuca-za-odmor-uz-plazu-privatni-grijani-bazen\/\"},\"author\":{\"name\":\"admin\",\"@id\":\"https:\/\/odabrano.com\/#\/schema\/person\/460f2b14657879743f23c4f6a7cd3236\"},\"headline\":\"Ku\u0107a za odmor uz pla\u017eu &#8211; privatni grijani bazen\",\"datePublished\":\"2024-08-24T13:16:13+00:00\",\"dateModified\":\"2024-08-24T13:32:26+00:00\",\"mainEntityOfPage\":{\"@id\":\"https:\/\/odabrano.com\/index.php\/2024\/08\/24\/kuca-za-odmor-uz-plazu-privatni-grijani-bazen\/\"},\"wordCount\":793,\"publisher\":{\"@id\":\"https:\/\/odabrano.com\/#\/schema\/person\/460f2b14657879743f23c4f6a7cd3236\"},\"keywords\":[\"dalmatia\",\"ku\u0107a uz pla\u017eu\",\"mimice\"],\"articleSection\":[\"Accommodations\"],\"inLanguage\":\"en-US\"},{\"@type\":\"WebPage\",\"@id\":\"https:\/\/odabrano.com\/index.php\/2024\/08\/24\/kuca-za-odmor-uz-plazu-privatni-grijani-bazen\/\",\"url\":\"https:\/\/odabrano.com\/index.php\/2024\/08\/24\/kuca-za-odmor-uz-plazu-privatni-grijani-bazen\/\",\"name\":\"Ku\u0107a za odmor uz pla\u017eu - privatni grijani bazen - odabrano\",\"isPartOf\":{\"@id\":\"https:\/\/odabrano.com\/#website\"},\"datePublished\":\"2024-08-24T13:16:13+00:00\",\"dateModified\":\"2024-08-24T13:32:26+00:00\",\"breadcrumb\":{\"@id\":\"https:\/\/odabrano.com\/index.php\/2024\/08\/24\/kuca-za-odmor-uz-plazu-privatni-grijani-bazen\/#breadcrumb\"},\"inLanguage\":\"en-US\",\"potentialAction\":[{\"@type\":\"ReadAction\",\"target\":[\"https:\/\/odabrano.com\/index.php\/2024\/08\/24\/kuca-za-odmor-uz-plazu-privatni-grijani-bazen\/\"]}]},{\"@type\":\"BreadcrumbList\",\"@id\":\"https:\/\/odabrano.com\/index.php\/2024\/08\/24\/kuca-za-odmor-uz-plazu-privatni-grijani-bazen\/#breadcrumb\",\"itemListElement\":[{\"@type\":\"ListItem\",\"position\":1,\"name\":\"Home\",\"item\":\"https:\/\/odabrano.com\/\"},{\"@type\":\"ListItem\",\"position\":2,\"name\":\"Ku\u0107a za odmor uz pla\u017eu &#8211; privatni grijani bazen\"}]},{\"@type\":\"WebSite\",\"@id\":\"https:\/\/odabrano.com\/#website\",\"url\":\"https:\/\/odabrano.com\/\",\"name\":\"odabrano\",\"description\":\"news portal koji nudi odabrane vijesti i informacije\",\"publisher\":{\"@id\":\"https:\/\/odabrano.com\/#\/schema\/person\/460f2b14657879743f23c4f6a7cd3236\"},\"alternateName\":\"vijesti i informacije iz Hrvatske i svijeta\",\"potentialAction\":[{\"@type\":\"SearchAction\",\"target\":{\"@type\":\"EntryPoint\",\"urlTemplate\":\"https:\/\/odabrano.com\/?s={search_term_string}\"},\"query-input\":\"required name=search_term_string\"}],\"inLanguage\":\"en-US\"},{\"@type\":[\"Person\",\"Organization\"],\"@id\":\"https:\/\/odabrano.com\/#\/schema\/person\/460f2b14657879743f23c4f6a7cd3236\",\"name\":\"admin\",\"image\":{\"@type\":\"ImageObject\",\"inLanguage\":\"en-US\",\"@id\":\"https:\/\/odabrano.com\/#\/schema\/person\/image\/\",\"url\":\"https:\/\/odabrano.com\/wp-content\/uploads\/2024\/04\/dolar.jpg\",\"contentUrl\":\"https:\/\/odabrano.com\/wp-content\/uploads\/2024\/04\/dolar.jpg\",\"width\":1216,\"height\":519,\"caption\":\"admin\"},\"logo\":{\"@id\":\"https:\/\/odabrano.com\/#\/schema\/person\/image\/\"},\"sameAs\":[\"http:\/\/odabrano.com\"],\"url\":\"https:\/\/odabrano.com\/index.php\/author\/sokolneno_u3xb387h\/\"}]}<\/script>\n<!-- \/ Yoast SEO plugin. -->","yoast_head_json":{"title":"Ku\u0107a za odmor uz pla\u017eu - privatni grijani bazen - odabrano","robots":{"index":"index","follow":"follow","max-snippet":"max-snippet:-1","max-image-preview":"max-image-preview:large","max-video-preview":"max-video-preview:-1"},"canonical":"https:\/\/odabrano.com\/index.php\/2024\/08\/24\/kuca-za-odmor-uz-plazu-privatni-grijani-bazen\/","og_locale":"en_US","og_type":"article","og_title":"Ku\u0107a za odmor uz pla\u017eu - privatni grijani bazen - odabrano","og_description":"Smje\u0161tena u malom turisti\u010dkom mjestu Mimice, ova luksuzna vila savr\u0161en je izbor za obiteljski odmor. Mo\u017ee primiti do 14 osoba, sa 6 spava\u0107ih soba sa bra\u010dnim krevetima, dvije potpuno opremljene kuhinje i dnevnim boravkom, 6,5 kupaonica , vanjskim bazenom i svime \u0161to vam je potrebno ili \u017eelite za ugodan boravak me\u0111u obitelji i prijateljima.Odli\u010dna lokacija, &hellip;","og_url":"https:\/\/odabrano.com\/index.php\/2024\/08\/24\/kuca-za-odmor-uz-plazu-privatni-grijani-bazen\/","og_site_name":"odabrano","article_published_time":"2024-08-24T13:16:13+00:00","article_modified_time":"2024-08-24T13:32:26+00:00","og_image":[{"width":1200,"height":800,"url":"https:\/\/odabrano.com\/wp-content\/uploads\/2024\/08\/mimice.webp","type":"image\/webp"}],"author":"admin","twitter_card":"summary_large_image","twitter_misc":{"Written by":"admin","Est. reading time":"4 minutes"},"schema":{"@context":"https:\/\/schema.org","@graph":[{"@type":"Article","@id":"https:\/\/odabrano.com\/index.php\/2024\/08\/24\/kuca-za-odmor-uz-plazu-privatni-grijani-bazen\/#article","isPartOf":{"@id":"https:\/\/odabrano.com\/index.php\/2024\/08\/24\/kuca-za-odmor-uz-plazu-privatni-grijani-bazen\/"},"author":{"name":"admin","@id":"https:\/\/odabrano.com\/#\/schema\/person\/460f2b14657879743f23c4f6a7cd3236"},"headline":"Ku\u0107a za odmor uz pla\u017eu &#8211; privatni grijani bazen","datePublished":"2024-08-24T13:16:13+00:00","dateModified":"2024-08-24T13:32:26+00:00","mainEntityOfPage":{"@id":"https:\/\/odabrano.com\/index.php\/2024\/08\/24\/kuca-za-odmor-uz-plazu-privatni-grijani-bazen\/"},"wordCount":793,"publisher":{"@id":"https:\/\/odabrano.com\/#\/schema\/person\/460f2b14657879743f23c4f6a7cd3236"},"keywords":["dalmatia","ku\u0107a uz pla\u017eu","mimice"],"articleSection":["Accommodations"],"inLanguage":"en-US"},{"@type":"WebPage","@id":"https:\/\/odabrano.com\/index.php\/2024\/08\/24\/kuca-za-odmor-uz-plazu-privatni-grijani-bazen\/","url":"https:\/\/odabrano.com\/index.php\/2024\/08\/24\/kuca-za-odmor-uz-plazu-privatni-grijani-bazen\/","name":"Ku\u0107a za odmor uz pla\u017eu - privatni grijani bazen - odabrano","isPartOf":{"@id":"https:\/\/odabrano.com\/#website"},"datePublished":"2024-08-24T13:16:13+00:00","dateModified":"2024-08-24T13:32:26+00:00","breadcrumb":{"@id":"https:\/\/odabrano.com\/index.php\/2024\/08\/24\/kuca-za-odmor-uz-plazu-privatni-grijani-bazen\/#breadcrumb"},"inLanguage":"en-US","potentialAction":[{"@type":"ReadAction","target":["https:\/\/odabrano.com\/index.php\/2024\/08\/24\/kuca-za-odmor-uz-plazu-privatni-grijani-bazen\/"]}]},{"@type":"BreadcrumbList","@id":"https:\/\/odabrano.com\/index.php\/2024\/08\/24\/kuca-za-odmor-uz-plazu-privatni-grijani-bazen\/#breadcrumb","itemListElement":[{"@type":"ListItem","position":1,"name":"Home","item":"https:\/\/odabrano.com\/"},{"@type":"ListItem","position":2,"name":"Ku\u0107a za odmor uz pla\u017eu &#8211; privatni grijani bazen"}]},{"@type":"WebSite","@id":"https:\/\/odabrano.com\/#website","url":"https:\/\/odabrano.com\/","name":"odabrano","description":"news portal koji nudi odabrane vijesti i informacije","publisher":{"@id":"https:\/\/odabrano.com\/#\/schema\/person\/460f2b14657879743f23c4f6a7cd3236"},"alternateName":"vijesti i informacije iz Hrvatske i svijeta","potentialAction":[{"@type":"SearchAction","target":{"@type":"EntryPoint","urlTemplate":"https:\/\/odabrano.com\/?s={search_term_string}"},"query-input":"required name=search_term_string"}],"inLanguage":"en-US"},{"@type":["Person","Organization"],"@id":"https:\/\/odabrano.com\/#\/schema\/person\/460f2b14657879743f23c4f6a7cd3236","name":"admin","image":{"@type":"ImageObject","inLanguage":"en-US","@id":"https:\/\/odabrano.com\/#\/schema\/person\/image\/","url":"https:\/\/odabrano.com\/wp-content\/uploads\/2024\/04\/dolar.jpg","contentUrl":"https:\/\/odabrano.com\/wp-content\/uploads\/2024\/04\/dolar.jpg","width":1216,"height":519,"caption":"admin"},"logo":{"@id":"https:\/\/odabrano.com\/#\/schema\/person\/image\/"},"sameAs":["http:\/\/odabrano.com"],"url":"https:\/\/odabrano.com\/index.php\/author\/sokolneno_u3xb387h\/"}]}},"_links":{"self":[{"href":"https:\/\/odabrano.com\/index.php\/wp-json\/wp\/v2\/posts\/4086","targetHints":{"allow":["GET"]}}],"collection":[{"href":"https:\/\/odabrano.com\/index.php\/wp-json\/wp\/v2\/posts"}],"about":[{"href":"https:\/\/odabrano.com\/index.php\/wp-json\/wp\/v2\/types\/post"}],"author":[{"embeddable":true,"href":"https:\/\/odabrano.com\/index.php\/wp-json\/wp\/v2\/users\/1"}],"replies":[{"embeddable":true,"href":"https:\/\/odabrano.com\/index.php\/wp-json\/wp\/v2\/comments?post=4086"}],"version-history":[{"count":3,"href":"https:\/\/odabrano.com\/index.php\/wp-json\/wp\/v2\/posts\/4086\/revisions"}],"predecessor-version":[{"id":4092,"href":"https:\/\/odabrano.com\/index.php\/wp-json\/wp\/v2\/posts\/4086\/revisions\/4092"}],"wp:featuredmedia":[{"embeddable":true,"href":"https:\/\/odabrano.com\/index.php\/wp-json\/wp\/v2\/media\/4087"}],"wp:attachment":[{"href":"https:\/\/odabrano.com\/index.php\/wp-json\/wp\/v2\/media?parent=4086"}],"wp:term":[{"taxonomy":"category","embeddable":true,"href":"https:\/\/odabrano.com\/index.php\/wp-json\/wp\/v2\/categories?post=4086"},{"taxonomy":"post_tag","embeddable":true,"href":"https:\/\/odabrano.com\/index.php\/wp-json\/wp\/v2\/tags?post=4086"}],"curies":[{"name":"wp","href":"https:\/\/api.w.org\/{rel}","templated":true}]}}