{"id":405,"date":"2024-03-24T09:12:42","date_gmt":"2024-03-24T09:12:42","guid":{"rendered":"http:\/\/odabrano.com\/?p=405"},"modified":"2024-03-24T09:12:43","modified_gmt":"2024-03-24T09:12:43","slug":"napad-u-moskvi-dan-zalosti-nakon-133-ubijenih-na-koncertu-u-crocus-city-hallu","status":"publish","type":"post","link":"https:\/\/odabrano.com\/index.php\/2024\/03\/24\/napad-u-moskvi-dan-zalosti-nakon-133-ubijenih-na-koncertu-u-crocus-city-hallu\/","title":{"rendered":"Napad u Moskvi: Dan \u017ealosti nakon 133 ubijenih na koncertu u Crocus City Hallu"},"content":{"rendered":"\n<p><strong>U Rusiji je dan \u017ealosti nakon \u0161to su najmanje 133 osobe ubijene u petak nave\u010der u napadu na prepunoj koncertnoj dvorani u Moskvi.<\/strong><\/p>\n\n\n\n<p>Zastave su spu\u0161tene na pola koplja, mnogi doga\u0111aji su otkazani, a TV kanali su a\u017eurirali svoje rasporede.<\/p>\n\n\n\n<p>Vi\u0161e od 140 ljudi tako\u0111er je ozlije\u0111eno kada su naoru\u017eani napada\u010di u\u0161li u gradsku vije\u0107nicu Crocus, neselektivno pucaju\u0107i prije nego \u0161to su je zapalili.<\/p>\n\n\n\n<p>Grupa Islamska dr\u017eava (IS) ka\u017ee da stoji iza napada.<\/p>\n\n\n\n<p>U subotu je Amaq, medijska ku\u0107a IS-a, objavila sliku \u010detvorice maskiranih mu\u0161karaca za koje tvrde da su bili uklju\u010deni u napad. Rusija nije komentirala tvrdnje IS-a.<\/p>\n\n\n\n<p>Grupa je kasnije objavila vrlo eksplicitne snimke napada. Snimka, koju je BBC potvrdio kao autenti\u010dnu, prikazuje jednog od napada\u010da kako otvara vatru na nekoliko ljudi. BBC ne\u0107e emitirati ovaj video.<\/p>\n\n\n\n<p>Ruski predsjednik Vladimir Putin rekao je da su uhi\u0107ena sva \u010detiri napada\u010da koji su izveli napad.<\/p>\n\n\n\n<p>U televizijskom obra\u0107anju u subotu, g. Putin je osudio masakr &#8211; najsmrtonosniji u Rusiji u gotovo 20 godina &#8211; kao &#8220;barbarski teroristi\u010dki \u010din&#8221; i ponovio ranije sugestije ruskih sigurnosnih slu\u017ebi da su napada\u010di poku\u0161ali pobje\u0107i u Ukrajinu.<\/p>\n\n\n\n<p>Kijev je odbacio tvrdnju da je na neki na\u010din upleten u napad kao &#8220;apsurdnu&#8221;.<\/p>\n\n\n\n<p>&#8220;Sugerirati da su osumnji\u010denici i\u0161li u Ukrajinu zna\u010dilo bi da su bili glupi ili skloni samoubojstvu&#8221;, rekao je za BBC Andriy Yusov, glasnogovornik ukrajinske vojne obavje\u0161tajne uprave.<\/p>\n\n\n\n<p>Ukrajinski predsjednik Volodymyr Zelensky optu\u017eio je Putina da \u017eeli &#8220;okriviti&#8221; Ukrajinu za napad. &#8220;Ovaj bezvrijedni Putin, umjesto da se bavi svojim gra\u0111anima Rusije, da im se obrati, \u0161utio je jedan dan &#8211; razmi\u0161ljaju\u0107i kako to dovesti do Ukrajine&#8221;, rekao je u svom no\u0107nom obra\u0107anju.<\/p>\n\n\n\n<p>Ameri\u010dko Vije\u0107e za nacionalnu sigurnost priop\u0107ilo je da je upozorilo Rusiju na potencijalni napad na &#8220;velika okupljanja&#8221;, uklju\u010duju\u0107i koncerte, u Moskvi ranije ovog mjeseca. Kremlj je to u to vrijeme odbacio kao &#8220;propagandu&#8221; i poku\u0161aj Washingtona da se umije\u0161a u nedavne ruske izbore.<\/p>\n\n\n\n<p>U subotu je Bijela ku\u0107a priop\u0107ila da osu\u0111uje &#8220;gnusni&#8221; napad i opisala IS kao &#8220;zajedni\u010dkog teroristi\u010dkog neprijatelja koji mora biti pora\u017een posvuda&#8221;.<\/p>\n\n\n\n<p>Izvje\u0161taji o ozbiljnom napadu unutar Crocus City Halla, u moskovskom predgra\u0111u Krasnogorsk, po\u010deli su pristizati u petak oko 20:00 sati po lokalnom vremenu (17:00 GMT).<\/p>\n\n\n\n<p>Do 6.200 ljudi bilo je okupljeno u petak nave\u010der na rock koncertu veteranskog benda Picnic kada je po\u010dela pucnjava.<\/p>\n\n\n\n<p>Jedna snimka objavljena na internetu prikazuje nekoliko mu\u0161karaca kako kora\u010daju dvoranom, gdje su otvorili vatru na \u010dlanove javnosti, prije nego \u0161to su se ponovno naoru\u017eali i u\u0161li u dvoranu.<\/p>\n\n\n\n<p>Gomile ljudi snimljene su kako vri\u0161te i tr\u010de u panici dok su mu\u0161karci upadali. Drugi su vi\u0111eni kako se skrivaju iza svojih sjedala dok su mu\u0161karci pucali u gledali\u0161te.<\/p>\n\n\n\n<p>Neki od onih koji su poku\u0161ali pobje\u0107i od napada\u010da navodno su pobjegli u podrum, a drugi na krov.<\/p>\n\n\n\n<p>&#8220;Samo su hodali i metodi\u010dno ubijali sve u ti\u0161ini. Zvuk je odjekivao i nismo mogli razumjeti \u0161to je gdje&#8221;, prisjetila se posjetiteljica koncerta Anastasia Rodionova.<\/p>\n\n\n\n<p>Vitalij, jo\u0161 jedan posjetitelj, vidio je napad s balkona. \u201cBacili su neke benzinske bombe, sve je po\u010delo gorjeti\u201d, rekao je.<\/p>\n\n\n\n<p>Izvan dvorane ogromni su oblakovi dima ispunili nebo. Kasnije je vi\u0111en po\u017ear koji je zahvatio krov i fasadu dvorane. Dr\u017eavna novinska agencija Tass izvijestila je da je otprilike tre\u0107ina zgrade zapaljena.<\/p>\n\n\n\n<p>U drugim izvje\u0161\u0107ima govorilo se o eksplozijama od kojih su razbijena stakla na gornja dva kata gra\u0111evine.<\/p>\n\n\n\n<p>Brojne jedinice specijalnih snaga upale su na mjesto doga\u0111aja, dok su medicinsko osoblje i deseci vozila hitne pomo\u0107i poslani na mjesto doga\u0111aja. Helikopteri koji su kru\u017eili iznad njih poku\u0161avali su ugasiti vatru.<\/p>\n\n\n\n<p>Rusko istra\u017eno povjerenstvo priop\u0107ilo je da su napada\u010di upotrijebili zapaljivu teku\u0107inu kako bi zapalili dijelove koncertne dvorane te da su smrt \u017ertava uzrokovane ranama od vatrenog oru\u017eja i trovanjem produktima izgaranja.<\/p>\n\n\n\n<p>U subotu je ispred koncertne dvorane postavljen improvizirani spomenik gdje su Moskovljani palili svije\u0107e i polagali cvije\u0107e. Drugi su stajali u redu da daju krv za \u017ertve masakra.<\/p>\n\n\n\n<p>U Moskvi i drugim mjestima i gradovima elektroni\u010dki su plakati prikazivali sliku jedne goru\u0107e svije\u0107e i rije\u010d &#8220;Skorbim&#8221; &#8211; &#8220;tugujemo&#8221;.<\/p>\n\n\n\n<p>Predsjednik Putin proglasio je nedjelju danom nacionalne \u017ealosti, a doga\u0111aji za vikend otkazani su diljem Rusije.<\/p>\n\n\n\n<p>Spomenici su se tako\u0111er pojavili ispred ruskih veleposlanstava u nekoliko zemalja, uklju\u010duju\u0107i Veliku Britaniju.<\/p>\n\n\n\n<p>Semyon Khraptsov, \u010dija je supruga sino\u0107 bila na koncertu i sada je nestala, rekao je da je poku\u0161ao nazvati pet bolnica, ali su sve telefonske linije bile zauzete.<\/p>\n\n\n\n<p>&#8220;U potpunoj sam panici. Ne znam \u0161to da radim, [u] potpunom sam bezna\u0111u&#8221;, rekao je.<\/p>\n","protected":false},"excerpt":{"rendered":"<p>U Rusiji je dan \u017ealosti nakon \u0161to su najmanje 133 osobe ubijene u petak nave\u010der u napadu na prepunoj koncertnoj dvorani u Moskvi. Zastave su spu\u0161tene na pola koplja, mnogi doga\u0111aji su otkazani, a TV kanali su a\u017eurirali svoje rasporede. Vi\u0161e od 140 ljudi tako\u0111er je ozlije\u0111eno kada su naoru\u017eani napada\u010di u\u0161li u gradsku vije\u0107nicu &hellip;<\/p>\n","protected":false},"author":1,"featured_media":406,"comment_status":"closed","ping_status":"open","sticky":false,"template":"","format":"standard","meta":{"_monsterinsights_skip_tracking":false,"_monsterinsights_sitenote_active":false,"_monsterinsights_sitenote_note":"","_monsterinsights_sitenote_category":0,"footnotes":""},"categories":[9],"tags":[136,137,36,129],"class_list":["post-405","post","type-post","status-publish","format-standard","has-post-thumbnail","","category-svijet","tag-dan-zalosti","tag-islamska-drzava","tag-moskva","tag-napad"],"yoast_head":"<!-- This site is optimized with the Yoast SEO plugin v22.1 - https:\/\/yoast.com\/wordpress\/plugins\/seo\/ -->\n<title>Napad u Moskvi: Dan \u017ealosti nakon 133 ubijenih na koncertu u Crocus City Hallu - odabrano<\/title>\n<meta name=\"robots\" content=\"index, follow, max-snippet:-1, max-image-preview:large, max-video-preview:-1\" \/>\n<link rel=\"canonical\" href=\"https:\/\/odabrano.com\/index.php\/2024\/03\/24\/napad-u-moskvi-dan-zalosti-nakon-133-ubijenih-na-koncertu-u-crocus-city-hallu\/\" \/>\n<meta property=\"og:locale\" content=\"en_US\" \/>\n<meta property=\"og:type\" content=\"article\" \/>\n<meta property=\"og:title\" content=\"Napad u Moskvi: Dan \u017ealosti nakon 133 ubijenih na koncertu u Crocus City Hallu - odabrano\" \/>\n<meta property=\"og:description\" content=\"U Rusiji je dan \u017ealosti nakon \u0161to su najmanje 133 osobe ubijene u petak nave\u010der u napadu na prepunoj koncertnoj dvorani u Moskvi. Zastave su spu\u0161tene na pola koplja, mnogi doga\u0111aji su otkazani, a TV kanali su a\u017eurirali svoje rasporede. Vi\u0161e od 140 ljudi tako\u0111er je ozlije\u0111eno kada su naoru\u017eani napada\u010di u\u0161li u gradsku vije\u0107nicu &hellip;\" \/>\n<meta property=\"og:url\" content=\"https:\/\/odabrano.com\/index.php\/2024\/03\/24\/napad-u-moskvi-dan-zalosti-nakon-133-ubijenih-na-koncertu-u-crocus-city-hallu\/\" \/>\n<meta property=\"og:site_name\" content=\"odabrano\" \/>\n<meta property=\"article:published_time\" content=\"2024-03-24T09:12:42+00:00\" \/>\n<meta property=\"article:modified_time\" content=\"2024-03-24T09:12:43+00:00\" \/>\n<meta property=\"og:image\" content=\"https:\/\/odabrano.com\/wp-content\/uploads\/2024\/03\/zalost.jpg\" \/>\n\t<meta property=\"og:image:width\" content=\"664\" \/>\n\t<meta property=\"og:image:height\" content=\"380\" \/>\n\t<meta property=\"og:image:type\" content=\"image\/jpeg\" \/>\n<meta name=\"author\" content=\"admin\" \/>\n<meta name=\"twitter:card\" content=\"summary_large_image\" \/>\n<meta name=\"twitter:label1\" content=\"Written by\" \/>\n\t<meta name=\"twitter:data1\" content=\"admin\" \/>\n\t<meta name=\"twitter:label2\" content=\"Est. reading time\" \/>\n\t<meta name=\"twitter:data2\" content=\"4 minutes\" \/>\n<script type=\"application\/ld+json\" class=\"yoast-schema-graph\">{\"@context\":\"https:\/\/schema.org\",\"@graph\":[{\"@type\":\"Article\",\"@id\":\"https:\/\/odabrano.com\/index.php\/2024\/03\/24\/napad-u-moskvi-dan-zalosti-nakon-133-ubijenih-na-koncertu-u-crocus-city-hallu\/#article\",\"isPartOf\":{\"@id\":\"https:\/\/odabrano.com\/index.php\/2024\/03\/24\/napad-u-moskvi-dan-zalosti-nakon-133-ubijenih-na-koncertu-u-crocus-city-hallu\/\"},\"author\":{\"name\":\"admin\",\"@id\":\"https:\/\/odabrano.com\/#\/schema\/person\/460f2b14657879743f23c4f6a7cd3236\"},\"headline\":\"Napad u Moskvi: Dan \u017ealosti nakon 133 ubijenih na koncertu u Crocus City Hallu\",\"datePublished\":\"2024-03-24T09:12:42+00:00\",\"dateModified\":\"2024-03-24T09:12:43+00:00\",\"mainEntityOfPage\":{\"@id\":\"https:\/\/odabrano.com\/index.php\/2024\/03\/24\/napad-u-moskvi-dan-zalosti-nakon-133-ubijenih-na-koncertu-u-crocus-city-hallu\/\"},\"wordCount\":836,\"publisher\":{\"@id\":\"https:\/\/odabrano.com\/#\/schema\/person\/460f2b14657879743f23c4f6a7cd3236\"},\"keywords\":[\"dan \u017ealosti\",\"islamska dr\u017eava\",\"moskva\",\"napad\"],\"articleSection\":[\"Svijet\"],\"inLanguage\":\"en-US\"},{\"@type\":\"WebPage\",\"@id\":\"https:\/\/odabrano.com\/index.php\/2024\/03\/24\/napad-u-moskvi-dan-zalosti-nakon-133-ubijenih-na-koncertu-u-crocus-city-hallu\/\",\"url\":\"https:\/\/odabrano.com\/index.php\/2024\/03\/24\/napad-u-moskvi-dan-zalosti-nakon-133-ubijenih-na-koncertu-u-crocus-city-hallu\/\",\"name\":\"Napad u Moskvi: Dan \u017ealosti nakon 133 ubijenih na koncertu u Crocus City Hallu - odabrano\",\"isPartOf\":{\"@id\":\"https:\/\/odabrano.com\/#website\"},\"datePublished\":\"2024-03-24T09:12:42+00:00\",\"dateModified\":\"2024-03-24T09:12:43+00:00\",\"breadcrumb\":{\"@id\":\"https:\/\/odabrano.com\/index.php\/2024\/03\/24\/napad-u-moskvi-dan-zalosti-nakon-133-ubijenih-na-koncertu-u-crocus-city-hallu\/#breadcrumb\"},\"inLanguage\":\"en-US\",\"potentialAction\":[{\"@type\":\"ReadAction\",\"target\":[\"https:\/\/odabrano.com\/index.php\/2024\/03\/24\/napad-u-moskvi-dan-zalosti-nakon-133-ubijenih-na-koncertu-u-crocus-city-hallu\/\"]}]},{\"@type\":\"BreadcrumbList\",\"@id\":\"https:\/\/odabrano.com\/index.php\/2024\/03\/24\/napad-u-moskvi-dan-zalosti-nakon-133-ubijenih-na-koncertu-u-crocus-city-hallu\/#breadcrumb\",\"itemListElement\":[{\"@type\":\"ListItem\",\"position\":1,\"name\":\"Home\",\"item\":\"https:\/\/odabrano.com\/\"},{\"@type\":\"ListItem\",\"position\":2,\"name\":\"Napad u Moskvi: Dan \u017ealosti nakon 133 ubijenih na koncertu u Crocus City Hallu\"}]},{\"@type\":\"WebSite\",\"@id\":\"https:\/\/odabrano.com\/#website\",\"url\":\"https:\/\/odabrano.com\/\",\"name\":\"odabrano\",\"description\":\"news portal koji nudi odabrane vijesti i informacije\",\"publisher\":{\"@id\":\"https:\/\/odabrano.com\/#\/schema\/person\/460f2b14657879743f23c4f6a7cd3236\"},\"alternateName\":\"vijesti i informacije iz Hrvatske i svijeta\",\"potentialAction\":[{\"@type\":\"SearchAction\",\"target\":{\"@type\":\"EntryPoint\",\"urlTemplate\":\"https:\/\/odabrano.com\/?s={search_term_string}\"},\"query-input\":\"required name=search_term_string\"}],\"inLanguage\":\"en-US\"},{\"@type\":[\"Person\",\"Organization\"],\"@id\":\"https:\/\/odabrano.com\/#\/schema\/person\/460f2b14657879743f23c4f6a7cd3236\",\"name\":\"admin\",\"image\":{\"@type\":\"ImageObject\",\"inLanguage\":\"en-US\",\"@id\":\"https:\/\/odabrano.com\/#\/schema\/person\/image\/\",\"url\":\"https:\/\/odabrano.com\/wp-content\/uploads\/2024\/04\/dolar.jpg\",\"contentUrl\":\"https:\/\/odabrano.com\/wp-content\/uploads\/2024\/04\/dolar.jpg\",\"width\":1216,\"height\":519,\"caption\":\"admin\"},\"logo\":{\"@id\":\"https:\/\/odabrano.com\/#\/schema\/person\/image\/\"},\"sameAs\":[\"http:\/\/odabrano.com\"],\"url\":\"https:\/\/odabrano.com\/index.php\/author\/sokolneno_u3xb387h\/\"}]}<\/script>\n<!-- \/ Yoast SEO plugin. -->","yoast_head_json":{"title":"Napad u Moskvi: Dan \u017ealosti nakon 133 ubijenih na koncertu u Crocus City Hallu - odabrano","robots":{"index":"index","follow":"follow","max-snippet":"max-snippet:-1","max-image-preview":"max-image-preview:large","max-video-preview":"max-video-preview:-1"},"canonical":"https:\/\/odabrano.com\/index.php\/2024\/03\/24\/napad-u-moskvi-dan-zalosti-nakon-133-ubijenih-na-koncertu-u-crocus-city-hallu\/","og_locale":"en_US","og_type":"article","og_title":"Napad u Moskvi: Dan \u017ealosti nakon 133 ubijenih na koncertu u Crocus City Hallu - odabrano","og_description":"U Rusiji je dan \u017ealosti nakon \u0161to su najmanje 133 osobe ubijene u petak nave\u010der u napadu na prepunoj koncertnoj dvorani u Moskvi. Zastave su spu\u0161tene na pola koplja, mnogi doga\u0111aji su otkazani, a TV kanali su a\u017eurirali svoje rasporede. Vi\u0161e od 140 ljudi tako\u0111er je ozlije\u0111eno kada su naoru\u017eani napada\u010di u\u0161li u gradsku vije\u0107nicu &hellip;","og_url":"https:\/\/odabrano.com\/index.php\/2024\/03\/24\/napad-u-moskvi-dan-zalosti-nakon-133-ubijenih-na-koncertu-u-crocus-city-hallu\/","og_site_name":"odabrano","article_published_time":"2024-03-24T09:12:42+00:00","article_modified_time":"2024-03-24T09:12:43+00:00","og_image":[{"width":664,"height":380,"url":"https:\/\/odabrano.com\/wp-content\/uploads\/2024\/03\/zalost.jpg","type":"image\/jpeg"}],"author":"admin","twitter_card":"summary_large_image","twitter_misc":{"Written by":"admin","Est. reading time":"4 minutes"},"schema":{"@context":"https:\/\/schema.org","@graph":[{"@type":"Article","@id":"https:\/\/odabrano.com\/index.php\/2024\/03\/24\/napad-u-moskvi-dan-zalosti-nakon-133-ubijenih-na-koncertu-u-crocus-city-hallu\/#article","isPartOf":{"@id":"https:\/\/odabrano.com\/index.php\/2024\/03\/24\/napad-u-moskvi-dan-zalosti-nakon-133-ubijenih-na-koncertu-u-crocus-city-hallu\/"},"author":{"name":"admin","@id":"https:\/\/odabrano.com\/#\/schema\/person\/460f2b14657879743f23c4f6a7cd3236"},"headline":"Napad u Moskvi: Dan \u017ealosti nakon 133 ubijenih na koncertu u Crocus City Hallu","datePublished":"2024-03-24T09:12:42+00:00","dateModified":"2024-03-24T09:12:43+00:00","mainEntityOfPage":{"@id":"https:\/\/odabrano.com\/index.php\/2024\/03\/24\/napad-u-moskvi-dan-zalosti-nakon-133-ubijenih-na-koncertu-u-crocus-city-hallu\/"},"wordCount":836,"publisher":{"@id":"https:\/\/odabrano.com\/#\/schema\/person\/460f2b14657879743f23c4f6a7cd3236"},"keywords":["dan \u017ealosti","islamska dr\u017eava","moskva","napad"],"articleSection":["Svijet"],"inLanguage":"en-US"},{"@type":"WebPage","@id":"https:\/\/odabrano.com\/index.php\/2024\/03\/24\/napad-u-moskvi-dan-zalosti-nakon-133-ubijenih-na-koncertu-u-crocus-city-hallu\/","url":"https:\/\/odabrano.com\/index.php\/2024\/03\/24\/napad-u-moskvi-dan-zalosti-nakon-133-ubijenih-na-koncertu-u-crocus-city-hallu\/","name":"Napad u Moskvi: Dan \u017ealosti nakon 133 ubijenih na koncertu u Crocus City Hallu - odabrano","isPartOf":{"@id":"https:\/\/odabrano.com\/#website"},"datePublished":"2024-03-24T09:12:42+00:00","dateModified":"2024-03-24T09:12:43+00:00","breadcrumb":{"@id":"https:\/\/odabrano.com\/index.php\/2024\/03\/24\/napad-u-moskvi-dan-zalosti-nakon-133-ubijenih-na-koncertu-u-crocus-city-hallu\/#breadcrumb"},"inLanguage":"en-US","potentialAction":[{"@type":"ReadAction","target":["https:\/\/odabrano.com\/index.php\/2024\/03\/24\/napad-u-moskvi-dan-zalosti-nakon-133-ubijenih-na-koncertu-u-crocus-city-hallu\/"]}]},{"@type":"BreadcrumbList","@id":"https:\/\/odabrano.com\/index.php\/2024\/03\/24\/napad-u-moskvi-dan-zalosti-nakon-133-ubijenih-na-koncertu-u-crocus-city-hallu\/#breadcrumb","itemListElement":[{"@type":"ListItem","position":1,"name":"Home","item":"https:\/\/odabrano.com\/"},{"@type":"ListItem","position":2,"name":"Napad u Moskvi: Dan \u017ealosti nakon 133 ubijenih na koncertu u Crocus City Hallu"}]},{"@type":"WebSite","@id":"https:\/\/odabrano.com\/#website","url":"https:\/\/odabrano.com\/","name":"odabrano","description":"news portal koji nudi odabrane vijesti i informacije","publisher":{"@id":"https:\/\/odabrano.com\/#\/schema\/person\/460f2b14657879743f23c4f6a7cd3236"},"alternateName":"vijesti i informacije iz Hrvatske i svijeta","potentialAction":[{"@type":"SearchAction","target":{"@type":"EntryPoint","urlTemplate":"https:\/\/odabrano.com\/?s={search_term_string}"},"query-input":"required name=search_term_string"}],"inLanguage":"en-US"},{"@type":["Person","Organization"],"@id":"https:\/\/odabrano.com\/#\/schema\/person\/460f2b14657879743f23c4f6a7cd3236","name":"admin","image":{"@type":"ImageObject","inLanguage":"en-US","@id":"https:\/\/odabrano.com\/#\/schema\/person\/image\/","url":"https:\/\/odabrano.com\/wp-content\/uploads\/2024\/04\/dolar.jpg","contentUrl":"https:\/\/odabrano.com\/wp-content\/uploads\/2024\/04\/dolar.jpg","width":1216,"height":519,"caption":"admin"},"logo":{"@id":"https:\/\/odabrano.com\/#\/schema\/person\/image\/"},"sameAs":["http:\/\/odabrano.com"],"url":"https:\/\/odabrano.com\/index.php\/author\/sokolneno_u3xb387h\/"}]}},"_links":{"self":[{"href":"https:\/\/odabrano.com\/index.php\/wp-json\/wp\/v2\/posts\/405","targetHints":{"allow":["GET"]}}],"collection":[{"href":"https:\/\/odabrano.com\/index.php\/wp-json\/wp\/v2\/posts"}],"about":[{"href":"https:\/\/odabrano.com\/index.php\/wp-json\/wp\/v2\/types\/post"}],"author":[{"embeddable":true,"href":"https:\/\/odabrano.com\/index.php\/wp-json\/wp\/v2\/users\/1"}],"replies":[{"embeddable":true,"href":"https:\/\/odabrano.com\/index.php\/wp-json\/wp\/v2\/comments?post=405"}],"version-history":[{"count":1,"href":"https:\/\/odabrano.com\/index.php\/wp-json\/wp\/v2\/posts\/405\/revisions"}],"predecessor-version":[{"id":407,"href":"https:\/\/odabrano.com\/index.php\/wp-json\/wp\/v2\/posts\/405\/revisions\/407"}],"wp:featuredmedia":[{"embeddable":true,"href":"https:\/\/odabrano.com\/index.php\/wp-json\/wp\/v2\/media\/406"}],"wp:attachment":[{"href":"https:\/\/odabrano.com\/index.php\/wp-json\/wp\/v2\/media?parent=405"}],"wp:term":[{"taxonomy":"category","embeddable":true,"href":"https:\/\/odabrano.com\/index.php\/wp-json\/wp\/v2\/categories?post=405"},{"taxonomy":"post_tag","embeddable":true,"href":"https:\/\/odabrano.com\/index.php\/wp-json\/wp\/v2\/tags?post=405"}],"curies":[{"name":"wp","href":"https:\/\/api.w.org\/{rel}","templated":true}]}}