{"id":4006,"date":"2024-08-09T21:22:31","date_gmt":"2024-08-09T19:22:31","guid":{"rendered":"http:\/\/odabrano.com\/?p=4006"},"modified":"2024-08-09T21:22:33","modified_gmt":"2024-08-09T19:22:33","slug":"litij-i-kako-bi-rudarstvo-utjecalo-na-politicku-buducnost-predsjednika-srbije","status":"publish","type":"post","link":"https:\/\/odabrano.com\/index.php\/2024\/08\/09\/litij-i-kako-bi-rudarstvo-utjecalo-na-politicku-buducnost-predsjednika-srbije\/","title":{"rendered":"Litij i kako bi rudarstvo utjecalo na politi\u010dku budu\u0107nost predsjednika Srbije?"},"content":{"rendered":"\n<p>Kako se pribli\u017eava rok od \u010detrdeset dana koji su ekolo\u0161ke organizacije dale Vladi Srbije da usvoji Zakon o zabrani eksploatacije litija i bora, sti\u017eu sve o\u0161trije poruke s gra\u0111anskih prosvjeda koji se ve\u0107 danima odr\u017eavaju u mjestima diljem sredi\u0161nje Srbije. i od predstavnika oporbenih politi\u010dkih stranaka do eksploatacije jadarita u okolici Loznice ne smije do\u0107i ni po koju cijenu zbog kolosalnog zaga\u0111enja koje bi uslijedilo.<\/p>\n\n\n\n<p>S druge strane, predstavnici vlasti iznova ponavljaju da je ekolo\u0161ki aspekt pri\u010de o iskopavanju litija protkan obmanama i la\u017eima &#8220;druge strane&#8221;, te da je projekt njegove eksploatacije povijesna razvojna \u0161ansa Srbije.<\/p>\n\n\n\n<p>Istovremeno, nastavlja se afirmativna kampanja zagovornika eksploatacije litija iz redova vlasti na nekoliko frontova, uz uvjeravanja da se ni\u0161ta ne\u0107e raditi bez garancija najvi\u0161ih ekolo\u0161kih standarda, te da ne\u0107e biti opasnosti po zdravlje ljudi, ali i pozivima na dijalog u srpskim institucijama.<\/p>\n\n\n\n<p>Sugovornici Glasa Amerike navode da se trenutna situacija u Srbiji mo\u017ee opisati kao turbulentan i slo\u017een povijesni trenutak s nepredvidivim ishodom.<\/p>\n\n\n\n<p>Umirovljeni profesor Filozofskog fakulteta, psiholog i politi\u010dar <strong>\u017darko Kora\u0107<\/strong> smatra da, od kada je Srpska napredna stranka (SNS) na vlasti do danas, nikada nije bio &#8220;ve\u0107i jaz&#8221; izme\u0111u stava gra\u0111ana i onoga \u0161to vlada radi, te da je zbog toga cijela vladaju\u0107a struktura sada u defenzivi.<\/p>\n\n\n\n<p>Ka\u017ee da je za njih to vrlo neuobi\u010dajena situacija jer je jedno od glavnih obilje\u017eja vladavine srbijanskog predsjednika <strong>Aleksandra Vu\u010di\u0107a<\/strong> populizam, te da se sada doveo u poziciju da je ve\u0107ina gra\u0111ana protiv njegovog eksplicitnog zalaganja za ne\u0161to. .<\/p>\n\n\n\n<p>&#8221; <em>Mislim <\/em><em>da u tome ne\u0107e izdr\u017eati i da \u0107e morati na\u0107i neki na\u010din da smiri situaciju&#8221;,<\/em> ka\u017ee i dodaje da ako Vu\u010di\u0107 &#8220;tvrdoglavo nastavi&#8221; inzistirati na projektu Jadar, riskira ozbiljne demonstracije protiv njega \u0161irom Srbije.<\/p>\n\n\n\n<p>Psihologinja <strong>Ana Mirkovi\u0107<\/strong> isti\u010de da prvi put nakon dugo vremena mo\u017ee prepoznati da su prosvjedi protiv rudarenja litija &#8220;jasno artikulirana narodna pobuna&#8221; i da to pla\u0161i vlast.<\/p>\n\n\n\n<p>&#8221; <em>Ovo je sada prvi put da se stvarno osjeti ta gra\u0111anska energija bunta koji ne pristaje na ne\u0161to i ovo je trenutak kada su gra\u0111ani spremni braniti svoju zemlju i to je za mene dirljivo.&#8221; S druge strane, \u010dini mi se da je vlast u defenzivi i da su upla\u0161eni. Svaki dan izlaze s novim strategijama, novim informacijama i poluplanovima, a to je vrlo nenamjerno. <\/em><em>\u010cini se <\/em><em>da su stvarno potreseni i ne znaju \u0161to <\/em><em>da <\/em><em>rade <\/em><em>\u201d <\/em><em>,<\/em> ka\u017ee Mirkovi\u0107.<\/p>\n\n\n\n<p>Ravnatelj Centra za prakti\u010dnu politiku <strong>Dragan Popovi\u0107<\/strong> tako\u0111er ocjenjuje da trenutna situacija nije laka za Vladu, jer su se stavovi oko eksploatacije litija u proteklom razdoblju dodatno radikalizirali, ali isti\u010de i stajali\u0161te prema kojem Predsjednik Srbije ne mo\u017ee sebi dopustiti da ne ispuni ne\u0161to \u0161to je ve\u0107 dogovoreno sa stranim partnerima.<\/p>\n\n\n\n<p>&#8221; <em>Ako ne uspije realizirati ovaj projekt, bilo bi to prvi put da nije proveo ne\u0161to \u0161to je obe\u0107ao svojim partnerima sa Zapada i to bi bilo prvi put da ugro\u017eava svoju nespornu poziciju nekoga tko dr\u017ei sve konce u njegove ruke. Veliki dio njegove mo\u0107i dolazi iz toga \u0161to se predstavlja kao netko tko jedini mo\u017ee ne\u0161to provesti i mislim da je to primarni problem zbog kojeg ne mo\u017ee tako lako odustati\u201d,<\/em> ka\u017ee.<\/p>\n\n\n\n<p>Sugovornici Glasa Amerike isti\u010du da je poziv vlade na dijalog o pitanju eksploatacije litija, nakon dvanaest godina tijekom kojih nije bilo pravog dijaloga ni o jednoj temi, &#8220;vrlo licemjeran&#8221; i da je za tako ne\u0161to vjerojatno prekasno.<\/p>\n\n\n\n<p>\u201c <em>Oni ( <\/em><em>Vlada <\/em><em>) su <\/em><em>ti koji ne znaju <\/em><em>\u0161to <\/em><em>je kultura dijaloga. U svakoj komunikaciji, a posebno onoj koju zovemo dijalog, podrazumijeva se da pa\u017eljivo slu\u0161ate, razumijete sugovornika, poku\u0161ate <\/em><em>se staviti <\/em><em>u njegovu ko\u017eu \u2013 to je ono \u0161to zovemo empatija, da mo\u017eete prihvatiti druga\u010dije gledi\u0161te \u2013 to je ono \u0161to nazivamo tolerancijom . Oni to nemaju, niti su ikada imali. Nemate priliku razgovarati s nekim od predstavnika te politi\u010dke opcije na na\u010din da i ta osoba \u010deka da ka\u017eete svoju misao do kraja. Dakle, dijaloga nema. Taj <\/em><em>poziv je sada <\/em><em>potez o\u010dajnika \u2013 gospodo, ukinuli ste dijalog i institucije\u201d<\/em> , ka\u017ee Ana Mirkovi\u0107.<\/p>\n\n\n\n<p>\u017darko Kora\u0107 ka\u017ee da bi osnivanje saborskog tijela koje predla\u017ee predsjednica Sabora <strong>Ana Brnabi\u0107<\/strong> u teoriji stvorilo &#8220;pravo mjesto za raspravu&#8221;, ali da jednoglasno odbijanje oporbe da sudjeluje u takvom tijelu daje do znanja da je politi\u010dka atmosfera u Srbija je takva da vlada on vi\u0161e ne mo\u017ee uspostaviti dijalog ni o jednoj temi.<\/p>\n\n\n\n<p>&#8221; <em>Mogu vlasti simulirati i dovesti ga <\/em><em>, <\/em><em>ali <\/em><em>po <\/em><em>mom mi\u0161ljenju &#8211; <\/em><em>oni <\/em><em>sada pla\u0107aju <\/em><em>cijenu \u010dinjenice da <\/em><em>nikada <\/em><em>nisu bili <\/em><em>spremni <\/em><em>razgovarati <\/em><em>o <\/em><em>bilo kojem stvarnom problemu <\/em><em>Srbije <\/em><em>&#8211; od Kosova do litija&#8221;, <\/em><em>ka\u017ee<\/em> .<em><\/em><em><\/em><em><\/em><em><\/em><em><\/em><em><\/em><em><\/em><em><\/em><\/p>\n\n\n\n<p>Dragan Popovi\u0107 smatra da bi se teoretski jo\u0161 moglo sjesti i razgovarati i da je to najbolje rje\u0161enje, ali da je u praksi tako ne\u0161to te\u0161ko zamislivo.<\/p>\n\n\n\n<p>&#8221; <em>Obi\u010dno u situacijama velikih kriza kada nema povjerenja izme\u0111u dviju strana, tre\u0107a strana do\u0111e posredovati, ali mislim da jo\u0161 nismo do\u0161li do te to\u010dke, iako se doga\u0111aji odvijaju vrlo brzo.&#8221; Ako se situacija nastavi zao\u0161travati, <\/em><em>Vlada sigurno <\/em><em>vi\u0161e ne\u0107e mo\u0107i organizirati razgovor koji bi nas eventualno mogao izvesti iz <\/em><em>jo\u0161 dubljeg sukoba<\/em> \u201d, navodi.<\/p>\n\n\n\n<p>U organizaciji ekolo\u0161kih udruga prosvjedi zbog najave otvaranja rudnika litija u utorak \u0107e se odr\u017eati u \u010detiri grada, a do subote u jo\u0161 najmanje 19 gradova.<\/p>\n\n\n\n<p>Prosvjedi su do sada odr\u017eani u 28 gradova \u0161irom Srbije, au pojedinim mjestima, prema Arhivi javnih skupova, prisustvovalo je vi\u0161e od 30 posto lokalnog stanovni\u0161tva, prenosi agencija Fonet. Ta procjena pokazuje masovan odaziv gra\u0111ana izvan Beograda kakav nije zabilje\u017een vi\u0161e od tri desetlje\u0107a &#8211; u odnosu na broj stanovnika gradova u kojima su odr\u017eani, \u010dak 13 prosvjeda bilo je proporcionalno ve\u0107e od petooktobarskih.<\/p>\n\n\n\n<p>Na svim skupovima zatra\u017eeno je da Vlada usvoji Zakon o trajnoj zabrani geolo\u0161kih istra\u017eivanja i eksploatacije litija i bora u Srbiji. Rok za njegovo usvajanje je 10. kolovoza, za kada je najavljen veliki prosvjed u Beogradu.<\/p>\n\n\n\n<p>&#8221; <em>Ne vjerujem da \u0107e prosvjednici odustati&#8221;,<\/em> isti\u010de \u017darko Kora\u0107.<\/p>\n\n\n\n<p>Ka\u017ee da na prosvjedu u Beogradu u subotu mo\u017eda ne\u0107e biti previ\u0161e gra\u0111ana na ulicama jer je ljeto i godi\u0161nji odmori, ali ocjenjuje da bi i u toj situaciji bilo jako lo\u0161e da vlast zaklju\u010di da pokret protiv rudarenja litija gubi snagu.<\/p>\n\n\n\n<p>&#8221; <em>Mislim da prosvjedi dovode do toga da Vladi ne\u0107e biti dovoljno to \u0161to opet tobo\u017ee odustaje od projekta, nego \u0107e tra\u017eiti formalni politi\u010dki poraz Vu\u010di\u0107a koji \u0107e morati re\u0107i da je projekt ad acta .&#8221; Dakle, postoji samo jedno rje\u0161enje \u2013 da vlast odustane\u201d,<\/em> dodaje Kora\u0107 i zaklju\u010duje da bi nekakav druga\u010diji rasplet situacije mogao prerasti u izravni sukob vlasti i gra\u0111ana, \u0161to bi ugrozilo mir i stabilnost u zemlji. zemlja.<\/p>\n\n\n\n<p>&#8221; <em>Ove demonstracije su vi\u0161e-manje spontane i to je velika opasnost za re\u017eim jer je takve demonstracije vrlo te\u0161ko sprije\u010diti.&#8221; Mo\u017eete koristiti samo represiju, ali to Vu\u010di\u0107 do sada nije napravio, barem kada je u pitanju iskopavanje litija. A ako bi to napravio, stvarno riskira da izgubi vlast na ulici\u201d<\/em> , zaklju\u010duje \u017darko Kora\u0107.<\/p>\n\n\n\n<p>Dragan Popovi\u0107 ka\u017ee da je vrlo te\u0161ko prognozirati kakva nas politi\u010dka jesen \u010deka, ali vjeruje da \u0107emo &#8220;svjedo\u010diti masovnih demonstracija&#8221;.<\/p>\n\n\n\n<p>&#8221; <em>Budu\u0107nost otpora protiv litija u Srbiji ovisit \u0107e, naravno, o broju ljudi na ulicama i vje\u0161tini i pametnoj <\/em><em>koncepciji i <\/em><em>komunikaciji onih koji organiziraju te prosvjede.&#8221; Imaju taj jedan zahtjev, iako je dosta visok, ali ispunjava glavni uvjet i cilj <\/em><em>im je <\/em><em>, <\/em><em>za razliku od nekih prethodnih prosvjeda, <\/em><em>jasno formuliran\u201d,<\/em> zaklju\u010duje Popovi\u0107.<\/p>\n\n\n\n<p>Ana Mirkovi\u0107 ka\u017ee da se narativ koji je javnost posljednjih 12 godina dijelio na &#8220;ljubitelje zemlje i one koji bi je prodali&#8221; sada se vra\u0107a vlastima kao bumerang.<\/p>\n\n\n\n<p>On isti\u010de da se na ulicama gradova \u0161irom Srbije sada vodi antikorporativna borba protiv Rio Tinta, ali protiv <em>&#8221; <\/em><em>onih koji su doprineli i stvorili atmosferu u kojoj je mogu\u0107e da jedna kompanija do\u0111e i prekopa pola dr\u017eave i Uzmite ono \u0161to je najlep\u0161e i \u0161to Srbiju \u010dini zemljom.&#8221; kakva jeste. <\/em><em>&#8220;<\/em><\/p>\n\n\n\n<p>Isti\u010de da su ovi prosvjedi druga\u010diji od drugih jer se ljudi bore za svoju zemlju, zrak, rijeke i domove.<\/p>\n\n\n\n<p>Ljudi <em>se <\/em><em>sada bore da Srbija \u017eivi. Imamo ustavno pravo na zrak, vodu i zemlju, <\/em><em>a <\/em><em>oni nam to \u017eele oduzeti. Ljudi jednostavno vi\u0161e ne\u0107e. Ne daju. Ne znam kako \u0107e se to odvijati, ali mislim da \u0107e ljudi biti sve bijesniji i da bi bilo dobro da se ova situacija smiri, ali da ljudi koji vode ovu dr\u017eavu nemaju kapaciteta za to. Bojim se \u0161to \u0107e se dogoditi, ali mislim da je ovo stvarno trenutak u kojem se borimo ili da Srbija opstane ili da Srbija nestane. Ovo je buran i slo\u017een povijesni trenutak u kojem se narod bori protiv dahija novoga doba&#8221;<\/em> , zaklju\u010duje Ana Mirkovi\u0107.<\/p>\n\n\n\n<p>Novi val prosvjeda diljem Srbije dogodio se nakon odluke Vlade Srbije 16. srpnja da nastavi s projektom izgradnje rudnika litija u dolini Jadra, jer ga je prethodno zaustavila 2022. godine.<\/p>\n\n\n\n<p>Tome je prethodila odluka Ustavnog suda Srbije koji je 11. srpnja proglasio neustavnom odluku Vlade Srbije da zaustavi projekt Rio Tinto, vrijedan 2,4 milijarde dolara.<\/p>\n\n\n\n<p>Vlada Srbije u Beogradu je 19. srpnja potpisala s Europskom unijom &#8220;Memorandum o kriti\u010dnim sirovinama&#8221; kojim je predvi\u0111en cijeli proizvodni lanac &#8211; od iskopavanja litija u Jadru do proizvodnje baterija za elektri\u010dna vozila.<\/p>\n\n\n\n<p>Dio stru\u010dne javnosti i ekolo\u0161kih udruga u Srbiji posljednjih godina tvrdi da bi eksploatacija litija mogla imati velike negativne posljedice po okoli\u0161.<\/p>\n\n\n\n<p>S druge strane, Rio Tinto, koji u Jadru planira podzemni rudnik litija, tvornicu za preradu i odlagali\u0161te jalovine, vi\u0161e je puta najavljivao da je projekt ekolo\u0161ki siguran.<\/p>\n\n\n\n<p>Britansko-australska tvrtka tvrdi da se projekt Jadar mo\u017ee sigurno razvijati u skladu s nacionalnim i me\u0111unarodnim standardima i uz minimalan utjecaj na okoli\u0161.<\/p>\n\n\n\n<p>Tvrtka Rio Tinto je 2004. godine u dolini rijeke Jadar prona\u0161la jadarit, mineral koji sadr\u017ei litij i bor, te planira otvoriti rudnik koji bi proizvodio oko 58.000 tona litijeva karbonata godi\u0161nje.<\/p>\n\n\n\n<p>Prema posljednjim najavama vlasti u Srbiji, taj bi rudnik mogao po\u010deti s radom 2028. godine ako tvrtka ispuni ekolo\u0161ke propise i dobije potrebne dozvole.<\/p>\n\n\n\n<p>Pokret Mijenjaj se u svibnju 2022. uputio je Skup\u0161tini Srbije narodnu inicijativu koju je potpisalo 38.000 gra\u0111ana za zabranu istra\u017eivanja i iskopavanja litija i bora u Srbiji. Ta peticija za sada nije uvr\u0161tena na dnevni red dr\u017eavnog parlamenta.<\/p>\n","protected":false},"excerpt":{"rendered":"<p>Kako se pribli\u017eava rok od \u010detrdeset dana koji su ekolo\u0161ke organizacije dale Vladi Srbije da usvoji Zakon o zabrani eksploatacije litija i bora, sti\u017eu sve o\u0161trije poruke s gra\u0111anskih prosvjeda koji se ve\u0107 danima odr\u017eavaju u mjestima diljem sredi\u0161nje Srbije. i od predstavnika oporbenih politi\u010dkih stranaka do eksploatacije jadarita u okolici Loznice ne smije do\u0107i &hellip;<\/p>\n","protected":false},"author":1,"featured_media":4007,"comment_status":"closed","ping_status":"open","sticky":false,"template":"","format":"standard","meta":{"_monsterinsights_skip_tracking":false,"_monsterinsights_sitenote_active":false,"_monsterinsights_sitenote_note":"","_monsterinsights_sitenote_category":0,"footnotes":""},"categories":[6],"tags":[833,482,832,33,178],"class_list":["post-4006","post","type-post","status-publish","format-standard","has-post-thumbnail","","category-istok","tag-litij","tag-prosvjedi","tag-rio-tinto","tag-srbija","tag-vucic"],"yoast_head":"<!-- This site is optimized with the Yoast SEO plugin v22.1 - https:\/\/yoast.com\/wordpress\/plugins\/seo\/ -->\n<title>Litij i kako bi rudarstvo utjecalo na politi\u010dku budu\u0107nost predsjednika Srbije? - odabrano<\/title>\n<meta name=\"robots\" content=\"index, follow, max-snippet:-1, max-image-preview:large, max-video-preview:-1\" \/>\n<link rel=\"canonical\" href=\"https:\/\/odabrano.com\/index.php\/2024\/08\/09\/litij-i-kako-bi-rudarstvo-utjecalo-na-politicku-buducnost-predsjednika-srbije\/\" \/>\n<meta property=\"og:locale\" content=\"en_US\" \/>\n<meta property=\"og:type\" content=\"article\" \/>\n<meta property=\"og:title\" content=\"Litij i kako bi rudarstvo utjecalo na politi\u010dku budu\u0107nost predsjednika Srbije? - odabrano\" \/>\n<meta property=\"og:description\" content=\"Kako se pribli\u017eava rok od \u010detrdeset dana koji su ekolo\u0161ke organizacije dale Vladi Srbije da usvoji Zakon o zabrani eksploatacije litija i bora, sti\u017eu sve o\u0161trije poruke s gra\u0111anskih prosvjeda koji se ve\u0107 danima odr\u017eavaju u mjestima diljem sredi\u0161nje Srbije. i od predstavnika oporbenih politi\u010dkih stranaka do eksploatacije jadarita u okolici Loznice ne smije do\u0107i &hellip;\" \/>\n<meta property=\"og:url\" content=\"https:\/\/odabrano.com\/index.php\/2024\/08\/09\/litij-i-kako-bi-rudarstvo-utjecalo-na-politicku-buducnost-predsjednika-srbije\/\" \/>\n<meta property=\"og:site_name\" content=\"odabrano\" \/>\n<meta property=\"article:published_time\" content=\"2024-08-09T19:22:31+00:00\" \/>\n<meta property=\"article:modified_time\" content=\"2024-08-09T19:22:33+00:00\" \/>\n<meta property=\"og:image\" content=\"https:\/\/odabrano.com\/wp-content\/uploads\/2024\/08\/riotinto.jpg\" \/>\n\t<meta property=\"og:image:width\" content=\"1500\" \/>\n\t<meta property=\"og:image:height\" content=\"1000\" \/>\n\t<meta property=\"og:image:type\" content=\"image\/jpeg\" \/>\n<meta name=\"author\" content=\"admin\" \/>\n<meta name=\"twitter:card\" content=\"summary_large_image\" \/>\n<meta name=\"twitter:label1\" content=\"Written by\" \/>\n\t<meta name=\"twitter:data1\" content=\"admin\" \/>\n\t<meta name=\"twitter:label2\" content=\"Est. reading time\" \/>\n\t<meta name=\"twitter:data2\" content=\"8 minutes\" \/>\n<script type=\"application\/ld+json\" class=\"yoast-schema-graph\">{\"@context\":\"https:\/\/schema.org\",\"@graph\":[{\"@type\":\"Article\",\"@id\":\"https:\/\/odabrano.com\/index.php\/2024\/08\/09\/litij-i-kako-bi-rudarstvo-utjecalo-na-politicku-buducnost-predsjednika-srbije\/#article\",\"isPartOf\":{\"@id\":\"https:\/\/odabrano.com\/index.php\/2024\/08\/09\/litij-i-kako-bi-rudarstvo-utjecalo-na-politicku-buducnost-predsjednika-srbije\/\"},\"author\":{\"name\":\"admin\",\"@id\":\"https:\/\/odabrano.com\/#\/schema\/person\/460f2b14657879743f23c4f6a7cd3236\"},\"headline\":\"Litij i kako bi rudarstvo utjecalo na politi\u010dku budu\u0107nost predsjednika Srbije?\",\"datePublished\":\"2024-08-09T19:22:31+00:00\",\"dateModified\":\"2024-08-09T19:22:33+00:00\",\"mainEntityOfPage\":{\"@id\":\"https:\/\/odabrano.com\/index.php\/2024\/08\/09\/litij-i-kako-bi-rudarstvo-utjecalo-na-politicku-buducnost-predsjednika-srbije\/\"},\"wordCount\":1814,\"publisher\":{\"@id\":\"https:\/\/odabrano.com\/#\/schema\/person\/460f2b14657879743f23c4f6a7cd3236\"},\"keywords\":[\"litij\",\"prosvjedi\",\"rio tinto\",\"srbija\",\"vu\u010di\u0107\"],\"articleSection\":[\"Istok\"],\"inLanguage\":\"en-US\"},{\"@type\":\"WebPage\",\"@id\":\"https:\/\/odabrano.com\/index.php\/2024\/08\/09\/litij-i-kako-bi-rudarstvo-utjecalo-na-politicku-buducnost-predsjednika-srbije\/\",\"url\":\"https:\/\/odabrano.com\/index.php\/2024\/08\/09\/litij-i-kako-bi-rudarstvo-utjecalo-na-politicku-buducnost-predsjednika-srbije\/\",\"name\":\"Litij i kako bi rudarstvo utjecalo na politi\u010dku budu\u0107nost predsjednika Srbije? - odabrano\",\"isPartOf\":{\"@id\":\"https:\/\/odabrano.com\/#website\"},\"datePublished\":\"2024-08-09T19:22:31+00:00\",\"dateModified\":\"2024-08-09T19:22:33+00:00\",\"breadcrumb\":{\"@id\":\"https:\/\/odabrano.com\/index.php\/2024\/08\/09\/litij-i-kako-bi-rudarstvo-utjecalo-na-politicku-buducnost-predsjednika-srbije\/#breadcrumb\"},\"inLanguage\":\"en-US\",\"potentialAction\":[{\"@type\":\"ReadAction\",\"target\":[\"https:\/\/odabrano.com\/index.php\/2024\/08\/09\/litij-i-kako-bi-rudarstvo-utjecalo-na-politicku-buducnost-predsjednika-srbije\/\"]}]},{\"@type\":\"BreadcrumbList\",\"@id\":\"https:\/\/odabrano.com\/index.php\/2024\/08\/09\/litij-i-kako-bi-rudarstvo-utjecalo-na-politicku-buducnost-predsjednika-srbije\/#breadcrumb\",\"itemListElement\":[{\"@type\":\"ListItem\",\"position\":1,\"name\":\"Home\",\"item\":\"https:\/\/odabrano.com\/\"},{\"@type\":\"ListItem\",\"position\":2,\"name\":\"Litij i kako bi rudarstvo utjecalo na politi\u010dku budu\u0107nost predsjednika Srbije?\"}]},{\"@type\":\"WebSite\",\"@id\":\"https:\/\/odabrano.com\/#website\",\"url\":\"https:\/\/odabrano.com\/\",\"name\":\"odabrano\",\"description\":\"news portal koji nudi odabrane vijesti i informacije\",\"publisher\":{\"@id\":\"https:\/\/odabrano.com\/#\/schema\/person\/460f2b14657879743f23c4f6a7cd3236\"},\"alternateName\":\"vijesti i informacije iz Hrvatske i svijeta\",\"potentialAction\":[{\"@type\":\"SearchAction\",\"target\":{\"@type\":\"EntryPoint\",\"urlTemplate\":\"https:\/\/odabrano.com\/?s={search_term_string}\"},\"query-input\":\"required name=search_term_string\"}],\"inLanguage\":\"en-US\"},{\"@type\":[\"Person\",\"Organization\"],\"@id\":\"https:\/\/odabrano.com\/#\/schema\/person\/460f2b14657879743f23c4f6a7cd3236\",\"name\":\"admin\",\"image\":{\"@type\":\"ImageObject\",\"inLanguage\":\"en-US\",\"@id\":\"https:\/\/odabrano.com\/#\/schema\/person\/image\/\",\"url\":\"https:\/\/odabrano.com\/wp-content\/uploads\/2024\/04\/dolar.jpg\",\"contentUrl\":\"https:\/\/odabrano.com\/wp-content\/uploads\/2024\/04\/dolar.jpg\",\"width\":1216,\"height\":519,\"caption\":\"admin\"},\"logo\":{\"@id\":\"https:\/\/odabrano.com\/#\/schema\/person\/image\/\"},\"sameAs\":[\"http:\/\/odabrano.com\"],\"url\":\"https:\/\/odabrano.com\/index.php\/author\/sokolneno_u3xb387h\/\"}]}<\/script>\n<!-- \/ Yoast SEO plugin. -->","yoast_head_json":{"title":"Litij i kako bi rudarstvo utjecalo na politi\u010dku budu\u0107nost predsjednika Srbije? - odabrano","robots":{"index":"index","follow":"follow","max-snippet":"max-snippet:-1","max-image-preview":"max-image-preview:large","max-video-preview":"max-video-preview:-1"},"canonical":"https:\/\/odabrano.com\/index.php\/2024\/08\/09\/litij-i-kako-bi-rudarstvo-utjecalo-na-politicku-buducnost-predsjednika-srbije\/","og_locale":"en_US","og_type":"article","og_title":"Litij i kako bi rudarstvo utjecalo na politi\u010dku budu\u0107nost predsjednika Srbije? - odabrano","og_description":"Kako se pribli\u017eava rok od \u010detrdeset dana koji su ekolo\u0161ke organizacije dale Vladi Srbije da usvoji Zakon o zabrani eksploatacije litija i bora, sti\u017eu sve o\u0161trije poruke s gra\u0111anskih prosvjeda koji se ve\u0107 danima odr\u017eavaju u mjestima diljem sredi\u0161nje Srbije. i od predstavnika oporbenih politi\u010dkih stranaka do eksploatacije jadarita u okolici Loznice ne smije do\u0107i &hellip;","og_url":"https:\/\/odabrano.com\/index.php\/2024\/08\/09\/litij-i-kako-bi-rudarstvo-utjecalo-na-politicku-buducnost-predsjednika-srbije\/","og_site_name":"odabrano","article_published_time":"2024-08-09T19:22:31+00:00","article_modified_time":"2024-08-09T19:22:33+00:00","og_image":[{"width":1500,"height":1000,"url":"https:\/\/odabrano.com\/wp-content\/uploads\/2024\/08\/riotinto.jpg","type":"image\/jpeg"}],"author":"admin","twitter_card":"summary_large_image","twitter_misc":{"Written by":"admin","Est. reading time":"8 minutes"},"schema":{"@context":"https:\/\/schema.org","@graph":[{"@type":"Article","@id":"https:\/\/odabrano.com\/index.php\/2024\/08\/09\/litij-i-kako-bi-rudarstvo-utjecalo-na-politicku-buducnost-predsjednika-srbije\/#article","isPartOf":{"@id":"https:\/\/odabrano.com\/index.php\/2024\/08\/09\/litij-i-kako-bi-rudarstvo-utjecalo-na-politicku-buducnost-predsjednika-srbije\/"},"author":{"name":"admin","@id":"https:\/\/odabrano.com\/#\/schema\/person\/460f2b14657879743f23c4f6a7cd3236"},"headline":"Litij i kako bi rudarstvo utjecalo na politi\u010dku budu\u0107nost predsjednika Srbije?","datePublished":"2024-08-09T19:22:31+00:00","dateModified":"2024-08-09T19:22:33+00:00","mainEntityOfPage":{"@id":"https:\/\/odabrano.com\/index.php\/2024\/08\/09\/litij-i-kako-bi-rudarstvo-utjecalo-na-politicku-buducnost-predsjednika-srbije\/"},"wordCount":1814,"publisher":{"@id":"https:\/\/odabrano.com\/#\/schema\/person\/460f2b14657879743f23c4f6a7cd3236"},"keywords":["litij","prosvjedi","rio tinto","srbija","vu\u010di\u0107"],"articleSection":["Istok"],"inLanguage":"en-US"},{"@type":"WebPage","@id":"https:\/\/odabrano.com\/index.php\/2024\/08\/09\/litij-i-kako-bi-rudarstvo-utjecalo-na-politicku-buducnost-predsjednika-srbije\/","url":"https:\/\/odabrano.com\/index.php\/2024\/08\/09\/litij-i-kako-bi-rudarstvo-utjecalo-na-politicku-buducnost-predsjednika-srbije\/","name":"Litij i kako bi rudarstvo utjecalo na politi\u010dku budu\u0107nost predsjednika Srbije? - odabrano","isPartOf":{"@id":"https:\/\/odabrano.com\/#website"},"datePublished":"2024-08-09T19:22:31+00:00","dateModified":"2024-08-09T19:22:33+00:00","breadcrumb":{"@id":"https:\/\/odabrano.com\/index.php\/2024\/08\/09\/litij-i-kako-bi-rudarstvo-utjecalo-na-politicku-buducnost-predsjednika-srbije\/#breadcrumb"},"inLanguage":"en-US","potentialAction":[{"@type":"ReadAction","target":["https:\/\/odabrano.com\/index.php\/2024\/08\/09\/litij-i-kako-bi-rudarstvo-utjecalo-na-politicku-buducnost-predsjednika-srbije\/"]}]},{"@type":"BreadcrumbList","@id":"https:\/\/odabrano.com\/index.php\/2024\/08\/09\/litij-i-kako-bi-rudarstvo-utjecalo-na-politicku-buducnost-predsjednika-srbije\/#breadcrumb","itemListElement":[{"@type":"ListItem","position":1,"name":"Home","item":"https:\/\/odabrano.com\/"},{"@type":"ListItem","position":2,"name":"Litij i kako bi rudarstvo utjecalo na politi\u010dku budu\u0107nost predsjednika Srbije?"}]},{"@type":"WebSite","@id":"https:\/\/odabrano.com\/#website","url":"https:\/\/odabrano.com\/","name":"odabrano","description":"news portal koji nudi odabrane vijesti i informacije","publisher":{"@id":"https:\/\/odabrano.com\/#\/schema\/person\/460f2b14657879743f23c4f6a7cd3236"},"alternateName":"vijesti i informacije iz Hrvatske i svijeta","potentialAction":[{"@type":"SearchAction","target":{"@type":"EntryPoint","urlTemplate":"https:\/\/odabrano.com\/?s={search_term_string}"},"query-input":"required name=search_term_string"}],"inLanguage":"en-US"},{"@type":["Person","Organization"],"@id":"https:\/\/odabrano.com\/#\/schema\/person\/460f2b14657879743f23c4f6a7cd3236","name":"admin","image":{"@type":"ImageObject","inLanguage":"en-US","@id":"https:\/\/odabrano.com\/#\/schema\/person\/image\/","url":"https:\/\/odabrano.com\/wp-content\/uploads\/2024\/04\/dolar.jpg","contentUrl":"https:\/\/odabrano.com\/wp-content\/uploads\/2024\/04\/dolar.jpg","width":1216,"height":519,"caption":"admin"},"logo":{"@id":"https:\/\/odabrano.com\/#\/schema\/person\/image\/"},"sameAs":["http:\/\/odabrano.com"],"url":"https:\/\/odabrano.com\/index.php\/author\/sokolneno_u3xb387h\/"}]}},"_links":{"self":[{"href":"https:\/\/odabrano.com\/index.php\/wp-json\/wp\/v2\/posts\/4006","targetHints":{"allow":["GET"]}}],"collection":[{"href":"https:\/\/odabrano.com\/index.php\/wp-json\/wp\/v2\/posts"}],"about":[{"href":"https:\/\/odabrano.com\/index.php\/wp-json\/wp\/v2\/types\/post"}],"author":[{"embeddable":true,"href":"https:\/\/odabrano.com\/index.php\/wp-json\/wp\/v2\/users\/1"}],"replies":[{"embeddable":true,"href":"https:\/\/odabrano.com\/index.php\/wp-json\/wp\/v2\/comments?post=4006"}],"version-history":[{"count":1,"href":"https:\/\/odabrano.com\/index.php\/wp-json\/wp\/v2\/posts\/4006\/revisions"}],"predecessor-version":[{"id":4008,"href":"https:\/\/odabrano.com\/index.php\/wp-json\/wp\/v2\/posts\/4006\/revisions\/4008"}],"wp:featuredmedia":[{"embeddable":true,"href":"https:\/\/odabrano.com\/index.php\/wp-json\/wp\/v2\/media\/4007"}],"wp:attachment":[{"href":"https:\/\/odabrano.com\/index.php\/wp-json\/wp\/v2\/media?parent=4006"}],"wp:term":[{"taxonomy":"category","embeddable":true,"href":"https:\/\/odabrano.com\/index.php\/wp-json\/wp\/v2\/categories?post=4006"},{"taxonomy":"post_tag","embeddable":true,"href":"https:\/\/odabrano.com\/index.php\/wp-json\/wp\/v2\/tags?post=4006"}],"curies":[{"name":"wp","href":"https:\/\/api.w.org\/{rel}","templated":true}]}}