{"id":3986,"date":"2024-08-04T01:26:08","date_gmt":"2024-08-03T23:26:08","guid":{"rendered":"http:\/\/odabrano.com\/?p=3986"},"modified":"2024-08-04T01:27:40","modified_gmt":"2024-08-03T23:27:40","slug":"novinar-lijecnik-drzao-je-izraelce-kao-taoce-u-gazi","status":"publish","type":"post","link":"https:\/\/odabrano.com\/index.php\/2024\/08\/04\/novinar-lijecnik-drzao-je-izraelce-kao-taoce-u-gazi\/","title":{"rendered":"Novinar, lije\u010dnik dr\u017eao je Izraelce kao taoce u Gazi"},"content":{"rendered":"\n<p>\u010clanak sa jewishchronicle.timesofisrael.com od 09.06.2024<\/p>\n\n\n\n<p>Navodno su ubijeni zajedno s ostalim \u010dlanovima obitelji tijekom operacije spa\u0161avanja izraelskog Nuseirata.<\/p>\n\n\n\n<p>Novinar i lije\u010dnik bili su me\u0111u \u010dlanovima obitelji koji dr\u017ee izraelske taoce u svojoj ku\u0107i u Nuseiratu u sredi\u0161njem pojasu Gaze, potvrdile su u nedjelju nave\u010der Izraelske obrambene snage.<\/p>\n\n\n\n<p>\u201cNakon provjera IDF-a i Shin Beta, mo\u017ee se potvrditi da je [novinar] Abdullah al-Jamal bio operativac teroristi\u010dke organizacije Hamas, koji je dr\u017eao taoce Almoga Meira, Andreya Kozlova i Shlomi Ziva u svojoj obiteljskoj ku\u0107i u Nuseiratu. \u201d, rekla je vojska u izjavi poslanoj na X.<\/p>\n\n\n\n<p>\u201cAbdullahova obiteljska ku\u0107a dr\u017eala je taoce zajedno s \u010dlanovima obitelji. Ovo je jo\u0161 jedan dokaz da teroristi\u010dka organizacija Hamas koristi civilno stanovni\u0161tvo kao \u017eivi \u0161tit\u201d, dodaje se u priop\u0107enju.<\/p>\n\n\n\n<p>Al-Jamal je ubijen tijekom racije, navodi EuroMed, nevladina organizacija sa sjedi\u0161tem u \u017denevi koju vode palestinski financijski stru\u010dnjak ro\u0111en u Gazi Ramy Abdu i Richard Falk, o\u0161tri kriti\u010dar \u017eidovske dr\u017eave i biv\u0161i posebni izvjestitelj Ujedinjenih naroda za ljudska prava u palestinske teritorije.<\/p>\n\n\n\n<p>\u201cU prvom svjedo\u010denju koje dokumentira ubojstva koja je danas po\u010dinila izraelska vojska u kampu Nuseirat, @EuroMedHR je izvijestio da je izraelska vojska koristila ljestve da u\u0111e u dom dr. Ahmeda Al-Jamala,\u201d Abdu je tvitao.<\/p>\n\n\n\n<p>\u201cVojska je odmah pogubila 36-godi\u0161nju Fatimu Al-Jamal nakon \u0161to ju je srela na stubi\u0161tu. Snage su tada upale u ku\u0107u i pogubile njenog supruga, novinara Abdullaha Al-Jamala (36) i njegovog oca dr. Ahmeda (74) pred o\u010dima njegovih unuka. Vojska je tako\u0111er ustrijelila njihovu k\u0107er Zainab, 27, koja je zadobila ozbiljne ozljede.\u201d<\/p>\n\n\n\n<p>Al-Jamal je suradnik The Palestine Chronicle, gdje je njegov najnoviji \u010dlanak objavljen 7. lipnja. On tako\u0111er ima profilnu stranicu na web stranici Al Jazeere, gdje je opisano da \u010desto izvje\u0161tava o neredima na granici Gaze 2018-2019, tzv. \u201cVeliki mar\u0161 povratka\u201d od strane Palestinaca. (Jedini Al Jazeerin \u010dlanak koji mu se pripisuje, kao koautoru, je \u010dlanak pod naslovom \u201cPri\u010de o mu\u010denju iz izraelskih zatvora\u201d objavljen 2019.)<\/p>\n\n\n\n<p>Palestine Chronicle i Al Jazeera pi\u0161u njegovo ime kao &#8220;Abdallah Aljamal&#8221;.<\/p>\n\n\n\n<p>Tako\u0111er je bio glasnogovornik Ministarstva rada koje vodi Hamas u Gazi.<\/p>\n\n\n\n<p>Imran Khan, vi\u0161i dopisnik Al Jazeere English, poku\u0161ao je udaljiti katarsku mre\u017eu od al-Jamala.<\/p>\n\n\n\n<p>\u201cTako\u0111er, potpuno je la\u017ena vijest da je novinarka Al Jazeere skrivala jednog od zarobljenika. Osoba o kojoj je rije\u010d koja je zajedno sa svojom obitelji ubijena u napadu u jednom je trenutku bila slobodni novinar. Nikada nije radio za Al Jazeeru na arapskom ili engleskom jeziku. On sigurno ni na koji na\u010din nije novinar Al Jazeere\u201d, napisao je Khan, prenosi i24NEWS.<\/p>\n\n\n\n<p>Hamas pla\u0107a palestinskim civilima u Pojasu Gaze do 70 \u0161ekela (19 dolara) dnevno da bdiju nad izraelskim taocima uzetim 7. listopada, izvijestio je pro\u0161li tjedan oslobo\u0111eni zarobljenik.<\/p>\n\n\n\n<p>Ada Sagi, 75, oteta je iz svog doma u kibucu Nir Oz tijekom invazije koju je predvodio Hamas i dr\u017eana je u obiteljskoj ku\u0107i u Gazi dok nije pu\u0161tena u sklopu sporazuma o taocima za prekid vatre 28. studenog.<\/p>\n\n\n\n<p>Na pitanje izraelskog kanala 12 News 2. lipnja \u0161to bi motiviralo obitelj iz Gaze s djecom da zatvori \u017didove, Sagi je rekao: &#8220;Novac.&#8221;<\/p>\n\n\n\n<p><strong>Izrael produ\u017eio privremenu zabranu Al Jazeere<\/strong><\/p>\n\n\n\n<p>Izraelski ministar komunikacija Shlomo Karhi potpisao je u nedjelju 45-dnevno produljenje privremene zabrane lokalnih operacija Al Jazeere, nakon jednoglasne odluke vlade.<\/p>\n\n\n\n<p>Karhi je rekao da se odluka temelji na a\u017euriranim mi\u0161ljenjima sigurnosnih izvora, &#8220;koji nedvosmisleno navode da su emitiranja kanala stvarna prijetnja sigurnosti dr\u017eave&#8221;, dodaju\u0107i da su daljnja produljenja vjerojatno s obzirom na sigurnosnu prijetnju koju predstavlja katarski kanal. , koju Jeruzalem optu\u017euje za pomaganje neprijateljima.<\/p>\n\n\n\n<p>\u201cU svjetlu ozbiljnosti \u0161tete koju je teroristi\u010dki kanal Al Jazeera nanio sigurnosti dr\u017eave, uvjeren sam da \u0107e naredbe za zatvaranje biti produ\u017eene iu budu\u0107nosti, uz produ\u017eenje rokova propisanih zakonom. ovla\u0161\u0107uju\u0107i ministra komunikacija da djeluje protiv stranih nakladnika koji \u0161tete sigurnosti dr\u017eave\u201d, tvitao je Karhi.<\/p>\n\n\n\n<p>&#8220;Zahvaljujem premijeru Benjaminu Netanyahuu i \u010dlanovima vlade na odobrenju produ\u017eenja naloga i na predanosti da se djeluje na svaki na\u010din za sigurnost na\u0161ih vojnika i gra\u0111ana&#8221;, dodao je.<\/p>\n\n\n\n<p>Vladino odobrenje zabrane pro\u0161irenja uslijedilo je nekoliko dana nakon \u0161to je Okru\u017eni sud u Tel Avivu 5. lipnja dao pravnu podr\u0161ku izvornom nalogu o zatvaranju mjesec dana ranije.<\/p>\n\n\n\n<p>U svojoj presudi, sudac Shai Yaniv odredio je zabranu na 35 dana od dana kada je Karhi izdao upute, do 8. lipnja. Sud je u svojoj presudi naveo da su mu predo\u010deni &#8220;uvjerljivi, jasni i nedvosmisleni dokazi&#8221; u vezi s &#8220;zatvaranjem, dugoro\u010dne veze izme\u0111u teroristi\u010dke organizacije Hamas i medijske mre\u017ee Al Jazeera&#8221;, dodaju\u0107i da Hamas &#8220;preko kanala ostvaruje svoje ciljeve&#8221;.<\/p>\n\n\n\n<p>Sud je utvrdio da emisije Al Jazeere uklju\u010duju &#8220;jasno hu\u0161kanje&#8221; i da kanal &#8220;opisuje u &#8216;stvarnom vremenu&#8217; polo\u017eaj snaga IDF-a&#8221;.<\/p>\n\n\n\n<p>Izraelski kabinet jednoglasno je 5. svibnja izglasao odobrenje zakona Knesseta iz prethodnog mjeseca o zatvaranju dopisni\u0161tva Al Jazeere u zemlji.<\/p>\n\n\n\n<p>\u201cVlada na \u010dijem sam \u010delu jednoglasno je odlu\u010dila: Hu\u0161ka\u010dki kanal Al Jazeera bit \u0107e zatvoren u Izraelu\u201d, tvitao je tada premijer Benjamin Netanyahu, zahvaliv\u0161i Karhiju.<\/p>\n\n\n\n<p>Kneset je u travnju glasao sa 71 prema 10 za prijedlog zakona koji premijeru daje ovlasti da zatvori lokalne operacije antiizraelskog emitera.<\/p>\n\n\n\n<p>Zakon navodi da ministar komunikacija mo\u017ee djelovati protiv stranog kanala koji \u0161teti sigurnosti dr\u017eave, uz suglasnost premijera i odobrenje kabineta ili vlade. Premijer i kabinet mogu odobriti tu mjeru nakon \u0161to sigurnosni du\u017enosnici doka\u017eu da kanal predstavlja stvarni sigurnosni rizik.<\/p>\n\n\n\n<p>Mjere omogu\u0107uju vlastima da nalo\u017ee pru\u017eateljima televizijskih usluga da prestanu emitirati program; zatvori svoje urede u Izraelu; zaplijeniti njegovu opremu; zatvoriti svoju web stranicu; i poni\u0161titi novinarske akreditacije za osoblje.<\/p>\n\n\n\n<p>Inspektori Ministarstva komunikacija zaplijenili su opremu za televizijsko emitiranje Al Jazeere tijekom racije 9. svibnja u studiju postaje u Nazarethu.<\/p>\n\n\n\n<p>Al Jazeera je osnovana uz financijsku potporu katarske kraljevske obitelji i desetlje\u0107ima je slu\u017eila kao glasnogovornik re\u017eima koji pru\u017ea azil vo\u0111ama Hamasa, skupine koju su Sjedinjene Dr\u017eave, Kanada, Europska unija ozna\u010dile kao teroristi\u010dku organizaciju , Izrael i druge nacije.<\/p>\n\n\n\n<p>Mre\u017ea na arapskom jeziku ozlogla\u0161ena je po svom antiizraelskom izvje\u0161\u0107ivanju, antisemitskoj retorici i poricanju holokausta, iako je njezino izdanje na engleskom nastojalo zapadnim gledateljima ponuditi prizvuk objektivnosti putem nekih me\u0111unarodnih voditelja visokog profila.<\/p>\n\n\n\n<p>U velja\u010di je IDF razotkrio palestinskog reportera koji radi za Al Jazeeru u Pojasu Gaze, Ismaila Abu Omara, kao teroristi\u010dkog operativca Hamasa. To otkri\u0107e uslijedilo je nekoliko dana nakon \u0161to je IDF razotkrio zaposlenika Al Jazeere Mohameda Washaha kao \u010dasnika Hamasa, navode\u0107i dokumente zaplijenjene u Pojasu Gaze.<\/p>\n\n\n\n<p>U sije\u010dnju je IDF iznio dokaze da su dva novinara Al Jazeere ubijena u Gazi radili kao teroristi\u010dki operativci te su rekli da su upravljali dronovima koji su izlagali vojnike opasnosti.<\/p>\n","protected":false},"excerpt":{"rendered":"<p>\u010clanak sa jewishchronicle.timesofisrael.com od 09.06.2024 Navodno su ubijeni zajedno s ostalim \u010dlanovima obitelji tijekom operacije spa\u0161avanja izraelskog Nuseirata. Novinar i lije\u010dnik bili su me\u0111u \u010dlanovima obitelji koji dr\u017ee izraelske taoce u svojoj ku\u0107i u Nuseiratu u sredi\u0161njem pojasu Gaze, potvrdile su u nedjelju nave\u010der Izraelske obrambene snage. \u201cNakon provjera IDF-a i Shin Beta, mo\u017ee se &hellip;<\/p>\n","protected":false},"author":1,"featured_media":3989,"comment_status":"closed","ping_status":"open","sticky":false,"template":"","format":"standard","meta":{"_monsterinsights_skip_tracking":false,"_monsterinsights_sitenote_active":false,"_monsterinsights_sitenote_note":"","_monsterinsights_sitenote_category":0,"footnotes":""},"categories":[9],"tags":[21,292,542,75,82],"class_list":["post-3986","post","type-post","status-publish","format-standard","has-post-thumbnail","","category-svijet","tag-gaza","tag-hamas","tag-idf","tag-izrael","tag-taoci"],"yoast_head":"<!-- This site is optimized with the Yoast SEO plugin v22.1 - https:\/\/yoast.com\/wordpress\/plugins\/seo\/ -->\n<title>Novinar, lije\u010dnik dr\u017eao je Izraelce kao taoce u Gazi - odabrano<\/title>\n<meta name=\"robots\" content=\"index, follow, max-snippet:-1, max-image-preview:large, max-video-preview:-1\" \/>\n<link rel=\"canonical\" href=\"https:\/\/odabrano.com\/index.php\/2024\/08\/04\/novinar-lijecnik-drzao-je-izraelce-kao-taoce-u-gazi\/\" \/>\n<meta property=\"og:locale\" content=\"en_US\" \/>\n<meta property=\"og:type\" content=\"article\" \/>\n<meta property=\"og:title\" content=\"Novinar, lije\u010dnik dr\u017eao je Izraelce kao taoce u Gazi - odabrano\" \/>\n<meta property=\"og:description\" content=\"\u010clanak sa jewishchronicle.timesofisrael.com od 09.06.2024 Navodno su ubijeni zajedno s ostalim \u010dlanovima obitelji tijekom operacije spa\u0161avanja izraelskog Nuseirata. Novinar i lije\u010dnik bili su me\u0111u \u010dlanovima obitelji koji dr\u017ee izraelske taoce u svojoj ku\u0107i u Nuseiratu u sredi\u0161njem pojasu Gaze, potvrdile su u nedjelju nave\u010der Izraelske obrambene snage. \u201cNakon provjera IDF-a i Shin Beta, mo\u017ee se &hellip;\" \/>\n<meta property=\"og:url\" content=\"https:\/\/odabrano.com\/index.php\/2024\/08\/04\/novinar-lijecnik-drzao-je-izraelce-kao-taoce-u-gazi\/\" \/>\n<meta property=\"og:site_name\" content=\"odabrano\" \/>\n<meta property=\"article:published_time\" content=\"2024-08-03T23:26:08+00:00\" \/>\n<meta property=\"article:modified_time\" content=\"2024-08-03T23:27:40+00:00\" \/>\n<meta property=\"og:image\" content=\"https:\/\/odabrano.com\/wp-content\/uploads\/2024\/08\/gaza22.jpg\" \/>\n\t<meta property=\"og:image:width\" content=\"1023\" \/>\n\t<meta property=\"og:image:height\" content=\"575\" \/>\n\t<meta property=\"og:image:type\" content=\"image\/jpeg\" \/>\n<meta name=\"author\" content=\"admin\" \/>\n<meta name=\"twitter:card\" content=\"summary_large_image\" \/>\n<meta name=\"twitter:label1\" content=\"Written by\" \/>\n\t<meta name=\"twitter:data1\" content=\"admin\" \/>\n\t<meta name=\"twitter:label2\" content=\"Est. reading time\" \/>\n\t<meta name=\"twitter:data2\" content=\"5 minutes\" \/>\n<script type=\"application\/ld+json\" class=\"yoast-schema-graph\">{\"@context\":\"https:\/\/schema.org\",\"@graph\":[{\"@type\":\"Article\",\"@id\":\"https:\/\/odabrano.com\/index.php\/2024\/08\/04\/novinar-lijecnik-drzao-je-izraelce-kao-taoce-u-gazi\/#article\",\"isPartOf\":{\"@id\":\"https:\/\/odabrano.com\/index.php\/2024\/08\/04\/novinar-lijecnik-drzao-je-izraelce-kao-taoce-u-gazi\/\"},\"author\":{\"name\":\"admin\",\"@id\":\"https:\/\/odabrano.com\/#\/schema\/person\/460f2b14657879743f23c4f6a7cd3236\"},\"headline\":\"Novinar, lije\u010dnik dr\u017eao je Izraelce kao taoce u Gazi\",\"datePublished\":\"2024-08-03T23:26:08+00:00\",\"dateModified\":\"2024-08-03T23:27:40+00:00\",\"mainEntityOfPage\":{\"@id\":\"https:\/\/odabrano.com\/index.php\/2024\/08\/04\/novinar-lijecnik-drzao-je-izraelce-kao-taoce-u-gazi\/\"},\"wordCount\":1160,\"publisher\":{\"@id\":\"https:\/\/odabrano.com\/#\/schema\/person\/460f2b14657879743f23c4f6a7cd3236\"},\"keywords\":[\"gaza\",\"hamas\",\"idf\",\"izrael\",\"taoci\"],\"articleSection\":[\"Svijet\"],\"inLanguage\":\"en-US\"},{\"@type\":\"WebPage\",\"@id\":\"https:\/\/odabrano.com\/index.php\/2024\/08\/04\/novinar-lijecnik-drzao-je-izraelce-kao-taoce-u-gazi\/\",\"url\":\"https:\/\/odabrano.com\/index.php\/2024\/08\/04\/novinar-lijecnik-drzao-je-izraelce-kao-taoce-u-gazi\/\",\"name\":\"Novinar, lije\u010dnik dr\u017eao je Izraelce kao taoce u Gazi - odabrano\",\"isPartOf\":{\"@id\":\"https:\/\/odabrano.com\/#website\"},\"datePublished\":\"2024-08-03T23:26:08+00:00\",\"dateModified\":\"2024-08-03T23:27:40+00:00\",\"breadcrumb\":{\"@id\":\"https:\/\/odabrano.com\/index.php\/2024\/08\/04\/novinar-lijecnik-drzao-je-izraelce-kao-taoce-u-gazi\/#breadcrumb\"},\"inLanguage\":\"en-US\",\"potentialAction\":[{\"@type\":\"ReadAction\",\"target\":[\"https:\/\/odabrano.com\/index.php\/2024\/08\/04\/novinar-lijecnik-drzao-je-izraelce-kao-taoce-u-gazi\/\"]}]},{\"@type\":\"BreadcrumbList\",\"@id\":\"https:\/\/odabrano.com\/index.php\/2024\/08\/04\/novinar-lijecnik-drzao-je-izraelce-kao-taoce-u-gazi\/#breadcrumb\",\"itemListElement\":[{\"@type\":\"ListItem\",\"position\":1,\"name\":\"Home\",\"item\":\"https:\/\/odabrano.com\/\"},{\"@type\":\"ListItem\",\"position\":2,\"name\":\"Novinar, lije\u010dnik dr\u017eao je Izraelce kao taoce u Gazi\"}]},{\"@type\":\"WebSite\",\"@id\":\"https:\/\/odabrano.com\/#website\",\"url\":\"https:\/\/odabrano.com\/\",\"name\":\"odabrano\",\"description\":\"news portal koji nudi odabrane vijesti i informacije\",\"publisher\":{\"@id\":\"https:\/\/odabrano.com\/#\/schema\/person\/460f2b14657879743f23c4f6a7cd3236\"},\"alternateName\":\"vijesti i informacije iz Hrvatske i svijeta\",\"potentialAction\":[{\"@type\":\"SearchAction\",\"target\":{\"@type\":\"EntryPoint\",\"urlTemplate\":\"https:\/\/odabrano.com\/?s={search_term_string}\"},\"query-input\":\"required name=search_term_string\"}],\"inLanguage\":\"en-US\"},{\"@type\":[\"Person\",\"Organization\"],\"@id\":\"https:\/\/odabrano.com\/#\/schema\/person\/460f2b14657879743f23c4f6a7cd3236\",\"name\":\"admin\",\"image\":{\"@type\":\"ImageObject\",\"inLanguage\":\"en-US\",\"@id\":\"https:\/\/odabrano.com\/#\/schema\/person\/image\/\",\"url\":\"https:\/\/odabrano.com\/wp-content\/uploads\/2024\/04\/dolar.jpg\",\"contentUrl\":\"https:\/\/odabrano.com\/wp-content\/uploads\/2024\/04\/dolar.jpg\",\"width\":1216,\"height\":519,\"caption\":\"admin\"},\"logo\":{\"@id\":\"https:\/\/odabrano.com\/#\/schema\/person\/image\/\"},\"sameAs\":[\"http:\/\/odabrano.com\"],\"url\":\"https:\/\/odabrano.com\/index.php\/author\/sokolneno_u3xb387h\/\"}]}<\/script>\n<!-- \/ Yoast SEO plugin. -->","yoast_head_json":{"title":"Novinar, lije\u010dnik dr\u017eao je Izraelce kao taoce u Gazi - odabrano","robots":{"index":"index","follow":"follow","max-snippet":"max-snippet:-1","max-image-preview":"max-image-preview:large","max-video-preview":"max-video-preview:-1"},"canonical":"https:\/\/odabrano.com\/index.php\/2024\/08\/04\/novinar-lijecnik-drzao-je-izraelce-kao-taoce-u-gazi\/","og_locale":"en_US","og_type":"article","og_title":"Novinar, lije\u010dnik dr\u017eao je Izraelce kao taoce u Gazi - odabrano","og_description":"\u010clanak sa jewishchronicle.timesofisrael.com od 09.06.2024 Navodno su ubijeni zajedno s ostalim \u010dlanovima obitelji tijekom operacije spa\u0161avanja izraelskog Nuseirata. Novinar i lije\u010dnik bili su me\u0111u \u010dlanovima obitelji koji dr\u017ee izraelske taoce u svojoj ku\u0107i u Nuseiratu u sredi\u0161njem pojasu Gaze, potvrdile su u nedjelju nave\u010der Izraelske obrambene snage. \u201cNakon provjera IDF-a i Shin Beta, mo\u017ee se &hellip;","og_url":"https:\/\/odabrano.com\/index.php\/2024\/08\/04\/novinar-lijecnik-drzao-je-izraelce-kao-taoce-u-gazi\/","og_site_name":"odabrano","article_published_time":"2024-08-03T23:26:08+00:00","article_modified_time":"2024-08-03T23:27:40+00:00","og_image":[{"width":1023,"height":575,"url":"https:\/\/odabrano.com\/wp-content\/uploads\/2024\/08\/gaza22.jpg","type":"image\/jpeg"}],"author":"admin","twitter_card":"summary_large_image","twitter_misc":{"Written by":"admin","Est. reading time":"5 minutes"},"schema":{"@context":"https:\/\/schema.org","@graph":[{"@type":"Article","@id":"https:\/\/odabrano.com\/index.php\/2024\/08\/04\/novinar-lijecnik-drzao-je-izraelce-kao-taoce-u-gazi\/#article","isPartOf":{"@id":"https:\/\/odabrano.com\/index.php\/2024\/08\/04\/novinar-lijecnik-drzao-je-izraelce-kao-taoce-u-gazi\/"},"author":{"name":"admin","@id":"https:\/\/odabrano.com\/#\/schema\/person\/460f2b14657879743f23c4f6a7cd3236"},"headline":"Novinar, lije\u010dnik dr\u017eao je Izraelce kao taoce u Gazi","datePublished":"2024-08-03T23:26:08+00:00","dateModified":"2024-08-03T23:27:40+00:00","mainEntityOfPage":{"@id":"https:\/\/odabrano.com\/index.php\/2024\/08\/04\/novinar-lijecnik-drzao-je-izraelce-kao-taoce-u-gazi\/"},"wordCount":1160,"publisher":{"@id":"https:\/\/odabrano.com\/#\/schema\/person\/460f2b14657879743f23c4f6a7cd3236"},"keywords":["gaza","hamas","idf","izrael","taoci"],"articleSection":["Svijet"],"inLanguage":"en-US"},{"@type":"WebPage","@id":"https:\/\/odabrano.com\/index.php\/2024\/08\/04\/novinar-lijecnik-drzao-je-izraelce-kao-taoce-u-gazi\/","url":"https:\/\/odabrano.com\/index.php\/2024\/08\/04\/novinar-lijecnik-drzao-je-izraelce-kao-taoce-u-gazi\/","name":"Novinar, lije\u010dnik dr\u017eao je Izraelce kao taoce u Gazi - odabrano","isPartOf":{"@id":"https:\/\/odabrano.com\/#website"},"datePublished":"2024-08-03T23:26:08+00:00","dateModified":"2024-08-03T23:27:40+00:00","breadcrumb":{"@id":"https:\/\/odabrano.com\/index.php\/2024\/08\/04\/novinar-lijecnik-drzao-je-izraelce-kao-taoce-u-gazi\/#breadcrumb"},"inLanguage":"en-US","potentialAction":[{"@type":"ReadAction","target":["https:\/\/odabrano.com\/index.php\/2024\/08\/04\/novinar-lijecnik-drzao-je-izraelce-kao-taoce-u-gazi\/"]}]},{"@type":"BreadcrumbList","@id":"https:\/\/odabrano.com\/index.php\/2024\/08\/04\/novinar-lijecnik-drzao-je-izraelce-kao-taoce-u-gazi\/#breadcrumb","itemListElement":[{"@type":"ListItem","position":1,"name":"Home","item":"https:\/\/odabrano.com\/"},{"@type":"ListItem","position":2,"name":"Novinar, lije\u010dnik dr\u017eao je Izraelce kao taoce u Gazi"}]},{"@type":"WebSite","@id":"https:\/\/odabrano.com\/#website","url":"https:\/\/odabrano.com\/","name":"odabrano","description":"news portal koji nudi odabrane vijesti i informacije","publisher":{"@id":"https:\/\/odabrano.com\/#\/schema\/person\/460f2b14657879743f23c4f6a7cd3236"},"alternateName":"vijesti i informacije iz Hrvatske i svijeta","potentialAction":[{"@type":"SearchAction","target":{"@type":"EntryPoint","urlTemplate":"https:\/\/odabrano.com\/?s={search_term_string}"},"query-input":"required name=search_term_string"}],"inLanguage":"en-US"},{"@type":["Person","Organization"],"@id":"https:\/\/odabrano.com\/#\/schema\/person\/460f2b14657879743f23c4f6a7cd3236","name":"admin","image":{"@type":"ImageObject","inLanguage":"en-US","@id":"https:\/\/odabrano.com\/#\/schema\/person\/image\/","url":"https:\/\/odabrano.com\/wp-content\/uploads\/2024\/04\/dolar.jpg","contentUrl":"https:\/\/odabrano.com\/wp-content\/uploads\/2024\/04\/dolar.jpg","width":1216,"height":519,"caption":"admin"},"logo":{"@id":"https:\/\/odabrano.com\/#\/schema\/person\/image\/"},"sameAs":["http:\/\/odabrano.com"],"url":"https:\/\/odabrano.com\/index.php\/author\/sokolneno_u3xb387h\/"}]}},"_links":{"self":[{"href":"https:\/\/odabrano.com\/index.php\/wp-json\/wp\/v2\/posts\/3986","targetHints":{"allow":["GET"]}}],"collection":[{"href":"https:\/\/odabrano.com\/index.php\/wp-json\/wp\/v2\/posts"}],"about":[{"href":"https:\/\/odabrano.com\/index.php\/wp-json\/wp\/v2\/types\/post"}],"author":[{"embeddable":true,"href":"https:\/\/odabrano.com\/index.php\/wp-json\/wp\/v2\/users\/1"}],"replies":[{"embeddable":true,"href":"https:\/\/odabrano.com\/index.php\/wp-json\/wp\/v2\/comments?post=3986"}],"version-history":[{"count":2,"href":"https:\/\/odabrano.com\/index.php\/wp-json\/wp\/v2\/posts\/3986\/revisions"}],"predecessor-version":[{"id":3988,"href":"https:\/\/odabrano.com\/index.php\/wp-json\/wp\/v2\/posts\/3986\/revisions\/3988"}],"wp:featuredmedia":[{"embeddable":true,"href":"https:\/\/odabrano.com\/index.php\/wp-json\/wp\/v2\/media\/3989"}],"wp:attachment":[{"href":"https:\/\/odabrano.com\/index.php\/wp-json\/wp\/v2\/media?parent=3986"}],"wp:term":[{"taxonomy":"category","embeddable":true,"href":"https:\/\/odabrano.com\/index.php\/wp-json\/wp\/v2\/categories?post=3986"},{"taxonomy":"post_tag","embeddable":true,"href":"https:\/\/odabrano.com\/index.php\/wp-json\/wp\/v2\/tags?post=3986"}],"curies":[{"name":"wp","href":"https:\/\/api.w.org\/{rel}","templated":true}]}}