{"id":3959,"date":"2024-07-29T06:56:54","date_gmt":"2024-07-29T04:56:54","guid":{"rendered":"http:\/\/odabrano.com\/?p=3959"},"modified":"2024-07-29T13:44:35","modified_gmt":"2024-07-29T11:44:35","slug":"turska-bi-mogla-uci-u-izrael-i-pomoci-palestincima","status":"publish","type":"post","link":"https:\/\/odabrano.com\/index.php\/2024\/07\/29\/turska-bi-mogla-uci-u-izrael-i-pomoci-palestincima\/","title":{"rendered":"Turska bi mogla u\u0107i u Izrael i pomo\u0107i Palestincima"},"content":{"rendered":"\n<p>Turska bi mogla u\u0107i u Izrael kako bi pomogla Palestincima kao \u0161to je svojedobno napravila u Libiji i u Nagorno Karabahu, izjavio je ju\u010der predsjednik Tayyip Erdogan.<\/p>\n\n\n\n<p>&#8220;Moramo biti vrlo jaki kako Izrael u Palestini ne bi mogao raditi to \u0161to trenutno radi&#8221;, rekao je turski predsjednik na skupu vladaju\u0107e stranke AKP u gradu Rizeu na Crnom moru, hvale\u0107i rezultate industrije oru\u017eja.<\/p>\n\n\n\n<p>&#8220;Ba\u0161 kao \u0161to smo u\u0161li u Karabah i u Libiju, mogli bismo ne\u0161to sli\u010dno napraviti i njima&#8221;, izjavio je Erdogan u govoru koji je prenosila televizija. Turski predsjednik nije precizirao kakvu intervenciju ima na umu, a predstavnici njegove stranke nisu odgovorili na upit o pojedinostima njegove izjave. &nbsp;<\/p>\n\n\n\n<h3 class=\"wp-block-heading\">Ankara 2020. poslala vojnike i vojnu opremu u Libiju<\/h3>\n\n\n\n<p>Izrael je nije odmah odgovorio na istup turskog predsjednika.&nbsp;<\/p>\n\n\n\n<p>Ina\u010de, Erdogan se referirao na ranije turske akcije. Godine 2020. Ankara je u Libiju poslala vojnike i vojnu opremu kako bi podr\u017eala Libijsku vladu nacionalnog jedinstva i njezinog \u010delnika Abdulhamida al-Dbeibaha.<\/p>\n\n\n\n<p>Pro\u0161le godine Turska je opovrgnula izravnu upletenost u azerbajd\u017eansku vojnu operaciju u Nagorno-Karabahu, ali je naglasila da podupire bliskog saveznika &#8220;svim sredstvima&#8221;, uklju\u010duju\u0107i obuku i modernizaciju vojske, podsje\u0107a Reuters.<\/p>\n","protected":false},"excerpt":{"rendered":"<p>Turska bi mogla u\u0107i u Izrael kako bi pomogla Palestincima kao \u0161to je svojedobno napravila u Libiji i u Nagorno Karabahu, izjavio je ju\u010der predsjednik Tayyip Erdogan. &#8220;Moramo biti vrlo jaki kako Izrael u Palestini ne bi mogao raditi to \u0161to trenutno radi&#8221;, rekao je turski predsjednik na skupu vladaju\u0107e stranke AKP u gradu Rizeu &hellip;<\/p>\n","protected":false},"author":1,"featured_media":3960,"comment_status":"closed","ping_status":"open","sticky":false,"template":"","format":"standard","meta":{"_monsterinsights_skip_tracking":false,"_monsterinsights_sitenote_active":false,"_monsterinsights_sitenote_note":"","_monsterinsights_sitenote_category":0,"footnotes":""},"categories":[9],"tags":[812,75,813],"class_list":["post-3959","post","type-post","status-publish","format-standard","has-post-thumbnail","","category-svijet","tag-erdogan","tag-izrael","tag-tursja"],"yoast_head":"<!-- This site is optimized with the Yoast SEO plugin v22.1 - https:\/\/yoast.com\/wordpress\/plugins\/seo\/ -->\n<title>Turska bi mogla u\u0107i u Izrael i pomo\u0107i Palestincima - odabrano<\/title>\n<meta name=\"robots\" content=\"index, follow, max-snippet:-1, max-image-preview:large, max-video-preview:-1\" \/>\n<link rel=\"canonical\" href=\"https:\/\/odabrano.com\/index.php\/2024\/07\/29\/turska-bi-mogla-uci-u-izrael-i-pomoci-palestincima\/\" \/>\n<meta property=\"og:locale\" content=\"en_US\" \/>\n<meta property=\"og:type\" content=\"article\" \/>\n<meta property=\"og:title\" content=\"Turska bi mogla u\u0107i u Izrael i pomo\u0107i Palestincima - odabrano\" \/>\n<meta property=\"og:description\" content=\"Turska bi mogla u\u0107i u Izrael kako bi pomogla Palestincima kao \u0161to je svojedobno napravila u Libiji i u Nagorno Karabahu, izjavio je ju\u010der predsjednik Tayyip Erdogan. &#8220;Moramo biti vrlo jaki kako Izrael u Palestini ne bi mogao raditi to \u0161to trenutno radi&#8221;, rekao je turski predsjednik na skupu vladaju\u0107e stranke AKP u gradu Rizeu &hellip;\" \/>\n<meta property=\"og:url\" content=\"https:\/\/odabrano.com\/index.php\/2024\/07\/29\/turska-bi-mogla-uci-u-izrael-i-pomoci-palestincima\/\" \/>\n<meta property=\"og:site_name\" content=\"odabrano\" \/>\n<meta property=\"article:published_time\" content=\"2024-07-29T04:56:54+00:00\" \/>\n<meta property=\"article:modified_time\" content=\"2024-07-29T11:44:35+00:00\" \/>\n<meta property=\"og:image\" content=\"https:\/\/odabrano.com\/wp-content\/uploads\/2024\/07\/erdogan.webp\" \/>\n\t<meta property=\"og:image:width\" content=\"800\" \/>\n\t<meta property=\"og:image:height\" content=\"450\" \/>\n\t<meta property=\"og:image:type\" content=\"image\/webp\" \/>\n<meta name=\"author\" content=\"admin\" \/>\n<meta name=\"twitter:card\" content=\"summary_large_image\" \/>\n<meta name=\"twitter:label1\" content=\"Written by\" \/>\n\t<meta name=\"twitter:data1\" content=\"admin\" \/>\n\t<meta name=\"twitter:label2\" content=\"Est. reading time\" \/>\n\t<meta name=\"twitter:data2\" content=\"2 minutes\" \/>\n<script type=\"application\/ld+json\" class=\"yoast-schema-graph\">{\"@context\":\"https:\/\/schema.org\",\"@graph\":[{\"@type\":\"Article\",\"@id\":\"https:\/\/odabrano.com\/index.php\/2024\/07\/29\/turska-bi-mogla-uci-u-izrael-i-pomoci-palestincima\/#article\",\"isPartOf\":{\"@id\":\"https:\/\/odabrano.com\/index.php\/2024\/07\/29\/turska-bi-mogla-uci-u-izrael-i-pomoci-palestincima\/\"},\"author\":{\"name\":\"admin\",\"@id\":\"https:\/\/odabrano.com\/#\/schema\/person\/460f2b14657879743f23c4f6a7cd3236\"},\"headline\":\"Turska bi mogla u\u0107i u Izrael i pomo\u0107i Palestincima\",\"datePublished\":\"2024-07-29T04:56:54+00:00\",\"dateModified\":\"2024-07-29T11:44:35+00:00\",\"mainEntityOfPage\":{\"@id\":\"https:\/\/odabrano.com\/index.php\/2024\/07\/29\/turska-bi-mogla-uci-u-izrael-i-pomoci-palestincima\/\"},\"wordCount\":213,\"publisher\":{\"@id\":\"https:\/\/odabrano.com\/#\/schema\/person\/460f2b14657879743f23c4f6a7cd3236\"},\"keywords\":[\"erdogan\",\"izrael\",\"tursja\"],\"articleSection\":[\"Svijet\"],\"inLanguage\":\"en-US\"},{\"@type\":\"WebPage\",\"@id\":\"https:\/\/odabrano.com\/index.php\/2024\/07\/29\/turska-bi-mogla-uci-u-izrael-i-pomoci-palestincima\/\",\"url\":\"https:\/\/odabrano.com\/index.php\/2024\/07\/29\/turska-bi-mogla-uci-u-izrael-i-pomoci-palestincima\/\",\"name\":\"Turska bi mogla u\u0107i u Izrael i pomo\u0107i Palestincima - odabrano\",\"isPartOf\":{\"@id\":\"https:\/\/odabrano.com\/#website\"},\"datePublished\":\"2024-07-29T04:56:54+00:00\",\"dateModified\":\"2024-07-29T11:44:35+00:00\",\"breadcrumb\":{\"@id\":\"https:\/\/odabrano.com\/index.php\/2024\/07\/29\/turska-bi-mogla-uci-u-izrael-i-pomoci-palestincima\/#breadcrumb\"},\"inLanguage\":\"en-US\",\"potentialAction\":[{\"@type\":\"ReadAction\",\"target\":[\"https:\/\/odabrano.com\/index.php\/2024\/07\/29\/turska-bi-mogla-uci-u-izrael-i-pomoci-palestincima\/\"]}]},{\"@type\":\"BreadcrumbList\",\"@id\":\"https:\/\/odabrano.com\/index.php\/2024\/07\/29\/turska-bi-mogla-uci-u-izrael-i-pomoci-palestincima\/#breadcrumb\",\"itemListElement\":[{\"@type\":\"ListItem\",\"position\":1,\"name\":\"Home\",\"item\":\"https:\/\/odabrano.com\/\"},{\"@type\":\"ListItem\",\"position\":2,\"name\":\"Turska bi mogla u\u0107i u Izrael i pomo\u0107i Palestincima\"}]},{\"@type\":\"WebSite\",\"@id\":\"https:\/\/odabrano.com\/#website\",\"url\":\"https:\/\/odabrano.com\/\",\"name\":\"odabrano\",\"description\":\"news portal koji nudi odabrane vijesti i informacije\",\"publisher\":{\"@id\":\"https:\/\/odabrano.com\/#\/schema\/person\/460f2b14657879743f23c4f6a7cd3236\"},\"alternateName\":\"vijesti i informacije iz Hrvatske i svijeta\",\"potentialAction\":[{\"@type\":\"SearchAction\",\"target\":{\"@type\":\"EntryPoint\",\"urlTemplate\":\"https:\/\/odabrano.com\/?s={search_term_string}\"},\"query-input\":\"required name=search_term_string\"}],\"inLanguage\":\"en-US\"},{\"@type\":[\"Person\",\"Organization\"],\"@id\":\"https:\/\/odabrano.com\/#\/schema\/person\/460f2b14657879743f23c4f6a7cd3236\",\"name\":\"admin\",\"image\":{\"@type\":\"ImageObject\",\"inLanguage\":\"en-US\",\"@id\":\"https:\/\/odabrano.com\/#\/schema\/person\/image\/\",\"url\":\"https:\/\/odabrano.com\/wp-content\/uploads\/2024\/04\/dolar.jpg\",\"contentUrl\":\"https:\/\/odabrano.com\/wp-content\/uploads\/2024\/04\/dolar.jpg\",\"width\":1216,\"height\":519,\"caption\":\"admin\"},\"logo\":{\"@id\":\"https:\/\/odabrano.com\/#\/schema\/person\/image\/\"},\"sameAs\":[\"http:\/\/odabrano.com\"],\"url\":\"https:\/\/odabrano.com\/index.php\/author\/sokolneno_u3xb387h\/\"}]}<\/script>\n<!-- \/ Yoast SEO plugin. -->","yoast_head_json":{"title":"Turska bi mogla u\u0107i u Izrael i pomo\u0107i Palestincima - odabrano","robots":{"index":"index","follow":"follow","max-snippet":"max-snippet:-1","max-image-preview":"max-image-preview:large","max-video-preview":"max-video-preview:-1"},"canonical":"https:\/\/odabrano.com\/index.php\/2024\/07\/29\/turska-bi-mogla-uci-u-izrael-i-pomoci-palestincima\/","og_locale":"en_US","og_type":"article","og_title":"Turska bi mogla u\u0107i u Izrael i pomo\u0107i Palestincima - odabrano","og_description":"Turska bi mogla u\u0107i u Izrael kako bi pomogla Palestincima kao \u0161to je svojedobno napravila u Libiji i u Nagorno Karabahu, izjavio je ju\u010der predsjednik Tayyip Erdogan. &#8220;Moramo biti vrlo jaki kako Izrael u Palestini ne bi mogao raditi to \u0161to trenutno radi&#8221;, rekao je turski predsjednik na skupu vladaju\u0107e stranke AKP u gradu Rizeu &hellip;","og_url":"https:\/\/odabrano.com\/index.php\/2024\/07\/29\/turska-bi-mogla-uci-u-izrael-i-pomoci-palestincima\/","og_site_name":"odabrano","article_published_time":"2024-07-29T04:56:54+00:00","article_modified_time":"2024-07-29T11:44:35+00:00","og_image":[{"width":800,"height":450,"url":"https:\/\/odabrano.com\/wp-content\/uploads\/2024\/07\/erdogan.webp","type":"image\/webp"}],"author":"admin","twitter_card":"summary_large_image","twitter_misc":{"Written by":"admin","Est. reading time":"2 minutes"},"schema":{"@context":"https:\/\/schema.org","@graph":[{"@type":"Article","@id":"https:\/\/odabrano.com\/index.php\/2024\/07\/29\/turska-bi-mogla-uci-u-izrael-i-pomoci-palestincima\/#article","isPartOf":{"@id":"https:\/\/odabrano.com\/index.php\/2024\/07\/29\/turska-bi-mogla-uci-u-izrael-i-pomoci-palestincima\/"},"author":{"name":"admin","@id":"https:\/\/odabrano.com\/#\/schema\/person\/460f2b14657879743f23c4f6a7cd3236"},"headline":"Turska bi mogla u\u0107i u Izrael i pomo\u0107i Palestincima","datePublished":"2024-07-29T04:56:54+00:00","dateModified":"2024-07-29T11:44:35+00:00","mainEntityOfPage":{"@id":"https:\/\/odabrano.com\/index.php\/2024\/07\/29\/turska-bi-mogla-uci-u-izrael-i-pomoci-palestincima\/"},"wordCount":213,"publisher":{"@id":"https:\/\/odabrano.com\/#\/schema\/person\/460f2b14657879743f23c4f6a7cd3236"},"keywords":["erdogan","izrael","tursja"],"articleSection":["Svijet"],"inLanguage":"en-US"},{"@type":"WebPage","@id":"https:\/\/odabrano.com\/index.php\/2024\/07\/29\/turska-bi-mogla-uci-u-izrael-i-pomoci-palestincima\/","url":"https:\/\/odabrano.com\/index.php\/2024\/07\/29\/turska-bi-mogla-uci-u-izrael-i-pomoci-palestincima\/","name":"Turska bi mogla u\u0107i u Izrael i pomo\u0107i Palestincima - odabrano","isPartOf":{"@id":"https:\/\/odabrano.com\/#website"},"datePublished":"2024-07-29T04:56:54+00:00","dateModified":"2024-07-29T11:44:35+00:00","breadcrumb":{"@id":"https:\/\/odabrano.com\/index.php\/2024\/07\/29\/turska-bi-mogla-uci-u-izrael-i-pomoci-palestincima\/#breadcrumb"},"inLanguage":"en-US","potentialAction":[{"@type":"ReadAction","target":["https:\/\/odabrano.com\/index.php\/2024\/07\/29\/turska-bi-mogla-uci-u-izrael-i-pomoci-palestincima\/"]}]},{"@type":"BreadcrumbList","@id":"https:\/\/odabrano.com\/index.php\/2024\/07\/29\/turska-bi-mogla-uci-u-izrael-i-pomoci-palestincima\/#breadcrumb","itemListElement":[{"@type":"ListItem","position":1,"name":"Home","item":"https:\/\/odabrano.com\/"},{"@type":"ListItem","position":2,"name":"Turska bi mogla u\u0107i u Izrael i pomo\u0107i Palestincima"}]},{"@type":"WebSite","@id":"https:\/\/odabrano.com\/#website","url":"https:\/\/odabrano.com\/","name":"odabrano","description":"news portal koji nudi odabrane vijesti i informacije","publisher":{"@id":"https:\/\/odabrano.com\/#\/schema\/person\/460f2b14657879743f23c4f6a7cd3236"},"alternateName":"vijesti i informacije iz Hrvatske i svijeta","potentialAction":[{"@type":"SearchAction","target":{"@type":"EntryPoint","urlTemplate":"https:\/\/odabrano.com\/?s={search_term_string}"},"query-input":"required name=search_term_string"}],"inLanguage":"en-US"},{"@type":["Person","Organization"],"@id":"https:\/\/odabrano.com\/#\/schema\/person\/460f2b14657879743f23c4f6a7cd3236","name":"admin","image":{"@type":"ImageObject","inLanguage":"en-US","@id":"https:\/\/odabrano.com\/#\/schema\/person\/image\/","url":"https:\/\/odabrano.com\/wp-content\/uploads\/2024\/04\/dolar.jpg","contentUrl":"https:\/\/odabrano.com\/wp-content\/uploads\/2024\/04\/dolar.jpg","width":1216,"height":519,"caption":"admin"},"logo":{"@id":"https:\/\/odabrano.com\/#\/schema\/person\/image\/"},"sameAs":["http:\/\/odabrano.com"],"url":"https:\/\/odabrano.com\/index.php\/author\/sokolneno_u3xb387h\/"}]}},"_links":{"self":[{"href":"https:\/\/odabrano.com\/index.php\/wp-json\/wp\/v2\/posts\/3959","targetHints":{"allow":["GET"]}}],"collection":[{"href":"https:\/\/odabrano.com\/index.php\/wp-json\/wp\/v2\/posts"}],"about":[{"href":"https:\/\/odabrano.com\/index.php\/wp-json\/wp\/v2\/types\/post"}],"author":[{"embeddable":true,"href":"https:\/\/odabrano.com\/index.php\/wp-json\/wp\/v2\/users\/1"}],"replies":[{"embeddable":true,"href":"https:\/\/odabrano.com\/index.php\/wp-json\/wp\/v2\/comments?post=3959"}],"version-history":[{"count":2,"href":"https:\/\/odabrano.com\/index.php\/wp-json\/wp\/v2\/posts\/3959\/revisions"}],"predecessor-version":[{"id":3965,"href":"https:\/\/odabrano.com\/index.php\/wp-json\/wp\/v2\/posts\/3959\/revisions\/3965"}],"wp:featuredmedia":[{"embeddable":true,"href":"https:\/\/odabrano.com\/index.php\/wp-json\/wp\/v2\/media\/3960"}],"wp:attachment":[{"href":"https:\/\/odabrano.com\/index.php\/wp-json\/wp\/v2\/media?parent=3959"}],"wp:term":[{"taxonomy":"category","embeddable":true,"href":"https:\/\/odabrano.com\/index.php\/wp-json\/wp\/v2\/categories?post=3959"},{"taxonomy":"post_tag","embeddable":true,"href":"https:\/\/odabrano.com\/index.php\/wp-json\/wp\/v2\/tags?post=3959"}],"curies":[{"name":"wp","href":"https:\/\/api.w.org\/{rel}","templated":true}]}}