{"id":3813,"date":"2024-07-04T14:58:59","date_gmt":"2024-07-04T12:58:59","guid":{"rendered":"http:\/\/odabrano.com\/?p=3813"},"modified":"2024-07-04T14:58:59","modified_gmt":"2024-07-04T12:58:59","slug":"ukrajinske-snage-povukle-se-iz-dijela-casiv-jara","status":"publish","type":"post","link":"https:\/\/odabrano.com\/index.php\/2024\/07\/04\/ukrajinske-snage-povukle-se-iz-dijela-casiv-jara\/","title":{"rendered":"Ukrajinske snage povukle se iz dijela \u010casiv Jara"},"content":{"rendered":"\n<p><strong>Ukrajinska vojska u \u010detvrtak je objavila da su se njezine trupe povukle iz dijela \u010casiv Jara u isto\u010dnoj regiji Donjeck, dan nakon \u0161to je Rusija izvijestila da su njezine snage preuzele kontrolu nad dijelom toga strate\u0161ki va\u017enog grada.<\/strong><\/p>\n\n\n\n<p>\u010casiv Jar nalazi se na uzvisini. Uspostave li ruske snage potpunu kontrolu nad gradom, u budu\u0107nosti bi ga mogle koristiti kao polaznu to\u010dku za daljnje napredovanje prema zapadu i ukrajinskim gradovima Kramatorsku i Slovjansku.<\/p>\n\n\n\n<p>Rusko ministarstvo obrane u srijedu je izvijestilo da su ruske vojne snage preuzele kontrolu nad okrugom &#8220;Novji&#8221; koji se nalazi zapadno od kanala Siverski Donjec-Donbas, a prolazi kroz isto\u010dni dio grada.<\/p>\n\n\n\n<p>&#8211; Postalo nam je neprakti\u010dno odr\u017eavati nadzor nad dijelovima grada nakon \u0161to je neprijatelj onamo u\u0161ao. Bili su ugro\u017eeni \u017eivoti i zdravlje na\u0161ih vojnika, a i polo\u017eaji na\u0161ih branitelja pritom su uni\u0161teni, rekao je za ukrajinsku tv vojni glasnogovornik&nbsp;<strong>Nazar Volo\u0161in<\/strong>.<\/p>\n\n\n\n<p><br>&#8211; Zapovjedni\u0161tvo se odlu\u010dilo povu\u0107i na bolje za\u0161ti\u0107ene polo\u017eaje, no ni u tome podru\u010dju neprijatelj ne prestaje s aktivnim borbenim djelovanjem, rekao je.<\/p>\n\n\n\n<p>Ruske snage, koje su pokrenule invaziju na Ukrajinu u velja\u010di 2022. u posljednjih nekoliko tjedana postupno napreduju u regiji Donjeck, nastoje\u0107i otvoriti novu frontu blizu sjeveroisto\u010dnoga grada Harkiva.<\/p>\n\n\n\n<p>Napredovanje u regiji Harkiva je zaustavljeno, ali ukrajinski vojni analiti\u010dari priznaju da je 2024. godina bila te\u0161ka za Ukrajinu na bojnome polju, na \u0161to je utjecalo i ka\u0161njenje ameri\u010dke vojne pomo\u0107i.<\/p>\n\n\n\n<p>Ukrajinske vojne snage u dnevnom su izvje\u0161\u0107u objavile da je u posljednja 24 sata vo\u0111ena 161 vojna bitka, od \u010dega ih se ve\u0107ina odvijala u regiji Donjeck. U izvje\u0161\u0107u stoji i da su ukrajinske vojne snage sprije\u010dile ruske snage da probiju ukrajinsku obranu na Kramatorskoj fronti, koja uklju\u010duje podru\u010dja blizu \u010casiv Jara.<\/p>\n","protected":false},"excerpt":{"rendered":"<p>Ukrajinska vojska u \u010detvrtak je objavila da su se njezine trupe povukle iz dijela \u010casiv Jara u isto\u010dnoj regiji Donjeck, dan nakon \u0161to je Rusija izvijestila da su njezine snage preuzele kontrolu nad dijelom toga strate\u0161ki va\u017enog grada. \u010casiv Jar nalazi se na uzvisini. Uspostave li ruske snage potpunu kontrolu nad gradom, u budu\u0107nosti bi &hellip;<\/p>\n","protected":false},"author":1,"featured_media":3814,"comment_status":"closed","ping_status":"open","sticky":false,"template":"","format":"standard","meta":{"_monsterinsights_skip_tracking":false,"_monsterinsights_sitenote_active":false,"_monsterinsights_sitenote_note":"","_monsterinsights_sitenote_category":0,"footnotes":""},"categories":[9],"tags":[201,17],"class_list":["post-3813","post","type-post","status-publish","format-standard","has-post-thumbnail","","category-svijet","tag-povlacenje","tag-ukrajina"],"yoast_head":"<!-- This site is optimized with the Yoast SEO plugin v22.1 - https:\/\/yoast.com\/wordpress\/plugins\/seo\/ -->\n<title>Ukrajinske snage povukle se iz dijela \u010casiv Jara - odabrano<\/title>\n<meta name=\"robots\" content=\"index, follow, max-snippet:-1, max-image-preview:large, max-video-preview:-1\" \/>\n<link rel=\"canonical\" href=\"https:\/\/odabrano.com\/index.php\/2024\/07\/04\/ukrajinske-snage-povukle-se-iz-dijela-casiv-jara\/\" \/>\n<meta property=\"og:locale\" content=\"en_US\" \/>\n<meta property=\"og:type\" content=\"article\" \/>\n<meta property=\"og:title\" content=\"Ukrajinske snage povukle se iz dijela \u010casiv Jara - odabrano\" \/>\n<meta property=\"og:description\" content=\"Ukrajinska vojska u \u010detvrtak je objavila da su se njezine trupe povukle iz dijela \u010casiv Jara u isto\u010dnoj regiji Donjeck, dan nakon \u0161to je Rusija izvijestila da su njezine snage preuzele kontrolu nad dijelom toga strate\u0161ki va\u017enog grada. \u010casiv Jar nalazi se na uzvisini. Uspostave li ruske snage potpunu kontrolu nad gradom, u budu\u0107nosti bi &hellip;\" \/>\n<meta property=\"og:url\" content=\"https:\/\/odabrano.com\/index.php\/2024\/07\/04\/ukrajinske-snage-povukle-se-iz-dijela-casiv-jara\/\" \/>\n<meta property=\"og:site_name\" content=\"odabrano\" \/>\n<meta property=\"article:published_time\" content=\"2024-07-04T12:58:59+00:00\" \/>\n<meta property=\"og:image\" content=\"https:\/\/odabrano.com\/wp-content\/uploads\/2024\/07\/ukraina.jpeg\" \/>\n\t<meta property=\"og:image:width\" content=\"988\" \/>\n\t<meta property=\"og:image:height\" content=\"593\" \/>\n\t<meta property=\"og:image:type\" content=\"image\/jpeg\" \/>\n<meta name=\"author\" content=\"admin\" \/>\n<meta name=\"twitter:card\" content=\"summary_large_image\" \/>\n<meta name=\"twitter:label1\" content=\"Written by\" \/>\n\t<meta name=\"twitter:data1\" content=\"admin\" \/>\n\t<meta name=\"twitter:label2\" content=\"Est. reading time\" \/>\n\t<meta name=\"twitter:data2\" content=\"2 minutes\" \/>\n<script type=\"application\/ld+json\" class=\"yoast-schema-graph\">{\"@context\":\"https:\/\/schema.org\",\"@graph\":[{\"@type\":\"Article\",\"@id\":\"https:\/\/odabrano.com\/index.php\/2024\/07\/04\/ukrajinske-snage-povukle-se-iz-dijela-casiv-jara\/#article\",\"isPartOf\":{\"@id\":\"https:\/\/odabrano.com\/index.php\/2024\/07\/04\/ukrajinske-snage-povukle-se-iz-dijela-casiv-jara\/\"},\"author\":{\"name\":\"admin\",\"@id\":\"https:\/\/odabrano.com\/#\/schema\/person\/460f2b14657879743f23c4f6a7cd3236\"},\"headline\":\"Ukrajinske snage povukle se iz dijela \u010casiv Jara\",\"datePublished\":\"2024-07-04T12:58:59+00:00\",\"dateModified\":\"2024-07-04T12:58:59+00:00\",\"mainEntityOfPage\":{\"@id\":\"https:\/\/odabrano.com\/index.php\/2024\/07\/04\/ukrajinske-snage-povukle-se-iz-dijela-casiv-jara\/\"},\"wordCount\":320,\"publisher\":{\"@id\":\"https:\/\/odabrano.com\/#\/schema\/person\/460f2b14657879743f23c4f6a7cd3236\"},\"keywords\":[\"povla\u010denje\",\"ukrajina\"],\"articleSection\":[\"Svijet\"],\"inLanguage\":\"en-US\"},{\"@type\":\"WebPage\",\"@id\":\"https:\/\/odabrano.com\/index.php\/2024\/07\/04\/ukrajinske-snage-povukle-se-iz-dijela-casiv-jara\/\",\"url\":\"https:\/\/odabrano.com\/index.php\/2024\/07\/04\/ukrajinske-snage-povukle-se-iz-dijela-casiv-jara\/\",\"name\":\"Ukrajinske snage povukle se iz dijela \u010casiv Jara - odabrano\",\"isPartOf\":{\"@id\":\"https:\/\/odabrano.com\/#website\"},\"datePublished\":\"2024-07-04T12:58:59+00:00\",\"dateModified\":\"2024-07-04T12:58:59+00:00\",\"breadcrumb\":{\"@id\":\"https:\/\/odabrano.com\/index.php\/2024\/07\/04\/ukrajinske-snage-povukle-se-iz-dijela-casiv-jara\/#breadcrumb\"},\"inLanguage\":\"en-US\",\"potentialAction\":[{\"@type\":\"ReadAction\",\"target\":[\"https:\/\/odabrano.com\/index.php\/2024\/07\/04\/ukrajinske-snage-povukle-se-iz-dijela-casiv-jara\/\"]}]},{\"@type\":\"BreadcrumbList\",\"@id\":\"https:\/\/odabrano.com\/index.php\/2024\/07\/04\/ukrajinske-snage-povukle-se-iz-dijela-casiv-jara\/#breadcrumb\",\"itemListElement\":[{\"@type\":\"ListItem\",\"position\":1,\"name\":\"Home\",\"item\":\"https:\/\/odabrano.com\/\"},{\"@type\":\"ListItem\",\"position\":2,\"name\":\"Ukrajinske snage povukle se iz dijela \u010casiv Jara\"}]},{\"@type\":\"WebSite\",\"@id\":\"https:\/\/odabrano.com\/#website\",\"url\":\"https:\/\/odabrano.com\/\",\"name\":\"odabrano\",\"description\":\"news portal koji nudi odabrane vijesti i informacije\",\"publisher\":{\"@id\":\"https:\/\/odabrano.com\/#\/schema\/person\/460f2b14657879743f23c4f6a7cd3236\"},\"alternateName\":\"vijesti i informacije iz Hrvatske i svijeta\",\"potentialAction\":[{\"@type\":\"SearchAction\",\"target\":{\"@type\":\"EntryPoint\",\"urlTemplate\":\"https:\/\/odabrano.com\/?s={search_term_string}\"},\"query-input\":\"required name=search_term_string\"}],\"inLanguage\":\"en-US\"},{\"@type\":[\"Person\",\"Organization\"],\"@id\":\"https:\/\/odabrano.com\/#\/schema\/person\/460f2b14657879743f23c4f6a7cd3236\",\"name\":\"admin\",\"image\":{\"@type\":\"ImageObject\",\"inLanguage\":\"en-US\",\"@id\":\"https:\/\/odabrano.com\/#\/schema\/person\/image\/\",\"url\":\"https:\/\/odabrano.com\/wp-content\/uploads\/2024\/04\/dolar.jpg\",\"contentUrl\":\"https:\/\/odabrano.com\/wp-content\/uploads\/2024\/04\/dolar.jpg\",\"width\":1216,\"height\":519,\"caption\":\"admin\"},\"logo\":{\"@id\":\"https:\/\/odabrano.com\/#\/schema\/person\/image\/\"},\"sameAs\":[\"http:\/\/odabrano.com\"],\"url\":\"https:\/\/odabrano.com\/index.php\/author\/sokolneno_u3xb387h\/\"}]}<\/script>\n<!-- \/ Yoast SEO plugin. -->","yoast_head_json":{"title":"Ukrajinske snage povukle se iz dijela \u010casiv Jara - odabrano","robots":{"index":"index","follow":"follow","max-snippet":"max-snippet:-1","max-image-preview":"max-image-preview:large","max-video-preview":"max-video-preview:-1"},"canonical":"https:\/\/odabrano.com\/index.php\/2024\/07\/04\/ukrajinske-snage-povukle-se-iz-dijela-casiv-jara\/","og_locale":"en_US","og_type":"article","og_title":"Ukrajinske snage povukle se iz dijela \u010casiv Jara - odabrano","og_description":"Ukrajinska vojska u \u010detvrtak je objavila da su se njezine trupe povukle iz dijela \u010casiv Jara u isto\u010dnoj regiji Donjeck, dan nakon \u0161to je Rusija izvijestila da su njezine snage preuzele kontrolu nad dijelom toga strate\u0161ki va\u017enog grada. \u010casiv Jar nalazi se na uzvisini. Uspostave li ruske snage potpunu kontrolu nad gradom, u budu\u0107nosti bi &hellip;","og_url":"https:\/\/odabrano.com\/index.php\/2024\/07\/04\/ukrajinske-snage-povukle-se-iz-dijela-casiv-jara\/","og_site_name":"odabrano","article_published_time":"2024-07-04T12:58:59+00:00","og_image":[{"width":988,"height":593,"url":"https:\/\/odabrano.com\/wp-content\/uploads\/2024\/07\/ukraina.jpeg","type":"image\/jpeg"}],"author":"admin","twitter_card":"summary_large_image","twitter_misc":{"Written by":"admin","Est. reading time":"2 minutes"},"schema":{"@context":"https:\/\/schema.org","@graph":[{"@type":"Article","@id":"https:\/\/odabrano.com\/index.php\/2024\/07\/04\/ukrajinske-snage-povukle-se-iz-dijela-casiv-jara\/#article","isPartOf":{"@id":"https:\/\/odabrano.com\/index.php\/2024\/07\/04\/ukrajinske-snage-povukle-se-iz-dijela-casiv-jara\/"},"author":{"name":"admin","@id":"https:\/\/odabrano.com\/#\/schema\/person\/460f2b14657879743f23c4f6a7cd3236"},"headline":"Ukrajinske snage povukle se iz dijela \u010casiv Jara","datePublished":"2024-07-04T12:58:59+00:00","dateModified":"2024-07-04T12:58:59+00:00","mainEntityOfPage":{"@id":"https:\/\/odabrano.com\/index.php\/2024\/07\/04\/ukrajinske-snage-povukle-se-iz-dijela-casiv-jara\/"},"wordCount":320,"publisher":{"@id":"https:\/\/odabrano.com\/#\/schema\/person\/460f2b14657879743f23c4f6a7cd3236"},"keywords":["povla\u010denje","ukrajina"],"articleSection":["Svijet"],"inLanguage":"en-US"},{"@type":"WebPage","@id":"https:\/\/odabrano.com\/index.php\/2024\/07\/04\/ukrajinske-snage-povukle-se-iz-dijela-casiv-jara\/","url":"https:\/\/odabrano.com\/index.php\/2024\/07\/04\/ukrajinske-snage-povukle-se-iz-dijela-casiv-jara\/","name":"Ukrajinske snage povukle se iz dijela \u010casiv Jara - odabrano","isPartOf":{"@id":"https:\/\/odabrano.com\/#website"},"datePublished":"2024-07-04T12:58:59+00:00","dateModified":"2024-07-04T12:58:59+00:00","breadcrumb":{"@id":"https:\/\/odabrano.com\/index.php\/2024\/07\/04\/ukrajinske-snage-povukle-se-iz-dijela-casiv-jara\/#breadcrumb"},"inLanguage":"en-US","potentialAction":[{"@type":"ReadAction","target":["https:\/\/odabrano.com\/index.php\/2024\/07\/04\/ukrajinske-snage-povukle-se-iz-dijela-casiv-jara\/"]}]},{"@type":"BreadcrumbList","@id":"https:\/\/odabrano.com\/index.php\/2024\/07\/04\/ukrajinske-snage-povukle-se-iz-dijela-casiv-jara\/#breadcrumb","itemListElement":[{"@type":"ListItem","position":1,"name":"Home","item":"https:\/\/odabrano.com\/"},{"@type":"ListItem","position":2,"name":"Ukrajinske snage povukle se iz dijela \u010casiv Jara"}]},{"@type":"WebSite","@id":"https:\/\/odabrano.com\/#website","url":"https:\/\/odabrano.com\/","name":"odabrano","description":"news portal koji nudi odabrane vijesti i informacije","publisher":{"@id":"https:\/\/odabrano.com\/#\/schema\/person\/460f2b14657879743f23c4f6a7cd3236"},"alternateName":"vijesti i informacije iz Hrvatske i svijeta","potentialAction":[{"@type":"SearchAction","target":{"@type":"EntryPoint","urlTemplate":"https:\/\/odabrano.com\/?s={search_term_string}"},"query-input":"required name=search_term_string"}],"inLanguage":"en-US"},{"@type":["Person","Organization"],"@id":"https:\/\/odabrano.com\/#\/schema\/person\/460f2b14657879743f23c4f6a7cd3236","name":"admin","image":{"@type":"ImageObject","inLanguage":"en-US","@id":"https:\/\/odabrano.com\/#\/schema\/person\/image\/","url":"https:\/\/odabrano.com\/wp-content\/uploads\/2024\/04\/dolar.jpg","contentUrl":"https:\/\/odabrano.com\/wp-content\/uploads\/2024\/04\/dolar.jpg","width":1216,"height":519,"caption":"admin"},"logo":{"@id":"https:\/\/odabrano.com\/#\/schema\/person\/image\/"},"sameAs":["http:\/\/odabrano.com"],"url":"https:\/\/odabrano.com\/index.php\/author\/sokolneno_u3xb387h\/"}]}},"_links":{"self":[{"href":"https:\/\/odabrano.com\/index.php\/wp-json\/wp\/v2\/posts\/3813","targetHints":{"allow":["GET"]}}],"collection":[{"href":"https:\/\/odabrano.com\/index.php\/wp-json\/wp\/v2\/posts"}],"about":[{"href":"https:\/\/odabrano.com\/index.php\/wp-json\/wp\/v2\/types\/post"}],"author":[{"embeddable":true,"href":"https:\/\/odabrano.com\/index.php\/wp-json\/wp\/v2\/users\/1"}],"replies":[{"embeddable":true,"href":"https:\/\/odabrano.com\/index.php\/wp-json\/wp\/v2\/comments?post=3813"}],"version-history":[{"count":1,"href":"https:\/\/odabrano.com\/index.php\/wp-json\/wp\/v2\/posts\/3813\/revisions"}],"predecessor-version":[{"id":3815,"href":"https:\/\/odabrano.com\/index.php\/wp-json\/wp\/v2\/posts\/3813\/revisions\/3815"}],"wp:featuredmedia":[{"embeddable":true,"href":"https:\/\/odabrano.com\/index.php\/wp-json\/wp\/v2\/media\/3814"}],"wp:attachment":[{"href":"https:\/\/odabrano.com\/index.php\/wp-json\/wp\/v2\/media?parent=3813"}],"wp:term":[{"taxonomy":"category","embeddable":true,"href":"https:\/\/odabrano.com\/index.php\/wp-json\/wp\/v2\/categories?post=3813"},{"taxonomy":"post_tag","embeddable":true,"href":"https:\/\/odabrano.com\/index.php\/wp-json\/wp\/v2\/tags?post=3813"}],"curies":[{"name":"wp","href":"https:\/\/api.w.org\/{rel}","templated":true}]}}