{"id":3778,"date":"2024-06-29T12:50:47","date_gmt":"2024-06-29T10:50:47","guid":{"rendered":"http:\/\/odabrano.com\/?p=3778"},"modified":"2024-06-29T16:56:47","modified_gmt":"2024-06-29T14:56:47","slug":"rezolucija-o-jasenovcu-pokazuje-duboke-podjele-u-crnogorskom-drustvu","status":"publish","type":"post","link":"https:\/\/odabrano.com\/index.php\/2024\/06\/29\/rezolucija-o-jasenovcu-pokazuje-duboke-podjele-u-crnogorskom-drustvu\/","title":{"rendered":"Rezolucija o Jasenovcu pokazuje duboke podjele u crnogorskom dru\u0161tvu"},"content":{"rendered":"\n<p>Rezolucija o Jasenovcu pokazuje duboke podjele u crnogorskom dru\u0161tvu, rekao je u subotu premijer Andrej Plenkovi\u0107, a biv\u0161i \u0161ef diplomacije te zemlje rekao je kako su oni koji su ju donijeli \u201cdio kvislin\u0161kog naslje\u0111a u Crnoj Gori\u201d.<\/p>\n\n\n\n<p>Plenkovi\u0107 je u izjavi novinarima na marginama Dubrovnik foruma kazao kako je rezolucija koju je skup\u0161tina Crne Gore donijela u petak \u201eodraz namjera\u201d koje nisu ni dobrosusjedske ni partnerske.<\/p>\n\n\n\n<p>Premijer je naglasio da Hrvatska \u201ezadr\u017eava pravo reakcije na ovakvu rezoluciju\u201d koja je \u201enepotrebna\u201d.<\/p>\n\n\n\n<p>\u201eRazvidno je kako je ta tema bila prije svega prouzro\u010dena \u010dinjenicom da je Crna Gora podr\u017eala rezoluciju o Srebrenici na Op\u0107oj skup\u0161tini Ujedinjenih naroda\u201d, pa se oni koji su izglasali rezoluciju o Jasenovcu od nje \u201epoku\u0161avaju oprati\u201d.<\/p>\n","protected":false},"excerpt":{"rendered":"<p>Rezolucija o Jasenovcu pokazuje duboke podjele u crnogorskom dru\u0161tvu, rekao je u subotu premijer Andrej Plenkovi\u0107, a biv\u0161i \u0161ef diplomacije te zemlje rekao je kako su oni koji su ju donijeli \u201cdio kvislin\u0161kog naslje\u0111a u Crnoj Gori\u201d. Plenkovi\u0107 je u izjavi novinarima na marginama Dubrovnik foruma kazao kako je rezolucija koju je skup\u0161tina Crne Gore &hellip;<\/p>\n","protected":false},"author":1,"featured_media":3779,"comment_status":"closed","ping_status":"open","sticky":false,"template":"","format":"standard","meta":{"_monsterinsights_skip_tracking":false,"_monsterinsights_sitenote_active":false,"_monsterinsights_sitenote_note":"","_monsterinsights_sitenote_category":0,"footnotes":""},"categories":[25],"tags":[768,769,312,653],"class_list":["post-3778","post","type-post","status-publish","format-standard","has-post-thumbnail","","category-hrvatska","tag-crna-gora","tag-jasenovac","tag-plenkovic","tag-rezolucija"],"yoast_head":"<!-- This site is optimized with the Yoast SEO plugin v22.1 - https:\/\/yoast.com\/wordpress\/plugins\/seo\/ -->\n<title>Rezolucija o Jasenovcu pokazuje duboke podjele u crnogorskom dru\u0161tvu - odabrano<\/title>\n<meta name=\"robots\" content=\"index, follow, max-snippet:-1, max-image-preview:large, max-video-preview:-1\" \/>\n<link rel=\"canonical\" href=\"https:\/\/odabrano.com\/index.php\/2024\/06\/29\/rezolucija-o-jasenovcu-pokazuje-duboke-podjele-u-crnogorskom-drustvu\/\" \/>\n<meta property=\"og:locale\" content=\"en_US\" \/>\n<meta property=\"og:type\" content=\"article\" \/>\n<meta property=\"og:title\" content=\"Rezolucija o Jasenovcu pokazuje duboke podjele u crnogorskom dru\u0161tvu - odabrano\" \/>\n<meta property=\"og:description\" content=\"Rezolucija o Jasenovcu pokazuje duboke podjele u crnogorskom dru\u0161tvu, rekao je u subotu premijer Andrej Plenkovi\u0107, a biv\u0161i \u0161ef diplomacije te zemlje rekao je kako su oni koji su ju donijeli \u201cdio kvislin\u0161kog naslje\u0111a u Crnoj Gori\u201d. Plenkovi\u0107 je u izjavi novinarima na marginama Dubrovnik foruma kazao kako je rezolucija koju je skup\u0161tina Crne Gore &hellip;\" \/>\n<meta property=\"og:url\" content=\"https:\/\/odabrano.com\/index.php\/2024\/06\/29\/rezolucija-o-jasenovcu-pokazuje-duboke-podjele-u-crnogorskom-drustvu\/\" \/>\n<meta property=\"og:site_name\" content=\"odabrano\" \/>\n<meta property=\"article:published_time\" content=\"2024-06-29T10:50:47+00:00\" \/>\n<meta property=\"article:modified_time\" content=\"2024-06-29T14:56:47+00:00\" \/>\n<meta property=\"og:image\" content=\"https:\/\/odabrano.com\/wp-content\/uploads\/2024\/06\/plenki.jpg\" \/>\n\t<meta property=\"og:image:width\" content=\"2048\" \/>\n\t<meta property=\"og:image:height\" content=\"1365\" \/>\n\t<meta property=\"og:image:type\" content=\"image\/jpeg\" \/>\n<meta name=\"author\" content=\"admin\" \/>\n<meta name=\"twitter:card\" content=\"summary_large_image\" \/>\n<meta name=\"twitter:label1\" content=\"Written by\" \/>\n\t<meta name=\"twitter:data1\" content=\"admin\" \/>\n\t<meta name=\"twitter:label2\" content=\"Est. reading time\" \/>\n\t<meta name=\"twitter:data2\" content=\"1 minute\" \/>\n<script type=\"application\/ld+json\" class=\"yoast-schema-graph\">{\"@context\":\"https:\/\/schema.org\",\"@graph\":[{\"@type\":\"Article\",\"@id\":\"https:\/\/odabrano.com\/index.php\/2024\/06\/29\/rezolucija-o-jasenovcu-pokazuje-duboke-podjele-u-crnogorskom-drustvu\/#article\",\"isPartOf\":{\"@id\":\"https:\/\/odabrano.com\/index.php\/2024\/06\/29\/rezolucija-o-jasenovcu-pokazuje-duboke-podjele-u-crnogorskom-drustvu\/\"},\"author\":{\"name\":\"admin\",\"@id\":\"https:\/\/odabrano.com\/#\/schema\/person\/460f2b14657879743f23c4f6a7cd3236\"},\"headline\":\"Rezolucija o Jasenovcu pokazuje duboke podjele u crnogorskom dru\u0161tvu\",\"datePublished\":\"2024-06-29T10:50:47+00:00\",\"dateModified\":\"2024-06-29T14:56:47+00:00\",\"mainEntityOfPage\":{\"@id\":\"https:\/\/odabrano.com\/index.php\/2024\/06\/29\/rezolucija-o-jasenovcu-pokazuje-duboke-podjele-u-crnogorskom-drustvu\/\"},\"wordCount\":138,\"publisher\":{\"@id\":\"https:\/\/odabrano.com\/#\/schema\/person\/460f2b14657879743f23c4f6a7cd3236\"},\"keywords\":[\"crna gora\",\"jasenovac\",\"plenkovi\u0107\",\"rezolucija\"],\"articleSection\":[\"Hrvatska\"],\"inLanguage\":\"en-US\"},{\"@type\":\"WebPage\",\"@id\":\"https:\/\/odabrano.com\/index.php\/2024\/06\/29\/rezolucija-o-jasenovcu-pokazuje-duboke-podjele-u-crnogorskom-drustvu\/\",\"url\":\"https:\/\/odabrano.com\/index.php\/2024\/06\/29\/rezolucija-o-jasenovcu-pokazuje-duboke-podjele-u-crnogorskom-drustvu\/\",\"name\":\"Rezolucija o Jasenovcu pokazuje duboke podjele u crnogorskom dru\u0161tvu - odabrano\",\"isPartOf\":{\"@id\":\"https:\/\/odabrano.com\/#website\"},\"datePublished\":\"2024-06-29T10:50:47+00:00\",\"dateModified\":\"2024-06-29T14:56:47+00:00\",\"breadcrumb\":{\"@id\":\"https:\/\/odabrano.com\/index.php\/2024\/06\/29\/rezolucija-o-jasenovcu-pokazuje-duboke-podjele-u-crnogorskom-drustvu\/#breadcrumb\"},\"inLanguage\":\"en-US\",\"potentialAction\":[{\"@type\":\"ReadAction\",\"target\":[\"https:\/\/odabrano.com\/index.php\/2024\/06\/29\/rezolucija-o-jasenovcu-pokazuje-duboke-podjele-u-crnogorskom-drustvu\/\"]}]},{\"@type\":\"BreadcrumbList\",\"@id\":\"https:\/\/odabrano.com\/index.php\/2024\/06\/29\/rezolucija-o-jasenovcu-pokazuje-duboke-podjele-u-crnogorskom-drustvu\/#breadcrumb\",\"itemListElement\":[{\"@type\":\"ListItem\",\"position\":1,\"name\":\"Home\",\"item\":\"https:\/\/odabrano.com\/\"},{\"@type\":\"ListItem\",\"position\":2,\"name\":\"Rezolucija o Jasenovcu pokazuje duboke podjele u crnogorskom dru\u0161tvu\"}]},{\"@type\":\"WebSite\",\"@id\":\"https:\/\/odabrano.com\/#website\",\"url\":\"https:\/\/odabrano.com\/\",\"name\":\"odabrano\",\"description\":\"news portal koji nudi odabrane vijesti i informacije\",\"publisher\":{\"@id\":\"https:\/\/odabrano.com\/#\/schema\/person\/460f2b14657879743f23c4f6a7cd3236\"},\"alternateName\":\"vijesti i informacije iz Hrvatske i svijeta\",\"potentialAction\":[{\"@type\":\"SearchAction\",\"target\":{\"@type\":\"EntryPoint\",\"urlTemplate\":\"https:\/\/odabrano.com\/?s={search_term_string}\"},\"query-input\":\"required name=search_term_string\"}],\"inLanguage\":\"en-US\"},{\"@type\":[\"Person\",\"Organization\"],\"@id\":\"https:\/\/odabrano.com\/#\/schema\/person\/460f2b14657879743f23c4f6a7cd3236\",\"name\":\"admin\",\"image\":{\"@type\":\"ImageObject\",\"inLanguage\":\"en-US\",\"@id\":\"https:\/\/odabrano.com\/#\/schema\/person\/image\/\",\"url\":\"https:\/\/odabrano.com\/wp-content\/uploads\/2024\/04\/dolar.jpg\",\"contentUrl\":\"https:\/\/odabrano.com\/wp-content\/uploads\/2024\/04\/dolar.jpg\",\"width\":1216,\"height\":519,\"caption\":\"admin\"},\"logo\":{\"@id\":\"https:\/\/odabrano.com\/#\/schema\/person\/image\/\"},\"sameAs\":[\"http:\/\/odabrano.com\"],\"url\":\"https:\/\/odabrano.com\/index.php\/author\/sokolneno_u3xb387h\/\"}]}<\/script>\n<!-- \/ Yoast SEO plugin. -->","yoast_head_json":{"title":"Rezolucija o Jasenovcu pokazuje duboke podjele u crnogorskom dru\u0161tvu - odabrano","robots":{"index":"index","follow":"follow","max-snippet":"max-snippet:-1","max-image-preview":"max-image-preview:large","max-video-preview":"max-video-preview:-1"},"canonical":"https:\/\/odabrano.com\/index.php\/2024\/06\/29\/rezolucija-o-jasenovcu-pokazuje-duboke-podjele-u-crnogorskom-drustvu\/","og_locale":"en_US","og_type":"article","og_title":"Rezolucija o Jasenovcu pokazuje duboke podjele u crnogorskom dru\u0161tvu - odabrano","og_description":"Rezolucija o Jasenovcu pokazuje duboke podjele u crnogorskom dru\u0161tvu, rekao je u subotu premijer Andrej Plenkovi\u0107, a biv\u0161i \u0161ef diplomacije te zemlje rekao je kako su oni koji su ju donijeli \u201cdio kvislin\u0161kog naslje\u0111a u Crnoj Gori\u201d. Plenkovi\u0107 je u izjavi novinarima na marginama Dubrovnik foruma kazao kako je rezolucija koju je skup\u0161tina Crne Gore &hellip;","og_url":"https:\/\/odabrano.com\/index.php\/2024\/06\/29\/rezolucija-o-jasenovcu-pokazuje-duboke-podjele-u-crnogorskom-drustvu\/","og_site_name":"odabrano","article_published_time":"2024-06-29T10:50:47+00:00","article_modified_time":"2024-06-29T14:56:47+00:00","og_image":[{"width":2048,"height":1365,"url":"https:\/\/odabrano.com\/wp-content\/uploads\/2024\/06\/plenki.jpg","type":"image\/jpeg"}],"author":"admin","twitter_card":"summary_large_image","twitter_misc":{"Written by":"admin","Est. reading time":"1 minute"},"schema":{"@context":"https:\/\/schema.org","@graph":[{"@type":"Article","@id":"https:\/\/odabrano.com\/index.php\/2024\/06\/29\/rezolucija-o-jasenovcu-pokazuje-duboke-podjele-u-crnogorskom-drustvu\/#article","isPartOf":{"@id":"https:\/\/odabrano.com\/index.php\/2024\/06\/29\/rezolucija-o-jasenovcu-pokazuje-duboke-podjele-u-crnogorskom-drustvu\/"},"author":{"name":"admin","@id":"https:\/\/odabrano.com\/#\/schema\/person\/460f2b14657879743f23c4f6a7cd3236"},"headline":"Rezolucija o Jasenovcu pokazuje duboke podjele u crnogorskom dru\u0161tvu","datePublished":"2024-06-29T10:50:47+00:00","dateModified":"2024-06-29T14:56:47+00:00","mainEntityOfPage":{"@id":"https:\/\/odabrano.com\/index.php\/2024\/06\/29\/rezolucija-o-jasenovcu-pokazuje-duboke-podjele-u-crnogorskom-drustvu\/"},"wordCount":138,"publisher":{"@id":"https:\/\/odabrano.com\/#\/schema\/person\/460f2b14657879743f23c4f6a7cd3236"},"keywords":["crna gora","jasenovac","plenkovi\u0107","rezolucija"],"articleSection":["Hrvatska"],"inLanguage":"en-US"},{"@type":"WebPage","@id":"https:\/\/odabrano.com\/index.php\/2024\/06\/29\/rezolucija-o-jasenovcu-pokazuje-duboke-podjele-u-crnogorskom-drustvu\/","url":"https:\/\/odabrano.com\/index.php\/2024\/06\/29\/rezolucija-o-jasenovcu-pokazuje-duboke-podjele-u-crnogorskom-drustvu\/","name":"Rezolucija o Jasenovcu pokazuje duboke podjele u crnogorskom dru\u0161tvu - odabrano","isPartOf":{"@id":"https:\/\/odabrano.com\/#website"},"datePublished":"2024-06-29T10:50:47+00:00","dateModified":"2024-06-29T14:56:47+00:00","breadcrumb":{"@id":"https:\/\/odabrano.com\/index.php\/2024\/06\/29\/rezolucija-o-jasenovcu-pokazuje-duboke-podjele-u-crnogorskom-drustvu\/#breadcrumb"},"inLanguage":"en-US","potentialAction":[{"@type":"ReadAction","target":["https:\/\/odabrano.com\/index.php\/2024\/06\/29\/rezolucija-o-jasenovcu-pokazuje-duboke-podjele-u-crnogorskom-drustvu\/"]}]},{"@type":"BreadcrumbList","@id":"https:\/\/odabrano.com\/index.php\/2024\/06\/29\/rezolucija-o-jasenovcu-pokazuje-duboke-podjele-u-crnogorskom-drustvu\/#breadcrumb","itemListElement":[{"@type":"ListItem","position":1,"name":"Home","item":"https:\/\/odabrano.com\/"},{"@type":"ListItem","position":2,"name":"Rezolucija o Jasenovcu pokazuje duboke podjele u crnogorskom dru\u0161tvu"}]},{"@type":"WebSite","@id":"https:\/\/odabrano.com\/#website","url":"https:\/\/odabrano.com\/","name":"odabrano","description":"news portal koji nudi odabrane vijesti i informacije","publisher":{"@id":"https:\/\/odabrano.com\/#\/schema\/person\/460f2b14657879743f23c4f6a7cd3236"},"alternateName":"vijesti i informacije iz Hrvatske i svijeta","potentialAction":[{"@type":"SearchAction","target":{"@type":"EntryPoint","urlTemplate":"https:\/\/odabrano.com\/?s={search_term_string}"},"query-input":"required name=search_term_string"}],"inLanguage":"en-US"},{"@type":["Person","Organization"],"@id":"https:\/\/odabrano.com\/#\/schema\/person\/460f2b14657879743f23c4f6a7cd3236","name":"admin","image":{"@type":"ImageObject","inLanguage":"en-US","@id":"https:\/\/odabrano.com\/#\/schema\/person\/image\/","url":"https:\/\/odabrano.com\/wp-content\/uploads\/2024\/04\/dolar.jpg","contentUrl":"https:\/\/odabrano.com\/wp-content\/uploads\/2024\/04\/dolar.jpg","width":1216,"height":519,"caption":"admin"},"logo":{"@id":"https:\/\/odabrano.com\/#\/schema\/person\/image\/"},"sameAs":["http:\/\/odabrano.com"],"url":"https:\/\/odabrano.com\/index.php\/author\/sokolneno_u3xb387h\/"}]}},"_links":{"self":[{"href":"https:\/\/odabrano.com\/index.php\/wp-json\/wp\/v2\/posts\/3778","targetHints":{"allow":["GET"]}}],"collection":[{"href":"https:\/\/odabrano.com\/index.php\/wp-json\/wp\/v2\/posts"}],"about":[{"href":"https:\/\/odabrano.com\/index.php\/wp-json\/wp\/v2\/types\/post"}],"author":[{"embeddable":true,"href":"https:\/\/odabrano.com\/index.php\/wp-json\/wp\/v2\/users\/1"}],"replies":[{"embeddable":true,"href":"https:\/\/odabrano.com\/index.php\/wp-json\/wp\/v2\/comments?post=3778"}],"version-history":[{"count":2,"href":"https:\/\/odabrano.com\/index.php\/wp-json\/wp\/v2\/posts\/3778\/revisions"}],"predecessor-version":[{"id":3781,"href":"https:\/\/odabrano.com\/index.php\/wp-json\/wp\/v2\/posts\/3778\/revisions\/3781"}],"wp:featuredmedia":[{"embeddable":true,"href":"https:\/\/odabrano.com\/index.php\/wp-json\/wp\/v2\/media\/3779"}],"wp:attachment":[{"href":"https:\/\/odabrano.com\/index.php\/wp-json\/wp\/v2\/media?parent=3778"}],"wp:term":[{"taxonomy":"category","embeddable":true,"href":"https:\/\/odabrano.com\/index.php\/wp-json\/wp\/v2\/categories?post=3778"},{"taxonomy":"post_tag","embeddable":true,"href":"https:\/\/odabrano.com\/index.php\/wp-json\/wp\/v2\/tags?post=3778"}],"curies":[{"name":"wp","href":"https:\/\/api.w.org\/{rel}","templated":true}]}}