{"id":3758,"date":"2024-06-26T20:10:51","date_gmt":"2024-06-26T18:10:51","guid":{"rendered":"http:\/\/odabrano.com\/?p=3758"},"modified":"2024-06-26T20:10:53","modified_gmt":"2024-06-26T18:10:53","slug":"milanovic-potvrdio-da-ce-se-kandidirati-na-predsjednickim-izborima","status":"publish","type":"post","link":"https:\/\/odabrano.com\/index.php\/2024\/06\/26\/milanovic-potvrdio-da-ce-se-kandidirati-na-predsjednickim-izborima\/","title":{"rendered":"Milanovi\u0107 potvrdio da \u0107e se kandidirati na predsjedni\u010dkim izborima"},"content":{"rendered":"\n<p><strong>Predsjednik Republike Zoran Milanovi\u0107 potvrdio je u srijedu da \u0107e se kandidirati ponovno na predsjedni\u010dkim izborima i rekao da o\u010dekuje podr\u0161ku SDP-a koja mu treba, izme\u0111u ostalog i da ga ne pokradu.<\/strong><\/p>\n\n\n\n<p>&#8220;Eto sad. O\u010dekujem podr\u0161ku SDP-a, trebat \u0107e mi iz niza razloga, i organizacijskih, dakle da me ne pokradu. Pitali ste me, pa vam ka\u017eem, eto sad, bez suvi\u0161nih za\u0161to&#8221;, kazao je Milanovi\u0107 na novinarski upit kad \u0107e potvrditi kandidaturu za predsjednika Republike.<\/p>\n\n\n\n<p>Milanovi\u0107, koji je sudjelovao na sve\u010danom otvorenju Cravaticum \u2013 boutique muzeja kravate ustvrdio je da ima najvi\u0161e znanja i iskustva od svih mogu\u0107ih kandidata, &#8220;ali to naravno nikada nije presudno&#8221;.<\/p>\n\n\n\n<p>&#8220;Ne mora biti ni sada, ali eto to su moji aduti&#8221;, dodao je.<\/p>\n","protected":false},"excerpt":{"rendered":"<p>Predsjednik Republike Zoran Milanovi\u0107 potvrdio je u srijedu da \u0107e se kandidirati ponovno na predsjedni\u010dkim izborima i rekao da o\u010dekuje podr\u0161ku SDP-a koja mu treba, izme\u0111u ostalog i da ga ne pokradu. &#8220;Eto sad. O\u010dekujem podr\u0161ku SDP-a, trebat \u0107e mi iz niza razloga, i organizacijskih, dakle da me ne pokradu. Pitali ste me, pa vam &hellip;<\/p>\n","protected":false},"author":1,"featured_media":3759,"comment_status":"closed","ping_status":"open","sticky":false,"template":"","format":"standard","meta":{"_monsterinsights_skip_tracking":false,"_monsterinsights_sitenote_active":false,"_monsterinsights_sitenote_note":"","_monsterinsights_sitenote_category":0,"footnotes":""},"categories":[25],"tags":[88,109,375],"class_list":["post-3758","post","type-post","status-publish","format-standard","has-post-thumbnail","","category-hrvatska","tag-izbori","tag-milanovic","tag-predsjednik"],"yoast_head":"<!-- This site is optimized with the Yoast SEO plugin v22.1 - https:\/\/yoast.com\/wordpress\/plugins\/seo\/ -->\n<title>Milanovi\u0107 potvrdio da \u0107e se kandidirati na predsjedni\u010dkim izborima - odabrano<\/title>\n<meta name=\"robots\" content=\"index, follow, max-snippet:-1, max-image-preview:large, max-video-preview:-1\" \/>\n<link rel=\"canonical\" href=\"https:\/\/odabrano.com\/index.php\/2024\/06\/26\/milanovic-potvrdio-da-ce-se-kandidirati-na-predsjednickim-izborima\/\" \/>\n<meta property=\"og:locale\" content=\"en_US\" \/>\n<meta property=\"og:type\" content=\"article\" \/>\n<meta property=\"og:title\" content=\"Milanovi\u0107 potvrdio da \u0107e se kandidirati na predsjedni\u010dkim izborima - odabrano\" \/>\n<meta property=\"og:description\" content=\"Predsjednik Republike Zoran Milanovi\u0107 potvrdio je u srijedu da \u0107e se kandidirati ponovno na predsjedni\u010dkim izborima i rekao da o\u010dekuje podr\u0161ku SDP-a koja mu treba, izme\u0111u ostalog i da ga ne pokradu. &#8220;Eto sad. O\u010dekujem podr\u0161ku SDP-a, trebat \u0107e mi iz niza razloga, i organizacijskih, dakle da me ne pokradu. Pitali ste me, pa vam &hellip;\" \/>\n<meta property=\"og:url\" content=\"https:\/\/odabrano.com\/index.php\/2024\/06\/26\/milanovic-potvrdio-da-ce-se-kandidirati-na-predsjednickim-izborima\/\" \/>\n<meta property=\"og:site_name\" content=\"odabrano\" \/>\n<meta property=\"article:published_time\" content=\"2024-06-26T18:10:51+00:00\" \/>\n<meta property=\"article:modified_time\" content=\"2024-06-26T18:10:53+00:00\" \/>\n<meta property=\"og:image\" content=\"https:\/\/odabrano.com\/wp-content\/uploads\/2024\/06\/milanovic.jpg\" \/>\n\t<meta property=\"og:image:width\" content=\"860\" \/>\n\t<meta property=\"og:image:height\" content=\"480\" \/>\n\t<meta property=\"og:image:type\" content=\"image\/jpeg\" \/>\n<meta name=\"author\" content=\"admin\" \/>\n<meta name=\"twitter:card\" content=\"summary_large_image\" \/>\n<meta name=\"twitter:label1\" content=\"Written by\" \/>\n\t<meta name=\"twitter:data1\" content=\"admin\" \/>\n\t<meta name=\"twitter:label2\" content=\"Est. reading time\" \/>\n\t<meta name=\"twitter:data2\" content=\"1 minute\" \/>\n<script type=\"application\/ld+json\" class=\"yoast-schema-graph\">{\"@context\":\"https:\/\/schema.org\",\"@graph\":[{\"@type\":\"Article\",\"@id\":\"https:\/\/odabrano.com\/index.php\/2024\/06\/26\/milanovic-potvrdio-da-ce-se-kandidirati-na-predsjednickim-izborima\/#article\",\"isPartOf\":{\"@id\":\"https:\/\/odabrano.com\/index.php\/2024\/06\/26\/milanovic-potvrdio-da-ce-se-kandidirati-na-predsjednickim-izborima\/\"},\"author\":{\"name\":\"admin\",\"@id\":\"https:\/\/odabrano.com\/#\/schema\/person\/460f2b14657879743f23c4f6a7cd3236\"},\"headline\":\"Milanovi\u0107 potvrdio da \u0107e se kandidirati na predsjedni\u010dkim izborima\",\"datePublished\":\"2024-06-26T18:10:51+00:00\",\"dateModified\":\"2024-06-26T18:10:53+00:00\",\"mainEntityOfPage\":{\"@id\":\"https:\/\/odabrano.com\/index.php\/2024\/06\/26\/milanovic-potvrdio-da-ce-se-kandidirati-na-predsjednickim-izborima\/\"},\"wordCount\":138,\"publisher\":{\"@id\":\"https:\/\/odabrano.com\/#\/schema\/person\/460f2b14657879743f23c4f6a7cd3236\"},\"keywords\":[\"izbori\",\"milanovi\u0107\",\"predsjednik\"],\"articleSection\":[\"Hrvatska\"],\"inLanguage\":\"en-US\"},{\"@type\":\"WebPage\",\"@id\":\"https:\/\/odabrano.com\/index.php\/2024\/06\/26\/milanovic-potvrdio-da-ce-se-kandidirati-na-predsjednickim-izborima\/\",\"url\":\"https:\/\/odabrano.com\/index.php\/2024\/06\/26\/milanovic-potvrdio-da-ce-se-kandidirati-na-predsjednickim-izborima\/\",\"name\":\"Milanovi\u0107 potvrdio da \u0107e se kandidirati na predsjedni\u010dkim izborima - odabrano\",\"isPartOf\":{\"@id\":\"https:\/\/odabrano.com\/#website\"},\"datePublished\":\"2024-06-26T18:10:51+00:00\",\"dateModified\":\"2024-06-26T18:10:53+00:00\",\"breadcrumb\":{\"@id\":\"https:\/\/odabrano.com\/index.php\/2024\/06\/26\/milanovic-potvrdio-da-ce-se-kandidirati-na-predsjednickim-izborima\/#breadcrumb\"},\"inLanguage\":\"en-US\",\"potentialAction\":[{\"@type\":\"ReadAction\",\"target\":[\"https:\/\/odabrano.com\/index.php\/2024\/06\/26\/milanovic-potvrdio-da-ce-se-kandidirati-na-predsjednickim-izborima\/\"]}]},{\"@type\":\"BreadcrumbList\",\"@id\":\"https:\/\/odabrano.com\/index.php\/2024\/06\/26\/milanovic-potvrdio-da-ce-se-kandidirati-na-predsjednickim-izborima\/#breadcrumb\",\"itemListElement\":[{\"@type\":\"ListItem\",\"position\":1,\"name\":\"Home\",\"item\":\"https:\/\/odabrano.com\/\"},{\"@type\":\"ListItem\",\"position\":2,\"name\":\"Milanovi\u0107 potvrdio da \u0107e se kandidirati na predsjedni\u010dkim izborima\"}]},{\"@type\":\"WebSite\",\"@id\":\"https:\/\/odabrano.com\/#website\",\"url\":\"https:\/\/odabrano.com\/\",\"name\":\"odabrano\",\"description\":\"news portal koji nudi odabrane vijesti i informacije\",\"publisher\":{\"@id\":\"https:\/\/odabrano.com\/#\/schema\/person\/460f2b14657879743f23c4f6a7cd3236\"},\"alternateName\":\"vijesti i informacije iz Hrvatske i svijeta\",\"potentialAction\":[{\"@type\":\"SearchAction\",\"target\":{\"@type\":\"EntryPoint\",\"urlTemplate\":\"https:\/\/odabrano.com\/?s={search_term_string}\"},\"query-input\":\"required name=search_term_string\"}],\"inLanguage\":\"en-US\"},{\"@type\":[\"Person\",\"Organization\"],\"@id\":\"https:\/\/odabrano.com\/#\/schema\/person\/460f2b14657879743f23c4f6a7cd3236\",\"name\":\"admin\",\"image\":{\"@type\":\"ImageObject\",\"inLanguage\":\"en-US\",\"@id\":\"https:\/\/odabrano.com\/#\/schema\/person\/image\/\",\"url\":\"https:\/\/odabrano.com\/wp-content\/uploads\/2024\/04\/dolar.jpg\",\"contentUrl\":\"https:\/\/odabrano.com\/wp-content\/uploads\/2024\/04\/dolar.jpg\",\"width\":1216,\"height\":519,\"caption\":\"admin\"},\"logo\":{\"@id\":\"https:\/\/odabrano.com\/#\/schema\/person\/image\/\"},\"sameAs\":[\"http:\/\/odabrano.com\"],\"url\":\"https:\/\/odabrano.com\/index.php\/author\/sokolneno_u3xb387h\/\"}]}<\/script>\n<!-- \/ Yoast SEO plugin. -->","yoast_head_json":{"title":"Milanovi\u0107 potvrdio da \u0107e se kandidirati na predsjedni\u010dkim izborima - odabrano","robots":{"index":"index","follow":"follow","max-snippet":"max-snippet:-1","max-image-preview":"max-image-preview:large","max-video-preview":"max-video-preview:-1"},"canonical":"https:\/\/odabrano.com\/index.php\/2024\/06\/26\/milanovic-potvrdio-da-ce-se-kandidirati-na-predsjednickim-izborima\/","og_locale":"en_US","og_type":"article","og_title":"Milanovi\u0107 potvrdio da \u0107e se kandidirati na predsjedni\u010dkim izborima - odabrano","og_description":"Predsjednik Republike Zoran Milanovi\u0107 potvrdio je u srijedu da \u0107e se kandidirati ponovno na predsjedni\u010dkim izborima i rekao da o\u010dekuje podr\u0161ku SDP-a koja mu treba, izme\u0111u ostalog i da ga ne pokradu. &#8220;Eto sad. O\u010dekujem podr\u0161ku SDP-a, trebat \u0107e mi iz niza razloga, i organizacijskih, dakle da me ne pokradu. Pitali ste me, pa vam &hellip;","og_url":"https:\/\/odabrano.com\/index.php\/2024\/06\/26\/milanovic-potvrdio-da-ce-se-kandidirati-na-predsjednickim-izborima\/","og_site_name":"odabrano","article_published_time":"2024-06-26T18:10:51+00:00","article_modified_time":"2024-06-26T18:10:53+00:00","og_image":[{"width":860,"height":480,"url":"https:\/\/odabrano.com\/wp-content\/uploads\/2024\/06\/milanovic.jpg","type":"image\/jpeg"}],"author":"admin","twitter_card":"summary_large_image","twitter_misc":{"Written by":"admin","Est. reading time":"1 minute"},"schema":{"@context":"https:\/\/schema.org","@graph":[{"@type":"Article","@id":"https:\/\/odabrano.com\/index.php\/2024\/06\/26\/milanovic-potvrdio-da-ce-se-kandidirati-na-predsjednickim-izborima\/#article","isPartOf":{"@id":"https:\/\/odabrano.com\/index.php\/2024\/06\/26\/milanovic-potvrdio-da-ce-se-kandidirati-na-predsjednickim-izborima\/"},"author":{"name":"admin","@id":"https:\/\/odabrano.com\/#\/schema\/person\/460f2b14657879743f23c4f6a7cd3236"},"headline":"Milanovi\u0107 potvrdio da \u0107e se kandidirati na predsjedni\u010dkim izborima","datePublished":"2024-06-26T18:10:51+00:00","dateModified":"2024-06-26T18:10:53+00:00","mainEntityOfPage":{"@id":"https:\/\/odabrano.com\/index.php\/2024\/06\/26\/milanovic-potvrdio-da-ce-se-kandidirati-na-predsjednickim-izborima\/"},"wordCount":138,"publisher":{"@id":"https:\/\/odabrano.com\/#\/schema\/person\/460f2b14657879743f23c4f6a7cd3236"},"keywords":["izbori","milanovi\u0107","predsjednik"],"articleSection":["Hrvatska"],"inLanguage":"en-US"},{"@type":"WebPage","@id":"https:\/\/odabrano.com\/index.php\/2024\/06\/26\/milanovic-potvrdio-da-ce-se-kandidirati-na-predsjednickim-izborima\/","url":"https:\/\/odabrano.com\/index.php\/2024\/06\/26\/milanovic-potvrdio-da-ce-se-kandidirati-na-predsjednickim-izborima\/","name":"Milanovi\u0107 potvrdio da \u0107e se kandidirati na predsjedni\u010dkim izborima - odabrano","isPartOf":{"@id":"https:\/\/odabrano.com\/#website"},"datePublished":"2024-06-26T18:10:51+00:00","dateModified":"2024-06-26T18:10:53+00:00","breadcrumb":{"@id":"https:\/\/odabrano.com\/index.php\/2024\/06\/26\/milanovic-potvrdio-da-ce-se-kandidirati-na-predsjednickim-izborima\/#breadcrumb"},"inLanguage":"en-US","potentialAction":[{"@type":"ReadAction","target":["https:\/\/odabrano.com\/index.php\/2024\/06\/26\/milanovic-potvrdio-da-ce-se-kandidirati-na-predsjednickim-izborima\/"]}]},{"@type":"BreadcrumbList","@id":"https:\/\/odabrano.com\/index.php\/2024\/06\/26\/milanovic-potvrdio-da-ce-se-kandidirati-na-predsjednickim-izborima\/#breadcrumb","itemListElement":[{"@type":"ListItem","position":1,"name":"Home","item":"https:\/\/odabrano.com\/"},{"@type":"ListItem","position":2,"name":"Milanovi\u0107 potvrdio da \u0107e se kandidirati na predsjedni\u010dkim izborima"}]},{"@type":"WebSite","@id":"https:\/\/odabrano.com\/#website","url":"https:\/\/odabrano.com\/","name":"odabrano","description":"news portal koji nudi odabrane vijesti i informacije","publisher":{"@id":"https:\/\/odabrano.com\/#\/schema\/person\/460f2b14657879743f23c4f6a7cd3236"},"alternateName":"vijesti i informacije iz Hrvatske i svijeta","potentialAction":[{"@type":"SearchAction","target":{"@type":"EntryPoint","urlTemplate":"https:\/\/odabrano.com\/?s={search_term_string}"},"query-input":"required name=search_term_string"}],"inLanguage":"en-US"},{"@type":["Person","Organization"],"@id":"https:\/\/odabrano.com\/#\/schema\/person\/460f2b14657879743f23c4f6a7cd3236","name":"admin","image":{"@type":"ImageObject","inLanguage":"en-US","@id":"https:\/\/odabrano.com\/#\/schema\/person\/image\/","url":"https:\/\/odabrano.com\/wp-content\/uploads\/2024\/04\/dolar.jpg","contentUrl":"https:\/\/odabrano.com\/wp-content\/uploads\/2024\/04\/dolar.jpg","width":1216,"height":519,"caption":"admin"},"logo":{"@id":"https:\/\/odabrano.com\/#\/schema\/person\/image\/"},"sameAs":["http:\/\/odabrano.com"],"url":"https:\/\/odabrano.com\/index.php\/author\/sokolneno_u3xb387h\/"}]}},"_links":{"self":[{"href":"https:\/\/odabrano.com\/index.php\/wp-json\/wp\/v2\/posts\/3758","targetHints":{"allow":["GET"]}}],"collection":[{"href":"https:\/\/odabrano.com\/index.php\/wp-json\/wp\/v2\/posts"}],"about":[{"href":"https:\/\/odabrano.com\/index.php\/wp-json\/wp\/v2\/types\/post"}],"author":[{"embeddable":true,"href":"https:\/\/odabrano.com\/index.php\/wp-json\/wp\/v2\/users\/1"}],"replies":[{"embeddable":true,"href":"https:\/\/odabrano.com\/index.php\/wp-json\/wp\/v2\/comments?post=3758"}],"version-history":[{"count":1,"href":"https:\/\/odabrano.com\/index.php\/wp-json\/wp\/v2\/posts\/3758\/revisions"}],"predecessor-version":[{"id":3760,"href":"https:\/\/odabrano.com\/index.php\/wp-json\/wp\/v2\/posts\/3758\/revisions\/3760"}],"wp:featuredmedia":[{"embeddable":true,"href":"https:\/\/odabrano.com\/index.php\/wp-json\/wp\/v2\/media\/3759"}],"wp:attachment":[{"href":"https:\/\/odabrano.com\/index.php\/wp-json\/wp\/v2\/media?parent=3758"}],"wp:term":[{"taxonomy":"category","embeddable":true,"href":"https:\/\/odabrano.com\/index.php\/wp-json\/wp\/v2\/categories?post=3758"},{"taxonomy":"post_tag","embeddable":true,"href":"https:\/\/odabrano.com\/index.php\/wp-json\/wp\/v2\/tags?post=3758"}],"curies":[{"name":"wp","href":"https:\/\/api.w.org\/{rel}","templated":true}]}}