{"id":3710,"date":"2024-06-18T14:36:21","date_gmt":"2024-06-18T12:36:21","guid":{"rendered":"http:\/\/odabrano.com\/?p=3710"},"modified":"2024-06-18T20:04:28","modified_gmt":"2024-06-18T18:04:28","slug":"jos-toplije-uz-1-ovogodisnji-toplinski-val","status":"publish","type":"post","link":"https:\/\/odabrano.com\/index.php\/2024\/06\/18\/jos-toplije-uz-1-ovogodisnji-toplinski-val\/","title":{"rendered":"Jo\u0161 toplije, uz 1. ovogodi\u0161nji toplinski val"},"content":{"rendered":"\n<p>Velika ili vrlo velika opasnost od toplinskih valova o\u010dekuje se u petak u gotovo cijeloj Hrvatskoj koja je ve\u0107inom ozna\u010dena crvenim ili naran\u010dastim upozorenjem, a rije\u010d je o prvom ovogodi\u0161njem toplinskom valu i na kopnu i na Jadranu.\u00a0<\/p>\n\n\n\n<figure class=\"wp-block-image size-large\"><img loading=\"lazy\" decoding=\"async\" width=\"1024\" height=\"498\" src=\"http:\/\/odabrano.com\/wp-content\/uploads\/2024\/06\/kopno-1024x498.jpg\" alt=\"\" class=\"wp-image-3713\" srcset=\"https:\/\/odabrano.com\/wp-content\/uploads\/2024\/06\/kopno-1024x498.jpg 1024w, https:\/\/odabrano.com\/wp-content\/uploads\/2024\/06\/kopno-300x146.jpg 300w, https:\/\/odabrano.com\/wp-content\/uploads\/2024\/06\/kopno-768x374.jpg 768w, https:\/\/odabrano.com\/wp-content\/uploads\/2024\/06\/kopno.jpg 1061w\" sizes=\"auto, (max-width: 1024px) 100vw, 1024px\" \/><\/figure>\n\n\n\n<p>U crvenom \u0107e u petak, 21. lipnja biti kninsko, splitsko i dubrova\u010dko podru\u010dje \u0161to zna\u010di da se ondje o\u010dekuje vrlo velika opasnost od toplinskog vala koji mo\u017ee djelovati na zdravlje.<\/p>\n\n\n\n<p>U naran\u010dastom ili u velikoj opasnosti od toplinskog vala bit \u0107e zagreba\u010dko, karlova\u010dko, gospi\u0107ko i rije\u010dko podru\u010dje.<\/p>\n\n\n\n<figure class=\"wp-block-image size-large\"><img loading=\"lazy\" decoding=\"async\" width=\"1024\" height=\"476\" src=\"http:\/\/odabrano.com\/wp-content\/uploads\/2024\/06\/more-1024x476.jpg\" alt=\"\" class=\"wp-image-3714\" srcset=\"https:\/\/odabrano.com\/wp-content\/uploads\/2024\/06\/more-1024x476.jpg 1024w, https:\/\/odabrano.com\/wp-content\/uploads\/2024\/06\/more-300x139.jpg 300w, https:\/\/odabrano.com\/wp-content\/uploads\/2024\/06\/more-768x357.jpg 768w, https:\/\/odabrano.com\/wp-content\/uploads\/2024\/06\/more.jpg 1068w\" sizes=\"auto, (max-width: 1024px) 100vw, 1024px\" \/><\/figure>\n\n\n\n<p>Ve\u0107 od srijede popodne sve \u010de\u0161\u0107e \u0107e temperatura biti iznad 35 stupnjeva Celzijusovih. No\u0107i \u0107e biti sve toplije, \u0161to \u0107e nekima ote\u017eavati kvalitetan san i odmor. No, u petak nestabilnije uz porast mogu\u0107nosti za lokalne pljuskove, osobito u subotu i intenzivnije, prognozirali su iz Dr\u017eavnog hidrometeorolo\u0161kog zavoda.<\/p>\n\n\n\n<p>Prema uobi\u010dajenim preporukama od velikih vru\u0107ina va\u017eno je rashladiti svoj dom i radno mjesto, kloniti se vru\u0107ine od 10 do 17 sati, rashladiti tijelo i piti dovoljno teku\u0107ine te pomo\u0107i drugima.<\/p>\n","protected":false},"excerpt":{"rendered":"<p>Velika ili vrlo velika opasnost od toplinskih valova o\u010dekuje se u petak u gotovo cijeloj Hrvatskoj koja je ve\u0107inom ozna\u010dena crvenim ili naran\u010dastim upozorenjem, a rije\u010d je o prvom ovogodi\u0161njem toplinskom valu i na kopnu i na Jadranu.\u00a0 U crvenom \u0107e u petak, 21. lipnja biti kninsko, splitsko i dubrova\u010dko podru\u010dje \u0161to zna\u010di da se &hellip;<\/p>\n","protected":false},"author":1,"featured_media":3711,"comment_status":"closed","ping_status":"open","sticky":false,"template":"","format":"standard","meta":{"_monsterinsights_skip_tracking":false,"_monsterinsights_sitenote_active":false,"_monsterinsights_sitenote_note":"","_monsterinsights_sitenote_category":0,"footnotes":""},"categories":[25],"tags":[751,750],"class_list":["post-3710","post","type-post","status-publish","format-standard","has-post-thumbnail","","category-hrvatska","tag-toplinski-val","tag-vrucina"],"yoast_head":"<!-- This site is optimized with the Yoast SEO plugin v22.1 - https:\/\/yoast.com\/wordpress\/plugins\/seo\/ -->\n<title>Jo\u0161 toplije, uz 1. ovogodi\u0161nji toplinski val - odabrano<\/title>\n<meta name=\"robots\" content=\"index, follow, max-snippet:-1, max-image-preview:large, max-video-preview:-1\" \/>\n<link rel=\"canonical\" href=\"https:\/\/odabrano.com\/index.php\/2024\/06\/18\/jos-toplije-uz-1-ovogodisnji-toplinski-val\/\" \/>\n<meta property=\"og:locale\" content=\"en_US\" \/>\n<meta property=\"og:type\" content=\"article\" \/>\n<meta property=\"og:title\" content=\"Jo\u0161 toplije, uz 1. ovogodi\u0161nji toplinski val - odabrano\" \/>\n<meta property=\"og:description\" content=\"Velika ili vrlo velika opasnost od toplinskih valova o\u010dekuje se u petak u gotovo cijeloj Hrvatskoj koja je ve\u0107inom ozna\u010dena crvenim ili naran\u010dastim upozorenjem, a rije\u010d je o prvom ovogodi\u0161njem toplinskom valu i na kopnu i na Jadranu.\u00a0 U crvenom \u0107e u petak, 21. lipnja biti kninsko, splitsko i dubrova\u010dko podru\u010dje \u0161to zna\u010di da se &hellip;\" \/>\n<meta property=\"og:url\" content=\"https:\/\/odabrano.com\/index.php\/2024\/06\/18\/jos-toplije-uz-1-ovogodisnji-toplinski-val\/\" \/>\n<meta property=\"og:site_name\" content=\"odabrano\" \/>\n<meta property=\"article:published_time\" content=\"2024-06-18T12:36:21+00:00\" \/>\n<meta property=\"article:modified_time\" content=\"2024-06-18T18:04:28+00:00\" \/>\n<meta property=\"og:image\" content=\"https:\/\/odabrano.com\/wp-content\/uploads\/2024\/06\/sunce2.webp\" \/>\n\t<meta property=\"og:image:width\" content=\"740\" \/>\n\t<meta property=\"og:image:height\" content=\"438\" \/>\n\t<meta property=\"og:image:type\" content=\"image\/webp\" \/>\n<meta name=\"author\" content=\"admin\" \/>\n<meta name=\"twitter:card\" content=\"summary_large_image\" \/>\n<meta name=\"twitter:label1\" content=\"Written by\" \/>\n\t<meta name=\"twitter:data1\" content=\"admin\" \/>\n\t<meta name=\"twitter:label2\" content=\"Est. reading time\" \/>\n\t<meta name=\"twitter:data2\" content=\"2 minutes\" \/>\n<script type=\"application\/ld+json\" class=\"yoast-schema-graph\">{\"@context\":\"https:\/\/schema.org\",\"@graph\":[{\"@type\":\"Article\",\"@id\":\"https:\/\/odabrano.com\/index.php\/2024\/06\/18\/jos-toplije-uz-1-ovogodisnji-toplinski-val\/#article\",\"isPartOf\":{\"@id\":\"https:\/\/odabrano.com\/index.php\/2024\/06\/18\/jos-toplije-uz-1-ovogodisnji-toplinski-val\/\"},\"author\":{\"name\":\"admin\",\"@id\":\"https:\/\/odabrano.com\/#\/schema\/person\/460f2b14657879743f23c4f6a7cd3236\"},\"headline\":\"Jo\u0161 toplije, uz 1. ovogodi\u0161nji toplinski val\",\"datePublished\":\"2024-06-18T12:36:21+00:00\",\"dateModified\":\"2024-06-18T18:04:28+00:00\",\"mainEntityOfPage\":{\"@id\":\"https:\/\/odabrano.com\/index.php\/2024\/06\/18\/jos-toplije-uz-1-ovogodisnji-toplinski-val\/\"},\"wordCount\":194,\"publisher\":{\"@id\":\"https:\/\/odabrano.com\/#\/schema\/person\/460f2b14657879743f23c4f6a7cd3236\"},\"keywords\":[\"toplinski val\",\"vru\u0107ina\"],\"articleSection\":[\"Hrvatska\"],\"inLanguage\":\"en-US\"},{\"@type\":\"WebPage\",\"@id\":\"https:\/\/odabrano.com\/index.php\/2024\/06\/18\/jos-toplije-uz-1-ovogodisnji-toplinski-val\/\",\"url\":\"https:\/\/odabrano.com\/index.php\/2024\/06\/18\/jos-toplije-uz-1-ovogodisnji-toplinski-val\/\",\"name\":\"Jo\u0161 toplije, uz 1. ovogodi\u0161nji toplinski val - odabrano\",\"isPartOf\":{\"@id\":\"https:\/\/odabrano.com\/#website\"},\"datePublished\":\"2024-06-18T12:36:21+00:00\",\"dateModified\":\"2024-06-18T18:04:28+00:00\",\"breadcrumb\":{\"@id\":\"https:\/\/odabrano.com\/index.php\/2024\/06\/18\/jos-toplije-uz-1-ovogodisnji-toplinski-val\/#breadcrumb\"},\"inLanguage\":\"en-US\",\"potentialAction\":[{\"@type\":\"ReadAction\",\"target\":[\"https:\/\/odabrano.com\/index.php\/2024\/06\/18\/jos-toplije-uz-1-ovogodisnji-toplinski-val\/\"]}]},{\"@type\":\"BreadcrumbList\",\"@id\":\"https:\/\/odabrano.com\/index.php\/2024\/06\/18\/jos-toplije-uz-1-ovogodisnji-toplinski-val\/#breadcrumb\",\"itemListElement\":[{\"@type\":\"ListItem\",\"position\":1,\"name\":\"Home\",\"item\":\"https:\/\/odabrano.com\/\"},{\"@type\":\"ListItem\",\"position\":2,\"name\":\"Jo\u0161 toplije, uz 1. ovogodi\u0161nji toplinski val\"}]},{\"@type\":\"WebSite\",\"@id\":\"https:\/\/odabrano.com\/#website\",\"url\":\"https:\/\/odabrano.com\/\",\"name\":\"odabrano\",\"description\":\"news portal koji nudi odabrane vijesti i informacije\",\"publisher\":{\"@id\":\"https:\/\/odabrano.com\/#\/schema\/person\/460f2b14657879743f23c4f6a7cd3236\"},\"alternateName\":\"vijesti i informacije iz Hrvatske i svijeta\",\"potentialAction\":[{\"@type\":\"SearchAction\",\"target\":{\"@type\":\"EntryPoint\",\"urlTemplate\":\"https:\/\/odabrano.com\/?s={search_term_string}\"},\"query-input\":\"required name=search_term_string\"}],\"inLanguage\":\"en-US\"},{\"@type\":[\"Person\",\"Organization\"],\"@id\":\"https:\/\/odabrano.com\/#\/schema\/person\/460f2b14657879743f23c4f6a7cd3236\",\"name\":\"admin\",\"image\":{\"@type\":\"ImageObject\",\"inLanguage\":\"en-US\",\"@id\":\"https:\/\/odabrano.com\/#\/schema\/person\/image\/\",\"url\":\"https:\/\/odabrano.com\/wp-content\/uploads\/2024\/04\/dolar.jpg\",\"contentUrl\":\"https:\/\/odabrano.com\/wp-content\/uploads\/2024\/04\/dolar.jpg\",\"width\":1216,\"height\":519,\"caption\":\"admin\"},\"logo\":{\"@id\":\"https:\/\/odabrano.com\/#\/schema\/person\/image\/\"},\"sameAs\":[\"http:\/\/odabrano.com\"],\"url\":\"https:\/\/odabrano.com\/index.php\/author\/sokolneno_u3xb387h\/\"}]}<\/script>\n<!-- \/ Yoast SEO plugin. -->","yoast_head_json":{"title":"Jo\u0161 toplije, uz 1. ovogodi\u0161nji toplinski val - odabrano","robots":{"index":"index","follow":"follow","max-snippet":"max-snippet:-1","max-image-preview":"max-image-preview:large","max-video-preview":"max-video-preview:-1"},"canonical":"https:\/\/odabrano.com\/index.php\/2024\/06\/18\/jos-toplije-uz-1-ovogodisnji-toplinski-val\/","og_locale":"en_US","og_type":"article","og_title":"Jo\u0161 toplije, uz 1. ovogodi\u0161nji toplinski val - odabrano","og_description":"Velika ili vrlo velika opasnost od toplinskih valova o\u010dekuje se u petak u gotovo cijeloj Hrvatskoj koja je ve\u0107inom ozna\u010dena crvenim ili naran\u010dastim upozorenjem, a rije\u010d je o prvom ovogodi\u0161njem toplinskom valu i na kopnu i na Jadranu.\u00a0 U crvenom \u0107e u petak, 21. lipnja biti kninsko, splitsko i dubrova\u010dko podru\u010dje \u0161to zna\u010di da se &hellip;","og_url":"https:\/\/odabrano.com\/index.php\/2024\/06\/18\/jos-toplije-uz-1-ovogodisnji-toplinski-val\/","og_site_name":"odabrano","article_published_time":"2024-06-18T12:36:21+00:00","article_modified_time":"2024-06-18T18:04:28+00:00","og_image":[{"width":740,"height":438,"url":"https:\/\/odabrano.com\/wp-content\/uploads\/2024\/06\/sunce2.webp","type":"image\/webp"}],"author":"admin","twitter_card":"summary_large_image","twitter_misc":{"Written by":"admin","Est. reading time":"2 minutes"},"schema":{"@context":"https:\/\/schema.org","@graph":[{"@type":"Article","@id":"https:\/\/odabrano.com\/index.php\/2024\/06\/18\/jos-toplije-uz-1-ovogodisnji-toplinski-val\/#article","isPartOf":{"@id":"https:\/\/odabrano.com\/index.php\/2024\/06\/18\/jos-toplije-uz-1-ovogodisnji-toplinski-val\/"},"author":{"name":"admin","@id":"https:\/\/odabrano.com\/#\/schema\/person\/460f2b14657879743f23c4f6a7cd3236"},"headline":"Jo\u0161 toplije, uz 1. ovogodi\u0161nji toplinski val","datePublished":"2024-06-18T12:36:21+00:00","dateModified":"2024-06-18T18:04:28+00:00","mainEntityOfPage":{"@id":"https:\/\/odabrano.com\/index.php\/2024\/06\/18\/jos-toplije-uz-1-ovogodisnji-toplinski-val\/"},"wordCount":194,"publisher":{"@id":"https:\/\/odabrano.com\/#\/schema\/person\/460f2b14657879743f23c4f6a7cd3236"},"keywords":["toplinski val","vru\u0107ina"],"articleSection":["Hrvatska"],"inLanguage":"en-US"},{"@type":"WebPage","@id":"https:\/\/odabrano.com\/index.php\/2024\/06\/18\/jos-toplije-uz-1-ovogodisnji-toplinski-val\/","url":"https:\/\/odabrano.com\/index.php\/2024\/06\/18\/jos-toplije-uz-1-ovogodisnji-toplinski-val\/","name":"Jo\u0161 toplije, uz 1. ovogodi\u0161nji toplinski val - odabrano","isPartOf":{"@id":"https:\/\/odabrano.com\/#website"},"datePublished":"2024-06-18T12:36:21+00:00","dateModified":"2024-06-18T18:04:28+00:00","breadcrumb":{"@id":"https:\/\/odabrano.com\/index.php\/2024\/06\/18\/jos-toplije-uz-1-ovogodisnji-toplinski-val\/#breadcrumb"},"inLanguage":"en-US","potentialAction":[{"@type":"ReadAction","target":["https:\/\/odabrano.com\/index.php\/2024\/06\/18\/jos-toplije-uz-1-ovogodisnji-toplinski-val\/"]}]},{"@type":"BreadcrumbList","@id":"https:\/\/odabrano.com\/index.php\/2024\/06\/18\/jos-toplije-uz-1-ovogodisnji-toplinski-val\/#breadcrumb","itemListElement":[{"@type":"ListItem","position":1,"name":"Home","item":"https:\/\/odabrano.com\/"},{"@type":"ListItem","position":2,"name":"Jo\u0161 toplije, uz 1. ovogodi\u0161nji toplinski val"}]},{"@type":"WebSite","@id":"https:\/\/odabrano.com\/#website","url":"https:\/\/odabrano.com\/","name":"odabrano","description":"news portal koji nudi odabrane vijesti i informacije","publisher":{"@id":"https:\/\/odabrano.com\/#\/schema\/person\/460f2b14657879743f23c4f6a7cd3236"},"alternateName":"vijesti i informacije iz Hrvatske i svijeta","potentialAction":[{"@type":"SearchAction","target":{"@type":"EntryPoint","urlTemplate":"https:\/\/odabrano.com\/?s={search_term_string}"},"query-input":"required name=search_term_string"}],"inLanguage":"en-US"},{"@type":["Person","Organization"],"@id":"https:\/\/odabrano.com\/#\/schema\/person\/460f2b14657879743f23c4f6a7cd3236","name":"admin","image":{"@type":"ImageObject","inLanguage":"en-US","@id":"https:\/\/odabrano.com\/#\/schema\/person\/image\/","url":"https:\/\/odabrano.com\/wp-content\/uploads\/2024\/04\/dolar.jpg","contentUrl":"https:\/\/odabrano.com\/wp-content\/uploads\/2024\/04\/dolar.jpg","width":1216,"height":519,"caption":"admin"},"logo":{"@id":"https:\/\/odabrano.com\/#\/schema\/person\/image\/"},"sameAs":["http:\/\/odabrano.com"],"url":"https:\/\/odabrano.com\/index.php\/author\/sokolneno_u3xb387h\/"}]}},"_links":{"self":[{"href":"https:\/\/odabrano.com\/index.php\/wp-json\/wp\/v2\/posts\/3710","targetHints":{"allow":["GET"]}}],"collection":[{"href":"https:\/\/odabrano.com\/index.php\/wp-json\/wp\/v2\/posts"}],"about":[{"href":"https:\/\/odabrano.com\/index.php\/wp-json\/wp\/v2\/types\/post"}],"author":[{"embeddable":true,"href":"https:\/\/odabrano.com\/index.php\/wp-json\/wp\/v2\/users\/1"}],"replies":[{"embeddable":true,"href":"https:\/\/odabrano.com\/index.php\/wp-json\/wp\/v2\/comments?post=3710"}],"version-history":[{"count":3,"href":"https:\/\/odabrano.com\/index.php\/wp-json\/wp\/v2\/posts\/3710\/revisions"}],"predecessor-version":[{"id":3717,"href":"https:\/\/odabrano.com\/index.php\/wp-json\/wp\/v2\/posts\/3710\/revisions\/3717"}],"wp:featuredmedia":[{"embeddable":true,"href":"https:\/\/odabrano.com\/index.php\/wp-json\/wp\/v2\/media\/3711"}],"wp:attachment":[{"href":"https:\/\/odabrano.com\/index.php\/wp-json\/wp\/v2\/media?parent=3710"}],"wp:term":[{"taxonomy":"category","embeddable":true,"href":"https:\/\/odabrano.com\/index.php\/wp-json\/wp\/v2\/categories?post=3710"},{"taxonomy":"post_tag","embeddable":true,"href":"https:\/\/odabrano.com\/index.php\/wp-json\/wp\/v2\/tags?post=3710"}],"curies":[{"name":"wp","href":"https:\/\/api.w.org\/{rel}","templated":true}]}}