{"id":3678,"date":"2024-06-16T16:54:12","date_gmt":"2024-06-16T14:54:12","guid":{"rendered":"http:\/\/odabrano.com\/?p=3678"},"modified":"2024-06-16T16:54:14","modified_gmt":"2024-06-16T14:54:14","slug":"cesi-sa-skodom-u-satoru-na-obali-jadranskog-mora-uzivaju-u-hladu-borova","status":"publish","type":"post","link":"https:\/\/odabrano.com\/index.php\/2024\/06\/16\/cesi-sa-skodom-u-satoru-na-obali-jadranskog-mora-uzivaju-u-hladu-borova\/","title":{"rendered":"\u010cesi sa \u0161kodom u \u0161atoru na obali jadranskog mora u\u017eivaju u hladu borova"},"content":{"rendered":"\n<p><strong>U ChatGPT ubacio sam ovo: &#8220;aj napravi pri\u010du na hrvatskom od ovih rije\u010di: \u010desi sa \u0161kodom u \u0161atoru na obali jadranskog mora u\u017eivaju u hladu borova&#8221;, a on mi je izbacio ovo:<\/strong><\/p>\n\n\n\n<p>Na obali Jadranskog mora, skriveni u hladu mirisnih borova, smjestili su se \u010cesi sa svojom \u0160kodom. Postavili su \u0161ator blizu pla\u017ee, gdje su mogli u\u017eivati u opu\u0161taju\u0107em zvuku valova i svje\u017eem morskom zraku.<\/p>\n\n\n\n<p>Njihov kamp bio je savr\u0161eno mjesto za bijeg od svakodnevnog stresa. Sjedili su ispred \u0161atora, pijuckali hladne napitke i promatrali kako sunce polako zalazi iza horizonta, obasjavaju\u0107i more zlatnim nijansama. U\u017eivali su u jednostavnim trenucima &#8211; razgovarali su, smijali se i u\u017eivali u blagodatima prirode.<\/p>\n\n\n\n<p>Vjetar je nje\u017eno ljuljao borove grane, stvaraju\u0107i ugodnu hladovinu koja je \u010dinila njihovo ljetovanje jo\u0161 ugodnijim. Ti trenuci provedeni u prirodi, daleko od gradske vreve, ostali su im u sje\u0107anju kao savr\u0161en primjer ljetne idile na Jadranu.<\/p>\n\n\n\n<p>Sliku je izbacio Google images na naslov ovog posta.<\/p>\n","protected":false},"excerpt":{"rendered":"<p>U ChatGPT ubacio sam ovo: &#8220;aj napravi pri\u010du na hrvatskom od ovih rije\u010di: \u010desi sa \u0161kodom u \u0161atoru na obali jadranskog mora u\u017eivaju u hladu borova&#8221;, a on mi je izbacio ovo: Na obali Jadranskog mora, skriveni u hladu mirisnih borova, smjestili su se \u010cesi sa svojom \u0160kodom. Postavili su \u0161ator blizu pla\u017ee, gdje su &hellip;<\/p>\n","protected":false},"author":1,"featured_media":3679,"comment_status":"closed","ping_status":"open","sticky":false,"template":"","format":"standard","meta":{"_monsterinsights_skip_tracking":false,"_monsterinsights_sitenote_active":false,"_monsterinsights_sitenote_note":"","_monsterinsights_sitenote_category":0,"footnotes":""},"categories":[8],"tags":[745,744,226,747,746],"class_list":["post-3678","post","type-post","status-publish","format-standard","has-post-thumbnail","","category-vijesti","tag-borovi","tag-cesi","tag-jadran","tag-sator","tag-skoda"],"yoast_head":"<!-- This site is optimized with the Yoast SEO plugin v22.1 - https:\/\/yoast.com\/wordpress\/plugins\/seo\/ -->\n<title>\u010cesi sa \u0161kodom u \u0161atoru na obali jadranskog mora u\u017eivaju u hladu borova - odabrano<\/title>\n<meta name=\"robots\" content=\"index, follow, max-snippet:-1, max-image-preview:large, max-video-preview:-1\" \/>\n<link rel=\"canonical\" href=\"https:\/\/odabrano.com\/index.php\/2024\/06\/16\/cesi-sa-skodom-u-satoru-na-obali-jadranskog-mora-uzivaju-u-hladu-borova\/\" \/>\n<meta property=\"og:locale\" content=\"en_US\" \/>\n<meta property=\"og:type\" content=\"article\" \/>\n<meta property=\"og:title\" content=\"\u010cesi sa \u0161kodom u \u0161atoru na obali jadranskog mora u\u017eivaju u hladu borova - odabrano\" \/>\n<meta property=\"og:description\" content=\"U ChatGPT ubacio sam ovo: &#8220;aj napravi pri\u010du na hrvatskom od ovih rije\u010di: \u010desi sa \u0161kodom u \u0161atoru na obali jadranskog mora u\u017eivaju u hladu borova&#8221;, a on mi je izbacio ovo: Na obali Jadranskog mora, skriveni u hladu mirisnih borova, smjestili su se \u010cesi sa svojom \u0160kodom. Postavili su \u0161ator blizu pla\u017ee, gdje su &hellip;\" \/>\n<meta property=\"og:url\" content=\"https:\/\/odabrano.com\/index.php\/2024\/06\/16\/cesi-sa-skodom-u-satoru-na-obali-jadranskog-mora-uzivaju-u-hladu-borova\/\" \/>\n<meta property=\"og:site_name\" content=\"odabrano\" \/>\n<meta property=\"article:published_time\" content=\"2024-06-16T14:54:12+00:00\" \/>\n<meta property=\"article:modified_time\" content=\"2024-06-16T14:54:14+00:00\" \/>\n<meta property=\"og:image\" content=\"https:\/\/odabrano.com\/wp-content\/uploads\/2024\/06\/cesi.jpeg\" \/>\n\t<meta property=\"og:image:width\" content=\"988\" \/>\n\t<meta property=\"og:image:height\" content=\"593\" \/>\n\t<meta property=\"og:image:type\" content=\"image\/jpeg\" \/>\n<meta name=\"author\" content=\"admin\" \/>\n<meta name=\"twitter:card\" content=\"summary_large_image\" \/>\n<meta name=\"twitter:label1\" content=\"Written by\" \/>\n\t<meta name=\"twitter:data1\" content=\"admin\" \/>\n\t<meta name=\"twitter:label2\" content=\"Est. reading time\" \/>\n\t<meta name=\"twitter:data2\" content=\"1 minute\" \/>\n<script type=\"application\/ld+json\" class=\"yoast-schema-graph\">{\"@context\":\"https:\/\/schema.org\",\"@graph\":[{\"@type\":\"Article\",\"@id\":\"https:\/\/odabrano.com\/index.php\/2024\/06\/16\/cesi-sa-skodom-u-satoru-na-obali-jadranskog-mora-uzivaju-u-hladu-borova\/#article\",\"isPartOf\":{\"@id\":\"https:\/\/odabrano.com\/index.php\/2024\/06\/16\/cesi-sa-skodom-u-satoru-na-obali-jadranskog-mora-uzivaju-u-hladu-borova\/\"},\"author\":{\"name\":\"admin\",\"@id\":\"https:\/\/odabrano.com\/#\/schema\/person\/460f2b14657879743f23c4f6a7cd3236\"},\"headline\":\"\u010cesi sa \u0161kodom u \u0161atoru na obali jadranskog mora u\u017eivaju u hladu borova\",\"datePublished\":\"2024-06-16T14:54:12+00:00\",\"dateModified\":\"2024-06-16T14:54:14+00:00\",\"mainEntityOfPage\":{\"@id\":\"https:\/\/odabrano.com\/index.php\/2024\/06\/16\/cesi-sa-skodom-u-satoru-na-obali-jadranskog-mora-uzivaju-u-hladu-borova\/\"},\"wordCount\":186,\"publisher\":{\"@id\":\"https:\/\/odabrano.com\/#\/schema\/person\/460f2b14657879743f23c4f6a7cd3236\"},\"keywords\":[\"borovi\",\"\u010desi\",\"jadran\",\"\u0161ator\",\"\u0161koda\"],\"articleSection\":[\"Vijesti\"],\"inLanguage\":\"en-US\"},{\"@type\":\"WebPage\",\"@id\":\"https:\/\/odabrano.com\/index.php\/2024\/06\/16\/cesi-sa-skodom-u-satoru-na-obali-jadranskog-mora-uzivaju-u-hladu-borova\/\",\"url\":\"https:\/\/odabrano.com\/index.php\/2024\/06\/16\/cesi-sa-skodom-u-satoru-na-obali-jadranskog-mora-uzivaju-u-hladu-borova\/\",\"name\":\"\u010cesi sa \u0161kodom u \u0161atoru na obali jadranskog mora u\u017eivaju u hladu borova - odabrano\",\"isPartOf\":{\"@id\":\"https:\/\/odabrano.com\/#website\"},\"datePublished\":\"2024-06-16T14:54:12+00:00\",\"dateModified\":\"2024-06-16T14:54:14+00:00\",\"breadcrumb\":{\"@id\":\"https:\/\/odabrano.com\/index.php\/2024\/06\/16\/cesi-sa-skodom-u-satoru-na-obali-jadranskog-mora-uzivaju-u-hladu-borova\/#breadcrumb\"},\"inLanguage\":\"en-US\",\"potentialAction\":[{\"@type\":\"ReadAction\",\"target\":[\"https:\/\/odabrano.com\/index.php\/2024\/06\/16\/cesi-sa-skodom-u-satoru-na-obali-jadranskog-mora-uzivaju-u-hladu-borova\/\"]}]},{\"@type\":\"BreadcrumbList\",\"@id\":\"https:\/\/odabrano.com\/index.php\/2024\/06\/16\/cesi-sa-skodom-u-satoru-na-obali-jadranskog-mora-uzivaju-u-hladu-borova\/#breadcrumb\",\"itemListElement\":[{\"@type\":\"ListItem\",\"position\":1,\"name\":\"Home\",\"item\":\"https:\/\/odabrano.com\/\"},{\"@type\":\"ListItem\",\"position\":2,\"name\":\"\u010cesi sa \u0161kodom u \u0161atoru na obali jadranskog mora u\u017eivaju u hladu borova\"}]},{\"@type\":\"WebSite\",\"@id\":\"https:\/\/odabrano.com\/#website\",\"url\":\"https:\/\/odabrano.com\/\",\"name\":\"odabrano\",\"description\":\"news portal koji nudi odabrane vijesti i informacije\",\"publisher\":{\"@id\":\"https:\/\/odabrano.com\/#\/schema\/person\/460f2b14657879743f23c4f6a7cd3236\"},\"alternateName\":\"vijesti i informacije iz Hrvatske i svijeta\",\"potentialAction\":[{\"@type\":\"SearchAction\",\"target\":{\"@type\":\"EntryPoint\",\"urlTemplate\":\"https:\/\/odabrano.com\/?s={search_term_string}\"},\"query-input\":\"required name=search_term_string\"}],\"inLanguage\":\"en-US\"},{\"@type\":[\"Person\",\"Organization\"],\"@id\":\"https:\/\/odabrano.com\/#\/schema\/person\/460f2b14657879743f23c4f6a7cd3236\",\"name\":\"admin\",\"image\":{\"@type\":\"ImageObject\",\"inLanguage\":\"en-US\",\"@id\":\"https:\/\/odabrano.com\/#\/schema\/person\/image\/\",\"url\":\"https:\/\/odabrano.com\/wp-content\/uploads\/2024\/04\/dolar.jpg\",\"contentUrl\":\"https:\/\/odabrano.com\/wp-content\/uploads\/2024\/04\/dolar.jpg\",\"width\":1216,\"height\":519,\"caption\":\"admin\"},\"logo\":{\"@id\":\"https:\/\/odabrano.com\/#\/schema\/person\/image\/\"},\"sameAs\":[\"http:\/\/odabrano.com\"],\"url\":\"https:\/\/odabrano.com\/index.php\/author\/sokolneno_u3xb387h\/\"}]}<\/script>\n<!-- \/ Yoast SEO plugin. -->","yoast_head_json":{"title":"\u010cesi sa \u0161kodom u \u0161atoru na obali jadranskog mora u\u017eivaju u hladu borova - odabrano","robots":{"index":"index","follow":"follow","max-snippet":"max-snippet:-1","max-image-preview":"max-image-preview:large","max-video-preview":"max-video-preview:-1"},"canonical":"https:\/\/odabrano.com\/index.php\/2024\/06\/16\/cesi-sa-skodom-u-satoru-na-obali-jadranskog-mora-uzivaju-u-hladu-borova\/","og_locale":"en_US","og_type":"article","og_title":"\u010cesi sa \u0161kodom u \u0161atoru na obali jadranskog mora u\u017eivaju u hladu borova - odabrano","og_description":"U ChatGPT ubacio sam ovo: &#8220;aj napravi pri\u010du na hrvatskom od ovih rije\u010di: \u010desi sa \u0161kodom u \u0161atoru na obali jadranskog mora u\u017eivaju u hladu borova&#8221;, a on mi je izbacio ovo: Na obali Jadranskog mora, skriveni u hladu mirisnih borova, smjestili su se \u010cesi sa svojom \u0160kodom. Postavili su \u0161ator blizu pla\u017ee, gdje su &hellip;","og_url":"https:\/\/odabrano.com\/index.php\/2024\/06\/16\/cesi-sa-skodom-u-satoru-na-obali-jadranskog-mora-uzivaju-u-hladu-borova\/","og_site_name":"odabrano","article_published_time":"2024-06-16T14:54:12+00:00","article_modified_time":"2024-06-16T14:54:14+00:00","og_image":[{"width":988,"height":593,"url":"https:\/\/odabrano.com\/wp-content\/uploads\/2024\/06\/cesi.jpeg","type":"image\/jpeg"}],"author":"admin","twitter_card":"summary_large_image","twitter_misc":{"Written by":"admin","Est. reading time":"1 minute"},"schema":{"@context":"https:\/\/schema.org","@graph":[{"@type":"Article","@id":"https:\/\/odabrano.com\/index.php\/2024\/06\/16\/cesi-sa-skodom-u-satoru-na-obali-jadranskog-mora-uzivaju-u-hladu-borova\/#article","isPartOf":{"@id":"https:\/\/odabrano.com\/index.php\/2024\/06\/16\/cesi-sa-skodom-u-satoru-na-obali-jadranskog-mora-uzivaju-u-hladu-borova\/"},"author":{"name":"admin","@id":"https:\/\/odabrano.com\/#\/schema\/person\/460f2b14657879743f23c4f6a7cd3236"},"headline":"\u010cesi sa \u0161kodom u \u0161atoru na obali jadranskog mora u\u017eivaju u hladu borova","datePublished":"2024-06-16T14:54:12+00:00","dateModified":"2024-06-16T14:54:14+00:00","mainEntityOfPage":{"@id":"https:\/\/odabrano.com\/index.php\/2024\/06\/16\/cesi-sa-skodom-u-satoru-na-obali-jadranskog-mora-uzivaju-u-hladu-borova\/"},"wordCount":186,"publisher":{"@id":"https:\/\/odabrano.com\/#\/schema\/person\/460f2b14657879743f23c4f6a7cd3236"},"keywords":["borovi","\u010desi","jadran","\u0161ator","\u0161koda"],"articleSection":["Vijesti"],"inLanguage":"en-US"},{"@type":"WebPage","@id":"https:\/\/odabrano.com\/index.php\/2024\/06\/16\/cesi-sa-skodom-u-satoru-na-obali-jadranskog-mora-uzivaju-u-hladu-borova\/","url":"https:\/\/odabrano.com\/index.php\/2024\/06\/16\/cesi-sa-skodom-u-satoru-na-obali-jadranskog-mora-uzivaju-u-hladu-borova\/","name":"\u010cesi sa \u0161kodom u \u0161atoru na obali jadranskog mora u\u017eivaju u hladu borova - odabrano","isPartOf":{"@id":"https:\/\/odabrano.com\/#website"},"datePublished":"2024-06-16T14:54:12+00:00","dateModified":"2024-06-16T14:54:14+00:00","breadcrumb":{"@id":"https:\/\/odabrano.com\/index.php\/2024\/06\/16\/cesi-sa-skodom-u-satoru-na-obali-jadranskog-mora-uzivaju-u-hladu-borova\/#breadcrumb"},"inLanguage":"en-US","potentialAction":[{"@type":"ReadAction","target":["https:\/\/odabrano.com\/index.php\/2024\/06\/16\/cesi-sa-skodom-u-satoru-na-obali-jadranskog-mora-uzivaju-u-hladu-borova\/"]}]},{"@type":"BreadcrumbList","@id":"https:\/\/odabrano.com\/index.php\/2024\/06\/16\/cesi-sa-skodom-u-satoru-na-obali-jadranskog-mora-uzivaju-u-hladu-borova\/#breadcrumb","itemListElement":[{"@type":"ListItem","position":1,"name":"Home","item":"https:\/\/odabrano.com\/"},{"@type":"ListItem","position":2,"name":"\u010cesi sa \u0161kodom u \u0161atoru na obali jadranskog mora u\u017eivaju u hladu borova"}]},{"@type":"WebSite","@id":"https:\/\/odabrano.com\/#website","url":"https:\/\/odabrano.com\/","name":"odabrano","description":"news portal koji nudi odabrane vijesti i informacije","publisher":{"@id":"https:\/\/odabrano.com\/#\/schema\/person\/460f2b14657879743f23c4f6a7cd3236"},"alternateName":"vijesti i informacije iz Hrvatske i svijeta","potentialAction":[{"@type":"SearchAction","target":{"@type":"EntryPoint","urlTemplate":"https:\/\/odabrano.com\/?s={search_term_string}"},"query-input":"required name=search_term_string"}],"inLanguage":"en-US"},{"@type":["Person","Organization"],"@id":"https:\/\/odabrano.com\/#\/schema\/person\/460f2b14657879743f23c4f6a7cd3236","name":"admin","image":{"@type":"ImageObject","inLanguage":"en-US","@id":"https:\/\/odabrano.com\/#\/schema\/person\/image\/","url":"https:\/\/odabrano.com\/wp-content\/uploads\/2024\/04\/dolar.jpg","contentUrl":"https:\/\/odabrano.com\/wp-content\/uploads\/2024\/04\/dolar.jpg","width":1216,"height":519,"caption":"admin"},"logo":{"@id":"https:\/\/odabrano.com\/#\/schema\/person\/image\/"},"sameAs":["http:\/\/odabrano.com"],"url":"https:\/\/odabrano.com\/index.php\/author\/sokolneno_u3xb387h\/"}]}},"_links":{"self":[{"href":"https:\/\/odabrano.com\/index.php\/wp-json\/wp\/v2\/posts\/3678","targetHints":{"allow":["GET"]}}],"collection":[{"href":"https:\/\/odabrano.com\/index.php\/wp-json\/wp\/v2\/posts"}],"about":[{"href":"https:\/\/odabrano.com\/index.php\/wp-json\/wp\/v2\/types\/post"}],"author":[{"embeddable":true,"href":"https:\/\/odabrano.com\/index.php\/wp-json\/wp\/v2\/users\/1"}],"replies":[{"embeddable":true,"href":"https:\/\/odabrano.com\/index.php\/wp-json\/wp\/v2\/comments?post=3678"}],"version-history":[{"count":1,"href":"https:\/\/odabrano.com\/index.php\/wp-json\/wp\/v2\/posts\/3678\/revisions"}],"predecessor-version":[{"id":3680,"href":"https:\/\/odabrano.com\/index.php\/wp-json\/wp\/v2\/posts\/3678\/revisions\/3680"}],"wp:featuredmedia":[{"embeddable":true,"href":"https:\/\/odabrano.com\/index.php\/wp-json\/wp\/v2\/media\/3679"}],"wp:attachment":[{"href":"https:\/\/odabrano.com\/index.php\/wp-json\/wp\/v2\/media?parent=3678"}],"wp:term":[{"taxonomy":"category","embeddable":true,"href":"https:\/\/odabrano.com\/index.php\/wp-json\/wp\/v2\/categories?post=3678"},{"taxonomy":"post_tag","embeddable":true,"href":"https:\/\/odabrano.com\/index.php\/wp-json\/wp\/v2\/tags?post=3678"}],"curies":[{"name":"wp","href":"https:\/\/api.w.org\/{rel}","templated":true}]}}