{"id":3673,"date":"2024-06-16T14:50:17","date_gmt":"2024-06-16T12:50:17","guid":{"rendered":"http:\/\/odabrano.com\/?p=3673"},"modified":"2024-06-16T14:52:57","modified_gmt":"2024-06-16T12:52:57","slug":"izrael-najavljuje-primirje-za-gazu-kako-bi-propustio-pomoc","status":"publish","type":"post","link":"https:\/\/odabrano.com\/index.php\/2024\/06\/16\/izrael-najavljuje-primirje-za-gazu-kako-bi-propustio-pomoc\/","title":{"rendered":"Izrael najavljuje vojnu pauzu du\u017e puta za Gazu kako bi propustio pomo\u0107"},"content":{"rendered":"\n<p>Izraelska vojska ka\u017ee da \u0107e odr\u017eavati dnevnu &#8220;takti\u010dku pauzu vojnih aktivnosti&#8221; du\u017e ceste u ju\u017enoj Gazi kako bi omogu\u0107ila ulazak vi\u0161e humanitarne pomo\u0107i, ali je naglasila da nema prekida vatre i da \u0107e se borbe nastaviti u Rafi.<\/p>\n\n\n\n<p>Pauze, koje su navodno po\u010dele u subotu, trajat \u0107e od 08:00 po lokalnom vremenu (05:00 GMT) do 19:00 po lokalnom vremenu do daljnjega.<\/p>\n\n\n\n<p>One \u0107e utjecati samo na rutu koja vodi prema sjeveru od klju\u010dnog prijelaza Kerem Shalom, koji Gaza dijeli s Izraelom.<\/p>\n\n\n\n<p>Agencija za pomo\u0107 ActionAid rekla je za BBC da dobiva &#8220;zbunjenu&#8221; sliku o tome \u0161to pauze zna\u010de.<\/p>\n\n\n\n<p>Izrael je pod stalnim pritiskom svojih saveznika, uklju\u010duju\u0107i SAD, da sprije\u010di pogor\u0161anje humanitarne krize u Gazi.<\/p>\n\n\n\n<p>Izraelske obrambene snage (IDF) rekle su da je nedjeljna objava uslijedila nakon &#8220;dodatnih povezanih rasprava s UN-om i me\u0111unarodnim organizacijama&#8221;.<\/p>\n\n\n\n<p>Ruta humanitarne stanke vodi od prijelaza Kerem Shalom na jugu Gaze do ceste Salah al-Din &#8211; glavne autoceste &#8211; a zatim prema sjeveru do Europske bolnice u blizini grada Khan Younis.<\/p>\n\n\n\n<p>U objavi na X, IDF je pojasnio da nema prekida vatre u ju\u017enom Pojasu Gaze i da \u0107e se borbe nastaviti u Rafi.<\/p>\n\n\n\n<p>Glasnogovornik ActionAida, koji poma\u017ee u isporuci zaliha u Gazi, rekao je za BBC da \u0107e pauza pomo\u0107i u dolasku pomo\u0107i, ali da im treba vi\u0161e detalja o logistici.<\/p>\n\n\n\n<p>&#8220;Jo\u0161 uvijek dobivamo zbunjuju\u0107e slike o tome \u0161to ove takti\u010dke pauze zna\u010de, kako \u0107e to omogu\u0107iti pomo\u0107i, ne samo da u\u0111e u Pojas Gaze, ve\u0107 da se sigurno distribuira tamo\u0161njim civilima kojima je potrebna&#8221;, rekao je Ziad Issa.<\/p>\n\n\n\n<p>Dodao je da je ActionAid vidio &#8220;zna\u010dajne napade na konvoje pomo\u0107i koji su poku\u0161avali do\u0107i iz Kerema Shaloma u Gazu u posljednjih nekoliko tjedana&#8221;.<\/p>\n\n\n\n<p>Prema izraelskim medijima, ni izraelski premijer Benjamin Netanyahu ni ministar obrane Yoav Gallant nisu bili upoznati s planovima za pauzu prije nego \u0161to je ona objavljena.<\/p>\n\n\n\n<p>Netanyahuov ured navodno je rekao da je premijer rekao svom vojnom tajniku da je plan &#8220;neprihvatljiv&#8221; nakon \u0161to je za njega \u010duo u nedjelju.<\/p>\n\n\n\n<p>Navodno mu je re\u010deno da nije bilo promjena u politici IDF-a i da se borbe u Rafi &#8220;nastavljaju prema planu&#8221;.<\/p>\n\n\n\n<p>Izraelski krajnje desni\u010darski ministar nacionalne sigurnosti Itamar Ben Gvir rekao je da je odluku o pauziranju borbi donijela &#8220;budala&#8221; koja je bila &#8220;zla&#8221;.<\/p>\n\n\n\n<p>Stotine tisu\u0107a ljudi pobjeglo je iz Rafaha otkako su izraelske trupe u\u0161le u njega prije vi\u0161e od mjesec dana, zauzev\u0161i kontrolu nad gazanskom stranom prijelaza Rafah s Egiptom i narediv\u0161i mnogim ljudima da se evakuiraju.<\/p>\n\n\n\n<p>Prijelaz &#8211; neko\u0107 glavno mjesto ulaska za pomo\u0107 &#8211; od tada je zatvoren.<\/p>\n\n\n\n<p>Izrael ka\u017ee da je njegova operacija u Rafi neophodna kako bi se izbacio Hamas iz onoga \u0161to naziva &#8220;posljednjim velikim upori\u0161tem&#8221; grupe.<\/p>\n\n\n\n<p>Me\u0111unarodne agencije upozorile su na u\u017easnu humanitarnu situaciju u Gazi i opetovano pozvale na dostavljanje vi\u0161e pomo\u0107i.<\/p>\n\n\n\n<p>U srijedu je glavni direktor Svjetske zdravstvene organizacije Tedros Adhanom Ghebreyesus rekao da se zna\u010dajan dio stanovni\u0161tva Gaze suo\u010dava s &#8220;katastrofalnim stanjem gladi i gladi&#8221;.<\/p>\n\n\n\n<p>Broj kamiona s humanitarnom pomo\u0107i koji ulaze u Gazu i dalje je znatno manji od onoga \u0161to su agencije rekle da je potrebno.<\/p>\n\n\n\n<p>UN-ov humanitarni ured, poznat kao OCHA, izvijestio je da je u svibnju dnevni prosje\u010dni broj kamiona koji su dostavljali humanitarnu pomo\u0107 u Gazu &#8211; isklju\u010duju\u0107i gorivo &#8211; bio 97. U travnju je ta brojka bila 169, au o\u017eujku 139.<\/p>\n\n\n\n<p>Prije izbijanja rata 7. listopada, oko 500 kamiona s pomo\u0107i &#8211; uklju\u010duju\u0107i gorivo &#8211; ulazilo je u Gazu svaki dan.<\/p>\n\n\n\n<p>OCHA isti\u010de da od 7. svibnja nije mogao izravno promatrati dolazak pomo\u0107i iz privatnog sektora preko prijelaza Kerem Shalom.<\/p>\n\n\n\n<figure class=\"wp-block-image\"><img decoding=\"async\" src=\"https:\/\/ichef.bbci.co.uk\/news\/480\/cpsprodpb\/0dcf\/live\/6426b260-2bb4-11ef-bdc5-41d7421c2adf.png.webp\" alt=\"Karta Gaze\"\/><\/figure>\n\n\n\n<p>IDF je rekao da je osam izraelskih vojnika ubijeno u eksploziji u Rafi u subotu &#8211; najsmrtonosnijem incidentu za vojsku u ratu od sije\u010dnja.<\/p>\n\n\n\n<p>Dogodilo se to tijekom operacije u \u010detvrti Tal al-Sultan u Rafi, koja je posljednjih tjedana klju\u010dna meta izraelskih snaga.<\/p>\n\n\n\n<p>Naoru\u017eano krilo Hamasa reklo je da je ispalilo raketu prema oklopnom vozilu nakon \u0161to je postavilo zasjedu.<\/p>\n\n\n\n<p>Gospodin Netanyahu je obe\u0107ao da \u0107e nastaviti rat protiv Hamasa, pozivaju\u0107i Izraelce da ne dopuste da ih itko &#8220;odvrati&#8221; od &#8220;jasne i jednostavne \u010dinjenice &#8211; unato\u010d visokoj i \u0161okantnoj cijeni, moramo se dr\u017eati ciljeva rata&#8221;.<\/p>\n\n\n\n<p>&#8220;Uklanjanje Hamasovih vladinih i vojnih kapaciteta, vra\u0107anje svih na\u0161ih talaca, osiguravanje da Gaza ne\u0107e predstavljati prijetnju Izraelu i vra\u0107anje na\u0161ih stanovnika na siguran na\u010din i na sjeveru i na jugu&#8221;, rekao je.<\/p>\n\n\n\n<p>Humanitarne agencije opetovano su izvijestile o pote\u0161ko\u0107ama u distribuciji pomo\u0107i diljem Gaze. UN-ova agencija za djecu Unicef \u200b\u200bizjavila je u petak za BBC da je konvoju koji je prevozio pomo\u0107 odbijen ulazak u sjeverni pojas Gaze, unato\u010d tome \u0161to je imao sve potrebne dokumente.<\/p>\n\n\n\n<p>Glasnogovornik Unicefa James Elder, koji je putovao s konvojem, rekao je da je ovo postala uobi\u010dajena pojava.<\/p>\n\n\n\n<p>IDF je rekao da papirologija nije ispravno popunjena i optu\u017eio gospodina Eldera da predstavlja &#8220;djelomi\u010dnu sliku&#8221; situacije.<\/p>\n\n\n\n<p>Rat je po\u010deo nakon \u0161to je Hamas napao Izrael 7. listopada, ubiv\u0161i oko 1200 ljudi i odvev\u0161i 251 osobu natrag u Gazu kao taoce.<\/p>\n\n\n\n<p>Ministarstvo zdravstva koje vodi Hamas ka\u017ee da je vi\u0161e od 37.000 Palestinaca ubijeno od po\u010detka rata, a jo\u0161 stotine tisu\u0107a ih je ozlije\u0111eno ili raseljeno.<\/p>\n\n\n\n<p>Pregovori o potencijalnom prekidu vatre i sporazumu o osloba\u0111anju talaca izme\u0111u Izraela i Hamasa se nastavljaju, a SAD je u subotu najavio da \u0107e g. Gallant uskoro posjetiti Washington radi razgovora.<\/p>\n\n\n\n<p>Ranije ovog tjedna, Hamas nije prihvatio plan koji su poduprle SAD , daju\u0107i protuprijedloge u nekoliko to\u010daka.<\/p>\n\n\n\n<p>Plan &#8211; za koji SAD ka\u017ee da je izraelski prijedlog iako ga Izrael nije javno podr\u017eao &#8211; doveo bi do &#8220;navala&#8221; humanitarne pomo\u0107i za Gazu.<\/p>\n","protected":false},"excerpt":{"rendered":"<p>Izraelska vojska ka\u017ee da \u0107e odr\u017eavati dnevnu &#8220;takti\u010dku pauzu vojnih aktivnosti&#8221; du\u017e ceste u ju\u017enoj Gazi kako bi omogu\u0107ila ulazak vi\u0161e humanitarne pomo\u0107i, ali je naglasila da nema prekida vatre i da \u0107e se borbe nastaviti u Rafi. Pauze, koje su navodno po\u010dele u subotu, trajat \u0107e od 08:00 po lokalnom vremenu (05:00 GMT) do &hellip;<\/p>\n","protected":false},"author":1,"featured_media":3674,"comment_status":"closed","ping_status":"open","sticky":false,"template":"","format":"standard","meta":{"_monsterinsights_skip_tracking":false,"_monsterinsights_sitenote_active":false,"_monsterinsights_sitenote_note":"","_monsterinsights_sitenote_category":0,"footnotes":""},"categories":[9],"tags":[21,75,293],"class_list":["post-3673","post","type-post","status-publish","format-standard","has-post-thumbnail","","category-svijet","tag-gaza","tag-izrael","tag-primirje"],"yoast_head":"<!-- This site is optimized with the Yoast SEO plugin v22.1 - https:\/\/yoast.com\/wordpress\/plugins\/seo\/ -->\n<title>Izrael najavljuje vojnu pauzu du\u017e puta za Gazu kako bi propustio pomo\u0107 - odabrano<\/title>\n<meta name=\"robots\" content=\"index, follow, max-snippet:-1, max-image-preview:large, max-video-preview:-1\" \/>\n<link rel=\"canonical\" href=\"https:\/\/odabrano.com\/index.php\/2024\/06\/16\/izrael-najavljuje-primirje-za-gazu-kako-bi-propustio-pomoc\/\" \/>\n<meta property=\"og:locale\" content=\"en_US\" \/>\n<meta property=\"og:type\" content=\"article\" \/>\n<meta property=\"og:title\" content=\"Izrael najavljuje vojnu pauzu du\u017e puta za Gazu kako bi propustio pomo\u0107 - odabrano\" \/>\n<meta property=\"og:description\" content=\"Izraelska vojska ka\u017ee da \u0107e odr\u017eavati dnevnu &#8220;takti\u010dku pauzu vojnih aktivnosti&#8221; du\u017e ceste u ju\u017enoj Gazi kako bi omogu\u0107ila ulazak vi\u0161e humanitarne pomo\u0107i, ali je naglasila da nema prekida vatre i da \u0107e se borbe nastaviti u Rafi. Pauze, koje su navodno po\u010dele u subotu, trajat \u0107e od 08:00 po lokalnom vremenu (05:00 GMT) do &hellip;\" \/>\n<meta property=\"og:url\" content=\"https:\/\/odabrano.com\/index.php\/2024\/06\/16\/izrael-najavljuje-primirje-za-gazu-kako-bi-propustio-pomoc\/\" \/>\n<meta property=\"og:site_name\" content=\"odabrano\" \/>\n<meta property=\"article:published_time\" content=\"2024-06-16T12:50:17+00:00\" \/>\n<meta property=\"article:modified_time\" content=\"2024-06-16T12:52:57+00:00\" \/>\n<meta property=\"og:image\" content=\"https:\/\/odabrano.com\/wp-content\/uploads\/2024\/06\/djecagaza.webp\" \/>\n\t<meta property=\"og:image:width\" content=\"800\" \/>\n\t<meta property=\"og:image:height\" content=\"450\" \/>\n\t<meta property=\"og:image:type\" content=\"image\/webp\" \/>\n<meta name=\"author\" content=\"admin\" \/>\n<meta name=\"twitter:card\" content=\"summary_large_image\" \/>\n<meta name=\"twitter:label1\" content=\"Written by\" \/>\n\t<meta name=\"twitter:data1\" content=\"admin\" \/>\n\t<meta name=\"twitter:label2\" content=\"Est. reading time\" \/>\n\t<meta name=\"twitter:data2\" content=\"5 minutes\" \/>\n<script type=\"application\/ld+json\" class=\"yoast-schema-graph\">{\"@context\":\"https:\/\/schema.org\",\"@graph\":[{\"@type\":\"Article\",\"@id\":\"https:\/\/odabrano.com\/index.php\/2024\/06\/16\/izrael-najavljuje-primirje-za-gazu-kako-bi-propustio-pomoc\/#article\",\"isPartOf\":{\"@id\":\"https:\/\/odabrano.com\/index.php\/2024\/06\/16\/izrael-najavljuje-primirje-za-gazu-kako-bi-propustio-pomoc\/\"},\"author\":{\"name\":\"admin\",\"@id\":\"https:\/\/odabrano.com\/#\/schema\/person\/460f2b14657879743f23c4f6a7cd3236\"},\"headline\":\"Izrael najavljuje vojnu pauzu du\u017e puta za Gazu kako bi propustio pomo\u0107\",\"datePublished\":\"2024-06-16T12:50:17+00:00\",\"dateModified\":\"2024-06-16T12:52:57+00:00\",\"mainEntityOfPage\":{\"@id\":\"https:\/\/odabrano.com\/index.php\/2024\/06\/16\/izrael-najavljuje-primirje-za-gazu-kako-bi-propustio-pomoc\/\"},\"wordCount\":999,\"publisher\":{\"@id\":\"https:\/\/odabrano.com\/#\/schema\/person\/460f2b14657879743f23c4f6a7cd3236\"},\"keywords\":[\"gaza\",\"izrael\",\"primirje\"],\"articleSection\":[\"Svijet\"],\"inLanguage\":\"en-US\"},{\"@type\":\"WebPage\",\"@id\":\"https:\/\/odabrano.com\/index.php\/2024\/06\/16\/izrael-najavljuje-primirje-za-gazu-kako-bi-propustio-pomoc\/\",\"url\":\"https:\/\/odabrano.com\/index.php\/2024\/06\/16\/izrael-najavljuje-primirje-za-gazu-kako-bi-propustio-pomoc\/\",\"name\":\"Izrael najavljuje vojnu pauzu du\u017e puta za Gazu kako bi propustio pomo\u0107 - odabrano\",\"isPartOf\":{\"@id\":\"https:\/\/odabrano.com\/#website\"},\"datePublished\":\"2024-06-16T12:50:17+00:00\",\"dateModified\":\"2024-06-16T12:52:57+00:00\",\"breadcrumb\":{\"@id\":\"https:\/\/odabrano.com\/index.php\/2024\/06\/16\/izrael-najavljuje-primirje-za-gazu-kako-bi-propustio-pomoc\/#breadcrumb\"},\"inLanguage\":\"en-US\",\"potentialAction\":[{\"@type\":\"ReadAction\",\"target\":[\"https:\/\/odabrano.com\/index.php\/2024\/06\/16\/izrael-najavljuje-primirje-za-gazu-kako-bi-propustio-pomoc\/\"]}]},{\"@type\":\"BreadcrumbList\",\"@id\":\"https:\/\/odabrano.com\/index.php\/2024\/06\/16\/izrael-najavljuje-primirje-za-gazu-kako-bi-propustio-pomoc\/#breadcrumb\",\"itemListElement\":[{\"@type\":\"ListItem\",\"position\":1,\"name\":\"Home\",\"item\":\"https:\/\/odabrano.com\/\"},{\"@type\":\"ListItem\",\"position\":2,\"name\":\"Izrael najavljuje vojnu pauzu du\u017e puta za Gazu kako bi propustio pomo\u0107\"}]},{\"@type\":\"WebSite\",\"@id\":\"https:\/\/odabrano.com\/#website\",\"url\":\"https:\/\/odabrano.com\/\",\"name\":\"odabrano\",\"description\":\"news portal koji nudi odabrane vijesti i informacije\",\"publisher\":{\"@id\":\"https:\/\/odabrano.com\/#\/schema\/person\/460f2b14657879743f23c4f6a7cd3236\"},\"alternateName\":\"vijesti i informacije iz Hrvatske i svijeta\",\"potentialAction\":[{\"@type\":\"SearchAction\",\"target\":{\"@type\":\"EntryPoint\",\"urlTemplate\":\"https:\/\/odabrano.com\/?s={search_term_string}\"},\"query-input\":\"required name=search_term_string\"}],\"inLanguage\":\"en-US\"},{\"@type\":[\"Person\",\"Organization\"],\"@id\":\"https:\/\/odabrano.com\/#\/schema\/person\/460f2b14657879743f23c4f6a7cd3236\",\"name\":\"admin\",\"image\":{\"@type\":\"ImageObject\",\"inLanguage\":\"en-US\",\"@id\":\"https:\/\/odabrano.com\/#\/schema\/person\/image\/\",\"url\":\"https:\/\/odabrano.com\/wp-content\/uploads\/2024\/04\/dolar.jpg\",\"contentUrl\":\"https:\/\/odabrano.com\/wp-content\/uploads\/2024\/04\/dolar.jpg\",\"width\":1216,\"height\":519,\"caption\":\"admin\"},\"logo\":{\"@id\":\"https:\/\/odabrano.com\/#\/schema\/person\/image\/\"},\"sameAs\":[\"http:\/\/odabrano.com\"],\"url\":\"https:\/\/odabrano.com\/index.php\/author\/sokolneno_u3xb387h\/\"}]}<\/script>\n<!-- \/ Yoast SEO plugin. -->","yoast_head_json":{"title":"Izrael najavljuje vojnu pauzu du\u017e puta za Gazu kako bi propustio pomo\u0107 - odabrano","robots":{"index":"index","follow":"follow","max-snippet":"max-snippet:-1","max-image-preview":"max-image-preview:large","max-video-preview":"max-video-preview:-1"},"canonical":"https:\/\/odabrano.com\/index.php\/2024\/06\/16\/izrael-najavljuje-primirje-za-gazu-kako-bi-propustio-pomoc\/","og_locale":"en_US","og_type":"article","og_title":"Izrael najavljuje vojnu pauzu du\u017e puta za Gazu kako bi propustio pomo\u0107 - odabrano","og_description":"Izraelska vojska ka\u017ee da \u0107e odr\u017eavati dnevnu &#8220;takti\u010dku pauzu vojnih aktivnosti&#8221; du\u017e ceste u ju\u017enoj Gazi kako bi omogu\u0107ila ulazak vi\u0161e humanitarne pomo\u0107i, ali je naglasila da nema prekida vatre i da \u0107e se borbe nastaviti u Rafi. Pauze, koje su navodno po\u010dele u subotu, trajat \u0107e od 08:00 po lokalnom vremenu (05:00 GMT) do &hellip;","og_url":"https:\/\/odabrano.com\/index.php\/2024\/06\/16\/izrael-najavljuje-primirje-za-gazu-kako-bi-propustio-pomoc\/","og_site_name":"odabrano","article_published_time":"2024-06-16T12:50:17+00:00","article_modified_time":"2024-06-16T12:52:57+00:00","og_image":[{"width":800,"height":450,"url":"https:\/\/odabrano.com\/wp-content\/uploads\/2024\/06\/djecagaza.webp","type":"image\/webp"}],"author":"admin","twitter_card":"summary_large_image","twitter_misc":{"Written by":"admin","Est. reading time":"5 minutes"},"schema":{"@context":"https:\/\/schema.org","@graph":[{"@type":"Article","@id":"https:\/\/odabrano.com\/index.php\/2024\/06\/16\/izrael-najavljuje-primirje-za-gazu-kako-bi-propustio-pomoc\/#article","isPartOf":{"@id":"https:\/\/odabrano.com\/index.php\/2024\/06\/16\/izrael-najavljuje-primirje-za-gazu-kako-bi-propustio-pomoc\/"},"author":{"name":"admin","@id":"https:\/\/odabrano.com\/#\/schema\/person\/460f2b14657879743f23c4f6a7cd3236"},"headline":"Izrael najavljuje vojnu pauzu du\u017e puta za Gazu kako bi propustio pomo\u0107","datePublished":"2024-06-16T12:50:17+00:00","dateModified":"2024-06-16T12:52:57+00:00","mainEntityOfPage":{"@id":"https:\/\/odabrano.com\/index.php\/2024\/06\/16\/izrael-najavljuje-primirje-za-gazu-kako-bi-propustio-pomoc\/"},"wordCount":999,"publisher":{"@id":"https:\/\/odabrano.com\/#\/schema\/person\/460f2b14657879743f23c4f6a7cd3236"},"keywords":["gaza","izrael","primirje"],"articleSection":["Svijet"],"inLanguage":"en-US"},{"@type":"WebPage","@id":"https:\/\/odabrano.com\/index.php\/2024\/06\/16\/izrael-najavljuje-primirje-za-gazu-kako-bi-propustio-pomoc\/","url":"https:\/\/odabrano.com\/index.php\/2024\/06\/16\/izrael-najavljuje-primirje-za-gazu-kako-bi-propustio-pomoc\/","name":"Izrael najavljuje vojnu pauzu du\u017e puta za Gazu kako bi propustio pomo\u0107 - odabrano","isPartOf":{"@id":"https:\/\/odabrano.com\/#website"},"datePublished":"2024-06-16T12:50:17+00:00","dateModified":"2024-06-16T12:52:57+00:00","breadcrumb":{"@id":"https:\/\/odabrano.com\/index.php\/2024\/06\/16\/izrael-najavljuje-primirje-za-gazu-kako-bi-propustio-pomoc\/#breadcrumb"},"inLanguage":"en-US","potentialAction":[{"@type":"ReadAction","target":["https:\/\/odabrano.com\/index.php\/2024\/06\/16\/izrael-najavljuje-primirje-za-gazu-kako-bi-propustio-pomoc\/"]}]},{"@type":"BreadcrumbList","@id":"https:\/\/odabrano.com\/index.php\/2024\/06\/16\/izrael-najavljuje-primirje-za-gazu-kako-bi-propustio-pomoc\/#breadcrumb","itemListElement":[{"@type":"ListItem","position":1,"name":"Home","item":"https:\/\/odabrano.com\/"},{"@type":"ListItem","position":2,"name":"Izrael najavljuje vojnu pauzu du\u017e puta za Gazu kako bi propustio pomo\u0107"}]},{"@type":"WebSite","@id":"https:\/\/odabrano.com\/#website","url":"https:\/\/odabrano.com\/","name":"odabrano","description":"news portal koji nudi odabrane vijesti i informacije","publisher":{"@id":"https:\/\/odabrano.com\/#\/schema\/person\/460f2b14657879743f23c4f6a7cd3236"},"alternateName":"vijesti i informacije iz Hrvatske i svijeta","potentialAction":[{"@type":"SearchAction","target":{"@type":"EntryPoint","urlTemplate":"https:\/\/odabrano.com\/?s={search_term_string}"},"query-input":"required name=search_term_string"}],"inLanguage":"en-US"},{"@type":["Person","Organization"],"@id":"https:\/\/odabrano.com\/#\/schema\/person\/460f2b14657879743f23c4f6a7cd3236","name":"admin","image":{"@type":"ImageObject","inLanguage":"en-US","@id":"https:\/\/odabrano.com\/#\/schema\/person\/image\/","url":"https:\/\/odabrano.com\/wp-content\/uploads\/2024\/04\/dolar.jpg","contentUrl":"https:\/\/odabrano.com\/wp-content\/uploads\/2024\/04\/dolar.jpg","width":1216,"height":519,"caption":"admin"},"logo":{"@id":"https:\/\/odabrano.com\/#\/schema\/person\/image\/"},"sameAs":["http:\/\/odabrano.com"],"url":"https:\/\/odabrano.com\/index.php\/author\/sokolneno_u3xb387h\/"}]}},"_links":{"self":[{"href":"https:\/\/odabrano.com\/index.php\/wp-json\/wp\/v2\/posts\/3673","targetHints":{"allow":["GET"]}}],"collection":[{"href":"https:\/\/odabrano.com\/index.php\/wp-json\/wp\/v2\/posts"}],"about":[{"href":"https:\/\/odabrano.com\/index.php\/wp-json\/wp\/v2\/types\/post"}],"author":[{"embeddable":true,"href":"https:\/\/odabrano.com\/index.php\/wp-json\/wp\/v2\/users\/1"}],"replies":[{"embeddable":true,"href":"https:\/\/odabrano.com\/index.php\/wp-json\/wp\/v2\/comments?post=3673"}],"version-history":[{"count":3,"href":"https:\/\/odabrano.com\/index.php\/wp-json\/wp\/v2\/posts\/3673\/revisions"}],"predecessor-version":[{"id":3677,"href":"https:\/\/odabrano.com\/index.php\/wp-json\/wp\/v2\/posts\/3673\/revisions\/3677"}],"wp:featuredmedia":[{"embeddable":true,"href":"https:\/\/odabrano.com\/index.php\/wp-json\/wp\/v2\/media\/3674"}],"wp:attachment":[{"href":"https:\/\/odabrano.com\/index.php\/wp-json\/wp\/v2\/media?parent=3673"}],"wp:term":[{"taxonomy":"category","embeddable":true,"href":"https:\/\/odabrano.com\/index.php\/wp-json\/wp\/v2\/categories?post=3673"},{"taxonomy":"post_tag","embeddable":true,"href":"https:\/\/odabrano.com\/index.php\/wp-json\/wp\/v2\/tags?post=3673"}],"curies":[{"name":"wp","href":"https:\/\/api.w.org\/{rel}","templated":true}]}}