{"id":3268,"date":"2024-05-28T17:17:26","date_gmt":"2024-05-28T15:17:26","guid":{"rendered":"http:\/\/odabrano.com\/?p=3268"},"modified":"2024-05-28T17:17:28","modified_gmt":"2024-05-28T15:17:28","slug":"izraelski-tenkovi-videni-u-sredistu-rafaha","status":"publish","type":"post","link":"https:\/\/odabrano.com\/index.php\/2024\/05\/28\/izraelski-tenkovi-videni-u-sredistu-rafaha\/","title":{"rendered":"Izraelski tenkovi vi\u0111eni u sredi\u0161tu Rafaha"},"content":{"rendered":"\n<p>Izraelski tenkovi vi\u0111eni su u centru Rafaha po prvi put otkako su Izraelske obrambene snage (IDF) u\u0161le u ju\u017eni grad ranije ovog mjeseca, rekla su dva o\u010devica za CNN. <\/p>\n\n\n\n<p>Stanovnik Rafaha, Alaa Abu Ibrahim, rekao je za CNN da su izraelski tenkovi vi\u0111eni u kru\u017enom toku Al Awda u centru grada. Druga stanovnica Rafaha, Salma AlKadoomi, rekla je da je vidjela izraelska oklopna vozila u centru grada u blizini zgrade Abu Hashem. <\/p>\n\n\n\n<p>\u201cOva su vozila napredovala usred no\u0107i\u201d, rekao je AlKadoomi. Tenkovi su uo\u010deni nakon \u0161to je Izrael lansirao raketni napad na kamp za raseljene u blizini Rafaha, ubiv\u0161i desetke i potaknuv\u0161i me\u0111unarodne pozive Izraelu da se pridr\u017eava presude Me\u0111unarodnog suda pravde, koji je naredio Izraelu da zaustavi svoju ofenzivu u gradu. <\/p>\n\n\n\n<p><strong>Sedam ubijenih u novom napadu <\/strong><\/p>\n\n\n\n<p>Sedam Palestinaca je ubijeno, a deseci su ranjeni u novim izraelskim napadima na \u0161atorsko podru\u010dje zapadno od Rafaha, rekli su palestinski zdravstveni du\u017enosnici. Meta napada bili su \u0161atori raseljenih porodica u humanitarnom podru\u010dju u Mawasiju u zapadnom Rafahu, rekli su Reutersu ljekari i stanovnici. Mediji Hamasa navode da broj mrtvih iznosi 20. <\/p>\n\n\n\n<p>Izraelska vojska rekla je da je po\u010detna istraga o napadu koji je izazvao smrtonosni po\u017ear u \u0161atorskom kampu u Rafahu, u kojem je ubijeno najmanje 45 ljudi, pokazala da je po\u017ear uzrokovala \u201csekundarna eksplozija\u201d. Kontraadmiral Daniel Hagari, glavni vojni glasnogovornik, rekao je da je vojska ispalila dva streljiva od 17 kg koja su \u201cga\u0111ala dvojicu visokih militanata Hamasa\u201d. <\/p>\n\n\n\n<p>Rekao je da je \u201cstreljivo bilo premalo da bi izazvalo po\u017ear\u201d te da vojska ispituje mogu\u0107nost \u201cda je oru\u017eje bilo pohranjeno u tom podru\u010dju\u201d. <\/p>\n\n\n\n<p>Napad je izazvao \u017eestoke reakcije iz cijelog svijeta, a izraelski premijer Benjamin Netanyahu rekao je da je to rezultat \u201ctragi\u010dne nesre\u0107e&#8221;.<\/p>\n","protected":false},"excerpt":{"rendered":"<p>Izraelski tenkovi vi\u0111eni su u centru Rafaha po prvi put otkako su Izraelske obrambene snage (IDF) u\u0161le u ju\u017eni grad ranije ovog mjeseca, rekla su dva o\u010devica za CNN. Stanovnik Rafaha, Alaa Abu Ibrahim, rekao je za CNN da su izraelski tenkovi vi\u0111eni u kru\u017enom toku Al Awda u centru grada. Druga stanovnica Rafaha, Salma &hellip;<\/p>\n","protected":false},"author":1,"featured_media":3269,"comment_status":"closed","ping_status":"open","sticky":false,"template":"","format":"standard","meta":{"_monsterinsights_skip_tracking":false,"_monsterinsights_sitenote_active":false,"_monsterinsights_sitenote_note":"","_monsterinsights_sitenote_category":0,"footnotes":""},"categories":[9],"tags":[21,540,677],"class_list":["post-3268","post","type-post","status-publish","format-standard","has-post-thumbnail","","category-svijet","tag-gaza","tag-rafah","tag-tenkovi"],"yoast_head":"<!-- This site is optimized with the Yoast SEO plugin v22.1 - https:\/\/yoast.com\/wordpress\/plugins\/seo\/ -->\n<title>Izraelski tenkovi vi\u0111eni u sredi\u0161tu Rafaha - odabrano<\/title>\n<meta name=\"robots\" content=\"index, follow, max-snippet:-1, max-image-preview:large, max-video-preview:-1\" \/>\n<link rel=\"canonical\" href=\"https:\/\/odabrano.com\/index.php\/2024\/05\/28\/izraelski-tenkovi-videni-u-sredistu-rafaha\/\" \/>\n<meta property=\"og:locale\" content=\"en_US\" \/>\n<meta property=\"og:type\" content=\"article\" \/>\n<meta property=\"og:title\" content=\"Izraelski tenkovi vi\u0111eni u sredi\u0161tu Rafaha - odabrano\" \/>\n<meta property=\"og:description\" content=\"Izraelski tenkovi vi\u0111eni su u centru Rafaha po prvi put otkako su Izraelske obrambene snage (IDF) u\u0161le u ju\u017eni grad ranije ovog mjeseca, rekla su dva o\u010devica za CNN. Stanovnik Rafaha, Alaa Abu Ibrahim, rekao je za CNN da su izraelski tenkovi vi\u0111eni u kru\u017enom toku Al Awda u centru grada. Druga stanovnica Rafaha, Salma &hellip;\" \/>\n<meta property=\"og:url\" content=\"https:\/\/odabrano.com\/index.php\/2024\/05\/28\/izraelski-tenkovi-videni-u-sredistu-rafaha\/\" \/>\n<meta property=\"og:site_name\" content=\"odabrano\" \/>\n<meta property=\"article:published_time\" content=\"2024-05-28T15:17:26+00:00\" \/>\n<meta property=\"article:modified_time\" content=\"2024-05-28T15:17:28+00:00\" \/>\n<meta property=\"og:image\" content=\"https:\/\/odabrano.com\/wp-content\/uploads\/2024\/05\/tenk22.jpg\" \/>\n\t<meta property=\"og:image:width\" content=\"800\" \/>\n\t<meta property=\"og:image:height\" content=\"533\" \/>\n\t<meta property=\"og:image:type\" content=\"image\/jpeg\" \/>\n<meta name=\"author\" content=\"admin\" \/>\n<meta name=\"twitter:card\" content=\"summary_large_image\" \/>\n<meta name=\"twitter:label1\" content=\"Written by\" \/>\n\t<meta name=\"twitter:data1\" content=\"admin\" \/>\n\t<meta name=\"twitter:label2\" content=\"Est. reading time\" \/>\n\t<meta name=\"twitter:data2\" content=\"2 minutes\" \/>\n<script type=\"application\/ld+json\" class=\"yoast-schema-graph\">{\"@context\":\"https:\/\/schema.org\",\"@graph\":[{\"@type\":\"Article\",\"@id\":\"https:\/\/odabrano.com\/index.php\/2024\/05\/28\/izraelski-tenkovi-videni-u-sredistu-rafaha\/#article\",\"isPartOf\":{\"@id\":\"https:\/\/odabrano.com\/index.php\/2024\/05\/28\/izraelski-tenkovi-videni-u-sredistu-rafaha\/\"},\"author\":{\"name\":\"admin\",\"@id\":\"https:\/\/odabrano.com\/#\/schema\/person\/460f2b14657879743f23c4f6a7cd3236\"},\"headline\":\"Izraelski tenkovi vi\u0111eni u sredi\u0161tu Rafaha\",\"datePublished\":\"2024-05-28T15:17:26+00:00\",\"dateModified\":\"2024-05-28T15:17:28+00:00\",\"mainEntityOfPage\":{\"@id\":\"https:\/\/odabrano.com\/index.php\/2024\/05\/28\/izraelski-tenkovi-videni-u-sredistu-rafaha\/\"},\"wordCount\":313,\"publisher\":{\"@id\":\"https:\/\/odabrano.com\/#\/schema\/person\/460f2b14657879743f23c4f6a7cd3236\"},\"keywords\":[\"gaza\",\"rafah\",\"tenkovi\"],\"articleSection\":[\"Svijet\"],\"inLanguage\":\"en-US\"},{\"@type\":\"WebPage\",\"@id\":\"https:\/\/odabrano.com\/index.php\/2024\/05\/28\/izraelski-tenkovi-videni-u-sredistu-rafaha\/\",\"url\":\"https:\/\/odabrano.com\/index.php\/2024\/05\/28\/izraelski-tenkovi-videni-u-sredistu-rafaha\/\",\"name\":\"Izraelski tenkovi vi\u0111eni u sredi\u0161tu Rafaha - odabrano\",\"isPartOf\":{\"@id\":\"https:\/\/odabrano.com\/#website\"},\"datePublished\":\"2024-05-28T15:17:26+00:00\",\"dateModified\":\"2024-05-28T15:17:28+00:00\",\"breadcrumb\":{\"@id\":\"https:\/\/odabrano.com\/index.php\/2024\/05\/28\/izraelski-tenkovi-videni-u-sredistu-rafaha\/#breadcrumb\"},\"inLanguage\":\"en-US\",\"potentialAction\":[{\"@type\":\"ReadAction\",\"target\":[\"https:\/\/odabrano.com\/index.php\/2024\/05\/28\/izraelski-tenkovi-videni-u-sredistu-rafaha\/\"]}]},{\"@type\":\"BreadcrumbList\",\"@id\":\"https:\/\/odabrano.com\/index.php\/2024\/05\/28\/izraelski-tenkovi-videni-u-sredistu-rafaha\/#breadcrumb\",\"itemListElement\":[{\"@type\":\"ListItem\",\"position\":1,\"name\":\"Home\",\"item\":\"https:\/\/odabrano.com\/\"},{\"@type\":\"ListItem\",\"position\":2,\"name\":\"Izraelski tenkovi vi\u0111eni u sredi\u0161tu Rafaha\"}]},{\"@type\":\"WebSite\",\"@id\":\"https:\/\/odabrano.com\/#website\",\"url\":\"https:\/\/odabrano.com\/\",\"name\":\"odabrano\",\"description\":\"news portal koji nudi odabrane vijesti i informacije\",\"publisher\":{\"@id\":\"https:\/\/odabrano.com\/#\/schema\/person\/460f2b14657879743f23c4f6a7cd3236\"},\"alternateName\":\"vijesti i informacije iz Hrvatske i svijeta\",\"potentialAction\":[{\"@type\":\"SearchAction\",\"target\":{\"@type\":\"EntryPoint\",\"urlTemplate\":\"https:\/\/odabrano.com\/?s={search_term_string}\"},\"query-input\":\"required name=search_term_string\"}],\"inLanguage\":\"en-US\"},{\"@type\":[\"Person\",\"Organization\"],\"@id\":\"https:\/\/odabrano.com\/#\/schema\/person\/460f2b14657879743f23c4f6a7cd3236\",\"name\":\"admin\",\"image\":{\"@type\":\"ImageObject\",\"inLanguage\":\"en-US\",\"@id\":\"https:\/\/odabrano.com\/#\/schema\/person\/image\/\",\"url\":\"https:\/\/odabrano.com\/wp-content\/uploads\/2024\/04\/dolar.jpg\",\"contentUrl\":\"https:\/\/odabrano.com\/wp-content\/uploads\/2024\/04\/dolar.jpg\",\"width\":1216,\"height\":519,\"caption\":\"admin\"},\"logo\":{\"@id\":\"https:\/\/odabrano.com\/#\/schema\/person\/image\/\"},\"sameAs\":[\"http:\/\/odabrano.com\"],\"url\":\"https:\/\/odabrano.com\/index.php\/author\/sokolneno_u3xb387h\/\"}]}<\/script>\n<!-- \/ Yoast SEO plugin. -->","yoast_head_json":{"title":"Izraelski tenkovi vi\u0111eni u sredi\u0161tu Rafaha - odabrano","robots":{"index":"index","follow":"follow","max-snippet":"max-snippet:-1","max-image-preview":"max-image-preview:large","max-video-preview":"max-video-preview:-1"},"canonical":"https:\/\/odabrano.com\/index.php\/2024\/05\/28\/izraelski-tenkovi-videni-u-sredistu-rafaha\/","og_locale":"en_US","og_type":"article","og_title":"Izraelski tenkovi vi\u0111eni u sredi\u0161tu Rafaha - odabrano","og_description":"Izraelski tenkovi vi\u0111eni su u centru Rafaha po prvi put otkako su Izraelske obrambene snage (IDF) u\u0161le u ju\u017eni grad ranije ovog mjeseca, rekla su dva o\u010devica za CNN. Stanovnik Rafaha, Alaa Abu Ibrahim, rekao je za CNN da su izraelski tenkovi vi\u0111eni u kru\u017enom toku Al Awda u centru grada. Druga stanovnica Rafaha, Salma &hellip;","og_url":"https:\/\/odabrano.com\/index.php\/2024\/05\/28\/izraelski-tenkovi-videni-u-sredistu-rafaha\/","og_site_name":"odabrano","article_published_time":"2024-05-28T15:17:26+00:00","article_modified_time":"2024-05-28T15:17:28+00:00","og_image":[{"width":800,"height":533,"url":"https:\/\/odabrano.com\/wp-content\/uploads\/2024\/05\/tenk22.jpg","type":"image\/jpeg"}],"author":"admin","twitter_card":"summary_large_image","twitter_misc":{"Written by":"admin","Est. reading time":"2 minutes"},"schema":{"@context":"https:\/\/schema.org","@graph":[{"@type":"Article","@id":"https:\/\/odabrano.com\/index.php\/2024\/05\/28\/izraelski-tenkovi-videni-u-sredistu-rafaha\/#article","isPartOf":{"@id":"https:\/\/odabrano.com\/index.php\/2024\/05\/28\/izraelski-tenkovi-videni-u-sredistu-rafaha\/"},"author":{"name":"admin","@id":"https:\/\/odabrano.com\/#\/schema\/person\/460f2b14657879743f23c4f6a7cd3236"},"headline":"Izraelski tenkovi vi\u0111eni u sredi\u0161tu Rafaha","datePublished":"2024-05-28T15:17:26+00:00","dateModified":"2024-05-28T15:17:28+00:00","mainEntityOfPage":{"@id":"https:\/\/odabrano.com\/index.php\/2024\/05\/28\/izraelski-tenkovi-videni-u-sredistu-rafaha\/"},"wordCount":313,"publisher":{"@id":"https:\/\/odabrano.com\/#\/schema\/person\/460f2b14657879743f23c4f6a7cd3236"},"keywords":["gaza","rafah","tenkovi"],"articleSection":["Svijet"],"inLanguage":"en-US"},{"@type":"WebPage","@id":"https:\/\/odabrano.com\/index.php\/2024\/05\/28\/izraelski-tenkovi-videni-u-sredistu-rafaha\/","url":"https:\/\/odabrano.com\/index.php\/2024\/05\/28\/izraelski-tenkovi-videni-u-sredistu-rafaha\/","name":"Izraelski tenkovi vi\u0111eni u sredi\u0161tu Rafaha - odabrano","isPartOf":{"@id":"https:\/\/odabrano.com\/#website"},"datePublished":"2024-05-28T15:17:26+00:00","dateModified":"2024-05-28T15:17:28+00:00","breadcrumb":{"@id":"https:\/\/odabrano.com\/index.php\/2024\/05\/28\/izraelski-tenkovi-videni-u-sredistu-rafaha\/#breadcrumb"},"inLanguage":"en-US","potentialAction":[{"@type":"ReadAction","target":["https:\/\/odabrano.com\/index.php\/2024\/05\/28\/izraelski-tenkovi-videni-u-sredistu-rafaha\/"]}]},{"@type":"BreadcrumbList","@id":"https:\/\/odabrano.com\/index.php\/2024\/05\/28\/izraelski-tenkovi-videni-u-sredistu-rafaha\/#breadcrumb","itemListElement":[{"@type":"ListItem","position":1,"name":"Home","item":"https:\/\/odabrano.com\/"},{"@type":"ListItem","position":2,"name":"Izraelski tenkovi vi\u0111eni u sredi\u0161tu Rafaha"}]},{"@type":"WebSite","@id":"https:\/\/odabrano.com\/#website","url":"https:\/\/odabrano.com\/","name":"odabrano","description":"news portal koji nudi odabrane vijesti i informacije","publisher":{"@id":"https:\/\/odabrano.com\/#\/schema\/person\/460f2b14657879743f23c4f6a7cd3236"},"alternateName":"vijesti i informacije iz Hrvatske i svijeta","potentialAction":[{"@type":"SearchAction","target":{"@type":"EntryPoint","urlTemplate":"https:\/\/odabrano.com\/?s={search_term_string}"},"query-input":"required name=search_term_string"}],"inLanguage":"en-US"},{"@type":["Person","Organization"],"@id":"https:\/\/odabrano.com\/#\/schema\/person\/460f2b14657879743f23c4f6a7cd3236","name":"admin","image":{"@type":"ImageObject","inLanguage":"en-US","@id":"https:\/\/odabrano.com\/#\/schema\/person\/image\/","url":"https:\/\/odabrano.com\/wp-content\/uploads\/2024\/04\/dolar.jpg","contentUrl":"https:\/\/odabrano.com\/wp-content\/uploads\/2024\/04\/dolar.jpg","width":1216,"height":519,"caption":"admin"},"logo":{"@id":"https:\/\/odabrano.com\/#\/schema\/person\/image\/"},"sameAs":["http:\/\/odabrano.com"],"url":"https:\/\/odabrano.com\/index.php\/author\/sokolneno_u3xb387h\/"}]}},"_links":{"self":[{"href":"https:\/\/odabrano.com\/index.php\/wp-json\/wp\/v2\/posts\/3268","targetHints":{"allow":["GET"]}}],"collection":[{"href":"https:\/\/odabrano.com\/index.php\/wp-json\/wp\/v2\/posts"}],"about":[{"href":"https:\/\/odabrano.com\/index.php\/wp-json\/wp\/v2\/types\/post"}],"author":[{"embeddable":true,"href":"https:\/\/odabrano.com\/index.php\/wp-json\/wp\/v2\/users\/1"}],"replies":[{"embeddable":true,"href":"https:\/\/odabrano.com\/index.php\/wp-json\/wp\/v2\/comments?post=3268"}],"version-history":[{"count":1,"href":"https:\/\/odabrano.com\/index.php\/wp-json\/wp\/v2\/posts\/3268\/revisions"}],"predecessor-version":[{"id":3270,"href":"https:\/\/odabrano.com\/index.php\/wp-json\/wp\/v2\/posts\/3268\/revisions\/3270"}],"wp:featuredmedia":[{"embeddable":true,"href":"https:\/\/odabrano.com\/index.php\/wp-json\/wp\/v2\/media\/3269"}],"wp:attachment":[{"href":"https:\/\/odabrano.com\/index.php\/wp-json\/wp\/v2\/media?parent=3268"}],"wp:term":[{"taxonomy":"category","embeddable":true,"href":"https:\/\/odabrano.com\/index.php\/wp-json\/wp\/v2\/categories?post=3268"},{"taxonomy":"post_tag","embeddable":true,"href":"https:\/\/odabrano.com\/index.php\/wp-json\/wp\/v2\/tags?post=3268"}],"curies":[{"name":"wp","href":"https:\/\/api.w.org\/{rel}","templated":true}]}}