{"id":3250,"date":"2024-05-27T16:31:49","date_gmt":"2024-05-27T14:31:49","guid":{"rendered":"http:\/\/odabrano.com\/?p=3250"},"modified":"2024-05-27T16:31:50","modified_gmt":"2024-05-27T14:31:50","slug":"spanjolska-salje-ukrajini-vojnu-opremu-vrijednu-milijardu-eura","status":"publish","type":"post","link":"https:\/\/odabrano.com\/index.php\/2024\/05\/27\/spanjolska-salje-ukrajini-vojnu-opremu-vrijednu-milijardu-eura\/","title":{"rendered":"\u0160panjolska \u0161alje Ukrajini vojnu opremu vrijednu milijardu eura"},"content":{"rendered":"\n<p><strong>\u0160panjolska \u0107e tijekom ove godine dati Ukrajini vojnu opremu vrijednu milijardu eura, u sklopu bilateralnog sporazuma koji su u ponedjeljak u Madridu potpisali \u0161panjolski premijer Pedro Sanchez i ukrajinski predsjednik Volodomir Zelenski.<\/strong><\/p>\n\n\n\n<p>\u201cNajva\u017enije je brzo pomo\u0107i Ukrajini kako bi se obranila\u201d, izjavio je<strong>\u00a0Sanchez<\/strong>\u00a0na konferenciji za medije. \u201c\u017delimo poslati poruku Ukrajini, me\u0111unarodnoj zajednici i (ruskom predsjedniku) Putinu da \u0107emo biti uz Ukrajinu koliko je god potrebno kako bi osigurala slobodu, teritorijalni integritet i suverenost\u201d, dodao je.<\/p>\n\n\n\n<p>Zelenski je u ponedjeljak do\u0161ao u prvi posjet \u0160panjolskoj nakon \u0161to je prije 824 dana Rusija pokrenula invaziju na Ukrajinu. Ukrajinska vojska se suo\u010dava s ruskom ofenzivom u podru\u010dju isto\u010dne oblasti Harkiv pa<strong>\u00a0Zelenski<\/strong>\u00a0od zapadnih saveznika tra\u017ei dodatno naoru\u017eanje. Ukrajina istovremeno nastavlja s bombardiranjem u unutra\u0161njosti Rusije gdje je u ponedjeljak jedna osoba ubijena, a tri su ranjene.<\/p>\n\n\n\n<p>\u201cRusija nas \u017eeli uni\u0161titi\u201d, rekao je Zelenski i zahvalio \u0160panjolskoj na pomo\u0107i.<\/p>\n\n\n\n<p>\u0160panjolska je obe\u0107ala poslati desetak raketa za ameri\u010dke protuzra\u010dne sustave Patriot i 19 kori\u0161tenih tenkova njema\u010dke proizvodnje Leopard 2A4 te streljivo. Uz rakete ne\u0107e do\u0107i i cijeli sustavi, izvijestio je list El Pais, a Sanchez je rekao da nije mogu\u0107e da \u0160panjolska po\u0161alje Patriote, ali da ve\u0107 otprije \u0161alje rakete.<\/p>\n\n\n\n<p>\u201cDanas smo razgovarali o protuzra\u010dnim sustavima. \u0160panjolska nam ne mo\u017ee sama pomo\u0107i po tom pitanju, ali u svijetu je dovoljno takvih sustava\u201d, rekao je Zelenski.<\/p>\n\n\n\n<p>Ukrajinski predsjednik se u ponedjeljak susreo sa \u0161panjolskim Kraljem Felipeom VI., a tijekom dana \u0107e se susresti s predstavnicima \u0161panjolskog parlamenta i oporbe.<\/p>\n","protected":false},"excerpt":{"rendered":"<p>\u0160panjolska \u0107e tijekom ove godine dati Ukrajini vojnu opremu vrijednu milijardu eura, u sklopu bilateralnog sporazuma koji su u ponedjeljak u Madridu potpisali \u0161panjolski premijer Pedro Sanchez i ukrajinski predsjednik Volodomir Zelenski. \u201cNajva\u017enije je brzo pomo\u0107i Ukrajini kako bi se obranila\u201d, izjavio je\u00a0Sanchez\u00a0na konferenciji za medije. \u201c\u017delimo poslati poruku Ukrajini, me\u0111unarodnoj zajednici i (ruskom predsjedniku) &hellip;<\/p>\n","protected":false},"author":1,"featured_media":3251,"comment_status":"closed","ping_status":"open","sticky":false,"template":"","format":"standard","meta":{"_monsterinsights_skip_tracking":false,"_monsterinsights_sitenote_active":false,"_monsterinsights_sitenote_note":"","_monsterinsights_sitenote_category":0,"footnotes":""},"categories":[9],"tags":[98,676,17],"class_list":["post-3250","post","type-post","status-publish","format-standard","has-post-thumbnail","","category-svijet","tag-oruzje","tag-spanjolska","tag-ukrajina"],"yoast_head":"<!-- This site is optimized with the Yoast SEO plugin v22.1 - https:\/\/yoast.com\/wordpress\/plugins\/seo\/ -->\n<title>\u0160panjolska \u0161alje Ukrajini vojnu opremu vrijednu milijardu eura - odabrano<\/title>\n<meta name=\"robots\" content=\"index, follow, max-snippet:-1, max-image-preview:large, max-video-preview:-1\" \/>\n<link rel=\"canonical\" href=\"https:\/\/odabrano.com\/index.php\/2024\/05\/27\/spanjolska-salje-ukrajini-vojnu-opremu-vrijednu-milijardu-eura\/\" \/>\n<meta property=\"og:locale\" content=\"en_US\" \/>\n<meta property=\"og:type\" content=\"article\" \/>\n<meta property=\"og:title\" content=\"\u0160panjolska \u0161alje Ukrajini vojnu opremu vrijednu milijardu eura - odabrano\" \/>\n<meta property=\"og:description\" content=\"\u0160panjolska \u0107e tijekom ove godine dati Ukrajini vojnu opremu vrijednu milijardu eura, u sklopu bilateralnog sporazuma koji su u ponedjeljak u Madridu potpisali \u0161panjolski premijer Pedro Sanchez i ukrajinski predsjednik Volodomir Zelenski. \u201cNajva\u017enije je brzo pomo\u0107i Ukrajini kako bi se obranila\u201d, izjavio je\u00a0Sanchez\u00a0na konferenciji za medije. \u201c\u017delimo poslati poruku Ukrajini, me\u0111unarodnoj zajednici i (ruskom predsjedniku) &hellip;\" \/>\n<meta property=\"og:url\" content=\"https:\/\/odabrano.com\/index.php\/2024\/05\/27\/spanjolska-salje-ukrajini-vojnu-opremu-vrijednu-milijardu-eura\/\" \/>\n<meta property=\"og:site_name\" content=\"odabrano\" \/>\n<meta property=\"article:published_time\" content=\"2024-05-27T14:31:49+00:00\" \/>\n<meta property=\"article:modified_time\" content=\"2024-05-27T14:31:50+00:00\" \/>\n<meta property=\"og:image\" content=\"https:\/\/odabrano.com\/wp-content\/uploads\/2024\/05\/vbr.jpg\" \/>\n\t<meta property=\"og:image:width\" content=\"800\" \/>\n\t<meta property=\"og:image:height\" content=\"533\" \/>\n\t<meta property=\"og:image:type\" content=\"image\/jpeg\" \/>\n<meta name=\"author\" content=\"admin\" \/>\n<meta name=\"twitter:card\" content=\"summary_large_image\" \/>\n<meta name=\"twitter:label1\" content=\"Written by\" \/>\n\t<meta name=\"twitter:data1\" content=\"admin\" \/>\n\t<meta name=\"twitter:label2\" content=\"Est. reading time\" \/>\n\t<meta name=\"twitter:data2\" content=\"2 minutes\" \/>\n<script type=\"application\/ld+json\" class=\"yoast-schema-graph\">{\"@context\":\"https:\/\/schema.org\",\"@graph\":[{\"@type\":\"Article\",\"@id\":\"https:\/\/odabrano.com\/index.php\/2024\/05\/27\/spanjolska-salje-ukrajini-vojnu-opremu-vrijednu-milijardu-eura\/#article\",\"isPartOf\":{\"@id\":\"https:\/\/odabrano.com\/index.php\/2024\/05\/27\/spanjolska-salje-ukrajini-vojnu-opremu-vrijednu-milijardu-eura\/\"},\"author\":{\"name\":\"admin\",\"@id\":\"https:\/\/odabrano.com\/#\/schema\/person\/460f2b14657879743f23c4f6a7cd3236\"},\"headline\":\"\u0160panjolska \u0161alje Ukrajini vojnu opremu vrijednu milijardu eura\",\"datePublished\":\"2024-05-27T14:31:49+00:00\",\"dateModified\":\"2024-05-27T14:31:50+00:00\",\"mainEntityOfPage\":{\"@id\":\"https:\/\/odabrano.com\/index.php\/2024\/05\/27\/spanjolska-salje-ukrajini-vojnu-opremu-vrijednu-milijardu-eura\/\"},\"wordCount\":276,\"publisher\":{\"@id\":\"https:\/\/odabrano.com\/#\/schema\/person\/460f2b14657879743f23c4f6a7cd3236\"},\"keywords\":[\"oru\u017eje\",\"\u0161panjolska\",\"ukrajina\"],\"articleSection\":[\"Svijet\"],\"inLanguage\":\"en-US\"},{\"@type\":\"WebPage\",\"@id\":\"https:\/\/odabrano.com\/index.php\/2024\/05\/27\/spanjolska-salje-ukrajini-vojnu-opremu-vrijednu-milijardu-eura\/\",\"url\":\"https:\/\/odabrano.com\/index.php\/2024\/05\/27\/spanjolska-salje-ukrajini-vojnu-opremu-vrijednu-milijardu-eura\/\",\"name\":\"\u0160panjolska \u0161alje Ukrajini vojnu opremu vrijednu milijardu eura - odabrano\",\"isPartOf\":{\"@id\":\"https:\/\/odabrano.com\/#website\"},\"datePublished\":\"2024-05-27T14:31:49+00:00\",\"dateModified\":\"2024-05-27T14:31:50+00:00\",\"breadcrumb\":{\"@id\":\"https:\/\/odabrano.com\/index.php\/2024\/05\/27\/spanjolska-salje-ukrajini-vojnu-opremu-vrijednu-milijardu-eura\/#breadcrumb\"},\"inLanguage\":\"en-US\",\"potentialAction\":[{\"@type\":\"ReadAction\",\"target\":[\"https:\/\/odabrano.com\/index.php\/2024\/05\/27\/spanjolska-salje-ukrajini-vojnu-opremu-vrijednu-milijardu-eura\/\"]}]},{\"@type\":\"BreadcrumbList\",\"@id\":\"https:\/\/odabrano.com\/index.php\/2024\/05\/27\/spanjolska-salje-ukrajini-vojnu-opremu-vrijednu-milijardu-eura\/#breadcrumb\",\"itemListElement\":[{\"@type\":\"ListItem\",\"position\":1,\"name\":\"Home\",\"item\":\"https:\/\/odabrano.com\/\"},{\"@type\":\"ListItem\",\"position\":2,\"name\":\"\u0160panjolska \u0161alje Ukrajini vojnu opremu vrijednu milijardu eura\"}]},{\"@type\":\"WebSite\",\"@id\":\"https:\/\/odabrano.com\/#website\",\"url\":\"https:\/\/odabrano.com\/\",\"name\":\"odabrano\",\"description\":\"news portal koji nudi odabrane vijesti i informacije\",\"publisher\":{\"@id\":\"https:\/\/odabrano.com\/#\/schema\/person\/460f2b14657879743f23c4f6a7cd3236\"},\"alternateName\":\"vijesti i informacije iz Hrvatske i svijeta\",\"potentialAction\":[{\"@type\":\"SearchAction\",\"target\":{\"@type\":\"EntryPoint\",\"urlTemplate\":\"https:\/\/odabrano.com\/?s={search_term_string}\"},\"query-input\":\"required name=search_term_string\"}],\"inLanguage\":\"en-US\"},{\"@type\":[\"Person\",\"Organization\"],\"@id\":\"https:\/\/odabrano.com\/#\/schema\/person\/460f2b14657879743f23c4f6a7cd3236\",\"name\":\"admin\",\"image\":{\"@type\":\"ImageObject\",\"inLanguage\":\"en-US\",\"@id\":\"https:\/\/odabrano.com\/#\/schema\/person\/image\/\",\"url\":\"https:\/\/odabrano.com\/wp-content\/uploads\/2024\/04\/dolar.jpg\",\"contentUrl\":\"https:\/\/odabrano.com\/wp-content\/uploads\/2024\/04\/dolar.jpg\",\"width\":1216,\"height\":519,\"caption\":\"admin\"},\"logo\":{\"@id\":\"https:\/\/odabrano.com\/#\/schema\/person\/image\/\"},\"sameAs\":[\"http:\/\/odabrano.com\"],\"url\":\"https:\/\/odabrano.com\/index.php\/author\/sokolneno_u3xb387h\/\"}]}<\/script>\n<!-- \/ Yoast SEO plugin. -->","yoast_head_json":{"title":"\u0160panjolska \u0161alje Ukrajini vojnu opremu vrijednu milijardu eura - odabrano","robots":{"index":"index","follow":"follow","max-snippet":"max-snippet:-1","max-image-preview":"max-image-preview:large","max-video-preview":"max-video-preview:-1"},"canonical":"https:\/\/odabrano.com\/index.php\/2024\/05\/27\/spanjolska-salje-ukrajini-vojnu-opremu-vrijednu-milijardu-eura\/","og_locale":"en_US","og_type":"article","og_title":"\u0160panjolska \u0161alje Ukrajini vojnu opremu vrijednu milijardu eura - odabrano","og_description":"\u0160panjolska \u0107e tijekom ove godine dati Ukrajini vojnu opremu vrijednu milijardu eura, u sklopu bilateralnog sporazuma koji su u ponedjeljak u Madridu potpisali \u0161panjolski premijer Pedro Sanchez i ukrajinski predsjednik Volodomir Zelenski. \u201cNajva\u017enije je brzo pomo\u0107i Ukrajini kako bi se obranila\u201d, izjavio je\u00a0Sanchez\u00a0na konferenciji za medije. \u201c\u017delimo poslati poruku Ukrajini, me\u0111unarodnoj zajednici i (ruskom predsjedniku) &hellip;","og_url":"https:\/\/odabrano.com\/index.php\/2024\/05\/27\/spanjolska-salje-ukrajini-vojnu-opremu-vrijednu-milijardu-eura\/","og_site_name":"odabrano","article_published_time":"2024-05-27T14:31:49+00:00","article_modified_time":"2024-05-27T14:31:50+00:00","og_image":[{"width":800,"height":533,"url":"https:\/\/odabrano.com\/wp-content\/uploads\/2024\/05\/vbr.jpg","type":"image\/jpeg"}],"author":"admin","twitter_card":"summary_large_image","twitter_misc":{"Written by":"admin","Est. reading time":"2 minutes"},"schema":{"@context":"https:\/\/schema.org","@graph":[{"@type":"Article","@id":"https:\/\/odabrano.com\/index.php\/2024\/05\/27\/spanjolska-salje-ukrajini-vojnu-opremu-vrijednu-milijardu-eura\/#article","isPartOf":{"@id":"https:\/\/odabrano.com\/index.php\/2024\/05\/27\/spanjolska-salje-ukrajini-vojnu-opremu-vrijednu-milijardu-eura\/"},"author":{"name":"admin","@id":"https:\/\/odabrano.com\/#\/schema\/person\/460f2b14657879743f23c4f6a7cd3236"},"headline":"\u0160panjolska \u0161alje Ukrajini vojnu opremu vrijednu milijardu eura","datePublished":"2024-05-27T14:31:49+00:00","dateModified":"2024-05-27T14:31:50+00:00","mainEntityOfPage":{"@id":"https:\/\/odabrano.com\/index.php\/2024\/05\/27\/spanjolska-salje-ukrajini-vojnu-opremu-vrijednu-milijardu-eura\/"},"wordCount":276,"publisher":{"@id":"https:\/\/odabrano.com\/#\/schema\/person\/460f2b14657879743f23c4f6a7cd3236"},"keywords":["oru\u017eje","\u0161panjolska","ukrajina"],"articleSection":["Svijet"],"inLanguage":"en-US"},{"@type":"WebPage","@id":"https:\/\/odabrano.com\/index.php\/2024\/05\/27\/spanjolska-salje-ukrajini-vojnu-opremu-vrijednu-milijardu-eura\/","url":"https:\/\/odabrano.com\/index.php\/2024\/05\/27\/spanjolska-salje-ukrajini-vojnu-opremu-vrijednu-milijardu-eura\/","name":"\u0160panjolska \u0161alje Ukrajini vojnu opremu vrijednu milijardu eura - odabrano","isPartOf":{"@id":"https:\/\/odabrano.com\/#website"},"datePublished":"2024-05-27T14:31:49+00:00","dateModified":"2024-05-27T14:31:50+00:00","breadcrumb":{"@id":"https:\/\/odabrano.com\/index.php\/2024\/05\/27\/spanjolska-salje-ukrajini-vojnu-opremu-vrijednu-milijardu-eura\/#breadcrumb"},"inLanguage":"en-US","potentialAction":[{"@type":"ReadAction","target":["https:\/\/odabrano.com\/index.php\/2024\/05\/27\/spanjolska-salje-ukrajini-vojnu-opremu-vrijednu-milijardu-eura\/"]}]},{"@type":"BreadcrumbList","@id":"https:\/\/odabrano.com\/index.php\/2024\/05\/27\/spanjolska-salje-ukrajini-vojnu-opremu-vrijednu-milijardu-eura\/#breadcrumb","itemListElement":[{"@type":"ListItem","position":1,"name":"Home","item":"https:\/\/odabrano.com\/"},{"@type":"ListItem","position":2,"name":"\u0160panjolska \u0161alje Ukrajini vojnu opremu vrijednu milijardu eura"}]},{"@type":"WebSite","@id":"https:\/\/odabrano.com\/#website","url":"https:\/\/odabrano.com\/","name":"odabrano","description":"news portal koji nudi odabrane vijesti i informacije","publisher":{"@id":"https:\/\/odabrano.com\/#\/schema\/person\/460f2b14657879743f23c4f6a7cd3236"},"alternateName":"vijesti i informacije iz Hrvatske i svijeta","potentialAction":[{"@type":"SearchAction","target":{"@type":"EntryPoint","urlTemplate":"https:\/\/odabrano.com\/?s={search_term_string}"},"query-input":"required name=search_term_string"}],"inLanguage":"en-US"},{"@type":["Person","Organization"],"@id":"https:\/\/odabrano.com\/#\/schema\/person\/460f2b14657879743f23c4f6a7cd3236","name":"admin","image":{"@type":"ImageObject","inLanguage":"en-US","@id":"https:\/\/odabrano.com\/#\/schema\/person\/image\/","url":"https:\/\/odabrano.com\/wp-content\/uploads\/2024\/04\/dolar.jpg","contentUrl":"https:\/\/odabrano.com\/wp-content\/uploads\/2024\/04\/dolar.jpg","width":1216,"height":519,"caption":"admin"},"logo":{"@id":"https:\/\/odabrano.com\/#\/schema\/person\/image\/"},"sameAs":["http:\/\/odabrano.com"],"url":"https:\/\/odabrano.com\/index.php\/author\/sokolneno_u3xb387h\/"}]}},"_links":{"self":[{"href":"https:\/\/odabrano.com\/index.php\/wp-json\/wp\/v2\/posts\/3250","targetHints":{"allow":["GET"]}}],"collection":[{"href":"https:\/\/odabrano.com\/index.php\/wp-json\/wp\/v2\/posts"}],"about":[{"href":"https:\/\/odabrano.com\/index.php\/wp-json\/wp\/v2\/types\/post"}],"author":[{"embeddable":true,"href":"https:\/\/odabrano.com\/index.php\/wp-json\/wp\/v2\/users\/1"}],"replies":[{"embeddable":true,"href":"https:\/\/odabrano.com\/index.php\/wp-json\/wp\/v2\/comments?post=3250"}],"version-history":[{"count":1,"href":"https:\/\/odabrano.com\/index.php\/wp-json\/wp\/v2\/posts\/3250\/revisions"}],"predecessor-version":[{"id":3252,"href":"https:\/\/odabrano.com\/index.php\/wp-json\/wp\/v2\/posts\/3250\/revisions\/3252"}],"wp:featuredmedia":[{"embeddable":true,"href":"https:\/\/odabrano.com\/index.php\/wp-json\/wp\/v2\/media\/3251"}],"wp:attachment":[{"href":"https:\/\/odabrano.com\/index.php\/wp-json\/wp\/v2\/media?parent=3250"}],"wp:term":[{"taxonomy":"category","embeddable":true,"href":"https:\/\/odabrano.com\/index.php\/wp-json\/wp\/v2\/categories?post=3250"},{"taxonomy":"post_tag","embeddable":true,"href":"https:\/\/odabrano.com\/index.php\/wp-json\/wp\/v2\/tags?post=3250"}],"curies":[{"name":"wp","href":"https:\/\/api.w.org\/{rel}","templated":true}]}}