{"id":3247,"date":"2024-05-27T13:18:40","date_gmt":"2024-05-27T11:18:40","guid":{"rendered":"http:\/\/odabrano.com\/?p=3247"},"modified":"2024-05-27T13:18:41","modified_gmt":"2024-05-27T11:18:41","slug":"deseci-ubijenih-ili-ozlijedenih-u-izraelskom-napadu-na-rafah-nakon-raketnog-napada","status":"publish","type":"post","link":"https:\/\/odabrano.com\/index.php\/2024\/05\/27\/deseci-ubijenih-ili-ozlijedenih-u-izraelskom-napadu-na-rafah-nakon-raketnog-napada\/","title":{"rendered":"Deseci ubijenih ili ozlije\u0111enih u izraelskom napadu na Rafah nakon raketnog napada"},"content":{"rendered":"\n<p><strong>Deseci ljudi su ubijeni ili ozlije\u0111eni u eksploziji u izbjegli\u010dkom kampu u podru\u010dju Rafaha, priop\u0107ilo je ministarstvo zdravstva u Gazi koje vodi Hamas, prenosi u ponedjeljak BBC.<\/strong><\/p>\n\n\n\n<p>Videosnimke s mjesta doga\u0111aja u ju\u017enom pojasu Gaze pokazale su veliku eksploziju i intenzivne po\u017eare.<\/p>\n\n\n\n<p>Izraelske obrambene snage (IDF) priop\u0107ile su da su ga\u0111ale dvojicu visokih \u010delnika Hamasa u jednom od kompleksa skupine i da \u0107e pregledati izvje\u0161\u0107a o tome da se vatra pro\u0161irila na skloni\u0161ta ugroziv\u0161i civile.<\/p>\n\n\n\n<p>Udar je uslijedio nekoliko sati nakon \u0161to je Hamas ispalio osam raketa iz Rafaha prema Tel Avivu, \u0161to su prvi dalekometni napadi na grad od sije\u010dnja.<\/p>\n\n\n\n<p>U priop\u0107enju objavljenom nakon eksplozije u Gazi u nedjelju kasno nave\u010der, IDF je rekao da je \u201celiminirao\u201d dvije visoke osobe Hamasa \u2013&nbsp;<strong>Yasina Rabiju<\/strong>&nbsp;i&nbsp;<strong>Khaleda Nagara<\/strong>&nbsp;\u2013 u \u201cpreciznom\u201d zra\u010dnom napadu \u201cu sjeverozapadnom Rafahu\u201d.<\/p>\n\n\n\n<p>IDF je naveo da je militante Hamasa ga\u0111ao preciznim oru\u017ejem.<\/p>\n\n\n\n<p>Vlasti kojima upravlja Hamas objavile su da je 35 ljudi ubijeno i deseci ozlije\u0111eni u kampu za raseljene Palestince sjeverozapadno od Rafaha. Re\u010deno je da me\u0111u mrtvima ima \u017eena i djece.<\/p>\n\n\n\n<p>Broj poginulih vjerojatno \u0107e rasti jer se potraga i spa\u0161avanje nastavljaju u \u010detvrti Tal al-Sultan u Rafahu, oko 2 km sjeverozapadno od sredi\u0161ta grada, rekao je glasnogovornik Palestinskog dru\u0161tva Crvenog polumjeseca kojeg je citirala novinska agencija Associated Press.<\/p>\n\n\n\n<p>O\u010devidac je rekao novinskoj agenciji Reuters da je cijelo susjedstvo u Tal Al-Sultanu \u201cspaljeno\u201d.<\/p>\n\n\n\n<p>Drugi svjedok,&nbsp;<strong>Fadi Dukhan<\/strong>, opisao je kako je sjedio na vratima ku\u0107e kada je \u010duo eksploziju. \u201cOdjednom smo \u010duli zvuk projektila\u201d, rekao je za Reuters.<\/p>\n\n\n\n<p>\u201cPotr\u010dali smo ulicom prekrivenu dimom. Nismo ni\u0161ta vidjeli\u201d. U\u0161av\u0161i u jednu ku\u0107u unutra je zatekao raskomadana tijela djevojke i mladi\u0107a, kazao je.<\/p>\n\n\n\n<p>Ranije u nedjelju sirene za zra\u010dnu uzbunu oglasile su se oko Tel Aviva, a sredi\u0161nji Izrael na\u0161ao se pod napadom Hamasovih raketa ispaljenih iz blizine Rafe.<\/p>\n\n\n\n<p>Osam raketa presreli su sustavi protuzra\u010dne obrane ili su pale u polja.<\/p>\n\n\n\n<p>Izraelska vojna ofenziva u Rafi je nastavljena, unato\u010d presudi Me\u0111unarodnog suda pravde u petak da se mora zaustaviti.<\/p>\n","protected":false},"excerpt":{"rendered":"<p>Deseci ljudi su ubijeni ili ozlije\u0111eni u eksploziji u izbjegli\u010dkom kampu u podru\u010dju Rafaha, priop\u0107ilo je ministarstvo zdravstva u Gazi koje vodi Hamas, prenosi u ponedjeljak BBC. Videosnimke s mjesta doga\u0111aja u ju\u017enom pojasu Gaze pokazale su veliku eksploziju i intenzivne po\u017eare. Izraelske obrambene snage (IDF) priop\u0107ile su da su ga\u0111ale dvojicu visokih \u010delnika Hamasa &hellip;<\/p>\n","protected":false},"author":1,"featured_media":3248,"comment_status":"closed","ping_status":"open","sticky":false,"template":"","format":"standard","meta":{"_monsterinsights_skip_tracking":false,"_monsterinsights_sitenote_active":false,"_monsterinsights_sitenote_note":"","_monsterinsights_sitenote_category":0,"footnotes":""},"categories":[9],"tags":[75,129,540],"class_list":["post-3247","post","type-post","status-publish","format-standard","has-post-thumbnail","","category-svijet","tag-izrael","tag-napad","tag-rafah"],"yoast_head":"<!-- This site is optimized with the Yoast SEO plugin v22.1 - https:\/\/yoast.com\/wordpress\/plugins\/seo\/ -->\n<title>Deseci ubijenih ili ozlije\u0111enih u izraelskom napadu na Rafah nakon raketnog napada - odabrano<\/title>\n<meta name=\"robots\" content=\"index, follow, max-snippet:-1, max-image-preview:large, max-video-preview:-1\" \/>\n<link rel=\"canonical\" href=\"https:\/\/odabrano.com\/index.php\/2024\/05\/27\/deseci-ubijenih-ili-ozlijedenih-u-izraelskom-napadu-na-rafah-nakon-raketnog-napada\/\" \/>\n<meta property=\"og:locale\" content=\"en_US\" \/>\n<meta property=\"og:type\" content=\"article\" \/>\n<meta property=\"og:title\" content=\"Deseci ubijenih ili ozlije\u0111enih u izraelskom napadu na Rafah nakon raketnog napada - odabrano\" \/>\n<meta property=\"og:description\" content=\"Deseci ljudi su ubijeni ili ozlije\u0111eni u eksploziji u izbjegli\u010dkom kampu u podru\u010dju Rafaha, priop\u0107ilo je ministarstvo zdravstva u Gazi koje vodi Hamas, prenosi u ponedjeljak BBC. Videosnimke s mjesta doga\u0111aja u ju\u017enom pojasu Gaze pokazale su veliku eksploziju i intenzivne po\u017eare. Izraelske obrambene snage (IDF) priop\u0107ile su da su ga\u0111ale dvojicu visokih \u010delnika Hamasa &hellip;\" \/>\n<meta property=\"og:url\" content=\"https:\/\/odabrano.com\/index.php\/2024\/05\/27\/deseci-ubijenih-ili-ozlijedenih-u-izraelskom-napadu-na-rafah-nakon-raketnog-napada\/\" \/>\n<meta property=\"og:site_name\" content=\"odabrano\" \/>\n<meta property=\"article:published_time\" content=\"2024-05-27T11:18:40+00:00\" \/>\n<meta property=\"article:modified_time\" content=\"2024-05-27T11:18:41+00:00\" \/>\n<meta property=\"og:image\" content=\"https:\/\/odabrano.com\/wp-content\/uploads\/2024\/05\/rafah2.jpg\" \/>\n\t<meta property=\"og:image:width\" content=\"750\" \/>\n\t<meta property=\"og:image:height\" content=\"525\" \/>\n\t<meta property=\"og:image:type\" content=\"image\/jpeg\" \/>\n<meta name=\"author\" content=\"admin\" \/>\n<meta name=\"twitter:card\" content=\"summary_large_image\" \/>\n<meta name=\"twitter:label1\" content=\"Written by\" \/>\n\t<meta name=\"twitter:data1\" content=\"admin\" \/>\n\t<meta name=\"twitter:label2\" content=\"Est. reading time\" \/>\n\t<meta name=\"twitter:data2\" content=\"2 minutes\" \/>\n<script type=\"application\/ld+json\" class=\"yoast-schema-graph\">{\"@context\":\"https:\/\/schema.org\",\"@graph\":[{\"@type\":\"Article\",\"@id\":\"https:\/\/odabrano.com\/index.php\/2024\/05\/27\/deseci-ubijenih-ili-ozlijedenih-u-izraelskom-napadu-na-rafah-nakon-raketnog-napada\/#article\",\"isPartOf\":{\"@id\":\"https:\/\/odabrano.com\/index.php\/2024\/05\/27\/deseci-ubijenih-ili-ozlijedenih-u-izraelskom-napadu-na-rafah-nakon-raketnog-napada\/\"},\"author\":{\"name\":\"admin\",\"@id\":\"https:\/\/odabrano.com\/#\/schema\/person\/460f2b14657879743f23c4f6a7cd3236\"},\"headline\":\"Deseci ubijenih ili ozlije\u0111enih u izraelskom napadu na Rafah nakon raketnog napada\",\"datePublished\":\"2024-05-27T11:18:40+00:00\",\"dateModified\":\"2024-05-27T11:18:41+00:00\",\"mainEntityOfPage\":{\"@id\":\"https:\/\/odabrano.com\/index.php\/2024\/05\/27\/deseci-ubijenih-ili-ozlijedenih-u-izraelskom-napadu-na-rafah-nakon-raketnog-napada\/\"},\"wordCount\":384,\"publisher\":{\"@id\":\"https:\/\/odabrano.com\/#\/schema\/person\/460f2b14657879743f23c4f6a7cd3236\"},\"keywords\":[\"izrael\",\"napad\",\"rafah\"],\"articleSection\":[\"Svijet\"],\"inLanguage\":\"en-US\"},{\"@type\":\"WebPage\",\"@id\":\"https:\/\/odabrano.com\/index.php\/2024\/05\/27\/deseci-ubijenih-ili-ozlijedenih-u-izraelskom-napadu-na-rafah-nakon-raketnog-napada\/\",\"url\":\"https:\/\/odabrano.com\/index.php\/2024\/05\/27\/deseci-ubijenih-ili-ozlijedenih-u-izraelskom-napadu-na-rafah-nakon-raketnog-napada\/\",\"name\":\"Deseci ubijenih ili ozlije\u0111enih u izraelskom napadu na Rafah nakon raketnog napada - odabrano\",\"isPartOf\":{\"@id\":\"https:\/\/odabrano.com\/#website\"},\"datePublished\":\"2024-05-27T11:18:40+00:00\",\"dateModified\":\"2024-05-27T11:18:41+00:00\",\"breadcrumb\":{\"@id\":\"https:\/\/odabrano.com\/index.php\/2024\/05\/27\/deseci-ubijenih-ili-ozlijedenih-u-izraelskom-napadu-na-rafah-nakon-raketnog-napada\/#breadcrumb\"},\"inLanguage\":\"en-US\",\"potentialAction\":[{\"@type\":\"ReadAction\",\"target\":[\"https:\/\/odabrano.com\/index.php\/2024\/05\/27\/deseci-ubijenih-ili-ozlijedenih-u-izraelskom-napadu-na-rafah-nakon-raketnog-napada\/\"]}]},{\"@type\":\"BreadcrumbList\",\"@id\":\"https:\/\/odabrano.com\/index.php\/2024\/05\/27\/deseci-ubijenih-ili-ozlijedenih-u-izraelskom-napadu-na-rafah-nakon-raketnog-napada\/#breadcrumb\",\"itemListElement\":[{\"@type\":\"ListItem\",\"position\":1,\"name\":\"Home\",\"item\":\"https:\/\/odabrano.com\/\"},{\"@type\":\"ListItem\",\"position\":2,\"name\":\"Deseci ubijenih ili ozlije\u0111enih u izraelskom napadu na Rafah nakon raketnog napada\"}]},{\"@type\":\"WebSite\",\"@id\":\"https:\/\/odabrano.com\/#website\",\"url\":\"https:\/\/odabrano.com\/\",\"name\":\"odabrano\",\"description\":\"news portal koji nudi odabrane vijesti i informacije\",\"publisher\":{\"@id\":\"https:\/\/odabrano.com\/#\/schema\/person\/460f2b14657879743f23c4f6a7cd3236\"},\"alternateName\":\"vijesti i informacije iz Hrvatske i svijeta\",\"potentialAction\":[{\"@type\":\"SearchAction\",\"target\":{\"@type\":\"EntryPoint\",\"urlTemplate\":\"https:\/\/odabrano.com\/?s={search_term_string}\"},\"query-input\":\"required name=search_term_string\"}],\"inLanguage\":\"en-US\"},{\"@type\":[\"Person\",\"Organization\"],\"@id\":\"https:\/\/odabrano.com\/#\/schema\/person\/460f2b14657879743f23c4f6a7cd3236\",\"name\":\"admin\",\"image\":{\"@type\":\"ImageObject\",\"inLanguage\":\"en-US\",\"@id\":\"https:\/\/odabrano.com\/#\/schema\/person\/image\/\",\"url\":\"https:\/\/odabrano.com\/wp-content\/uploads\/2024\/04\/dolar.jpg\",\"contentUrl\":\"https:\/\/odabrano.com\/wp-content\/uploads\/2024\/04\/dolar.jpg\",\"width\":1216,\"height\":519,\"caption\":\"admin\"},\"logo\":{\"@id\":\"https:\/\/odabrano.com\/#\/schema\/person\/image\/\"},\"sameAs\":[\"http:\/\/odabrano.com\"],\"url\":\"https:\/\/odabrano.com\/index.php\/author\/sokolneno_u3xb387h\/\"}]}<\/script>\n<!-- \/ Yoast SEO plugin. -->","yoast_head_json":{"title":"Deseci ubijenih ili ozlije\u0111enih u izraelskom napadu na Rafah nakon raketnog napada - odabrano","robots":{"index":"index","follow":"follow","max-snippet":"max-snippet:-1","max-image-preview":"max-image-preview:large","max-video-preview":"max-video-preview:-1"},"canonical":"https:\/\/odabrano.com\/index.php\/2024\/05\/27\/deseci-ubijenih-ili-ozlijedenih-u-izraelskom-napadu-na-rafah-nakon-raketnog-napada\/","og_locale":"en_US","og_type":"article","og_title":"Deseci ubijenih ili ozlije\u0111enih u izraelskom napadu na Rafah nakon raketnog napada - odabrano","og_description":"Deseci ljudi su ubijeni ili ozlije\u0111eni u eksploziji u izbjegli\u010dkom kampu u podru\u010dju Rafaha, priop\u0107ilo je ministarstvo zdravstva u Gazi koje vodi Hamas, prenosi u ponedjeljak BBC. Videosnimke s mjesta doga\u0111aja u ju\u017enom pojasu Gaze pokazale su veliku eksploziju i intenzivne po\u017eare. Izraelske obrambene snage (IDF) priop\u0107ile su da su ga\u0111ale dvojicu visokih \u010delnika Hamasa &hellip;","og_url":"https:\/\/odabrano.com\/index.php\/2024\/05\/27\/deseci-ubijenih-ili-ozlijedenih-u-izraelskom-napadu-na-rafah-nakon-raketnog-napada\/","og_site_name":"odabrano","article_published_time":"2024-05-27T11:18:40+00:00","article_modified_time":"2024-05-27T11:18:41+00:00","og_image":[{"width":750,"height":525,"url":"https:\/\/odabrano.com\/wp-content\/uploads\/2024\/05\/rafah2.jpg","type":"image\/jpeg"}],"author":"admin","twitter_card":"summary_large_image","twitter_misc":{"Written by":"admin","Est. reading time":"2 minutes"},"schema":{"@context":"https:\/\/schema.org","@graph":[{"@type":"Article","@id":"https:\/\/odabrano.com\/index.php\/2024\/05\/27\/deseci-ubijenih-ili-ozlijedenih-u-izraelskom-napadu-na-rafah-nakon-raketnog-napada\/#article","isPartOf":{"@id":"https:\/\/odabrano.com\/index.php\/2024\/05\/27\/deseci-ubijenih-ili-ozlijedenih-u-izraelskom-napadu-na-rafah-nakon-raketnog-napada\/"},"author":{"name":"admin","@id":"https:\/\/odabrano.com\/#\/schema\/person\/460f2b14657879743f23c4f6a7cd3236"},"headline":"Deseci ubijenih ili ozlije\u0111enih u izraelskom napadu na Rafah nakon raketnog napada","datePublished":"2024-05-27T11:18:40+00:00","dateModified":"2024-05-27T11:18:41+00:00","mainEntityOfPage":{"@id":"https:\/\/odabrano.com\/index.php\/2024\/05\/27\/deseci-ubijenih-ili-ozlijedenih-u-izraelskom-napadu-na-rafah-nakon-raketnog-napada\/"},"wordCount":384,"publisher":{"@id":"https:\/\/odabrano.com\/#\/schema\/person\/460f2b14657879743f23c4f6a7cd3236"},"keywords":["izrael","napad","rafah"],"articleSection":["Svijet"],"inLanguage":"en-US"},{"@type":"WebPage","@id":"https:\/\/odabrano.com\/index.php\/2024\/05\/27\/deseci-ubijenih-ili-ozlijedenih-u-izraelskom-napadu-na-rafah-nakon-raketnog-napada\/","url":"https:\/\/odabrano.com\/index.php\/2024\/05\/27\/deseci-ubijenih-ili-ozlijedenih-u-izraelskom-napadu-na-rafah-nakon-raketnog-napada\/","name":"Deseci ubijenih ili ozlije\u0111enih u izraelskom napadu na Rafah nakon raketnog napada - odabrano","isPartOf":{"@id":"https:\/\/odabrano.com\/#website"},"datePublished":"2024-05-27T11:18:40+00:00","dateModified":"2024-05-27T11:18:41+00:00","breadcrumb":{"@id":"https:\/\/odabrano.com\/index.php\/2024\/05\/27\/deseci-ubijenih-ili-ozlijedenih-u-izraelskom-napadu-na-rafah-nakon-raketnog-napada\/#breadcrumb"},"inLanguage":"en-US","potentialAction":[{"@type":"ReadAction","target":["https:\/\/odabrano.com\/index.php\/2024\/05\/27\/deseci-ubijenih-ili-ozlijedenih-u-izraelskom-napadu-na-rafah-nakon-raketnog-napada\/"]}]},{"@type":"BreadcrumbList","@id":"https:\/\/odabrano.com\/index.php\/2024\/05\/27\/deseci-ubijenih-ili-ozlijedenih-u-izraelskom-napadu-na-rafah-nakon-raketnog-napada\/#breadcrumb","itemListElement":[{"@type":"ListItem","position":1,"name":"Home","item":"https:\/\/odabrano.com\/"},{"@type":"ListItem","position":2,"name":"Deseci ubijenih ili ozlije\u0111enih u izraelskom napadu na Rafah nakon raketnog napada"}]},{"@type":"WebSite","@id":"https:\/\/odabrano.com\/#website","url":"https:\/\/odabrano.com\/","name":"odabrano","description":"news portal koji nudi odabrane vijesti i informacije","publisher":{"@id":"https:\/\/odabrano.com\/#\/schema\/person\/460f2b14657879743f23c4f6a7cd3236"},"alternateName":"vijesti i informacije iz Hrvatske i svijeta","potentialAction":[{"@type":"SearchAction","target":{"@type":"EntryPoint","urlTemplate":"https:\/\/odabrano.com\/?s={search_term_string}"},"query-input":"required name=search_term_string"}],"inLanguage":"en-US"},{"@type":["Person","Organization"],"@id":"https:\/\/odabrano.com\/#\/schema\/person\/460f2b14657879743f23c4f6a7cd3236","name":"admin","image":{"@type":"ImageObject","inLanguage":"en-US","@id":"https:\/\/odabrano.com\/#\/schema\/person\/image\/","url":"https:\/\/odabrano.com\/wp-content\/uploads\/2024\/04\/dolar.jpg","contentUrl":"https:\/\/odabrano.com\/wp-content\/uploads\/2024\/04\/dolar.jpg","width":1216,"height":519,"caption":"admin"},"logo":{"@id":"https:\/\/odabrano.com\/#\/schema\/person\/image\/"},"sameAs":["http:\/\/odabrano.com"],"url":"https:\/\/odabrano.com\/index.php\/author\/sokolneno_u3xb387h\/"}]}},"_links":{"self":[{"href":"https:\/\/odabrano.com\/index.php\/wp-json\/wp\/v2\/posts\/3247","targetHints":{"allow":["GET"]}}],"collection":[{"href":"https:\/\/odabrano.com\/index.php\/wp-json\/wp\/v2\/posts"}],"about":[{"href":"https:\/\/odabrano.com\/index.php\/wp-json\/wp\/v2\/types\/post"}],"author":[{"embeddable":true,"href":"https:\/\/odabrano.com\/index.php\/wp-json\/wp\/v2\/users\/1"}],"replies":[{"embeddable":true,"href":"https:\/\/odabrano.com\/index.php\/wp-json\/wp\/v2\/comments?post=3247"}],"version-history":[{"count":1,"href":"https:\/\/odabrano.com\/index.php\/wp-json\/wp\/v2\/posts\/3247\/revisions"}],"predecessor-version":[{"id":3249,"href":"https:\/\/odabrano.com\/index.php\/wp-json\/wp\/v2\/posts\/3247\/revisions\/3249"}],"wp:featuredmedia":[{"embeddable":true,"href":"https:\/\/odabrano.com\/index.php\/wp-json\/wp\/v2\/media\/3248"}],"wp:attachment":[{"href":"https:\/\/odabrano.com\/index.php\/wp-json\/wp\/v2\/media?parent=3247"}],"wp:term":[{"taxonomy":"category","embeddable":true,"href":"https:\/\/odabrano.com\/index.php\/wp-json\/wp\/v2\/categories?post=3247"},{"taxonomy":"post_tag","embeddable":true,"href":"https:\/\/odabrano.com\/index.php\/wp-json\/wp\/v2\/tags?post=3247"}],"curies":[{"name":"wp","href":"https:\/\/api.w.org\/{rel}","templated":true}]}}