{"id":3118,"date":"2024-05-24T08:52:45","date_gmt":"2024-05-24T06:52:45","guid":{"rendered":"http:\/\/odabrano.com\/?p=3118"},"modified":"2024-05-24T08:52:46","modified_gmt":"2024-05-24T06:52:46","slug":"velika-vecina-europljana-zeli-snazniju-obranu-i-industriju-naoruzanja","status":"publish","type":"post","link":"https:\/\/odabrano.com\/index.php\/2024\/05\/24\/velika-vecina-europljana-zeli-snazniju-obranu-i-industriju-naoruzanja\/","title":{"rendered":"Velika ve\u0107ina Europljana \u017eeli sna\u017eniju obranu i industriju naoru\u017eanja"},"content":{"rendered":"\n<p><strong>Velika ve\u0107ina Europljana podr\u017eava zajedni\u010dku obrambenu i sigurnosnu politiku Europske unije te \u017eele da ona oja\u010da svoje kapacitete za proizvodnju naoru\u017eanja, pokazalo je istra\u017eivanje Eurobarometra u \u010detvrtak.\u00a0<\/strong><\/p>\n\n\n\n<p>Najvi\u0161e Europljana na prvo mjesto srednjoro\u010dno prioritetnih podru\u010dja djelovanja EU-a stavilo je sigurnost i obranu, njih 34 posto, a tek onda borbu protiv klimatskih promjena i za\u0161titu okoli\u0161a (30 posto), zdravlje (26 posto) te gospodarstvo i migracije (oboje po 25 posto), stoji u priop\u0107enju predstavni\u0161tva Europske komisije u Hrvatskoj.&nbsp;<\/p>\n\n\n\n<p>Istodobno, gotovo polovina (46 posto) svih gra\u0111ana smatra da \u0107e osiguravanje mira i stabilnosti kratkoro\u010dno imati najve\u0107i pozitivan u\u010dinak na njihov \u017eivot, vi\u0161e nego opskrba hranom, zdravlje i industrija (28 posto) ili otvaranje novih radnih mjesta i upravljanja migracijama (26 posto).&nbsp;<\/p>\n\n\n\n<p>Vi\u0161e od tri \u010detvrtine Europljana (77 posto) podr\u017eava zajedni\u010dku obrambenu i sigurnosnu politiku dr\u017eava \u010dlanica&nbsp;EU-a, a 71 posto sla\u017ee se da EU treba oja\u010dati svoje kapacitete za proizvodnju vojne opreme.<\/p>\n\n\n\n<p>Oko 69 posto gra\u0111ana EU-a \u017eeli zajedni\u010dku vanjsku politiku \u010dlanica, a vi\u0161e od dvije tre\u0107ine sla\u017ee se da je EU mjesto stabilnosti u turbulentnom svijetu (67 posto) te da EU ima dovoljno ovlasti i instrumenata za obranu gospodarskih interesa Europe u globalnom gospodarstvu (69 posto).<\/p>\n\n\n\n<p>Istra\u017eivanje Eurobarometra pokazalo je da 72 posto gra\u0111ana EU-a podupire gospodarske sankcije protiv ruske vlade, poduze\u0107a i pojedinaca, a njih 70 posto sla\u017ee se pru\u017eanjem financijske pomo\u0107i Ukrajini.&nbsp;<\/p>\n\n\n\n<p>Rat u Ukrajini smatra se jednim od dvaju najva\u017enijih pitanja s kojima se EU suo\u010dava, s ukupno 35 posto, \u0161to je sedam postotnih bodova vi\u0161e nego u studenome pro\u0161le godine.&nbsp;<\/p>\n\n\n\n<p>Istra\u017eivanje je provedeno od 3. do 28. travnja u 27 dr\u017eava \u010dlanica na 26 tisu\u0107a gra\u0111ana.&nbsp;<\/p>\n","protected":false},"excerpt":{"rendered":"<p>Velika ve\u0107ina Europljana podr\u017eava zajedni\u010dku obrambenu i sigurnosnu politiku Europske unije te \u017eele da ona oja\u010da svoje kapacitete za proizvodnju naoru\u017eanja, pokazalo je istra\u017eivanje Eurobarometra u \u010detvrtak.\u00a0 Najvi\u0161e Europljana na prvo mjesto srednjoro\u010dno prioritetnih podru\u010dja djelovanja EU-a stavilo je sigurnost i obranu, njih 34 posto, a tek onda borbu protiv klimatskih promjena i za\u0161titu okoli\u0161a &hellip;<\/p>\n","protected":false},"author":1,"featured_media":3119,"comment_status":"closed","ping_status":"open","sticky":false,"template":"","format":"standard","meta":{"_monsterinsights_skip_tracking":false,"_monsterinsights_sitenote_active":false,"_monsterinsights_sitenote_note":"","_monsterinsights_sitenote_category":0,"footnotes":""},"categories":[9],"tags":[301,661],"class_list":["post-3118","post","type-post","status-publish","format-standard","has-post-thumbnail","","category-svijet","tag-europa","tag-naoruzavanje"],"yoast_head":"<!-- This site is optimized with the Yoast SEO plugin v22.1 - https:\/\/yoast.com\/wordpress\/plugins\/seo\/ -->\n<title>Velika ve\u0107ina Europljana \u017eeli sna\u017eniju obranu i industriju naoru\u017eanja - odabrano<\/title>\n<meta name=\"robots\" content=\"index, follow, max-snippet:-1, max-image-preview:large, max-video-preview:-1\" \/>\n<link rel=\"canonical\" href=\"https:\/\/odabrano.com\/index.php\/2024\/05\/24\/velika-vecina-europljana-zeli-snazniju-obranu-i-industriju-naoruzanja\/\" \/>\n<meta property=\"og:locale\" content=\"en_US\" \/>\n<meta property=\"og:type\" content=\"article\" \/>\n<meta property=\"og:title\" content=\"Velika ve\u0107ina Europljana \u017eeli sna\u017eniju obranu i industriju naoru\u017eanja - odabrano\" \/>\n<meta property=\"og:description\" content=\"Velika ve\u0107ina Europljana podr\u017eava zajedni\u010dku obrambenu i sigurnosnu politiku Europske unije te \u017eele da ona oja\u010da svoje kapacitete za proizvodnju naoru\u017eanja, pokazalo je istra\u017eivanje Eurobarometra u \u010detvrtak.\u00a0 Najvi\u0161e Europljana na prvo mjesto srednjoro\u010dno prioritetnih podru\u010dja djelovanja EU-a stavilo je sigurnost i obranu, njih 34 posto, a tek onda borbu protiv klimatskih promjena i za\u0161titu okoli\u0161a &hellip;\" \/>\n<meta property=\"og:url\" content=\"https:\/\/odabrano.com\/index.php\/2024\/05\/24\/velika-vecina-europljana-zeli-snazniju-obranu-i-industriju-naoruzanja\/\" \/>\n<meta property=\"og:site_name\" content=\"odabrano\" \/>\n<meta property=\"article:published_time\" content=\"2024-05-24T06:52:45+00:00\" \/>\n<meta property=\"article:modified_time\" content=\"2024-05-24T06:52:46+00:00\" \/>\n<meta property=\"og:image\" content=\"https:\/\/odabrano.com\/wp-content\/uploads\/2024\/05\/tvornica.jpg\" \/>\n\t<meta property=\"og:image:width\" content=\"800\" \/>\n\t<meta property=\"og:image:height\" content=\"473\" \/>\n\t<meta property=\"og:image:type\" content=\"image\/jpeg\" \/>\n<meta name=\"author\" content=\"admin\" \/>\n<meta name=\"twitter:card\" content=\"summary_large_image\" \/>\n<meta name=\"twitter:label1\" content=\"Written by\" \/>\n\t<meta name=\"twitter:data1\" content=\"admin\" \/>\n\t<meta name=\"twitter:label2\" content=\"Est. reading time\" \/>\n\t<meta name=\"twitter:data2\" content=\"2 minutes\" \/>\n<script type=\"application\/ld+json\" class=\"yoast-schema-graph\">{\"@context\":\"https:\/\/schema.org\",\"@graph\":[{\"@type\":\"Article\",\"@id\":\"https:\/\/odabrano.com\/index.php\/2024\/05\/24\/velika-vecina-europljana-zeli-snazniju-obranu-i-industriju-naoruzanja\/#article\",\"isPartOf\":{\"@id\":\"https:\/\/odabrano.com\/index.php\/2024\/05\/24\/velika-vecina-europljana-zeli-snazniju-obranu-i-industriju-naoruzanja\/\"},\"author\":{\"name\":\"admin\",\"@id\":\"https:\/\/odabrano.com\/#\/schema\/person\/460f2b14657879743f23c4f6a7cd3236\"},\"headline\":\"Velika ve\u0107ina Europljana \u017eeli sna\u017eniju obranu i industriju naoru\u017eanja\",\"datePublished\":\"2024-05-24T06:52:45+00:00\",\"dateModified\":\"2024-05-24T06:52:46+00:00\",\"mainEntityOfPage\":{\"@id\":\"https:\/\/odabrano.com\/index.php\/2024\/05\/24\/velika-vecina-europljana-zeli-snazniju-obranu-i-industriju-naoruzanja\/\"},\"wordCount\":309,\"publisher\":{\"@id\":\"https:\/\/odabrano.com\/#\/schema\/person\/460f2b14657879743f23c4f6a7cd3236\"},\"keywords\":[\"europa\",\"naoru\u017eavanje\"],\"articleSection\":[\"Svijet\"],\"inLanguage\":\"en-US\"},{\"@type\":\"WebPage\",\"@id\":\"https:\/\/odabrano.com\/index.php\/2024\/05\/24\/velika-vecina-europljana-zeli-snazniju-obranu-i-industriju-naoruzanja\/\",\"url\":\"https:\/\/odabrano.com\/index.php\/2024\/05\/24\/velika-vecina-europljana-zeli-snazniju-obranu-i-industriju-naoruzanja\/\",\"name\":\"Velika ve\u0107ina Europljana \u017eeli sna\u017eniju obranu i industriju naoru\u017eanja - odabrano\",\"isPartOf\":{\"@id\":\"https:\/\/odabrano.com\/#website\"},\"datePublished\":\"2024-05-24T06:52:45+00:00\",\"dateModified\":\"2024-05-24T06:52:46+00:00\",\"breadcrumb\":{\"@id\":\"https:\/\/odabrano.com\/index.php\/2024\/05\/24\/velika-vecina-europljana-zeli-snazniju-obranu-i-industriju-naoruzanja\/#breadcrumb\"},\"inLanguage\":\"en-US\",\"potentialAction\":[{\"@type\":\"ReadAction\",\"target\":[\"https:\/\/odabrano.com\/index.php\/2024\/05\/24\/velika-vecina-europljana-zeli-snazniju-obranu-i-industriju-naoruzanja\/\"]}]},{\"@type\":\"BreadcrumbList\",\"@id\":\"https:\/\/odabrano.com\/index.php\/2024\/05\/24\/velika-vecina-europljana-zeli-snazniju-obranu-i-industriju-naoruzanja\/#breadcrumb\",\"itemListElement\":[{\"@type\":\"ListItem\",\"position\":1,\"name\":\"Home\",\"item\":\"https:\/\/odabrano.com\/\"},{\"@type\":\"ListItem\",\"position\":2,\"name\":\"Velika ve\u0107ina Europljana \u017eeli sna\u017eniju obranu i industriju naoru\u017eanja\"}]},{\"@type\":\"WebSite\",\"@id\":\"https:\/\/odabrano.com\/#website\",\"url\":\"https:\/\/odabrano.com\/\",\"name\":\"odabrano\",\"description\":\"news portal koji nudi odabrane vijesti i informacije\",\"publisher\":{\"@id\":\"https:\/\/odabrano.com\/#\/schema\/person\/460f2b14657879743f23c4f6a7cd3236\"},\"alternateName\":\"vijesti i informacije iz Hrvatske i svijeta\",\"potentialAction\":[{\"@type\":\"SearchAction\",\"target\":{\"@type\":\"EntryPoint\",\"urlTemplate\":\"https:\/\/odabrano.com\/?s={search_term_string}\"},\"query-input\":\"required name=search_term_string\"}],\"inLanguage\":\"en-US\"},{\"@type\":[\"Person\",\"Organization\"],\"@id\":\"https:\/\/odabrano.com\/#\/schema\/person\/460f2b14657879743f23c4f6a7cd3236\",\"name\":\"admin\",\"image\":{\"@type\":\"ImageObject\",\"inLanguage\":\"en-US\",\"@id\":\"https:\/\/odabrano.com\/#\/schema\/person\/image\/\",\"url\":\"https:\/\/odabrano.com\/wp-content\/uploads\/2024\/04\/dolar.jpg\",\"contentUrl\":\"https:\/\/odabrano.com\/wp-content\/uploads\/2024\/04\/dolar.jpg\",\"width\":1216,\"height\":519,\"caption\":\"admin\"},\"logo\":{\"@id\":\"https:\/\/odabrano.com\/#\/schema\/person\/image\/\"},\"sameAs\":[\"http:\/\/odabrano.com\"],\"url\":\"https:\/\/odabrano.com\/index.php\/author\/sokolneno_u3xb387h\/\"}]}<\/script>\n<!-- \/ Yoast SEO plugin. -->","yoast_head_json":{"title":"Velika ve\u0107ina Europljana \u017eeli sna\u017eniju obranu i industriju naoru\u017eanja - odabrano","robots":{"index":"index","follow":"follow","max-snippet":"max-snippet:-1","max-image-preview":"max-image-preview:large","max-video-preview":"max-video-preview:-1"},"canonical":"https:\/\/odabrano.com\/index.php\/2024\/05\/24\/velika-vecina-europljana-zeli-snazniju-obranu-i-industriju-naoruzanja\/","og_locale":"en_US","og_type":"article","og_title":"Velika ve\u0107ina Europljana \u017eeli sna\u017eniju obranu i industriju naoru\u017eanja - odabrano","og_description":"Velika ve\u0107ina Europljana podr\u017eava zajedni\u010dku obrambenu i sigurnosnu politiku Europske unije te \u017eele da ona oja\u010da svoje kapacitete za proizvodnju naoru\u017eanja, pokazalo je istra\u017eivanje Eurobarometra u \u010detvrtak.\u00a0 Najvi\u0161e Europljana na prvo mjesto srednjoro\u010dno prioritetnih podru\u010dja djelovanja EU-a stavilo je sigurnost i obranu, njih 34 posto, a tek onda borbu protiv klimatskih promjena i za\u0161titu okoli\u0161a &hellip;","og_url":"https:\/\/odabrano.com\/index.php\/2024\/05\/24\/velika-vecina-europljana-zeli-snazniju-obranu-i-industriju-naoruzanja\/","og_site_name":"odabrano","article_published_time":"2024-05-24T06:52:45+00:00","article_modified_time":"2024-05-24T06:52:46+00:00","og_image":[{"width":800,"height":473,"url":"https:\/\/odabrano.com\/wp-content\/uploads\/2024\/05\/tvornica.jpg","type":"image\/jpeg"}],"author":"admin","twitter_card":"summary_large_image","twitter_misc":{"Written by":"admin","Est. reading time":"2 minutes"},"schema":{"@context":"https:\/\/schema.org","@graph":[{"@type":"Article","@id":"https:\/\/odabrano.com\/index.php\/2024\/05\/24\/velika-vecina-europljana-zeli-snazniju-obranu-i-industriju-naoruzanja\/#article","isPartOf":{"@id":"https:\/\/odabrano.com\/index.php\/2024\/05\/24\/velika-vecina-europljana-zeli-snazniju-obranu-i-industriju-naoruzanja\/"},"author":{"name":"admin","@id":"https:\/\/odabrano.com\/#\/schema\/person\/460f2b14657879743f23c4f6a7cd3236"},"headline":"Velika ve\u0107ina Europljana \u017eeli sna\u017eniju obranu i industriju naoru\u017eanja","datePublished":"2024-05-24T06:52:45+00:00","dateModified":"2024-05-24T06:52:46+00:00","mainEntityOfPage":{"@id":"https:\/\/odabrano.com\/index.php\/2024\/05\/24\/velika-vecina-europljana-zeli-snazniju-obranu-i-industriju-naoruzanja\/"},"wordCount":309,"publisher":{"@id":"https:\/\/odabrano.com\/#\/schema\/person\/460f2b14657879743f23c4f6a7cd3236"},"keywords":["europa","naoru\u017eavanje"],"articleSection":["Svijet"],"inLanguage":"en-US"},{"@type":"WebPage","@id":"https:\/\/odabrano.com\/index.php\/2024\/05\/24\/velika-vecina-europljana-zeli-snazniju-obranu-i-industriju-naoruzanja\/","url":"https:\/\/odabrano.com\/index.php\/2024\/05\/24\/velika-vecina-europljana-zeli-snazniju-obranu-i-industriju-naoruzanja\/","name":"Velika ve\u0107ina Europljana \u017eeli sna\u017eniju obranu i industriju naoru\u017eanja - odabrano","isPartOf":{"@id":"https:\/\/odabrano.com\/#website"},"datePublished":"2024-05-24T06:52:45+00:00","dateModified":"2024-05-24T06:52:46+00:00","breadcrumb":{"@id":"https:\/\/odabrano.com\/index.php\/2024\/05\/24\/velika-vecina-europljana-zeli-snazniju-obranu-i-industriju-naoruzanja\/#breadcrumb"},"inLanguage":"en-US","potentialAction":[{"@type":"ReadAction","target":["https:\/\/odabrano.com\/index.php\/2024\/05\/24\/velika-vecina-europljana-zeli-snazniju-obranu-i-industriju-naoruzanja\/"]}]},{"@type":"BreadcrumbList","@id":"https:\/\/odabrano.com\/index.php\/2024\/05\/24\/velika-vecina-europljana-zeli-snazniju-obranu-i-industriju-naoruzanja\/#breadcrumb","itemListElement":[{"@type":"ListItem","position":1,"name":"Home","item":"https:\/\/odabrano.com\/"},{"@type":"ListItem","position":2,"name":"Velika ve\u0107ina Europljana \u017eeli sna\u017eniju obranu i industriju naoru\u017eanja"}]},{"@type":"WebSite","@id":"https:\/\/odabrano.com\/#website","url":"https:\/\/odabrano.com\/","name":"odabrano","description":"news portal koji nudi odabrane vijesti i informacije","publisher":{"@id":"https:\/\/odabrano.com\/#\/schema\/person\/460f2b14657879743f23c4f6a7cd3236"},"alternateName":"vijesti i informacije iz Hrvatske i svijeta","potentialAction":[{"@type":"SearchAction","target":{"@type":"EntryPoint","urlTemplate":"https:\/\/odabrano.com\/?s={search_term_string}"},"query-input":"required name=search_term_string"}],"inLanguage":"en-US"},{"@type":["Person","Organization"],"@id":"https:\/\/odabrano.com\/#\/schema\/person\/460f2b14657879743f23c4f6a7cd3236","name":"admin","image":{"@type":"ImageObject","inLanguage":"en-US","@id":"https:\/\/odabrano.com\/#\/schema\/person\/image\/","url":"https:\/\/odabrano.com\/wp-content\/uploads\/2024\/04\/dolar.jpg","contentUrl":"https:\/\/odabrano.com\/wp-content\/uploads\/2024\/04\/dolar.jpg","width":1216,"height":519,"caption":"admin"},"logo":{"@id":"https:\/\/odabrano.com\/#\/schema\/person\/image\/"},"sameAs":["http:\/\/odabrano.com"],"url":"https:\/\/odabrano.com\/index.php\/author\/sokolneno_u3xb387h\/"}]}},"_links":{"self":[{"href":"https:\/\/odabrano.com\/index.php\/wp-json\/wp\/v2\/posts\/3118","targetHints":{"allow":["GET"]}}],"collection":[{"href":"https:\/\/odabrano.com\/index.php\/wp-json\/wp\/v2\/posts"}],"about":[{"href":"https:\/\/odabrano.com\/index.php\/wp-json\/wp\/v2\/types\/post"}],"author":[{"embeddable":true,"href":"https:\/\/odabrano.com\/index.php\/wp-json\/wp\/v2\/users\/1"}],"replies":[{"embeddable":true,"href":"https:\/\/odabrano.com\/index.php\/wp-json\/wp\/v2\/comments?post=3118"}],"version-history":[{"count":1,"href":"https:\/\/odabrano.com\/index.php\/wp-json\/wp\/v2\/posts\/3118\/revisions"}],"predecessor-version":[{"id":3120,"href":"https:\/\/odabrano.com\/index.php\/wp-json\/wp\/v2\/posts\/3118\/revisions\/3120"}],"wp:featuredmedia":[{"embeddable":true,"href":"https:\/\/odabrano.com\/index.php\/wp-json\/wp\/v2\/media\/3119"}],"wp:attachment":[{"href":"https:\/\/odabrano.com\/index.php\/wp-json\/wp\/v2\/media?parent=3118"}],"wp:term":[{"taxonomy":"category","embeddable":true,"href":"https:\/\/odabrano.com\/index.php\/wp-json\/wp\/v2\/categories?post=3118"},{"taxonomy":"post_tag","embeddable":true,"href":"https:\/\/odabrano.com\/index.php\/wp-json\/wp\/v2\/tags?post=3118"}],"curies":[{"name":"wp","href":"https:\/\/api.w.org\/{rel}","templated":true}]}}