{"id":297,"date":"2024-03-08T20:15:12","date_gmt":"2024-03-08T20:15:12","guid":{"rendered":"http:\/\/odabrano.com\/?p=297"},"modified":"2024-03-08T20:15:14","modified_gmt":"2024-03-08T20:15:14","slug":"najmanje-287-skolske-djece-oteli-su-naoruzani-napadaci-na-sjeverozapadu-nigerije","status":"publish","type":"post","link":"https:\/\/odabrano.com\/index.php\/2024\/03\/08\/najmanje-287-skolske-djece-oteli-su-naoruzani-napadaci-na-sjeverozapadu-nigerije\/","title":{"rendered":"Najmanje 287 \u0161kolske djece oteli su naoru\u017eani napada\u010di na sjeverozapadu Nigerije"},"content":{"rendered":"\n<p>Najmanje 287 \u0161kolske djece, od kojih neka imaju samo osam godina, dr\u017ee naoru\u017eani napada\u010di koji su upali u njihovu \u0161kolu u nigerijskoj sjeverozapadnoj dr\u017eavi Kaduna rano u \u010detvrtak, rekao je policijski glasnogovornik za CNN u petak.<\/p>\n\n\n\n<p>Vi\u0161e od 300 u\u010denika oteli su u \u010detvrtak rano ujutro naoru\u017eani banditi na motociklima koji su upali u osnovnu i srednju \u0161kolu LEA u selu Kuriga u okrugu Chikun u Kaduni, rekao je glasnogovornik dr\u017eavne policije Mansur Hassan.<\/p>\n\n\n\n<p>Neki od u\u010denika su spa\u0161eni, ali njih 287 ostaje s otmi\u010darima, rekao je Hassan.<\/p>\n\n\n\n<p>\u201cU\u010denici su oteli iz \u0161kolskih prostorija u \u010detvrtak ujutro oko 8:00 sati (po lokalnom vremenu). Otprilike 287 u\u010denika jo\u0161 uvijek je u rukama bandita, 100 iz osnovne i 187 iz srednje \u0161kole,\u201d rekao je Hassan, dodaju\u0107i da je \u201cpreko 300 u\u010denika prvotno oteto, ali neki su spa\u0161eni\u201d.<\/p>\n\n\n\n<p>Ranije je Reuters izvijestio da je 227 djece oteto, pozivaju\u0107i se na u\u010diteljicu, lokalnog vije\u0107nika i roditelje nestale djece. Nekoliko drugih izvje\u0161\u0107a, uklju\u010duju\u0107i Washington Post i lokalni izvje\u0161taj 287, citiraju\u0107i ravnatelja \u0161kole.<\/p>\n\n\n\n<p>Guverner dr\u017eave Kaduna Uba Sani rekao je u izjavi <a href=\"https:\/\/translate.google.com\/website?sl=en&amp;tl=hr&amp;hl=en-US&amp;client=webapp&amp;u=https:\/\/twitter.com\/ubasanius\/status\/1765848453307867570?s%3D46%26t%3DXi60M7cOsI_TtsncXExVhA\" target=\"_blank\" rel=\"noreferrer noopener\">u<\/a> \u010detvrtak da njegova vlada &#8220;\u010dini sve \u0161to je mogu\u0107e kako bi osigurala siguran povratak u\u010denika i studenata&#8221; koji su oteti.<\/p>\n\n\n\n<p>Sani je tako\u0111er rekao da je \u010dlan zajednice koji se suo\u010dio s otmi\u010darima tijekom napada ubijen, dodaju\u0107i da su predsjednik Nigerije i savjetnik za nacionalnu sigurnost bili svjesni situacije, te da \u0107e se u Kurigi uspostaviti Odbor za sigurnost i vojna baza za ja\u010danje sigurnost u tom podru\u010dju.<\/p>\n\n\n\n<p>Dr\u017eava Kaduna, koja na jugozapadu grani\u010di s glavnim gradom Nigerije Abujom, borila se s ponavljaju\u0107im incidentima otmica za otkupninu od strane razbojnika i svjedo\u010dila je nekoliko masovnih otmica posljednjih godina, uklju\u010duju\u0107i okrug u kojem se nalazi osnovna i srednja \u0161kola LEA.<\/p>\n\n\n\n<p>U 2021. najmanje 140 u\u010denika oteli su naoru\u017eani ljudi iz privatne srednje \u0161kole. Incident se dogodio samo nekoliko mjeseci nakon \u0161to su oko 20 studenata privatnog sveu\u010dili\u0161ta u selu Kasarami u Chikunu oteli naoru\u017eani napada\u010di, od kojih je pet ubijeno nakon \u0161to nije ispunjen rok za otkupninu, rekli su tada \u010dlanovi obitelji za CNN.<\/p>\n\n\n\n<p>Ured Amnesty Internationala u Nigeriji <a href=\"https:\/\/translate.google.com\/website?sl=en&amp;tl=hr&amp;hl=en-US&amp;client=webapp&amp;u=https:\/\/twitter.com\/AmnestyNigeria\/status\/1765752017379598473\" target=\"_blank\" rel=\"noreferrer noopener\">osudio je otmicu<\/a> , apeliraju\u0107i na vlasti da poduzmu hitne mjere &#8220;kako bi sprije\u010dili napade na \u0161kole, za\u0161titili \u017eivote djece i njihovo pravo na obrazovanje&#8221;.<\/p>\n","protected":false},"excerpt":{"rendered":"<p>Najmanje 287 \u0161kolske djece, od kojih neka imaju samo osam godina, dr\u017ee naoru\u017eani napada\u010di koji su upali u njihovu \u0161kolu u nigerijskoj sjeverozapadnoj dr\u017eavi Kaduna rano u \u010detvrtak, rekao je policijski glasnogovornik za CNN u petak. Vi\u0161e od 300 u\u010denika oteli su u \u010detvrtak rano ujutro naoru\u017eani banditi na motociklima koji su upali u osnovnu &hellip;<\/p>\n","protected":false},"author":1,"featured_media":298,"comment_status":"closed","ping_status":"open","sticky":false,"template":"","format":"standard","meta":{"_monsterinsights_skip_tracking":false,"_monsterinsights_sitenote_active":false,"_monsterinsights_sitenote_note":"","_monsterinsights_sitenote_category":0,"footnotes":""},"categories":[9],"tags":[80,81],"class_list":["post-297","post","type-post","status-publish","format-standard","has-post-thumbnail","","category-svijet","tag-nigerija","tag-oteta-djeca"],"yoast_head":"<!-- This site is optimized with the Yoast SEO plugin v22.1 - https:\/\/yoast.com\/wordpress\/plugins\/seo\/ -->\n<title>Najmanje 287 \u0161kolske djece oteli su naoru\u017eani napada\u010di na sjeverozapadu Nigerije - odabrano<\/title>\n<meta name=\"robots\" content=\"index, follow, max-snippet:-1, max-image-preview:large, max-video-preview:-1\" \/>\n<link rel=\"canonical\" href=\"https:\/\/odabrano.com\/index.php\/2024\/03\/08\/najmanje-287-skolske-djece-oteli-su-naoruzani-napadaci-na-sjeverozapadu-nigerije\/\" \/>\n<meta property=\"og:locale\" content=\"en_US\" \/>\n<meta property=\"og:type\" content=\"article\" \/>\n<meta property=\"og:title\" content=\"Najmanje 287 \u0161kolske djece oteli su naoru\u017eani napada\u010di na sjeverozapadu Nigerije - odabrano\" \/>\n<meta property=\"og:description\" content=\"Najmanje 287 \u0161kolske djece, od kojih neka imaju samo osam godina, dr\u017ee naoru\u017eani napada\u010di koji su upali u njihovu \u0161kolu u nigerijskoj sjeverozapadnoj dr\u017eavi Kaduna rano u \u010detvrtak, rekao je policijski glasnogovornik za CNN u petak. Vi\u0161e od 300 u\u010denika oteli su u \u010detvrtak rano ujutro naoru\u017eani banditi na motociklima koji su upali u osnovnu &hellip;\" \/>\n<meta property=\"og:url\" content=\"https:\/\/odabrano.com\/index.php\/2024\/03\/08\/najmanje-287-skolske-djece-oteli-su-naoruzani-napadaci-na-sjeverozapadu-nigerije\/\" \/>\n<meta property=\"og:site_name\" content=\"odabrano\" \/>\n<meta property=\"article:published_time\" content=\"2024-03-08T20:15:12+00:00\" \/>\n<meta property=\"article:modified_time\" content=\"2024-03-08T20:15:14+00:00\" \/>\n<meta property=\"og:image\" content=\"https:\/\/odabrano.com\/wp-content\/uploads\/2024\/03\/nigeria.jpg\" \/>\n\t<meta property=\"og:image:width\" content=\"898\" \/>\n\t<meta property=\"og:image:height\" content=\"505\" \/>\n\t<meta property=\"og:image:type\" content=\"image\/jpeg\" \/>\n<meta name=\"author\" content=\"admin\" \/>\n<meta name=\"twitter:card\" content=\"summary_large_image\" \/>\n<meta name=\"twitter:label1\" content=\"Written by\" \/>\n\t<meta name=\"twitter:data1\" content=\"admin\" \/>\n\t<meta name=\"twitter:label2\" content=\"Est. reading time\" \/>\n\t<meta name=\"twitter:data2\" content=\"2 minutes\" \/>\n<script type=\"application\/ld+json\" class=\"yoast-schema-graph\">{\"@context\":\"https:\/\/schema.org\",\"@graph\":[{\"@type\":\"Article\",\"@id\":\"https:\/\/odabrano.com\/index.php\/2024\/03\/08\/najmanje-287-skolske-djece-oteli-su-naoruzani-napadaci-na-sjeverozapadu-nigerije\/#article\",\"isPartOf\":{\"@id\":\"https:\/\/odabrano.com\/index.php\/2024\/03\/08\/najmanje-287-skolske-djece-oteli-su-naoruzani-napadaci-na-sjeverozapadu-nigerije\/\"},\"author\":{\"name\":\"admin\",\"@id\":\"https:\/\/odabrano.com\/#\/schema\/person\/460f2b14657879743f23c4f6a7cd3236\"},\"headline\":\"Najmanje 287 \u0161kolske djece oteli su naoru\u017eani napada\u010di na sjeverozapadu Nigerije\",\"datePublished\":\"2024-03-08T20:15:12+00:00\",\"dateModified\":\"2024-03-08T20:15:14+00:00\",\"mainEntityOfPage\":{\"@id\":\"https:\/\/odabrano.com\/index.php\/2024\/03\/08\/najmanje-287-skolske-djece-oteli-su-naoruzani-napadaci-na-sjeverozapadu-nigerije\/\"},\"wordCount\":416,\"publisher\":{\"@id\":\"https:\/\/odabrano.com\/#\/schema\/person\/460f2b14657879743f23c4f6a7cd3236\"},\"keywords\":[\"nigerija\",\"oteta djeca\"],\"articleSection\":[\"Svijet\"],\"inLanguage\":\"en-US\"},{\"@type\":\"WebPage\",\"@id\":\"https:\/\/odabrano.com\/index.php\/2024\/03\/08\/najmanje-287-skolske-djece-oteli-su-naoruzani-napadaci-na-sjeverozapadu-nigerije\/\",\"url\":\"https:\/\/odabrano.com\/index.php\/2024\/03\/08\/najmanje-287-skolske-djece-oteli-su-naoruzani-napadaci-na-sjeverozapadu-nigerije\/\",\"name\":\"Najmanje 287 \u0161kolske djece oteli su naoru\u017eani napada\u010di na sjeverozapadu Nigerije - odabrano\",\"isPartOf\":{\"@id\":\"https:\/\/odabrano.com\/#website\"},\"datePublished\":\"2024-03-08T20:15:12+00:00\",\"dateModified\":\"2024-03-08T20:15:14+00:00\",\"breadcrumb\":{\"@id\":\"https:\/\/odabrano.com\/index.php\/2024\/03\/08\/najmanje-287-skolske-djece-oteli-su-naoruzani-napadaci-na-sjeverozapadu-nigerije\/#breadcrumb\"},\"inLanguage\":\"en-US\",\"potentialAction\":[{\"@type\":\"ReadAction\",\"target\":[\"https:\/\/odabrano.com\/index.php\/2024\/03\/08\/najmanje-287-skolske-djece-oteli-su-naoruzani-napadaci-na-sjeverozapadu-nigerije\/\"]}]},{\"@type\":\"BreadcrumbList\",\"@id\":\"https:\/\/odabrano.com\/index.php\/2024\/03\/08\/najmanje-287-skolske-djece-oteli-su-naoruzani-napadaci-na-sjeverozapadu-nigerije\/#breadcrumb\",\"itemListElement\":[{\"@type\":\"ListItem\",\"position\":1,\"name\":\"Home\",\"item\":\"https:\/\/odabrano.com\/\"},{\"@type\":\"ListItem\",\"position\":2,\"name\":\"Najmanje 287 \u0161kolske djece oteli su naoru\u017eani napada\u010di na sjeverozapadu Nigerije\"}]},{\"@type\":\"WebSite\",\"@id\":\"https:\/\/odabrano.com\/#website\",\"url\":\"https:\/\/odabrano.com\/\",\"name\":\"odabrano\",\"description\":\"news portal koji nudi odabrane vijesti i informacije\",\"publisher\":{\"@id\":\"https:\/\/odabrano.com\/#\/schema\/person\/460f2b14657879743f23c4f6a7cd3236\"},\"alternateName\":\"vijesti i informacije iz Hrvatske i svijeta\",\"potentialAction\":[{\"@type\":\"SearchAction\",\"target\":{\"@type\":\"EntryPoint\",\"urlTemplate\":\"https:\/\/odabrano.com\/?s={search_term_string}\"},\"query-input\":\"required name=search_term_string\"}],\"inLanguage\":\"en-US\"},{\"@type\":[\"Person\",\"Organization\"],\"@id\":\"https:\/\/odabrano.com\/#\/schema\/person\/460f2b14657879743f23c4f6a7cd3236\",\"name\":\"admin\",\"image\":{\"@type\":\"ImageObject\",\"inLanguage\":\"en-US\",\"@id\":\"https:\/\/odabrano.com\/#\/schema\/person\/image\/\",\"url\":\"https:\/\/odabrano.com\/wp-content\/uploads\/2024\/04\/dolar.jpg\",\"contentUrl\":\"https:\/\/odabrano.com\/wp-content\/uploads\/2024\/04\/dolar.jpg\",\"width\":1216,\"height\":519,\"caption\":\"admin\"},\"logo\":{\"@id\":\"https:\/\/odabrano.com\/#\/schema\/person\/image\/\"},\"sameAs\":[\"http:\/\/odabrano.com\"],\"url\":\"https:\/\/odabrano.com\/index.php\/author\/sokolneno_u3xb387h\/\"}]}<\/script>\n<!-- \/ Yoast SEO plugin. -->","yoast_head_json":{"title":"Najmanje 287 \u0161kolske djece oteli su naoru\u017eani napada\u010di na sjeverozapadu Nigerije - odabrano","robots":{"index":"index","follow":"follow","max-snippet":"max-snippet:-1","max-image-preview":"max-image-preview:large","max-video-preview":"max-video-preview:-1"},"canonical":"https:\/\/odabrano.com\/index.php\/2024\/03\/08\/najmanje-287-skolske-djece-oteli-su-naoruzani-napadaci-na-sjeverozapadu-nigerije\/","og_locale":"en_US","og_type":"article","og_title":"Najmanje 287 \u0161kolske djece oteli su naoru\u017eani napada\u010di na sjeverozapadu Nigerije - odabrano","og_description":"Najmanje 287 \u0161kolske djece, od kojih neka imaju samo osam godina, dr\u017ee naoru\u017eani napada\u010di koji su upali u njihovu \u0161kolu u nigerijskoj sjeverozapadnoj dr\u017eavi Kaduna rano u \u010detvrtak, rekao je policijski glasnogovornik za CNN u petak. Vi\u0161e od 300 u\u010denika oteli su u \u010detvrtak rano ujutro naoru\u017eani banditi na motociklima koji su upali u osnovnu &hellip;","og_url":"https:\/\/odabrano.com\/index.php\/2024\/03\/08\/najmanje-287-skolske-djece-oteli-su-naoruzani-napadaci-na-sjeverozapadu-nigerije\/","og_site_name":"odabrano","article_published_time":"2024-03-08T20:15:12+00:00","article_modified_time":"2024-03-08T20:15:14+00:00","og_image":[{"width":898,"height":505,"url":"https:\/\/odabrano.com\/wp-content\/uploads\/2024\/03\/nigeria.jpg","type":"image\/jpeg"}],"author":"admin","twitter_card":"summary_large_image","twitter_misc":{"Written by":"admin","Est. reading time":"2 minutes"},"schema":{"@context":"https:\/\/schema.org","@graph":[{"@type":"Article","@id":"https:\/\/odabrano.com\/index.php\/2024\/03\/08\/najmanje-287-skolske-djece-oteli-su-naoruzani-napadaci-na-sjeverozapadu-nigerije\/#article","isPartOf":{"@id":"https:\/\/odabrano.com\/index.php\/2024\/03\/08\/najmanje-287-skolske-djece-oteli-su-naoruzani-napadaci-na-sjeverozapadu-nigerije\/"},"author":{"name":"admin","@id":"https:\/\/odabrano.com\/#\/schema\/person\/460f2b14657879743f23c4f6a7cd3236"},"headline":"Najmanje 287 \u0161kolske djece oteli su naoru\u017eani napada\u010di na sjeverozapadu Nigerije","datePublished":"2024-03-08T20:15:12+00:00","dateModified":"2024-03-08T20:15:14+00:00","mainEntityOfPage":{"@id":"https:\/\/odabrano.com\/index.php\/2024\/03\/08\/najmanje-287-skolske-djece-oteli-su-naoruzani-napadaci-na-sjeverozapadu-nigerije\/"},"wordCount":416,"publisher":{"@id":"https:\/\/odabrano.com\/#\/schema\/person\/460f2b14657879743f23c4f6a7cd3236"},"keywords":["nigerija","oteta djeca"],"articleSection":["Svijet"],"inLanguage":"en-US"},{"@type":"WebPage","@id":"https:\/\/odabrano.com\/index.php\/2024\/03\/08\/najmanje-287-skolske-djece-oteli-su-naoruzani-napadaci-na-sjeverozapadu-nigerije\/","url":"https:\/\/odabrano.com\/index.php\/2024\/03\/08\/najmanje-287-skolske-djece-oteli-su-naoruzani-napadaci-na-sjeverozapadu-nigerije\/","name":"Najmanje 287 \u0161kolske djece oteli su naoru\u017eani napada\u010di na sjeverozapadu Nigerije - odabrano","isPartOf":{"@id":"https:\/\/odabrano.com\/#website"},"datePublished":"2024-03-08T20:15:12+00:00","dateModified":"2024-03-08T20:15:14+00:00","breadcrumb":{"@id":"https:\/\/odabrano.com\/index.php\/2024\/03\/08\/najmanje-287-skolske-djece-oteli-su-naoruzani-napadaci-na-sjeverozapadu-nigerije\/#breadcrumb"},"inLanguage":"en-US","potentialAction":[{"@type":"ReadAction","target":["https:\/\/odabrano.com\/index.php\/2024\/03\/08\/najmanje-287-skolske-djece-oteli-su-naoruzani-napadaci-na-sjeverozapadu-nigerije\/"]}]},{"@type":"BreadcrumbList","@id":"https:\/\/odabrano.com\/index.php\/2024\/03\/08\/najmanje-287-skolske-djece-oteli-su-naoruzani-napadaci-na-sjeverozapadu-nigerije\/#breadcrumb","itemListElement":[{"@type":"ListItem","position":1,"name":"Home","item":"https:\/\/odabrano.com\/"},{"@type":"ListItem","position":2,"name":"Najmanje 287 \u0161kolske djece oteli su naoru\u017eani napada\u010di na sjeverozapadu Nigerije"}]},{"@type":"WebSite","@id":"https:\/\/odabrano.com\/#website","url":"https:\/\/odabrano.com\/","name":"odabrano","description":"news portal koji nudi odabrane vijesti i informacije","publisher":{"@id":"https:\/\/odabrano.com\/#\/schema\/person\/460f2b14657879743f23c4f6a7cd3236"},"alternateName":"vijesti i informacije iz Hrvatske i svijeta","potentialAction":[{"@type":"SearchAction","target":{"@type":"EntryPoint","urlTemplate":"https:\/\/odabrano.com\/?s={search_term_string}"},"query-input":"required name=search_term_string"}],"inLanguage":"en-US"},{"@type":["Person","Organization"],"@id":"https:\/\/odabrano.com\/#\/schema\/person\/460f2b14657879743f23c4f6a7cd3236","name":"admin","image":{"@type":"ImageObject","inLanguage":"en-US","@id":"https:\/\/odabrano.com\/#\/schema\/person\/image\/","url":"https:\/\/odabrano.com\/wp-content\/uploads\/2024\/04\/dolar.jpg","contentUrl":"https:\/\/odabrano.com\/wp-content\/uploads\/2024\/04\/dolar.jpg","width":1216,"height":519,"caption":"admin"},"logo":{"@id":"https:\/\/odabrano.com\/#\/schema\/person\/image\/"},"sameAs":["http:\/\/odabrano.com"],"url":"https:\/\/odabrano.com\/index.php\/author\/sokolneno_u3xb387h\/"}]}},"_links":{"self":[{"href":"https:\/\/odabrano.com\/index.php\/wp-json\/wp\/v2\/posts\/297","targetHints":{"allow":["GET"]}}],"collection":[{"href":"https:\/\/odabrano.com\/index.php\/wp-json\/wp\/v2\/posts"}],"about":[{"href":"https:\/\/odabrano.com\/index.php\/wp-json\/wp\/v2\/types\/post"}],"author":[{"embeddable":true,"href":"https:\/\/odabrano.com\/index.php\/wp-json\/wp\/v2\/users\/1"}],"replies":[{"embeddable":true,"href":"https:\/\/odabrano.com\/index.php\/wp-json\/wp\/v2\/comments?post=297"}],"version-history":[{"count":1,"href":"https:\/\/odabrano.com\/index.php\/wp-json\/wp\/v2\/posts\/297\/revisions"}],"predecessor-version":[{"id":299,"href":"https:\/\/odabrano.com\/index.php\/wp-json\/wp\/v2\/posts\/297\/revisions\/299"}],"wp:featuredmedia":[{"embeddable":true,"href":"https:\/\/odabrano.com\/index.php\/wp-json\/wp\/v2\/media\/298"}],"wp:attachment":[{"href":"https:\/\/odabrano.com\/index.php\/wp-json\/wp\/v2\/media?parent=297"}],"wp:term":[{"taxonomy":"category","embeddable":true,"href":"https:\/\/odabrano.com\/index.php\/wp-json\/wp\/v2\/categories?post=297"},{"taxonomy":"post_tag","embeddable":true,"href":"https:\/\/odabrano.com\/index.php\/wp-json\/wp\/v2\/tags?post=297"}],"curies":[{"name":"wp","href":"https:\/\/api.w.org\/{rel}","templated":true}]}}