{"id":2896,"date":"2024-05-19T12:17:17","date_gmt":"2024-05-19T10:17:17","guid":{"rendered":"http:\/\/odabrano.com\/?p=2896"},"modified":"2024-05-19T15:02:11","modified_gmt":"2024-05-19T13:02:11","slug":"porast-antikrscanskih-ispada-u-njemackoj","status":"publish","type":"post","link":"https:\/\/odabrano.com\/index.php\/2024\/05\/19\/porast-antikrscanskih-ispada-u-njemackoj\/","title":{"rendered":"Porast antikr\u0161\u0107anskih ispada u Njema\u010dkoj"},"content":{"rendered":"\n<p>Broj kaznenih djela ozna\u010denih kao &#8220;antikr\u0161\u0107anska&#8221; u porastu je, rekla je njema\u010dka vlada odgovaraju\u0107i na pitanja Petra Bystrona, politi\u010dara krajnje desne stranke Alternativa za Njema\u010dku (AfD).<\/p>\n\n\n\n<p>Vladine brojke, objavljene nakon \u0161to je Bystron podnio pisana pitanja Odboru za vanjske poslove Bundestaga, pokazale su da je diljem zemlje u policijsku statistiku o politi\u010dki motiviranom kriminalu u 2022. godini uklju\u010deno 135 antikr\u0161\u0107anskih kaznenih djela.<\/p>\n\n\n\n<h3 class=\"wp-block-heading\">Ministar unutarnjih poslova: Nema obja\u0161njenja<\/h3>\n\n\n\n<p>Prema preliminarnim podacima, 2023. godine zabilje\u017eeno je 277 takvih slu\u010dajeva, uklju\u010duju\u0107i 55 incidenata koji su uklju\u010divali materijalnu \u0161tetu.<\/p>\n\n\n\n<p>Nema op\u0107eg obja\u0161njenja za porast, rekao je glasnogovornik Ministarstva unutarnjih poslova za dpa.<\/p>\n\n\n\n<p>Porast broja takvih slu\u010dajeva mogao bi se djelomi\u010dno objasniti vi\u0161estrukim dijeljenjem ili objavljivanjem sadr\u017eaja s kaznenim karakterom na internetu. S takvim su objavama upoznati u Sredi\u0161njem centru za prijavu kaznenog sadr\u017eaja na internetu Savezne kriminalisti\u010dke policije.<\/p>\n\n\n\n<p>Drugo obja\u0161njenje je &#8220;napeta politi\u010dka situacija u svijetu, posebno u kontekstu bliskoisto\u010dnog sukoba kao rezultat napada teroristi\u010dke organizacije Hamas na dr\u017eavu Izrael&#8221;, govori izvor iz Ministarstva.<\/p>\n\n\n\n<p>&#8212;&#8212;&#8212;&#8212;&#8212;&#8212;&#8212;<br><br>Njema\u010dka federalna policija (BKA) registrirala je\u00a0<strong>gotovo stotinu napada na kr\u0161\u0107ane ili kr\u0161\u0107anske institucije<\/strong>\u00a0u Njema\u010dkoj tijekom 2017 godine.<\/p>\n\n\n\n<p>Njema\u010dki konzervativni politi\u010dari izrazili su \u0161ok nakon \u0161to su podaci koje je procurio Savezni ured kriminalisti\u010dke policije (BKA) otkrili 97 zlo\u010dina iz mr\u017enje protiv kr\u0161\u0107ana u zemlji pro\u0161le godine.<\/p>\n\n\n\n<p>Brojku je objavila&nbsp;<em><\/em>medijska grupa Funke nekoliko mjeseci prije nego \u0161to njema\u010dke snage sigurnosti trebaju objaviti slu\u017ebenu godi\u0161nju statistiku kriminala. Glasnogovornica BKA izjavila je za DW da su brojke jo\u0161 uvijek preliminarne i da se mogu dopuniti ili promijeniti, te da pokrivaju samo razdoblje do kraja studenog.<\/p>\n\n\n\n<p>Prema izvje\u0161\u0107ima, \u010detvrtinu od 97 slu\u010dajeva \u010dinili su napadi na crkve i kr\u0161\u0107anske simbole, a bilo je 14 slu\u010dajeva nasilnih &#8220;antikr\u0161\u0107anskih zlo\u010dina&#8221; me\u0111u tra\u017eiteljima azila ili izbjeglicama.&nbsp;<\/p>\n","protected":false},"excerpt":{"rendered":"<p>Broj kaznenih djela ozna\u010denih kao &#8220;antikr\u0161\u0107anska&#8221; u porastu je, rekla je njema\u010dka vlada odgovaraju\u0107i na pitanja Petra Bystrona, politi\u010dara krajnje desne stranke Alternativa za Njema\u010dku (AfD). Vladine brojke, objavljene nakon \u0161to je Bystron podnio pisana pitanja Odboru za vanjske poslove Bundestaga, pokazale su da je diljem zemlje u policijsku statistiku o politi\u010dki motiviranom kriminalu u &hellip;<\/p>\n","protected":false},"author":1,"featured_media":2897,"comment_status":"open","ping_status":"open","sticky":false,"template":"","format":"standard","meta":{"_monsterinsights_skip_tracking":false,"_monsterinsights_sitenote_active":false,"_monsterinsights_sitenote_note":"","_monsterinsights_sitenote_category":0,"footnotes":""},"categories":[9],"tags":[613,611,612,244],"class_list":["post-2896","post","type-post","status-publish","format-standard","has-post-thumbnail","","category-svijet","tag-afd","tag-antikrscanski","tag-ispadi","tag-njemacka"],"yoast_head":"<!-- This site is optimized with the Yoast SEO plugin v22.1 - https:\/\/yoast.com\/wordpress\/plugins\/seo\/ -->\n<title>Porast antikr\u0161\u0107anskih ispada u Njema\u010dkoj - odabrano<\/title>\n<meta name=\"robots\" content=\"index, follow, max-snippet:-1, max-image-preview:large, max-video-preview:-1\" \/>\n<link rel=\"canonical\" href=\"https:\/\/odabrano.com\/index.php\/2024\/05\/19\/porast-antikrscanskih-ispada-u-njemackoj\/\" \/>\n<meta property=\"og:locale\" content=\"en_US\" \/>\n<meta property=\"og:type\" content=\"article\" \/>\n<meta property=\"og:title\" content=\"Porast antikr\u0161\u0107anskih ispada u Njema\u010dkoj - odabrano\" \/>\n<meta property=\"og:description\" content=\"Broj kaznenih djela ozna\u010denih kao &#8220;antikr\u0161\u0107anska&#8221; u porastu je, rekla je njema\u010dka vlada odgovaraju\u0107i na pitanja Petra Bystrona, politi\u010dara krajnje desne stranke Alternativa za Njema\u010dku (AfD). Vladine brojke, objavljene nakon \u0161to je Bystron podnio pisana pitanja Odboru za vanjske poslove Bundestaga, pokazale su da je diljem zemlje u policijsku statistiku o politi\u010dki motiviranom kriminalu u &hellip;\" \/>\n<meta property=\"og:url\" content=\"https:\/\/odabrano.com\/index.php\/2024\/05\/19\/porast-antikrscanskih-ispada-u-njemackoj\/\" \/>\n<meta property=\"og:site_name\" content=\"odabrano\" \/>\n<meta property=\"article:published_time\" content=\"2024-05-19T10:17:17+00:00\" \/>\n<meta property=\"article:modified_time\" content=\"2024-05-19T13:02:11+00:00\" \/>\n<meta property=\"og:image\" content=\"https:\/\/odabrano.com\/wp-content\/uploads\/2024\/05\/crkva.jpg\" \/>\n\t<meta property=\"og:image:width\" content=\"800\" \/>\n\t<meta property=\"og:image:height\" content=\"533\" \/>\n\t<meta property=\"og:image:type\" content=\"image\/jpeg\" \/>\n<meta name=\"author\" content=\"admin\" \/>\n<meta name=\"twitter:card\" content=\"summary_large_image\" \/>\n<meta name=\"twitter:label1\" content=\"Written by\" \/>\n\t<meta name=\"twitter:data1\" content=\"admin\" \/>\n\t<meta name=\"twitter:label2\" content=\"Est. reading time\" \/>\n\t<meta name=\"twitter:data2\" content=\"2 minutes\" \/>\n<script type=\"application\/ld+json\" class=\"yoast-schema-graph\">{\"@context\":\"https:\/\/schema.org\",\"@graph\":[{\"@type\":\"Article\",\"@id\":\"https:\/\/odabrano.com\/index.php\/2024\/05\/19\/porast-antikrscanskih-ispada-u-njemackoj\/#article\",\"isPartOf\":{\"@id\":\"https:\/\/odabrano.com\/index.php\/2024\/05\/19\/porast-antikrscanskih-ispada-u-njemackoj\/\"},\"author\":{\"name\":\"admin\",\"@id\":\"https:\/\/odabrano.com\/#\/schema\/person\/460f2b14657879743f23c4f6a7cd3236\"},\"headline\":\"Porast antikr\u0161\u0107anskih ispada u Njema\u010dkoj\",\"datePublished\":\"2024-05-19T10:17:17+00:00\",\"dateModified\":\"2024-05-19T13:02:11+00:00\",\"mainEntityOfPage\":{\"@id\":\"https:\/\/odabrano.com\/index.php\/2024\/05\/19\/porast-antikrscanskih-ispada-u-njemackoj\/\"},\"wordCount\":334,\"commentCount\":0,\"publisher\":{\"@id\":\"https:\/\/odabrano.com\/#\/schema\/person\/460f2b14657879743f23c4f6a7cd3236\"},\"keywords\":[\"afd\",\"antikr\u0161\u0107anski\",\"ispadi\",\"njema\u010dka\"],\"articleSection\":[\"Svijet\"],\"inLanguage\":\"en-US\",\"potentialAction\":[{\"@type\":\"CommentAction\",\"name\":\"Comment\",\"target\":[\"https:\/\/odabrano.com\/index.php\/2024\/05\/19\/porast-antikrscanskih-ispada-u-njemackoj\/#respond\"]}]},{\"@type\":\"WebPage\",\"@id\":\"https:\/\/odabrano.com\/index.php\/2024\/05\/19\/porast-antikrscanskih-ispada-u-njemackoj\/\",\"url\":\"https:\/\/odabrano.com\/index.php\/2024\/05\/19\/porast-antikrscanskih-ispada-u-njemackoj\/\",\"name\":\"Porast antikr\u0161\u0107anskih ispada u Njema\u010dkoj - odabrano\",\"isPartOf\":{\"@id\":\"https:\/\/odabrano.com\/#website\"},\"datePublished\":\"2024-05-19T10:17:17+00:00\",\"dateModified\":\"2024-05-19T13:02:11+00:00\",\"breadcrumb\":{\"@id\":\"https:\/\/odabrano.com\/index.php\/2024\/05\/19\/porast-antikrscanskih-ispada-u-njemackoj\/#breadcrumb\"},\"inLanguage\":\"en-US\",\"potentialAction\":[{\"@type\":\"ReadAction\",\"target\":[\"https:\/\/odabrano.com\/index.php\/2024\/05\/19\/porast-antikrscanskih-ispada-u-njemackoj\/\"]}]},{\"@type\":\"BreadcrumbList\",\"@id\":\"https:\/\/odabrano.com\/index.php\/2024\/05\/19\/porast-antikrscanskih-ispada-u-njemackoj\/#breadcrumb\",\"itemListElement\":[{\"@type\":\"ListItem\",\"position\":1,\"name\":\"Home\",\"item\":\"https:\/\/odabrano.com\/\"},{\"@type\":\"ListItem\",\"position\":2,\"name\":\"Porast antikr\u0161\u0107anskih ispada u Njema\u010dkoj\"}]},{\"@type\":\"WebSite\",\"@id\":\"https:\/\/odabrano.com\/#website\",\"url\":\"https:\/\/odabrano.com\/\",\"name\":\"odabrano\",\"description\":\"news portal koji nudi odabrane vijesti i informacije\",\"publisher\":{\"@id\":\"https:\/\/odabrano.com\/#\/schema\/person\/460f2b14657879743f23c4f6a7cd3236\"},\"alternateName\":\"vijesti i informacije iz Hrvatske i svijeta\",\"potentialAction\":[{\"@type\":\"SearchAction\",\"target\":{\"@type\":\"EntryPoint\",\"urlTemplate\":\"https:\/\/odabrano.com\/?s={search_term_string}\"},\"query-input\":\"required name=search_term_string\"}],\"inLanguage\":\"en-US\"},{\"@type\":[\"Person\",\"Organization\"],\"@id\":\"https:\/\/odabrano.com\/#\/schema\/person\/460f2b14657879743f23c4f6a7cd3236\",\"name\":\"admin\",\"image\":{\"@type\":\"ImageObject\",\"inLanguage\":\"en-US\",\"@id\":\"https:\/\/odabrano.com\/#\/schema\/person\/image\/\",\"url\":\"https:\/\/odabrano.com\/wp-content\/uploads\/2024\/04\/dolar.jpg\",\"contentUrl\":\"https:\/\/odabrano.com\/wp-content\/uploads\/2024\/04\/dolar.jpg\",\"width\":1216,\"height\":519,\"caption\":\"admin\"},\"logo\":{\"@id\":\"https:\/\/odabrano.com\/#\/schema\/person\/image\/\"},\"sameAs\":[\"http:\/\/odabrano.com\"],\"url\":\"https:\/\/odabrano.com\/index.php\/author\/sokolneno_u3xb387h\/\"}]}<\/script>\n<!-- \/ Yoast SEO plugin. -->","yoast_head_json":{"title":"Porast antikr\u0161\u0107anskih ispada u Njema\u010dkoj - odabrano","robots":{"index":"index","follow":"follow","max-snippet":"max-snippet:-1","max-image-preview":"max-image-preview:large","max-video-preview":"max-video-preview:-1"},"canonical":"https:\/\/odabrano.com\/index.php\/2024\/05\/19\/porast-antikrscanskih-ispada-u-njemackoj\/","og_locale":"en_US","og_type":"article","og_title":"Porast antikr\u0161\u0107anskih ispada u Njema\u010dkoj - odabrano","og_description":"Broj kaznenih djela ozna\u010denih kao &#8220;antikr\u0161\u0107anska&#8221; u porastu je, rekla je njema\u010dka vlada odgovaraju\u0107i na pitanja Petra Bystrona, politi\u010dara krajnje desne stranke Alternativa za Njema\u010dku (AfD). Vladine brojke, objavljene nakon \u0161to je Bystron podnio pisana pitanja Odboru za vanjske poslove Bundestaga, pokazale su da je diljem zemlje u policijsku statistiku o politi\u010dki motiviranom kriminalu u &hellip;","og_url":"https:\/\/odabrano.com\/index.php\/2024\/05\/19\/porast-antikrscanskih-ispada-u-njemackoj\/","og_site_name":"odabrano","article_published_time":"2024-05-19T10:17:17+00:00","article_modified_time":"2024-05-19T13:02:11+00:00","og_image":[{"width":800,"height":533,"url":"https:\/\/odabrano.com\/wp-content\/uploads\/2024\/05\/crkva.jpg","type":"image\/jpeg"}],"author":"admin","twitter_card":"summary_large_image","twitter_misc":{"Written by":"admin","Est. reading time":"2 minutes"},"schema":{"@context":"https:\/\/schema.org","@graph":[{"@type":"Article","@id":"https:\/\/odabrano.com\/index.php\/2024\/05\/19\/porast-antikrscanskih-ispada-u-njemackoj\/#article","isPartOf":{"@id":"https:\/\/odabrano.com\/index.php\/2024\/05\/19\/porast-antikrscanskih-ispada-u-njemackoj\/"},"author":{"name":"admin","@id":"https:\/\/odabrano.com\/#\/schema\/person\/460f2b14657879743f23c4f6a7cd3236"},"headline":"Porast antikr\u0161\u0107anskih ispada u Njema\u010dkoj","datePublished":"2024-05-19T10:17:17+00:00","dateModified":"2024-05-19T13:02:11+00:00","mainEntityOfPage":{"@id":"https:\/\/odabrano.com\/index.php\/2024\/05\/19\/porast-antikrscanskih-ispada-u-njemackoj\/"},"wordCount":334,"commentCount":0,"publisher":{"@id":"https:\/\/odabrano.com\/#\/schema\/person\/460f2b14657879743f23c4f6a7cd3236"},"keywords":["afd","antikr\u0161\u0107anski","ispadi","njema\u010dka"],"articleSection":["Svijet"],"inLanguage":"en-US","potentialAction":[{"@type":"CommentAction","name":"Comment","target":["https:\/\/odabrano.com\/index.php\/2024\/05\/19\/porast-antikrscanskih-ispada-u-njemackoj\/#respond"]}]},{"@type":"WebPage","@id":"https:\/\/odabrano.com\/index.php\/2024\/05\/19\/porast-antikrscanskih-ispada-u-njemackoj\/","url":"https:\/\/odabrano.com\/index.php\/2024\/05\/19\/porast-antikrscanskih-ispada-u-njemackoj\/","name":"Porast antikr\u0161\u0107anskih ispada u Njema\u010dkoj - odabrano","isPartOf":{"@id":"https:\/\/odabrano.com\/#website"},"datePublished":"2024-05-19T10:17:17+00:00","dateModified":"2024-05-19T13:02:11+00:00","breadcrumb":{"@id":"https:\/\/odabrano.com\/index.php\/2024\/05\/19\/porast-antikrscanskih-ispada-u-njemackoj\/#breadcrumb"},"inLanguage":"en-US","potentialAction":[{"@type":"ReadAction","target":["https:\/\/odabrano.com\/index.php\/2024\/05\/19\/porast-antikrscanskih-ispada-u-njemackoj\/"]}]},{"@type":"BreadcrumbList","@id":"https:\/\/odabrano.com\/index.php\/2024\/05\/19\/porast-antikrscanskih-ispada-u-njemackoj\/#breadcrumb","itemListElement":[{"@type":"ListItem","position":1,"name":"Home","item":"https:\/\/odabrano.com\/"},{"@type":"ListItem","position":2,"name":"Porast antikr\u0161\u0107anskih ispada u Njema\u010dkoj"}]},{"@type":"WebSite","@id":"https:\/\/odabrano.com\/#website","url":"https:\/\/odabrano.com\/","name":"odabrano","description":"news portal koji nudi odabrane vijesti i informacije","publisher":{"@id":"https:\/\/odabrano.com\/#\/schema\/person\/460f2b14657879743f23c4f6a7cd3236"},"alternateName":"vijesti i informacije iz Hrvatske i svijeta","potentialAction":[{"@type":"SearchAction","target":{"@type":"EntryPoint","urlTemplate":"https:\/\/odabrano.com\/?s={search_term_string}"},"query-input":"required name=search_term_string"}],"inLanguage":"en-US"},{"@type":["Person","Organization"],"@id":"https:\/\/odabrano.com\/#\/schema\/person\/460f2b14657879743f23c4f6a7cd3236","name":"admin","image":{"@type":"ImageObject","inLanguage":"en-US","@id":"https:\/\/odabrano.com\/#\/schema\/person\/image\/","url":"https:\/\/odabrano.com\/wp-content\/uploads\/2024\/04\/dolar.jpg","contentUrl":"https:\/\/odabrano.com\/wp-content\/uploads\/2024\/04\/dolar.jpg","width":1216,"height":519,"caption":"admin"},"logo":{"@id":"https:\/\/odabrano.com\/#\/schema\/person\/image\/"},"sameAs":["http:\/\/odabrano.com"],"url":"https:\/\/odabrano.com\/index.php\/author\/sokolneno_u3xb387h\/"}]}},"_links":{"self":[{"href":"https:\/\/odabrano.com\/index.php\/wp-json\/wp\/v2\/posts\/2896","targetHints":{"allow":["GET"]}}],"collection":[{"href":"https:\/\/odabrano.com\/index.php\/wp-json\/wp\/v2\/posts"}],"about":[{"href":"https:\/\/odabrano.com\/index.php\/wp-json\/wp\/v2\/types\/post"}],"author":[{"embeddable":true,"href":"https:\/\/odabrano.com\/index.php\/wp-json\/wp\/v2\/users\/1"}],"replies":[{"embeddable":true,"href":"https:\/\/odabrano.com\/index.php\/wp-json\/wp\/v2\/comments?post=2896"}],"version-history":[{"count":3,"href":"https:\/\/odabrano.com\/index.php\/wp-json\/wp\/v2\/posts\/2896\/revisions"}],"predecessor-version":[{"id":2902,"href":"https:\/\/odabrano.com\/index.php\/wp-json\/wp\/v2\/posts\/2896\/revisions\/2902"}],"wp:featuredmedia":[{"embeddable":true,"href":"https:\/\/odabrano.com\/index.php\/wp-json\/wp\/v2\/media\/2897"}],"wp:attachment":[{"href":"https:\/\/odabrano.com\/index.php\/wp-json\/wp\/v2\/media?parent=2896"}],"wp:term":[{"taxonomy":"category","embeddable":true,"href":"https:\/\/odabrano.com\/index.php\/wp-json\/wp\/v2\/categories?post=2896"},{"taxonomy":"post_tag","embeddable":true,"href":"https:\/\/odabrano.com\/index.php\/wp-json\/wp\/v2\/tags?post=2896"}],"curies":[{"name":"wp","href":"https:\/\/api.w.org\/{rel}","templated":true}]}}