{"id":2882,"date":"2024-05-18T20:27:23","date_gmt":"2024-05-18T18:27:23","guid":{"rendered":"http:\/\/odabrano.com\/?p=2882"},"modified":"2024-05-18T20:27:23","modified_gmt":"2024-05-18T18:27:23","slug":"deseci-ubijenih-i-ranjenih-dok-izraelske-snage-prodiru-dublje-u-rafah-i-dzabaliju","status":"publish","type":"post","link":"https:\/\/odabrano.com\/index.php\/2024\/05\/18\/deseci-ubijenih-i-ranjenih-dok-izraelske-snage-prodiru-dublje-u-rafah-i-dzabaliju\/","title":{"rendered":"Deseci ubijenih i ranjenih dok izraelske snage prodiru dublje u Rafah i D\u017eabaliju"},"content":{"rendered":"<iframe loading=\"lazy\" width=\"560\" height=\"315\" src=\"https:\/\/www.youtube.com\/embed\/3A_lTzjwISU?si=mNKFXcUFfRPl1wTf\" title=\"YouTube video player\" frameborder=\"0\" allow=\"accelerometer; autoplay; clipboard-write; encrypted-media; gyroscope; picture-in-picture; web-share\" referrerpolicy=\"strict-origin-when-cross-origin\" allowfullscreen><\/iframe>\n\n<p>Izraelske vojne snage i tenkovi upali su u subotu dublje u dijelove sjevernog okruga pojasa Gaze koje su prethodno zaobi\u0161li u dosada\u0161njem sedmomjese\u010dnom ratu, pri \u010demu su ubili i ranili vi\u0161e desetaka Palestinaca, kazali su stanovnici i medicinsko osoblje.<\/p>\n\n\n\n<p>Izraelske su vojne snage zauzele i neka podru\u010dja Rafaha, ju\u017enoga grada uz egipatsku granicu, trenuta\u010dno prepunog raseljenih stanovnika iz pojasa Gaze.<\/p>\n\n\n\n<p>Izrael je ovaj mjesec ponovno napao dijelove sjeverne Gaze, premda je u sije\u010dnju ondje proglasio kraj velikih operacija.<\/p>\n\n\n\n<p>Istodobno su izraelske snage najavile da \u0107e se onamo vratiti kako bi sprije\u010dile regrupiranje palestinske islamisti\u010dke skupine koja vlada Gazom.<\/p>\n\n\n\n<p>Jedno od napadnutih mjesta je D\u017eabalija, najve\u0107i od osam izbjegli\u010dkih kampova u pojasu Gaze.<\/p>\n\n\n\n<p>U subotu su trupe i tenkovi iza\u0161li na ulice kampa, dosad po\u0161te\u0111enog kopnene ofenzive, rekli su stanovnici. Po rije\u010dima lije\u010dnika, u jednom je izraelskom udaru ubijeno 15 Palestinaca, a deseci su ranjeni.<\/p>\n\n\n\n<p>Ministarstvo zdravstva Gaze i Civilna slu\u017eba za hitne slu\u010dajeve izvijestili su da su njihovi timovi primili desetke poziva o mogu\u0107im \u017ertvama, no informacije nisu mogli provjeriti zbog trajanja kopnene ofenzive i bombardiranja iz zraka.<\/p>\n\n\n\n<p>&#8211; Danas je najte\u017ee, kada je posrijedi bombardiranje, zra\u010dni napadi i granatiranje iz tenkova jer sve traje gotovo bez prestanka, napisao je na chat aplikaciji jedan od stanovnika D\u017eabalije, Ibrahim Kaled.<\/p>\n\n\n\n<p>&#8211; Znamo da je ubijeno i ranjeno vi\u0161e desetaka ljudi, ali nijedno vozilo hitne pomo\u0107i ne mo\u017ee u\u0107i u to podru\u010dje, rekao je Reutersu.<\/p>\n\n\n\n<p>Izraelska vojska je objavila da njezine snage nastavljaju djelovati u podru\u010djima \u0161irom pojasa Gaze, uklju\u010duju\u0107i D\u017eabaliju i Rafah u sklopu, kako ka\u017eu, &#8220;preciznih operacija protiv terorista i infrastrukture&#8221;.<\/p>\n\n\n\n<h2 class=\"wp-block-heading\"><strong>Borbe u Rafahu ja\u010daju<\/strong><\/h2>\n\n\n\n<p>Te\u0161ki sukobi i bombardiranje u subotu su potresli grad na jugu Pojasa Gaze Rafah, rekli su svjedoci, dok je izraelska vojska objavila da je prvih 310 paleta humanitarne pomo\u0107i u\u0161lo u opkoljeno podru\u010dje preko pristani\u0161ta koje je izgradio SAD.<\/p>\n\n\n\n<p>Vi\u0161e od 10 dana od po\u010detka ograni\u010dene izraelske operacije u Rafahu, kako ju je nazvala izraelska vojska, borbe izme\u0111u izraelskih snaga i palestinskih militanata ponovno su se rasplamsale na sjeveru Gaze.<\/p>\n\n\n\n<p>Kuvajtska bolnica priop\u0107ila je da je u izraelskom napadu tijekom no\u0107i poginulo dvoje ljudi u kampu za raseljene u Rafahu, a svjedoci su prijavili jaku pucnjavu i granatiranje na jugoistoku grada te bombardiranje iz zrakoplova isto\u010dnih podru\u010dja grada.<\/p>\n\n\n\n<p>Dopisnici AFP-a, svjedoci i lije\u010dnici rekli su da su se tijekom no\u0107i vodile intenzivne borbe u sjevernom izbjegli\u010dkom kampu D\u017eabalija, nakon \u0161to je izraelska vojska u petak izvijestila o mogu\u0107e i naj\u017ee\u0161\u0107em nasilju u gradu u vi\u0161e od sedam mjeseci rata.<\/p>\n\n\n\n<p>Izraelske su vlasti po\u010detkom sije\u010dnja rekle da su uni\u0161tile Hamasovu zapovjednu strukturu u sjevernoj Gazi, ali je vojska priop\u0107ila da je Hamas, \u010diji je napad 7. listopada izazvao rat koji se jo\u0161 uvijek vodi imao potpunu kontrolu ovdje u D\u017eabaliji sve dok mi nismo stigli prije nekoliko dana.<\/p>\n\n\n\n<p>Izraelski upad u Rafah, pokrenut unato\u010d sna\u017enom me\u0111unarodnom protivljenju i nadanju posrednika da \u0107e do\u0107i do pomaka u zaustavljenim pregovorima o primirju, pogor\u0161ao je ionako stra\u0161nu humanitarnu krizu, ka\u017eu humanitarne skupine.<\/p>\n\n\n\n<p>Budu\u0107i da su klju\u010dni kopneni prijelazi zatvoreni ili rade ograni\u010denim kapacitetom zbog borbi, neke zalihe pomo\u0107i po\u010dele su pritjecati u ratom razorenu Gazu preko privremenog, plutaju\u0107eg pristani\u0161ta koje su izgradile Sjedinjene Dr\u017eave.<\/p>\n\n\n\n<p>&#8211; Ukupno 310 paleta stiglo je na obalu u &#8220;prvom ulasku humanitarne pomo\u0107i plutaju\u0107im pristani\u0161tem, rekla je izraelska vojska u priop\u0107enju.<\/p>\n\n\n\n<p>U nadolaze\u0107im danima o\u010dekuje se da \u0107e oko 500 tona pomo\u0107i biti isporu\u010deno u Gazu kroz pristani\u0161te, prema Sredi\u0161njem ameri\u010dkom zapovjedni\u0161tvu.<\/p>\n\n\n\n<h2 class=\"wp-block-heading\">Izrael: Pogodili smo kompleks koji se koristi kao operativni centar militanata<\/h2>\n\n\n\n<p>Oru\u017eano krilo Palestinskog islamskog d\u017eihada (PIJ) reklo je da je ubijeni mu\u0161karac bio njihov pripadnik Islam Hamajseh.<\/p>\n\n\n\n<p>Palestinsko ministarstvo zdravstva priop\u0107ilo je da je osmero ranjenih ljudi u stabilnom stanju i da se lije\u010de u bolnicama. Reuters nije mogao odmah potvrditi njihov identitet.<\/p>\n\n\n\n<p>Izrael je rekao da je pogodio kompleks koji se koristi kao operativni centar militanata i potvrdio ubojstvo Hamajseha, za kojeg je rekao da je odgovoran za nekoliko napada na Izraelce.<\/p>\n\n\n\n<p>&#8211; Udar je izveden kako bi se uklonila neposredna prijetnja, dodao je.<\/p>\n\n\n\n<p>Slike koje kru\u017ee dru\u0161tvenim mre\u017eama, a koje Reuters nije mogao provjeriti, pokazuju oblak dima iznad izbjegli\u010dkog kampa koji je tijekom godina postao gusto naseljeno podru\u010dje. Stanovnici kampa rekli su da je ga\u0111ana jedna ku\u0107a.<\/p>\n\n\n\n<p>Zapadna obala jedan je od teritorija koje je Izrael zauzeo u bliskoisto\u010dnom ratu 1967. Palestinci \u017eele da to bude jezgra neovisne palestinske dr\u017eave.<\/p>\n","protected":false},"excerpt":{"rendered":"<p>Izraelske vojne snage i tenkovi upali su u subotu dublje u dijelove sjevernog okruga pojasa Gaze koje su prethodno zaobi\u0161li u dosada\u0161njem sedmomjese\u010dnom ratu, pri \u010demu su ubili i ranili vi\u0161e desetaka Palestinaca, kazali su stanovnici i medicinsko osoblje. Izraelske su vojne snage zauzele i neka podru\u010dja Rafaha, ju\u017enoga grada uz egipatsku granicu, trenuta\u010dno prepunog &hellip;<\/p>\n","protected":false},"author":1,"featured_media":2883,"comment_status":"open","ping_status":"open","sticky":false,"template":"","format":"standard","meta":{"_monsterinsights_skip_tracking":false,"_monsterinsights_sitenote_active":false,"_monsterinsights_sitenote_note":"","_monsterinsights_sitenote_category":0,"footnotes":""},"categories":[9],"tags":[571,21,75,540],"class_list":["post-2882","post","type-post","status-publish","format-standard","has-post-thumbnail","","category-svijet","tag-dzabalija","tag-gaza","tag-izrael","tag-rafah"],"yoast_head":"<!-- This site is optimized with the Yoast SEO plugin v22.1 - https:\/\/yoast.com\/wordpress\/plugins\/seo\/ -->\n<title>Deseci ubijenih i ranjenih dok izraelske snage prodiru dublje u Rafah i D\u017eabaliju - odabrano<\/title>\n<meta name=\"robots\" content=\"index, follow, max-snippet:-1, max-image-preview:large, max-video-preview:-1\" \/>\n<link rel=\"canonical\" href=\"https:\/\/odabrano.com\/index.php\/2024\/05\/18\/deseci-ubijenih-i-ranjenih-dok-izraelske-snage-prodiru-dublje-u-rafah-i-dzabaliju\/\" \/>\n<meta property=\"og:locale\" content=\"en_US\" \/>\n<meta property=\"og:type\" content=\"article\" \/>\n<meta property=\"og:title\" content=\"Deseci ubijenih i ranjenih dok izraelske snage prodiru dublje u Rafah i D\u017eabaliju - odabrano\" \/>\n<meta property=\"og:description\" content=\"Izraelske vojne snage i tenkovi upali su u subotu dublje u dijelove sjevernog okruga pojasa Gaze koje su prethodno zaobi\u0161li u dosada\u0161njem sedmomjese\u010dnom ratu, pri \u010demu su ubili i ranili vi\u0161e desetaka Palestinaca, kazali su stanovnici i medicinsko osoblje. Izraelske su vojne snage zauzele i neka podru\u010dja Rafaha, ju\u017enoga grada uz egipatsku granicu, trenuta\u010dno prepunog &hellip;\" \/>\n<meta property=\"og:url\" content=\"https:\/\/odabrano.com\/index.php\/2024\/05\/18\/deseci-ubijenih-i-ranjenih-dok-izraelske-snage-prodiru-dublje-u-rafah-i-dzabaliju\/\" \/>\n<meta property=\"og:site_name\" content=\"odabrano\" \/>\n<meta property=\"article:published_time\" content=\"2024-05-18T18:27:23+00:00\" \/>\n<meta property=\"og:image\" content=\"https:\/\/odabrano.com\/wp-content\/uploads\/2024\/05\/gaza2-1.jpg\" \/>\n\t<meta property=\"og:image:width\" content=\"790\" \/>\n\t<meta property=\"og:image:height\" content=\"388\" \/>\n\t<meta property=\"og:image:type\" content=\"image\/jpeg\" \/>\n<meta name=\"author\" content=\"admin\" \/>\n<meta name=\"twitter:card\" content=\"summary_large_image\" \/>\n<meta name=\"twitter:label1\" content=\"Written by\" \/>\n\t<meta name=\"twitter:data1\" content=\"admin\" \/>\n\t<meta name=\"twitter:label2\" content=\"Est. reading time\" \/>\n\t<meta name=\"twitter:data2\" content=\"4 minutes\" \/>\n<script type=\"application\/ld+json\" class=\"yoast-schema-graph\">{\"@context\":\"https:\/\/schema.org\",\"@graph\":[{\"@type\":\"Article\",\"@id\":\"https:\/\/odabrano.com\/index.php\/2024\/05\/18\/deseci-ubijenih-i-ranjenih-dok-izraelske-snage-prodiru-dublje-u-rafah-i-dzabaliju\/#article\",\"isPartOf\":{\"@id\":\"https:\/\/odabrano.com\/index.php\/2024\/05\/18\/deseci-ubijenih-i-ranjenih-dok-izraelske-snage-prodiru-dublje-u-rafah-i-dzabaliju\/\"},\"author\":{\"name\":\"admin\",\"@id\":\"https:\/\/odabrano.com\/#\/schema\/person\/460f2b14657879743f23c4f6a7cd3236\"},\"headline\":\"Deseci ubijenih i ranjenih dok izraelske snage prodiru dublje u Rafah i D\u017eabaliju\",\"datePublished\":\"2024-05-18T18:27:23+00:00\",\"dateModified\":\"2024-05-18T18:27:23+00:00\",\"mainEntityOfPage\":{\"@id\":\"https:\/\/odabrano.com\/index.php\/2024\/05\/18\/deseci-ubijenih-i-ranjenih-dok-izraelske-snage-prodiru-dublje-u-rafah-i-dzabaliju\/\"},\"wordCount\":828,\"commentCount\":0,\"publisher\":{\"@id\":\"https:\/\/odabrano.com\/#\/schema\/person\/460f2b14657879743f23c4f6a7cd3236\"},\"keywords\":[\"d\u017eabalija\",\"gaza\",\"izrael\",\"rafah\"],\"articleSection\":[\"Svijet\"],\"inLanguage\":\"en-US\",\"potentialAction\":[{\"@type\":\"CommentAction\",\"name\":\"Comment\",\"target\":[\"https:\/\/odabrano.com\/index.php\/2024\/05\/18\/deseci-ubijenih-i-ranjenih-dok-izraelske-snage-prodiru-dublje-u-rafah-i-dzabaliju\/#respond\"]}]},{\"@type\":\"WebPage\",\"@id\":\"https:\/\/odabrano.com\/index.php\/2024\/05\/18\/deseci-ubijenih-i-ranjenih-dok-izraelske-snage-prodiru-dublje-u-rafah-i-dzabaliju\/\",\"url\":\"https:\/\/odabrano.com\/index.php\/2024\/05\/18\/deseci-ubijenih-i-ranjenih-dok-izraelske-snage-prodiru-dublje-u-rafah-i-dzabaliju\/\",\"name\":\"Deseci ubijenih i ranjenih dok izraelske snage prodiru dublje u Rafah i D\u017eabaliju - odabrano\",\"isPartOf\":{\"@id\":\"https:\/\/odabrano.com\/#website\"},\"datePublished\":\"2024-05-18T18:27:23+00:00\",\"dateModified\":\"2024-05-18T18:27:23+00:00\",\"breadcrumb\":{\"@id\":\"https:\/\/odabrano.com\/index.php\/2024\/05\/18\/deseci-ubijenih-i-ranjenih-dok-izraelske-snage-prodiru-dublje-u-rafah-i-dzabaliju\/#breadcrumb\"},\"inLanguage\":\"en-US\",\"potentialAction\":[{\"@type\":\"ReadAction\",\"target\":[\"https:\/\/odabrano.com\/index.php\/2024\/05\/18\/deseci-ubijenih-i-ranjenih-dok-izraelske-snage-prodiru-dublje-u-rafah-i-dzabaliju\/\"]}]},{\"@type\":\"BreadcrumbList\",\"@id\":\"https:\/\/odabrano.com\/index.php\/2024\/05\/18\/deseci-ubijenih-i-ranjenih-dok-izraelske-snage-prodiru-dublje-u-rafah-i-dzabaliju\/#breadcrumb\",\"itemListElement\":[{\"@type\":\"ListItem\",\"position\":1,\"name\":\"Home\",\"item\":\"https:\/\/odabrano.com\/\"},{\"@type\":\"ListItem\",\"position\":2,\"name\":\"Deseci ubijenih i ranjenih dok izraelske snage prodiru dublje u Rafah i D\u017eabaliju\"}]},{\"@type\":\"WebSite\",\"@id\":\"https:\/\/odabrano.com\/#website\",\"url\":\"https:\/\/odabrano.com\/\",\"name\":\"odabrano\",\"description\":\"news portal koji nudi odabrane vijesti i informacije\",\"publisher\":{\"@id\":\"https:\/\/odabrano.com\/#\/schema\/person\/460f2b14657879743f23c4f6a7cd3236\"},\"alternateName\":\"vijesti i informacije iz Hrvatske i svijeta\",\"potentialAction\":[{\"@type\":\"SearchAction\",\"target\":{\"@type\":\"EntryPoint\",\"urlTemplate\":\"https:\/\/odabrano.com\/?s={search_term_string}\"},\"query-input\":\"required name=search_term_string\"}],\"inLanguage\":\"en-US\"},{\"@type\":[\"Person\",\"Organization\"],\"@id\":\"https:\/\/odabrano.com\/#\/schema\/person\/460f2b14657879743f23c4f6a7cd3236\",\"name\":\"admin\",\"image\":{\"@type\":\"ImageObject\",\"inLanguage\":\"en-US\",\"@id\":\"https:\/\/odabrano.com\/#\/schema\/person\/image\/\",\"url\":\"https:\/\/odabrano.com\/wp-content\/uploads\/2024\/04\/dolar.jpg\",\"contentUrl\":\"https:\/\/odabrano.com\/wp-content\/uploads\/2024\/04\/dolar.jpg\",\"width\":1216,\"height\":519,\"caption\":\"admin\"},\"logo\":{\"@id\":\"https:\/\/odabrano.com\/#\/schema\/person\/image\/\"},\"sameAs\":[\"http:\/\/odabrano.com\"],\"url\":\"https:\/\/odabrano.com\/index.php\/author\/sokolneno_u3xb387h\/\"}]}<\/script>\n<!-- \/ Yoast SEO plugin. -->","yoast_head_json":{"title":"Deseci ubijenih i ranjenih dok izraelske snage prodiru dublje u Rafah i D\u017eabaliju - odabrano","robots":{"index":"index","follow":"follow","max-snippet":"max-snippet:-1","max-image-preview":"max-image-preview:large","max-video-preview":"max-video-preview:-1"},"canonical":"https:\/\/odabrano.com\/index.php\/2024\/05\/18\/deseci-ubijenih-i-ranjenih-dok-izraelske-snage-prodiru-dublje-u-rafah-i-dzabaliju\/","og_locale":"en_US","og_type":"article","og_title":"Deseci ubijenih i ranjenih dok izraelske snage prodiru dublje u Rafah i D\u017eabaliju - odabrano","og_description":"Izraelske vojne snage i tenkovi upali su u subotu dublje u dijelove sjevernog okruga pojasa Gaze koje su prethodno zaobi\u0161li u dosada\u0161njem sedmomjese\u010dnom ratu, pri \u010demu su ubili i ranili vi\u0161e desetaka Palestinaca, kazali su stanovnici i medicinsko osoblje. Izraelske su vojne snage zauzele i neka podru\u010dja Rafaha, ju\u017enoga grada uz egipatsku granicu, trenuta\u010dno prepunog &hellip;","og_url":"https:\/\/odabrano.com\/index.php\/2024\/05\/18\/deseci-ubijenih-i-ranjenih-dok-izraelske-snage-prodiru-dublje-u-rafah-i-dzabaliju\/","og_site_name":"odabrano","article_published_time":"2024-05-18T18:27:23+00:00","og_image":[{"width":790,"height":388,"url":"https:\/\/odabrano.com\/wp-content\/uploads\/2024\/05\/gaza2-1.jpg","type":"image\/jpeg"}],"author":"admin","twitter_card":"summary_large_image","twitter_misc":{"Written by":"admin","Est. reading time":"4 minutes"},"schema":{"@context":"https:\/\/schema.org","@graph":[{"@type":"Article","@id":"https:\/\/odabrano.com\/index.php\/2024\/05\/18\/deseci-ubijenih-i-ranjenih-dok-izraelske-snage-prodiru-dublje-u-rafah-i-dzabaliju\/#article","isPartOf":{"@id":"https:\/\/odabrano.com\/index.php\/2024\/05\/18\/deseci-ubijenih-i-ranjenih-dok-izraelske-snage-prodiru-dublje-u-rafah-i-dzabaliju\/"},"author":{"name":"admin","@id":"https:\/\/odabrano.com\/#\/schema\/person\/460f2b14657879743f23c4f6a7cd3236"},"headline":"Deseci ubijenih i ranjenih dok izraelske snage prodiru dublje u Rafah i D\u017eabaliju","datePublished":"2024-05-18T18:27:23+00:00","dateModified":"2024-05-18T18:27:23+00:00","mainEntityOfPage":{"@id":"https:\/\/odabrano.com\/index.php\/2024\/05\/18\/deseci-ubijenih-i-ranjenih-dok-izraelske-snage-prodiru-dublje-u-rafah-i-dzabaliju\/"},"wordCount":828,"commentCount":0,"publisher":{"@id":"https:\/\/odabrano.com\/#\/schema\/person\/460f2b14657879743f23c4f6a7cd3236"},"keywords":["d\u017eabalija","gaza","izrael","rafah"],"articleSection":["Svijet"],"inLanguage":"en-US","potentialAction":[{"@type":"CommentAction","name":"Comment","target":["https:\/\/odabrano.com\/index.php\/2024\/05\/18\/deseci-ubijenih-i-ranjenih-dok-izraelske-snage-prodiru-dublje-u-rafah-i-dzabaliju\/#respond"]}]},{"@type":"WebPage","@id":"https:\/\/odabrano.com\/index.php\/2024\/05\/18\/deseci-ubijenih-i-ranjenih-dok-izraelske-snage-prodiru-dublje-u-rafah-i-dzabaliju\/","url":"https:\/\/odabrano.com\/index.php\/2024\/05\/18\/deseci-ubijenih-i-ranjenih-dok-izraelske-snage-prodiru-dublje-u-rafah-i-dzabaliju\/","name":"Deseci ubijenih i ranjenih dok izraelske snage prodiru dublje u Rafah i D\u017eabaliju - odabrano","isPartOf":{"@id":"https:\/\/odabrano.com\/#website"},"datePublished":"2024-05-18T18:27:23+00:00","dateModified":"2024-05-18T18:27:23+00:00","breadcrumb":{"@id":"https:\/\/odabrano.com\/index.php\/2024\/05\/18\/deseci-ubijenih-i-ranjenih-dok-izraelske-snage-prodiru-dublje-u-rafah-i-dzabaliju\/#breadcrumb"},"inLanguage":"en-US","potentialAction":[{"@type":"ReadAction","target":["https:\/\/odabrano.com\/index.php\/2024\/05\/18\/deseci-ubijenih-i-ranjenih-dok-izraelske-snage-prodiru-dublje-u-rafah-i-dzabaliju\/"]}]},{"@type":"BreadcrumbList","@id":"https:\/\/odabrano.com\/index.php\/2024\/05\/18\/deseci-ubijenih-i-ranjenih-dok-izraelske-snage-prodiru-dublje-u-rafah-i-dzabaliju\/#breadcrumb","itemListElement":[{"@type":"ListItem","position":1,"name":"Home","item":"https:\/\/odabrano.com\/"},{"@type":"ListItem","position":2,"name":"Deseci ubijenih i ranjenih dok izraelske snage prodiru dublje u Rafah i D\u017eabaliju"}]},{"@type":"WebSite","@id":"https:\/\/odabrano.com\/#website","url":"https:\/\/odabrano.com\/","name":"odabrano","description":"news portal koji nudi odabrane vijesti i informacije","publisher":{"@id":"https:\/\/odabrano.com\/#\/schema\/person\/460f2b14657879743f23c4f6a7cd3236"},"alternateName":"vijesti i informacije iz Hrvatske i svijeta","potentialAction":[{"@type":"SearchAction","target":{"@type":"EntryPoint","urlTemplate":"https:\/\/odabrano.com\/?s={search_term_string}"},"query-input":"required name=search_term_string"}],"inLanguage":"en-US"},{"@type":["Person","Organization"],"@id":"https:\/\/odabrano.com\/#\/schema\/person\/460f2b14657879743f23c4f6a7cd3236","name":"admin","image":{"@type":"ImageObject","inLanguage":"en-US","@id":"https:\/\/odabrano.com\/#\/schema\/person\/image\/","url":"https:\/\/odabrano.com\/wp-content\/uploads\/2024\/04\/dolar.jpg","contentUrl":"https:\/\/odabrano.com\/wp-content\/uploads\/2024\/04\/dolar.jpg","width":1216,"height":519,"caption":"admin"},"logo":{"@id":"https:\/\/odabrano.com\/#\/schema\/person\/image\/"},"sameAs":["http:\/\/odabrano.com"],"url":"https:\/\/odabrano.com\/index.php\/author\/sokolneno_u3xb387h\/"}]}},"_links":{"self":[{"href":"https:\/\/odabrano.com\/index.php\/wp-json\/wp\/v2\/posts\/2882","targetHints":{"allow":["GET"]}}],"collection":[{"href":"https:\/\/odabrano.com\/index.php\/wp-json\/wp\/v2\/posts"}],"about":[{"href":"https:\/\/odabrano.com\/index.php\/wp-json\/wp\/v2\/types\/post"}],"author":[{"embeddable":true,"href":"https:\/\/odabrano.com\/index.php\/wp-json\/wp\/v2\/users\/1"}],"replies":[{"embeddable":true,"href":"https:\/\/odabrano.com\/index.php\/wp-json\/wp\/v2\/comments?post=2882"}],"version-history":[{"count":1,"href":"https:\/\/odabrano.com\/index.php\/wp-json\/wp\/v2\/posts\/2882\/revisions"}],"predecessor-version":[{"id":2884,"href":"https:\/\/odabrano.com\/index.php\/wp-json\/wp\/v2\/posts\/2882\/revisions\/2884"}],"wp:featuredmedia":[{"embeddable":true,"href":"https:\/\/odabrano.com\/index.php\/wp-json\/wp\/v2\/media\/2883"}],"wp:attachment":[{"href":"https:\/\/odabrano.com\/index.php\/wp-json\/wp\/v2\/media?parent=2882"}],"wp:term":[{"taxonomy":"category","embeddable":true,"href":"https:\/\/odabrano.com\/index.php\/wp-json\/wp\/v2\/categories?post=2882"},{"taxonomy":"post_tag","embeddable":true,"href":"https:\/\/odabrano.com\/index.php\/wp-json\/wp\/v2\/tags?post=2882"}],"curies":[{"name":"wp","href":"https:\/\/api.w.org\/{rel}","templated":true}]}}