{"id":2855,"date":"2024-05-18T05:31:10","date_gmt":"2024-05-18T03:31:10","guid":{"rendered":"http:\/\/odabrano.com\/?p=2855"},"modified":"2024-05-18T05:31:12","modified_gmt":"2024-05-18T03:31:12","slug":"trinaest-ozlijedenih-u-sudaru-vlakova-u-beogradu","status":"publish","type":"post","link":"https:\/\/odabrano.com\/index.php\/2024\/05\/18\/trinaest-ozlijedenih-u-sudaru-vlakova-u-beogradu\/","title":{"rendered":"Trinaest ozlije\u0111enih u sudaru vlakova u Beogradu"},"content":{"rendered":"\n<p><strong>Putni\u010dki i teretni vlak sudarili su se u Beogradu oko 18.30, prenose srpski mediji<\/strong><\/p>\n\n\n\n<p>Jedan putni\u010dki i jedan tereni vlak sudarili su se sino\u0107 u petak oko 18.30 u podzemnom tunelu izme\u0111u gradske \u010detvrti Vukov spomenik i Pan\u010deva\u010dkog mosta u Beogradu, pi\u0161e\u00a0<a href=\"https:\/\/nova.rs\/vesti\/hronika\/sudar-dva-voza-u-tunelu-kod-vukovog-spomenika-ima-tesko-povredjenih\/\" target=\"_blank\" rel=\"noreferrer noopener\">Nova.rs<\/a>. Na terenu se nalaze vatrogasci, a upu\u0107ene su \u010detiri ekipe Hitne pomo\u0107i. Sudar se dogodio, objavila je dr\u017eavna televizija RTS, u tunelu na oko 400 metara od ulaza kod Pan\u010deva\u010dkog mosta.<\/p>\n\n\n\n<p>RTS je objavio da im je iz \u017deljeznica Srbije re\u010deno da su dvije osobe ozlije\u0111ene Ministar unutarnjih poslova Srbije&nbsp;<strong>Ivica Da\u010di\u0107&nbsp;<\/strong>izjavio je za&nbsp;<a href=\"https:\/\/rts.rs\/lat\/vesti\/hronika\/5443336\/sudar-teretnog-i-putnickog-voza-u-tunelu-vukov-spomenik-pancevac---sumnja-se-da-ima-povredjenih-hitna-pomoc-i-vatrogasci-na-terenu.html\" target=\"_blank\" rel=\"noreferrer noopener\">RTS&nbsp;<\/a>da je evakuirano devet osoba.<\/p>\n\n\n\n<p>&#8216;Odmah po primljenoj dojavi da je do\u0161lo do sudara, na lice mjesta su iza\u0161le jake policijske snage, kao i 25 vatrogasaca-spasilaca sa sedam vozila, s obzirom na to da ekipe Hitne pomo\u0107i nisu mogle pri\u0107i mjestu sudara&#8217;, rekao je ministar. Dodao je da su vatrogasci uspjeli do\u0107i do osoba u tunelu i da su evakuirali devet ozlije\u0111enih koje su predali ekipama Hitne pomo\u0107i. Da\u010di\u0107 je naglasio da najva\u017enije da u sudaru nije bilo poginulih. Ministar prometa&nbsp;<strong>Goran Vesi\u0107&nbsp;<\/strong>rekao je da \u0107e promet kroz podzemni tunel biti normaliziran najkasnije do sutra u podne.<\/p>\n","protected":false},"excerpt":{"rendered":"<p>Putni\u010dki i teretni vlak sudarili su se u Beogradu oko 18.30, prenose srpski mediji Jedan putni\u010dki i jedan tereni vlak sudarili su se sino\u0107 u petak oko 18.30 u podzemnom tunelu izme\u0111u gradske \u010detvrti Vukov spomenik i Pan\u010deva\u010dkog mosta u Beogradu, pi\u0161e\u00a0Nova.rs. Na terenu se nalaze vatrogasci, a upu\u0107ene su \u010detiri ekipe Hitne pomo\u0107i. Sudar &hellip;<\/p>\n","protected":false},"author":1,"featured_media":2856,"comment_status":"closed","ping_status":"open","sticky":false,"template":"","format":"standard","meta":{"_monsterinsights_skip_tracking":false,"_monsterinsights_sitenote_active":false,"_monsterinsights_sitenote_note":"","_monsterinsights_sitenote_category":0,"footnotes":""},"categories":[6],"tags":[592,606],"class_list":["post-2855","post","type-post","status-publish","format-standard","has-post-thumbnail","","category-istok","tag-beograd","tag-sudar-vlakova"],"yoast_head":"<!-- This site is optimized with the Yoast SEO plugin v22.1 - https:\/\/yoast.com\/wordpress\/plugins\/seo\/ -->\n<title>Trinaest ozlije\u0111enih u sudaru vlakova u Beogradu - odabrano<\/title>\n<meta name=\"robots\" content=\"index, follow, max-snippet:-1, max-image-preview:large, max-video-preview:-1\" \/>\n<link rel=\"canonical\" href=\"https:\/\/odabrano.com\/index.php\/2024\/05\/18\/trinaest-ozlijedenih-u-sudaru-vlakova-u-beogradu\/\" \/>\n<meta property=\"og:locale\" content=\"en_US\" \/>\n<meta property=\"og:type\" content=\"article\" \/>\n<meta property=\"og:title\" content=\"Trinaest ozlije\u0111enih u sudaru vlakova u Beogradu - odabrano\" \/>\n<meta property=\"og:description\" content=\"Putni\u010dki i teretni vlak sudarili su se u Beogradu oko 18.30, prenose srpski mediji Jedan putni\u010dki i jedan tereni vlak sudarili su se sino\u0107 u petak oko 18.30 u podzemnom tunelu izme\u0111u gradske \u010detvrti Vukov spomenik i Pan\u010deva\u010dkog mosta u Beogradu, pi\u0161e\u00a0Nova.rs. Na terenu se nalaze vatrogasci, a upu\u0107ene su \u010detiri ekipe Hitne pomo\u0107i. Sudar &hellip;\" \/>\n<meta property=\"og:url\" content=\"https:\/\/odabrano.com\/index.php\/2024\/05\/18\/trinaest-ozlijedenih-u-sudaru-vlakova-u-beogradu\/\" \/>\n<meta property=\"og:site_name\" content=\"odabrano\" \/>\n<meta property=\"article:published_time\" content=\"2024-05-18T03:31:10+00:00\" \/>\n<meta property=\"article:modified_time\" content=\"2024-05-18T03:31:12+00:00\" \/>\n<meta property=\"og:image\" content=\"https:\/\/odabrano.com\/wp-content\/uploads\/2024\/05\/vlakovi.jpeg\" \/>\n\t<meta property=\"og:image:width\" content=\"1000\" \/>\n\t<meta property=\"og:image:height\" content=\"643\" \/>\n\t<meta property=\"og:image:type\" content=\"image\/jpeg\" \/>\n<meta name=\"author\" content=\"admin\" \/>\n<meta name=\"twitter:card\" content=\"summary_large_image\" \/>\n<meta name=\"twitter:label1\" content=\"Written by\" \/>\n\t<meta name=\"twitter:data1\" content=\"admin\" \/>\n\t<meta name=\"twitter:label2\" content=\"Est. reading time\" \/>\n\t<meta name=\"twitter:data2\" content=\"2 minutes\" \/>\n<script type=\"application\/ld+json\" class=\"yoast-schema-graph\">{\"@context\":\"https:\/\/schema.org\",\"@graph\":[{\"@type\":\"Article\",\"@id\":\"https:\/\/odabrano.com\/index.php\/2024\/05\/18\/trinaest-ozlijedenih-u-sudaru-vlakova-u-beogradu\/#article\",\"isPartOf\":{\"@id\":\"https:\/\/odabrano.com\/index.php\/2024\/05\/18\/trinaest-ozlijedenih-u-sudaru-vlakova-u-beogradu\/\"},\"author\":{\"name\":\"admin\",\"@id\":\"https:\/\/odabrano.com\/#\/schema\/person\/460f2b14657879743f23c4f6a7cd3236\"},\"headline\":\"Trinaest ozlije\u0111enih u sudaru vlakova u Beogradu\",\"datePublished\":\"2024-05-18T03:31:10+00:00\",\"dateModified\":\"2024-05-18T03:31:12+00:00\",\"mainEntityOfPage\":{\"@id\":\"https:\/\/odabrano.com\/index.php\/2024\/05\/18\/trinaest-ozlijedenih-u-sudaru-vlakova-u-beogradu\/\"},\"wordCount\":231,\"publisher\":{\"@id\":\"https:\/\/odabrano.com\/#\/schema\/person\/460f2b14657879743f23c4f6a7cd3236\"},\"keywords\":[\"beograd\",\"sudar vlakova\"],\"articleSection\":[\"Istok\"],\"inLanguage\":\"en-US\"},{\"@type\":\"WebPage\",\"@id\":\"https:\/\/odabrano.com\/index.php\/2024\/05\/18\/trinaest-ozlijedenih-u-sudaru-vlakova-u-beogradu\/\",\"url\":\"https:\/\/odabrano.com\/index.php\/2024\/05\/18\/trinaest-ozlijedenih-u-sudaru-vlakova-u-beogradu\/\",\"name\":\"Trinaest ozlije\u0111enih u sudaru vlakova u Beogradu - odabrano\",\"isPartOf\":{\"@id\":\"https:\/\/odabrano.com\/#website\"},\"datePublished\":\"2024-05-18T03:31:10+00:00\",\"dateModified\":\"2024-05-18T03:31:12+00:00\",\"breadcrumb\":{\"@id\":\"https:\/\/odabrano.com\/index.php\/2024\/05\/18\/trinaest-ozlijedenih-u-sudaru-vlakova-u-beogradu\/#breadcrumb\"},\"inLanguage\":\"en-US\",\"potentialAction\":[{\"@type\":\"ReadAction\",\"target\":[\"https:\/\/odabrano.com\/index.php\/2024\/05\/18\/trinaest-ozlijedenih-u-sudaru-vlakova-u-beogradu\/\"]}]},{\"@type\":\"BreadcrumbList\",\"@id\":\"https:\/\/odabrano.com\/index.php\/2024\/05\/18\/trinaest-ozlijedenih-u-sudaru-vlakova-u-beogradu\/#breadcrumb\",\"itemListElement\":[{\"@type\":\"ListItem\",\"position\":1,\"name\":\"Home\",\"item\":\"https:\/\/odabrano.com\/\"},{\"@type\":\"ListItem\",\"position\":2,\"name\":\"Trinaest ozlije\u0111enih u sudaru vlakova u Beogradu\"}]},{\"@type\":\"WebSite\",\"@id\":\"https:\/\/odabrano.com\/#website\",\"url\":\"https:\/\/odabrano.com\/\",\"name\":\"odabrano\",\"description\":\"news portal koji nudi odabrane vijesti i informacije\",\"publisher\":{\"@id\":\"https:\/\/odabrano.com\/#\/schema\/person\/460f2b14657879743f23c4f6a7cd3236\"},\"alternateName\":\"vijesti i informacije iz Hrvatske i svijeta\",\"potentialAction\":[{\"@type\":\"SearchAction\",\"target\":{\"@type\":\"EntryPoint\",\"urlTemplate\":\"https:\/\/odabrano.com\/?s={search_term_string}\"},\"query-input\":\"required name=search_term_string\"}],\"inLanguage\":\"en-US\"},{\"@type\":[\"Person\",\"Organization\"],\"@id\":\"https:\/\/odabrano.com\/#\/schema\/person\/460f2b14657879743f23c4f6a7cd3236\",\"name\":\"admin\",\"image\":{\"@type\":\"ImageObject\",\"inLanguage\":\"en-US\",\"@id\":\"https:\/\/odabrano.com\/#\/schema\/person\/image\/\",\"url\":\"https:\/\/odabrano.com\/wp-content\/uploads\/2024\/04\/dolar.jpg\",\"contentUrl\":\"https:\/\/odabrano.com\/wp-content\/uploads\/2024\/04\/dolar.jpg\",\"width\":1216,\"height\":519,\"caption\":\"admin\"},\"logo\":{\"@id\":\"https:\/\/odabrano.com\/#\/schema\/person\/image\/\"},\"sameAs\":[\"http:\/\/odabrano.com\"],\"url\":\"https:\/\/odabrano.com\/index.php\/author\/sokolneno_u3xb387h\/\"}]}<\/script>\n<!-- \/ Yoast SEO plugin. -->","yoast_head_json":{"title":"Trinaest ozlije\u0111enih u sudaru vlakova u Beogradu - odabrano","robots":{"index":"index","follow":"follow","max-snippet":"max-snippet:-1","max-image-preview":"max-image-preview:large","max-video-preview":"max-video-preview:-1"},"canonical":"https:\/\/odabrano.com\/index.php\/2024\/05\/18\/trinaest-ozlijedenih-u-sudaru-vlakova-u-beogradu\/","og_locale":"en_US","og_type":"article","og_title":"Trinaest ozlije\u0111enih u sudaru vlakova u Beogradu - odabrano","og_description":"Putni\u010dki i teretni vlak sudarili su se u Beogradu oko 18.30, prenose srpski mediji Jedan putni\u010dki i jedan tereni vlak sudarili su se sino\u0107 u petak oko 18.30 u podzemnom tunelu izme\u0111u gradske \u010detvrti Vukov spomenik i Pan\u010deva\u010dkog mosta u Beogradu, pi\u0161e\u00a0Nova.rs. Na terenu se nalaze vatrogasci, a upu\u0107ene su \u010detiri ekipe Hitne pomo\u0107i. Sudar &hellip;","og_url":"https:\/\/odabrano.com\/index.php\/2024\/05\/18\/trinaest-ozlijedenih-u-sudaru-vlakova-u-beogradu\/","og_site_name":"odabrano","article_published_time":"2024-05-18T03:31:10+00:00","article_modified_time":"2024-05-18T03:31:12+00:00","og_image":[{"width":1000,"height":643,"url":"https:\/\/odabrano.com\/wp-content\/uploads\/2024\/05\/vlakovi.jpeg","type":"image\/jpeg"}],"author":"admin","twitter_card":"summary_large_image","twitter_misc":{"Written by":"admin","Est. reading time":"2 minutes"},"schema":{"@context":"https:\/\/schema.org","@graph":[{"@type":"Article","@id":"https:\/\/odabrano.com\/index.php\/2024\/05\/18\/trinaest-ozlijedenih-u-sudaru-vlakova-u-beogradu\/#article","isPartOf":{"@id":"https:\/\/odabrano.com\/index.php\/2024\/05\/18\/trinaest-ozlijedenih-u-sudaru-vlakova-u-beogradu\/"},"author":{"name":"admin","@id":"https:\/\/odabrano.com\/#\/schema\/person\/460f2b14657879743f23c4f6a7cd3236"},"headline":"Trinaest ozlije\u0111enih u sudaru vlakova u Beogradu","datePublished":"2024-05-18T03:31:10+00:00","dateModified":"2024-05-18T03:31:12+00:00","mainEntityOfPage":{"@id":"https:\/\/odabrano.com\/index.php\/2024\/05\/18\/trinaest-ozlijedenih-u-sudaru-vlakova-u-beogradu\/"},"wordCount":231,"publisher":{"@id":"https:\/\/odabrano.com\/#\/schema\/person\/460f2b14657879743f23c4f6a7cd3236"},"keywords":["beograd","sudar vlakova"],"articleSection":["Istok"],"inLanguage":"en-US"},{"@type":"WebPage","@id":"https:\/\/odabrano.com\/index.php\/2024\/05\/18\/trinaest-ozlijedenih-u-sudaru-vlakova-u-beogradu\/","url":"https:\/\/odabrano.com\/index.php\/2024\/05\/18\/trinaest-ozlijedenih-u-sudaru-vlakova-u-beogradu\/","name":"Trinaest ozlije\u0111enih u sudaru vlakova u Beogradu - odabrano","isPartOf":{"@id":"https:\/\/odabrano.com\/#website"},"datePublished":"2024-05-18T03:31:10+00:00","dateModified":"2024-05-18T03:31:12+00:00","breadcrumb":{"@id":"https:\/\/odabrano.com\/index.php\/2024\/05\/18\/trinaest-ozlijedenih-u-sudaru-vlakova-u-beogradu\/#breadcrumb"},"inLanguage":"en-US","potentialAction":[{"@type":"ReadAction","target":["https:\/\/odabrano.com\/index.php\/2024\/05\/18\/trinaest-ozlijedenih-u-sudaru-vlakova-u-beogradu\/"]}]},{"@type":"BreadcrumbList","@id":"https:\/\/odabrano.com\/index.php\/2024\/05\/18\/trinaest-ozlijedenih-u-sudaru-vlakova-u-beogradu\/#breadcrumb","itemListElement":[{"@type":"ListItem","position":1,"name":"Home","item":"https:\/\/odabrano.com\/"},{"@type":"ListItem","position":2,"name":"Trinaest ozlije\u0111enih u sudaru vlakova u Beogradu"}]},{"@type":"WebSite","@id":"https:\/\/odabrano.com\/#website","url":"https:\/\/odabrano.com\/","name":"odabrano","description":"news portal koji nudi odabrane vijesti i informacije","publisher":{"@id":"https:\/\/odabrano.com\/#\/schema\/person\/460f2b14657879743f23c4f6a7cd3236"},"alternateName":"vijesti i informacije iz Hrvatske i svijeta","potentialAction":[{"@type":"SearchAction","target":{"@type":"EntryPoint","urlTemplate":"https:\/\/odabrano.com\/?s={search_term_string}"},"query-input":"required name=search_term_string"}],"inLanguage":"en-US"},{"@type":["Person","Organization"],"@id":"https:\/\/odabrano.com\/#\/schema\/person\/460f2b14657879743f23c4f6a7cd3236","name":"admin","image":{"@type":"ImageObject","inLanguage":"en-US","@id":"https:\/\/odabrano.com\/#\/schema\/person\/image\/","url":"https:\/\/odabrano.com\/wp-content\/uploads\/2024\/04\/dolar.jpg","contentUrl":"https:\/\/odabrano.com\/wp-content\/uploads\/2024\/04\/dolar.jpg","width":1216,"height":519,"caption":"admin"},"logo":{"@id":"https:\/\/odabrano.com\/#\/schema\/person\/image\/"},"sameAs":["http:\/\/odabrano.com"],"url":"https:\/\/odabrano.com\/index.php\/author\/sokolneno_u3xb387h\/"}]}},"_links":{"self":[{"href":"https:\/\/odabrano.com\/index.php\/wp-json\/wp\/v2\/posts\/2855","targetHints":{"allow":["GET"]}}],"collection":[{"href":"https:\/\/odabrano.com\/index.php\/wp-json\/wp\/v2\/posts"}],"about":[{"href":"https:\/\/odabrano.com\/index.php\/wp-json\/wp\/v2\/types\/post"}],"author":[{"embeddable":true,"href":"https:\/\/odabrano.com\/index.php\/wp-json\/wp\/v2\/users\/1"}],"replies":[{"embeddable":true,"href":"https:\/\/odabrano.com\/index.php\/wp-json\/wp\/v2\/comments?post=2855"}],"version-history":[{"count":1,"href":"https:\/\/odabrano.com\/index.php\/wp-json\/wp\/v2\/posts\/2855\/revisions"}],"predecessor-version":[{"id":2857,"href":"https:\/\/odabrano.com\/index.php\/wp-json\/wp\/v2\/posts\/2855\/revisions\/2857"}],"wp:featuredmedia":[{"embeddable":true,"href":"https:\/\/odabrano.com\/index.php\/wp-json\/wp\/v2\/media\/2856"}],"wp:attachment":[{"href":"https:\/\/odabrano.com\/index.php\/wp-json\/wp\/v2\/media?parent=2855"}],"wp:term":[{"taxonomy":"category","embeddable":true,"href":"https:\/\/odabrano.com\/index.php\/wp-json\/wp\/v2\/categories?post=2855"},{"taxonomy":"post_tag","embeddable":true,"href":"https:\/\/odabrano.com\/index.php\/wp-json\/wp\/v2\/tags?post=2855"}],"curies":[{"name":"wp","href":"https:\/\/api.w.org\/{rel}","templated":true}]}}