{"id":2852,"date":"2024-05-17T23:10:49","date_gmt":"2024-05-17T21:10:49","guid":{"rendered":"http:\/\/odabrano.com\/?p=2852"},"modified":"2024-05-17T23:10:49","modified_gmt":"2024-05-17T21:10:49","slug":"sabor-izglasao-povjerenje-trecoj-vladi-premijera-andreja-plenkovica","status":"publish","type":"post","link":"https:\/\/odabrano.com\/index.php\/2024\/05\/17\/sabor-izglasao-povjerenje-trecoj-vladi-premijera-andreja-plenkovica\/","title":{"rendered":"Sabor izglasao povjerenje tre\u0107oj Vladi premijera Andreja Plenkovi\u0107a"},"content":{"rendered":"\n<p>Nakon cjelodnevne rasprave, Sabor Hrvatske je izglasao 16. Vladu od nezaviisnosti Hrvatske na \u010dijem je \u010delu Andrej Plenkovi\u0107.<\/p>\n\n\n\n<p>Plenkovi\u0107 je prethodno predstavio u Saboru program i \u010dlanove nove koalicijske Vlade koju su dogovorili HDZ i Domovinski pokret. Najavio je glavne odrednice i zada\u0107e svoje tre\u0107e Vlade u \u010detverogodi\u0161njem mandatu.<\/p>\n\n\n\n<p>Vladu je podr\u017ealo 79 zastupnika, protiv je bilo 61, a 1 suzdr\u017ean.<\/p>\n\n\n\n<p>Predsjednik Vlade Andrej Plenkovi\u0107 i \u010dlanovi Vlade polo\u017eili su zakletvu pred zastupnicima, obavezali su se da \u0107e svoju du\u017enost obavljati savjesno i \u010dasno, da \u0107e po\u0161tovati Ustav, zakone i pravni poredak te se zalagati za svekoliki napredak dr\u017eave.<\/p>\n\n\n\n<p>Saboru je u petak predstavljen i \u010detverogodi\u0161nji Program nove Vlade, temelji se na pet prioriteta: uspje\u0161noj, vitalnoj, pravednoj, odr\u017eivoj i suverenoj Hrvatskoj.<\/p>\n\n\n\n<p>U novom mandatu, Plenkovi\u0107eva Vlada najavljuje prosje\u010dnu neto pla\u0107u od 1600 eura, minimalnu bruto pla\u0107u od 1250 eura te otvaranje 125.000 novih radnih mjesta. Predvi\u0111a i rastere\u0107enje gospodarstva za dodatnih 135 miliona eura neporeznih i parafiskalnih nameta, poticanje privatnih istra\u017eiva\u010dko-razvojnih projekata u iznosu ve\u0107em od 250 miliona eura. Za modernizaciju \u017eeljezni\u010dkog prometa u idu\u0107ih deset godina ulo\u017eit \u0107e se \u0161est milijardi eura u \u017eeljezni\u010dku infrastrukturu.<\/p>\n\n\n\n<p>Do 2030. godine, stoji u programu nove Vlade, osigurat \u0107e se mjesto u vrti\u0107u za svako dijete, a od \u0161kolske 2027.\/28. godine jednosmjenska nastava. Plenkovi\u0107eva tre\u0107a Vlada tako\u0111er planira udvostru\u010diti jednokratnu nov\u010danu potporu za novoro\u0111eno dijete, dati godinu dana mirovinskog sta\u017ea majkama za svako ro\u0111eno dijete, te pove\u0107ati nov\u010dane naknade za kori\u0161tenje prava na roditeljski dopust zaposlenih i samozaposlenih roditelja.<\/p>\n\n\n\n<p>Pove\u0107at \u0107e i iznose doplatka za djecu za sve skupine korisnika, te minimalnu studentsku satnicu na 7,81 eura. Usto, do kraja njenog mandata, mirovine bi se trebale pove\u0107ati za najmanje 30 posto te \u0107e prosje\u010dna mirovina iznositi najmanje 750 eura, a za 30 posto pove\u0107at \u0107e se i socijalne naknade.<\/p>\n\n\n\n<p>Vlada najavljuje smanjenje listi \u010dekanja u zdravstvu na sve pretrage za dodatnih 30%, pove\u0107anje vrijednosti poljoprivredne proizvodnje za dodatnih 30%, na vrijednost od 3,8 milijarde eura.<\/p>\n","protected":false},"excerpt":{"rendered":"<p>Nakon cjelodnevne rasprave, Sabor Hrvatske je izglasao 16. Vladu od nezaviisnosti Hrvatske na \u010dijem je \u010delu Andrej Plenkovi\u0107. Plenkovi\u0107 je prethodno predstavio u Saboru program i \u010dlanove nove koalicijske Vlade koju su dogovorili HDZ i Domovinski pokret. Najavio je glavne odrednice i zada\u0107e svoje tre\u0107e Vlade u \u010detverogodi\u0161njem mandatu. Vladu je podr\u017ealo 79 zastupnika, protiv &hellip;<\/p>\n","protected":false},"author":1,"featured_media":2853,"comment_status":"closed","ping_status":"open","sticky":false,"template":"","format":"standard","meta":{"_monsterinsights_skip_tracking":false,"_monsterinsights_sitenote_active":false,"_monsterinsights_sitenote_note":"","_monsterinsights_sitenote_category":0,"footnotes":""},"categories":[25],"tags":[130,159,312,313],"class_list":["post-2852","post","type-post","status-publish","format-standard","has-post-thumbnail","","category-hrvatska","tag-dp","tag-hdz","tag-plenkovic","tag-vlada"],"yoast_head":"<!-- This site is optimized with the Yoast SEO plugin v22.1 - https:\/\/yoast.com\/wordpress\/plugins\/seo\/ -->\n<title>Sabor izglasao povjerenje tre\u0107oj Vladi premijera Andreja Plenkovi\u0107a - odabrano<\/title>\n<meta name=\"robots\" content=\"index, follow, max-snippet:-1, max-image-preview:large, max-video-preview:-1\" \/>\n<link rel=\"canonical\" href=\"https:\/\/odabrano.com\/index.php\/2024\/05\/17\/sabor-izglasao-povjerenje-trecoj-vladi-premijera-andreja-plenkovica\/\" \/>\n<meta property=\"og:locale\" content=\"en_US\" \/>\n<meta property=\"og:type\" content=\"article\" \/>\n<meta property=\"og:title\" content=\"Sabor izglasao povjerenje tre\u0107oj Vladi premijera Andreja Plenkovi\u0107a - odabrano\" \/>\n<meta property=\"og:description\" content=\"Nakon cjelodnevne rasprave, Sabor Hrvatske je izglasao 16. Vladu od nezaviisnosti Hrvatske na \u010dijem je \u010delu Andrej Plenkovi\u0107. Plenkovi\u0107 je prethodno predstavio u Saboru program i \u010dlanove nove koalicijske Vlade koju su dogovorili HDZ i Domovinski pokret. Najavio je glavne odrednice i zada\u0107e svoje tre\u0107e Vlade u \u010detverogodi\u0161njem mandatu. Vladu je podr\u017ealo 79 zastupnika, protiv &hellip;\" \/>\n<meta property=\"og:url\" content=\"https:\/\/odabrano.com\/index.php\/2024\/05\/17\/sabor-izglasao-povjerenje-trecoj-vladi-premijera-andreja-plenkovica\/\" \/>\n<meta property=\"og:site_name\" content=\"odabrano\" \/>\n<meta property=\"article:published_time\" content=\"2024-05-17T21:10:49+00:00\" \/>\n<meta property=\"og:image\" content=\"https:\/\/odabrano.com\/wp-content\/uploads\/2024\/05\/vlada.webp\" \/>\n\t<meta property=\"og:image:width\" content=\"1920\" \/>\n\t<meta property=\"og:image:height\" content=\"1276\" \/>\n\t<meta property=\"og:image:type\" content=\"image\/webp\" \/>\n<meta name=\"author\" content=\"admin\" \/>\n<meta name=\"twitter:card\" content=\"summary_large_image\" \/>\n<meta name=\"twitter:label1\" content=\"Written by\" \/>\n\t<meta name=\"twitter:data1\" content=\"admin\" \/>\n\t<meta name=\"twitter:label2\" content=\"Est. reading time\" \/>\n\t<meta name=\"twitter:data2\" content=\"2 minutes\" \/>\n<script type=\"application\/ld+json\" class=\"yoast-schema-graph\">{\"@context\":\"https:\/\/schema.org\",\"@graph\":[{\"@type\":\"Article\",\"@id\":\"https:\/\/odabrano.com\/index.php\/2024\/05\/17\/sabor-izglasao-povjerenje-trecoj-vladi-premijera-andreja-plenkovica\/#article\",\"isPartOf\":{\"@id\":\"https:\/\/odabrano.com\/index.php\/2024\/05\/17\/sabor-izglasao-povjerenje-trecoj-vladi-premijera-andreja-plenkovica\/\"},\"author\":{\"name\":\"admin\",\"@id\":\"https:\/\/odabrano.com\/#\/schema\/person\/460f2b14657879743f23c4f6a7cd3236\"},\"headline\":\"Sabor izglasao povjerenje tre\u0107oj Vladi premijera Andreja Plenkovi\u0107a\",\"datePublished\":\"2024-05-17T21:10:49+00:00\",\"dateModified\":\"2024-05-17T21:10:49+00:00\",\"mainEntityOfPage\":{\"@id\":\"https:\/\/odabrano.com\/index.php\/2024\/05\/17\/sabor-izglasao-povjerenje-trecoj-vladi-premijera-andreja-plenkovica\/\"},\"wordCount\":356,\"publisher\":{\"@id\":\"https:\/\/odabrano.com\/#\/schema\/person\/460f2b14657879743f23c4f6a7cd3236\"},\"keywords\":[\"dp\",\"hdz\",\"plenkovi\u0107\",\"vlada\"],\"articleSection\":[\"Hrvatska\"],\"inLanguage\":\"en-US\"},{\"@type\":\"WebPage\",\"@id\":\"https:\/\/odabrano.com\/index.php\/2024\/05\/17\/sabor-izglasao-povjerenje-trecoj-vladi-premijera-andreja-plenkovica\/\",\"url\":\"https:\/\/odabrano.com\/index.php\/2024\/05\/17\/sabor-izglasao-povjerenje-trecoj-vladi-premijera-andreja-plenkovica\/\",\"name\":\"Sabor izglasao povjerenje tre\u0107oj Vladi premijera Andreja Plenkovi\u0107a - odabrano\",\"isPartOf\":{\"@id\":\"https:\/\/odabrano.com\/#website\"},\"datePublished\":\"2024-05-17T21:10:49+00:00\",\"dateModified\":\"2024-05-17T21:10:49+00:00\",\"breadcrumb\":{\"@id\":\"https:\/\/odabrano.com\/index.php\/2024\/05\/17\/sabor-izglasao-povjerenje-trecoj-vladi-premijera-andreja-plenkovica\/#breadcrumb\"},\"inLanguage\":\"en-US\",\"potentialAction\":[{\"@type\":\"ReadAction\",\"target\":[\"https:\/\/odabrano.com\/index.php\/2024\/05\/17\/sabor-izglasao-povjerenje-trecoj-vladi-premijera-andreja-plenkovica\/\"]}]},{\"@type\":\"BreadcrumbList\",\"@id\":\"https:\/\/odabrano.com\/index.php\/2024\/05\/17\/sabor-izglasao-povjerenje-trecoj-vladi-premijera-andreja-plenkovica\/#breadcrumb\",\"itemListElement\":[{\"@type\":\"ListItem\",\"position\":1,\"name\":\"Home\",\"item\":\"https:\/\/odabrano.com\/\"},{\"@type\":\"ListItem\",\"position\":2,\"name\":\"Sabor izglasao povjerenje tre\u0107oj Vladi premijera Andreja Plenkovi\u0107a\"}]},{\"@type\":\"WebSite\",\"@id\":\"https:\/\/odabrano.com\/#website\",\"url\":\"https:\/\/odabrano.com\/\",\"name\":\"odabrano\",\"description\":\"news portal koji nudi odabrane vijesti i informacije\",\"publisher\":{\"@id\":\"https:\/\/odabrano.com\/#\/schema\/person\/460f2b14657879743f23c4f6a7cd3236\"},\"alternateName\":\"vijesti i informacije iz Hrvatske i svijeta\",\"potentialAction\":[{\"@type\":\"SearchAction\",\"target\":{\"@type\":\"EntryPoint\",\"urlTemplate\":\"https:\/\/odabrano.com\/?s={search_term_string}\"},\"query-input\":\"required name=search_term_string\"}],\"inLanguage\":\"en-US\"},{\"@type\":[\"Person\",\"Organization\"],\"@id\":\"https:\/\/odabrano.com\/#\/schema\/person\/460f2b14657879743f23c4f6a7cd3236\",\"name\":\"admin\",\"image\":{\"@type\":\"ImageObject\",\"inLanguage\":\"en-US\",\"@id\":\"https:\/\/odabrano.com\/#\/schema\/person\/image\/\",\"url\":\"https:\/\/odabrano.com\/wp-content\/uploads\/2024\/04\/dolar.jpg\",\"contentUrl\":\"https:\/\/odabrano.com\/wp-content\/uploads\/2024\/04\/dolar.jpg\",\"width\":1216,\"height\":519,\"caption\":\"admin\"},\"logo\":{\"@id\":\"https:\/\/odabrano.com\/#\/schema\/person\/image\/\"},\"sameAs\":[\"http:\/\/odabrano.com\"],\"url\":\"https:\/\/odabrano.com\/index.php\/author\/sokolneno_u3xb387h\/\"}]}<\/script>\n<!-- \/ Yoast SEO plugin. -->","yoast_head_json":{"title":"Sabor izglasao povjerenje tre\u0107oj Vladi premijera Andreja Plenkovi\u0107a - odabrano","robots":{"index":"index","follow":"follow","max-snippet":"max-snippet:-1","max-image-preview":"max-image-preview:large","max-video-preview":"max-video-preview:-1"},"canonical":"https:\/\/odabrano.com\/index.php\/2024\/05\/17\/sabor-izglasao-povjerenje-trecoj-vladi-premijera-andreja-plenkovica\/","og_locale":"en_US","og_type":"article","og_title":"Sabor izglasao povjerenje tre\u0107oj Vladi premijera Andreja Plenkovi\u0107a - odabrano","og_description":"Nakon cjelodnevne rasprave, Sabor Hrvatske je izglasao 16. Vladu od nezaviisnosti Hrvatske na \u010dijem je \u010delu Andrej Plenkovi\u0107. Plenkovi\u0107 je prethodno predstavio u Saboru program i \u010dlanove nove koalicijske Vlade koju su dogovorili HDZ i Domovinski pokret. Najavio je glavne odrednice i zada\u0107e svoje tre\u0107e Vlade u \u010detverogodi\u0161njem mandatu. Vladu je podr\u017ealo 79 zastupnika, protiv &hellip;","og_url":"https:\/\/odabrano.com\/index.php\/2024\/05\/17\/sabor-izglasao-povjerenje-trecoj-vladi-premijera-andreja-plenkovica\/","og_site_name":"odabrano","article_published_time":"2024-05-17T21:10:49+00:00","og_image":[{"width":1920,"height":1276,"url":"https:\/\/odabrano.com\/wp-content\/uploads\/2024\/05\/vlada.webp","type":"image\/webp"}],"author":"admin","twitter_card":"summary_large_image","twitter_misc":{"Written by":"admin","Est. reading time":"2 minutes"},"schema":{"@context":"https:\/\/schema.org","@graph":[{"@type":"Article","@id":"https:\/\/odabrano.com\/index.php\/2024\/05\/17\/sabor-izglasao-povjerenje-trecoj-vladi-premijera-andreja-plenkovica\/#article","isPartOf":{"@id":"https:\/\/odabrano.com\/index.php\/2024\/05\/17\/sabor-izglasao-povjerenje-trecoj-vladi-premijera-andreja-plenkovica\/"},"author":{"name":"admin","@id":"https:\/\/odabrano.com\/#\/schema\/person\/460f2b14657879743f23c4f6a7cd3236"},"headline":"Sabor izglasao povjerenje tre\u0107oj Vladi premijera Andreja Plenkovi\u0107a","datePublished":"2024-05-17T21:10:49+00:00","dateModified":"2024-05-17T21:10:49+00:00","mainEntityOfPage":{"@id":"https:\/\/odabrano.com\/index.php\/2024\/05\/17\/sabor-izglasao-povjerenje-trecoj-vladi-premijera-andreja-plenkovica\/"},"wordCount":356,"publisher":{"@id":"https:\/\/odabrano.com\/#\/schema\/person\/460f2b14657879743f23c4f6a7cd3236"},"keywords":["dp","hdz","plenkovi\u0107","vlada"],"articleSection":["Hrvatska"],"inLanguage":"en-US"},{"@type":"WebPage","@id":"https:\/\/odabrano.com\/index.php\/2024\/05\/17\/sabor-izglasao-povjerenje-trecoj-vladi-premijera-andreja-plenkovica\/","url":"https:\/\/odabrano.com\/index.php\/2024\/05\/17\/sabor-izglasao-povjerenje-trecoj-vladi-premijera-andreja-plenkovica\/","name":"Sabor izglasao povjerenje tre\u0107oj Vladi premijera Andreja Plenkovi\u0107a - odabrano","isPartOf":{"@id":"https:\/\/odabrano.com\/#website"},"datePublished":"2024-05-17T21:10:49+00:00","dateModified":"2024-05-17T21:10:49+00:00","breadcrumb":{"@id":"https:\/\/odabrano.com\/index.php\/2024\/05\/17\/sabor-izglasao-povjerenje-trecoj-vladi-premijera-andreja-plenkovica\/#breadcrumb"},"inLanguage":"en-US","potentialAction":[{"@type":"ReadAction","target":["https:\/\/odabrano.com\/index.php\/2024\/05\/17\/sabor-izglasao-povjerenje-trecoj-vladi-premijera-andreja-plenkovica\/"]}]},{"@type":"BreadcrumbList","@id":"https:\/\/odabrano.com\/index.php\/2024\/05\/17\/sabor-izglasao-povjerenje-trecoj-vladi-premijera-andreja-plenkovica\/#breadcrumb","itemListElement":[{"@type":"ListItem","position":1,"name":"Home","item":"https:\/\/odabrano.com\/"},{"@type":"ListItem","position":2,"name":"Sabor izglasao povjerenje tre\u0107oj Vladi premijera Andreja Plenkovi\u0107a"}]},{"@type":"WebSite","@id":"https:\/\/odabrano.com\/#website","url":"https:\/\/odabrano.com\/","name":"odabrano","description":"news portal koji nudi odabrane vijesti i informacije","publisher":{"@id":"https:\/\/odabrano.com\/#\/schema\/person\/460f2b14657879743f23c4f6a7cd3236"},"alternateName":"vijesti i informacije iz Hrvatske i svijeta","potentialAction":[{"@type":"SearchAction","target":{"@type":"EntryPoint","urlTemplate":"https:\/\/odabrano.com\/?s={search_term_string}"},"query-input":"required name=search_term_string"}],"inLanguage":"en-US"},{"@type":["Person","Organization"],"@id":"https:\/\/odabrano.com\/#\/schema\/person\/460f2b14657879743f23c4f6a7cd3236","name":"admin","image":{"@type":"ImageObject","inLanguage":"en-US","@id":"https:\/\/odabrano.com\/#\/schema\/person\/image\/","url":"https:\/\/odabrano.com\/wp-content\/uploads\/2024\/04\/dolar.jpg","contentUrl":"https:\/\/odabrano.com\/wp-content\/uploads\/2024\/04\/dolar.jpg","width":1216,"height":519,"caption":"admin"},"logo":{"@id":"https:\/\/odabrano.com\/#\/schema\/person\/image\/"},"sameAs":["http:\/\/odabrano.com"],"url":"https:\/\/odabrano.com\/index.php\/author\/sokolneno_u3xb387h\/"}]}},"_links":{"self":[{"href":"https:\/\/odabrano.com\/index.php\/wp-json\/wp\/v2\/posts\/2852","targetHints":{"allow":["GET"]}}],"collection":[{"href":"https:\/\/odabrano.com\/index.php\/wp-json\/wp\/v2\/posts"}],"about":[{"href":"https:\/\/odabrano.com\/index.php\/wp-json\/wp\/v2\/types\/post"}],"author":[{"embeddable":true,"href":"https:\/\/odabrano.com\/index.php\/wp-json\/wp\/v2\/users\/1"}],"replies":[{"embeddable":true,"href":"https:\/\/odabrano.com\/index.php\/wp-json\/wp\/v2\/comments?post=2852"}],"version-history":[{"count":1,"href":"https:\/\/odabrano.com\/index.php\/wp-json\/wp\/v2\/posts\/2852\/revisions"}],"predecessor-version":[{"id":2854,"href":"https:\/\/odabrano.com\/index.php\/wp-json\/wp\/v2\/posts\/2852\/revisions\/2854"}],"wp:featuredmedia":[{"embeddable":true,"href":"https:\/\/odabrano.com\/index.php\/wp-json\/wp\/v2\/media\/2853"}],"wp:attachment":[{"href":"https:\/\/odabrano.com\/index.php\/wp-json\/wp\/v2\/media?parent=2852"}],"wp:term":[{"taxonomy":"category","embeddable":true,"href":"https:\/\/odabrano.com\/index.php\/wp-json\/wp\/v2\/categories?post=2852"},{"taxonomy":"post_tag","embeddable":true,"href":"https:\/\/odabrano.com\/index.php\/wp-json\/wp\/v2\/tags?post=2852"}],"curies":[{"name":"wp","href":"https:\/\/api.w.org\/{rel}","templated":true}]}}