{"id":2845,"date":"2024-05-17T19:57:37","date_gmt":"2024-05-17T17:57:37","guid":{"rendered":"http:\/\/odabrano.com\/?p=2845"},"modified":"2024-05-17T20:00:25","modified_gmt":"2024-05-17T18:00:25","slug":"slobodni-mediji-suoceni-su-s-udarima-novih-hrvatskih-celnika","status":"publish","type":"post","link":"https:\/\/odabrano.com\/index.php\/2024\/05\/17\/slobodni-mediji-suoceni-su-s-udarima-novih-hrvatskih-celnika\/","title":{"rendered":"Slobodni mediji suo\u010deni su s udarima novih hrvatskih \u010delnika"},"content":{"rendered":"\n<p>Nacionalisti koji se pridru\u017euju novoj koaliciji premijera Andreja Plenkovi\u0107a zatra\u017eili su smanjenje financiranja nezavisnih novina.<\/p>\n\n\n\n<p>Novinari u Hrvatskoj suo\u010deni su s valom napada i nasilnih prijetnji prista\u0161a krajnje desne stranke koja je upravo osvojila vlast u novoj koalicijskoj vladi.<\/p>\n\n\n\n<p>Stranka Domovinskog pokreta prijeti ga\u0161enjem jedne od glavnih hrvatskih neovisnih novinskih ku\u0107a Novosti i kuje planove za suzbijanje \u201cnedomoljubnog\u201d pona\u0161anja novinara u drugim medijima.<\/p>\n\n\n\n<p>Stranka je u petak objavila koalicijski dogovor s aktualnim premijerom Andrejom Plenkovi\u0107em , \u010dija stranka desnog centra nije osvojila ukupnu ve\u0107inu na izborima u travnju. Nova koalicija izazvala je uzbunu boraca za slobodan tisak.<\/p>\n\n\n\n<p>\u201cNa\u0161li smo se u situaciji da se na\u0161e kolege progla\u0161avaju dr\u017eavnim neprijateljima\u201d, rekao je Hrvoje Zovko, predsjednik Hrvatskog novinarskog dru\u0161tva.<\/p>\n\n\n\n<p>Tijekom konferencije za novinare u utorak, udruga je rekla da je do\u0161lo do porasta &#8220;prijetnji vrijednih prijetnji&#8221; protiv novinara, uklju\u010duju\u0107i prijetnje smr\u0107u i prijetnje napadom, koje policija istra\u017euje.<\/p>\n\n\n\n<p>\u201cPona\u0161anje Domovinskog pokreta trebalo bi zabrinuti gospodina Plenkovi\u0107a jer su mu sada koalicijski partneri\u201d, rekla je Zovko.<\/p>\n\n\n\n<p>Domovinskom pokretu poseban su trn u oku Novosti, tjednik poznat po istra\u017eiva\u010dkom novinarstvu i pra\u0107enju krajnje desnice. List djeluje kroz jedinstvenu shemu financiranja. Slu\u017ebeno, to su novine srpske manjine u Hrvatskoj i ne podlije\u017eu komercijalnim interesima ili reklamnim pritiscima. Umjesto toga, financira se iz hrvatskog dr\u017eavnog prora\u010duna.<\/p>\n\n\n\n<p>Zbog toga su Novosti jo\u0161 vi\u0161e prezrene od strane nacionalista, koji zamjeraju da su ti novinari tobo\u017ee pla\u0107eni iz hrvatskog prora\u010duna da kritiziraju dr\u017eavu. Nacionalisti su u koalicijskim pregovorima tra\u017eili da se ukine financiranje Novosti i da se &#8220;podvrgne slobodnom tr\u017ei\u0161tu&#8221;.<\/p>\n\n\n\n<p>Napade na novinare osudila je Europska federacija novinara, ocijeniv\u0161i da bi prihva\u0107anje zahtjeva Domovinskog pokreta predstavljalo \u201cte\u0161ko kr\u0161enje vladavine prava i Ustava\u201d, rekla je predsjednica EFJ-a Maja Sever.<\/p>\n\n\n\n<p>Plenkovi\u0107, koji se proslavio kao zastupnik u Europskom parlamentu u Bruxellesu prije nego \u0161to je postao premijer 2016., uvelike je dr\u017eao Hrvatsku podalje od utjecaja neliberalnih susjeda poput Ma\u0111arske ili Srbije.<\/p>\n\n\n\n<p>Smanjenje slobode medija pod njegovim nadzorom moglo bi predstavljati probleme za Plenkovi\u0107a, za \u010dije se ime \u0161u\u0161ka da je u krugu za glavnu funkciju u Bruxellesu u srcu zakonodavstva EU &#8211; \u010dak i kao nasljednica sada\u0161nje predsjednice Komisije Ursule von der Leyen.<\/p>\n\n\n\n<p>\u010clanak i slika preuzet sa stranice <a href=\"http:\/\/politico.com\">politico.com<\/a><\/p>\n","protected":false},"excerpt":{"rendered":"<p>Nacionalisti koji se pridru\u017euju novoj koaliciji premijera Andreja Plenkovi\u0107a zatra\u017eili su smanjenje financiranja nezavisnih novina. Novinari u Hrvatskoj suo\u010deni su s valom napada i nasilnih prijetnji prista\u0161a krajnje desne stranke koja je upravo osvojila vlast u novoj koalicijskoj vladi. Stranka Domovinskog pokreta prijeti ga\u0161enjem jedne od glavnih hrvatskih neovisnih novinskih ku\u0107a Novosti i kuje planove &hellip;<\/p>\n","protected":false},"author":1,"featured_media":2846,"comment_status":"closed","ping_status":"open","sticky":false,"template":"","format":"standard","meta":{"_monsterinsights_skip_tracking":false,"_monsterinsights_sitenote_active":false,"_monsterinsights_sitenote_note":"","_monsterinsights_sitenote_category":0,"footnotes":""},"categories":[25],"tags":[130,605,604],"class_list":["post-2845","post","type-post","status-publish","format-standard","has-post-thumbnail","","category-hrvatska","tag-dp","tag-novosti","tag-tjednik"],"yoast_head":"<!-- This site is optimized with the Yoast SEO plugin v22.1 - https:\/\/yoast.com\/wordpress\/plugins\/seo\/ -->\n<title>Slobodni mediji suo\u010deni su s udarima novih hrvatskih \u010delnika - odabrano<\/title>\n<meta name=\"robots\" content=\"index, follow, max-snippet:-1, max-image-preview:large, max-video-preview:-1\" \/>\n<link rel=\"canonical\" href=\"https:\/\/odabrano.com\/index.php\/2024\/05\/17\/slobodni-mediji-suoceni-su-s-udarima-novih-hrvatskih-celnika\/\" \/>\n<meta property=\"og:locale\" content=\"en_US\" \/>\n<meta property=\"og:type\" content=\"article\" \/>\n<meta property=\"og:title\" content=\"Slobodni mediji suo\u010deni su s udarima novih hrvatskih \u010delnika - odabrano\" \/>\n<meta property=\"og:description\" content=\"Nacionalisti koji se pridru\u017euju novoj koaliciji premijera Andreja Plenkovi\u0107a zatra\u017eili su smanjenje financiranja nezavisnih novina. Novinari u Hrvatskoj suo\u010deni su s valom napada i nasilnih prijetnji prista\u0161a krajnje desne stranke koja je upravo osvojila vlast u novoj koalicijskoj vladi. Stranka Domovinskog pokreta prijeti ga\u0161enjem jedne od glavnih hrvatskih neovisnih novinskih ku\u0107a Novosti i kuje planove &hellip;\" \/>\n<meta property=\"og:url\" content=\"https:\/\/odabrano.com\/index.php\/2024\/05\/17\/slobodni-mediji-suoceni-su-s-udarima-novih-hrvatskih-celnika\/\" \/>\n<meta property=\"og:site_name\" content=\"odabrano\" \/>\n<meta property=\"article:published_time\" content=\"2024-05-17T17:57:37+00:00\" \/>\n<meta property=\"article:modified_time\" content=\"2024-05-17T18:00:25+00:00\" \/>\n<meta property=\"og:image\" content=\"https:\/\/odabrano.com\/wp-content\/uploads\/2024\/05\/dp.jpg\" \/>\n\t<meta property=\"og:image:width\" content=\"654\" \/>\n\t<meta property=\"og:image:height\" content=\"436\" \/>\n\t<meta property=\"og:image:type\" content=\"image\/jpeg\" \/>\n<meta name=\"author\" content=\"admin\" \/>\n<meta name=\"twitter:card\" content=\"summary_large_image\" \/>\n<meta name=\"twitter:label1\" content=\"Written by\" \/>\n\t<meta name=\"twitter:data1\" content=\"admin\" \/>\n\t<meta name=\"twitter:label2\" content=\"Est. reading time\" \/>\n\t<meta name=\"twitter:data2\" content=\"2 minutes\" \/>\n<script type=\"application\/ld+json\" class=\"yoast-schema-graph\">{\"@context\":\"https:\/\/schema.org\",\"@graph\":[{\"@type\":\"Article\",\"@id\":\"https:\/\/odabrano.com\/index.php\/2024\/05\/17\/slobodni-mediji-suoceni-su-s-udarima-novih-hrvatskih-celnika\/#article\",\"isPartOf\":{\"@id\":\"https:\/\/odabrano.com\/index.php\/2024\/05\/17\/slobodni-mediji-suoceni-su-s-udarima-novih-hrvatskih-celnika\/\"},\"author\":{\"name\":\"admin\",\"@id\":\"https:\/\/odabrano.com\/#\/schema\/person\/460f2b14657879743f23c4f6a7cd3236\"},\"headline\":\"Slobodni mediji suo\u010deni su s udarima novih hrvatskih \u010delnika\",\"datePublished\":\"2024-05-17T17:57:37+00:00\",\"dateModified\":\"2024-05-17T18:00:25+00:00\",\"mainEntityOfPage\":{\"@id\":\"https:\/\/odabrano.com\/index.php\/2024\/05\/17\/slobodni-mediji-suoceni-su-s-udarima-novih-hrvatskih-celnika\/\"},\"wordCount\":413,\"publisher\":{\"@id\":\"https:\/\/odabrano.com\/#\/schema\/person\/460f2b14657879743f23c4f6a7cd3236\"},\"keywords\":[\"dp\",\"novosti\",\"tjednik\"],\"articleSection\":[\"Hrvatska\"],\"inLanguage\":\"en-US\"},{\"@type\":\"WebPage\",\"@id\":\"https:\/\/odabrano.com\/index.php\/2024\/05\/17\/slobodni-mediji-suoceni-su-s-udarima-novih-hrvatskih-celnika\/\",\"url\":\"https:\/\/odabrano.com\/index.php\/2024\/05\/17\/slobodni-mediji-suoceni-su-s-udarima-novih-hrvatskih-celnika\/\",\"name\":\"Slobodni mediji suo\u010deni su s udarima novih hrvatskih \u010delnika - odabrano\",\"isPartOf\":{\"@id\":\"https:\/\/odabrano.com\/#website\"},\"datePublished\":\"2024-05-17T17:57:37+00:00\",\"dateModified\":\"2024-05-17T18:00:25+00:00\",\"breadcrumb\":{\"@id\":\"https:\/\/odabrano.com\/index.php\/2024\/05\/17\/slobodni-mediji-suoceni-su-s-udarima-novih-hrvatskih-celnika\/#breadcrumb\"},\"inLanguage\":\"en-US\",\"potentialAction\":[{\"@type\":\"ReadAction\",\"target\":[\"https:\/\/odabrano.com\/index.php\/2024\/05\/17\/slobodni-mediji-suoceni-su-s-udarima-novih-hrvatskih-celnika\/\"]}]},{\"@type\":\"BreadcrumbList\",\"@id\":\"https:\/\/odabrano.com\/index.php\/2024\/05\/17\/slobodni-mediji-suoceni-su-s-udarima-novih-hrvatskih-celnika\/#breadcrumb\",\"itemListElement\":[{\"@type\":\"ListItem\",\"position\":1,\"name\":\"Home\",\"item\":\"https:\/\/odabrano.com\/\"},{\"@type\":\"ListItem\",\"position\":2,\"name\":\"Slobodni mediji suo\u010deni su s udarima novih hrvatskih \u010delnika\"}]},{\"@type\":\"WebSite\",\"@id\":\"https:\/\/odabrano.com\/#website\",\"url\":\"https:\/\/odabrano.com\/\",\"name\":\"odabrano\",\"description\":\"news portal koji nudi odabrane vijesti i informacije\",\"publisher\":{\"@id\":\"https:\/\/odabrano.com\/#\/schema\/person\/460f2b14657879743f23c4f6a7cd3236\"},\"alternateName\":\"vijesti i informacije iz Hrvatske i svijeta\",\"potentialAction\":[{\"@type\":\"SearchAction\",\"target\":{\"@type\":\"EntryPoint\",\"urlTemplate\":\"https:\/\/odabrano.com\/?s={search_term_string}\"},\"query-input\":\"required name=search_term_string\"}],\"inLanguage\":\"en-US\"},{\"@type\":[\"Person\",\"Organization\"],\"@id\":\"https:\/\/odabrano.com\/#\/schema\/person\/460f2b14657879743f23c4f6a7cd3236\",\"name\":\"admin\",\"image\":{\"@type\":\"ImageObject\",\"inLanguage\":\"en-US\",\"@id\":\"https:\/\/odabrano.com\/#\/schema\/person\/image\/\",\"url\":\"https:\/\/odabrano.com\/wp-content\/uploads\/2024\/04\/dolar.jpg\",\"contentUrl\":\"https:\/\/odabrano.com\/wp-content\/uploads\/2024\/04\/dolar.jpg\",\"width\":1216,\"height\":519,\"caption\":\"admin\"},\"logo\":{\"@id\":\"https:\/\/odabrano.com\/#\/schema\/person\/image\/\"},\"sameAs\":[\"http:\/\/odabrano.com\"],\"url\":\"https:\/\/odabrano.com\/index.php\/author\/sokolneno_u3xb387h\/\"}]}<\/script>\n<!-- \/ Yoast SEO plugin. -->","yoast_head_json":{"title":"Slobodni mediji suo\u010deni su s udarima novih hrvatskih \u010delnika - odabrano","robots":{"index":"index","follow":"follow","max-snippet":"max-snippet:-1","max-image-preview":"max-image-preview:large","max-video-preview":"max-video-preview:-1"},"canonical":"https:\/\/odabrano.com\/index.php\/2024\/05\/17\/slobodni-mediji-suoceni-su-s-udarima-novih-hrvatskih-celnika\/","og_locale":"en_US","og_type":"article","og_title":"Slobodni mediji suo\u010deni su s udarima novih hrvatskih \u010delnika - odabrano","og_description":"Nacionalisti koji se pridru\u017euju novoj koaliciji premijera Andreja Plenkovi\u0107a zatra\u017eili su smanjenje financiranja nezavisnih novina. Novinari u Hrvatskoj suo\u010deni su s valom napada i nasilnih prijetnji prista\u0161a krajnje desne stranke koja je upravo osvojila vlast u novoj koalicijskoj vladi. Stranka Domovinskog pokreta prijeti ga\u0161enjem jedne od glavnih hrvatskih neovisnih novinskih ku\u0107a Novosti i kuje planove &hellip;","og_url":"https:\/\/odabrano.com\/index.php\/2024\/05\/17\/slobodni-mediji-suoceni-su-s-udarima-novih-hrvatskih-celnika\/","og_site_name":"odabrano","article_published_time":"2024-05-17T17:57:37+00:00","article_modified_time":"2024-05-17T18:00:25+00:00","og_image":[{"width":654,"height":436,"url":"https:\/\/odabrano.com\/wp-content\/uploads\/2024\/05\/dp.jpg","type":"image\/jpeg"}],"author":"admin","twitter_card":"summary_large_image","twitter_misc":{"Written by":"admin","Est. reading time":"2 minutes"},"schema":{"@context":"https:\/\/schema.org","@graph":[{"@type":"Article","@id":"https:\/\/odabrano.com\/index.php\/2024\/05\/17\/slobodni-mediji-suoceni-su-s-udarima-novih-hrvatskih-celnika\/#article","isPartOf":{"@id":"https:\/\/odabrano.com\/index.php\/2024\/05\/17\/slobodni-mediji-suoceni-su-s-udarima-novih-hrvatskih-celnika\/"},"author":{"name":"admin","@id":"https:\/\/odabrano.com\/#\/schema\/person\/460f2b14657879743f23c4f6a7cd3236"},"headline":"Slobodni mediji suo\u010deni su s udarima novih hrvatskih \u010delnika","datePublished":"2024-05-17T17:57:37+00:00","dateModified":"2024-05-17T18:00:25+00:00","mainEntityOfPage":{"@id":"https:\/\/odabrano.com\/index.php\/2024\/05\/17\/slobodni-mediji-suoceni-su-s-udarima-novih-hrvatskih-celnika\/"},"wordCount":413,"publisher":{"@id":"https:\/\/odabrano.com\/#\/schema\/person\/460f2b14657879743f23c4f6a7cd3236"},"keywords":["dp","novosti","tjednik"],"articleSection":["Hrvatska"],"inLanguage":"en-US"},{"@type":"WebPage","@id":"https:\/\/odabrano.com\/index.php\/2024\/05\/17\/slobodni-mediji-suoceni-su-s-udarima-novih-hrvatskih-celnika\/","url":"https:\/\/odabrano.com\/index.php\/2024\/05\/17\/slobodni-mediji-suoceni-su-s-udarima-novih-hrvatskih-celnika\/","name":"Slobodni mediji suo\u010deni su s udarima novih hrvatskih \u010delnika - odabrano","isPartOf":{"@id":"https:\/\/odabrano.com\/#website"},"datePublished":"2024-05-17T17:57:37+00:00","dateModified":"2024-05-17T18:00:25+00:00","breadcrumb":{"@id":"https:\/\/odabrano.com\/index.php\/2024\/05\/17\/slobodni-mediji-suoceni-su-s-udarima-novih-hrvatskih-celnika\/#breadcrumb"},"inLanguage":"en-US","potentialAction":[{"@type":"ReadAction","target":["https:\/\/odabrano.com\/index.php\/2024\/05\/17\/slobodni-mediji-suoceni-su-s-udarima-novih-hrvatskih-celnika\/"]}]},{"@type":"BreadcrumbList","@id":"https:\/\/odabrano.com\/index.php\/2024\/05\/17\/slobodni-mediji-suoceni-su-s-udarima-novih-hrvatskih-celnika\/#breadcrumb","itemListElement":[{"@type":"ListItem","position":1,"name":"Home","item":"https:\/\/odabrano.com\/"},{"@type":"ListItem","position":2,"name":"Slobodni mediji suo\u010deni su s udarima novih hrvatskih \u010delnika"}]},{"@type":"WebSite","@id":"https:\/\/odabrano.com\/#website","url":"https:\/\/odabrano.com\/","name":"odabrano","description":"news portal koji nudi odabrane vijesti i informacije","publisher":{"@id":"https:\/\/odabrano.com\/#\/schema\/person\/460f2b14657879743f23c4f6a7cd3236"},"alternateName":"vijesti i informacije iz Hrvatske i svijeta","potentialAction":[{"@type":"SearchAction","target":{"@type":"EntryPoint","urlTemplate":"https:\/\/odabrano.com\/?s={search_term_string}"},"query-input":"required name=search_term_string"}],"inLanguage":"en-US"},{"@type":["Person","Organization"],"@id":"https:\/\/odabrano.com\/#\/schema\/person\/460f2b14657879743f23c4f6a7cd3236","name":"admin","image":{"@type":"ImageObject","inLanguage":"en-US","@id":"https:\/\/odabrano.com\/#\/schema\/person\/image\/","url":"https:\/\/odabrano.com\/wp-content\/uploads\/2024\/04\/dolar.jpg","contentUrl":"https:\/\/odabrano.com\/wp-content\/uploads\/2024\/04\/dolar.jpg","width":1216,"height":519,"caption":"admin"},"logo":{"@id":"https:\/\/odabrano.com\/#\/schema\/person\/image\/"},"sameAs":["http:\/\/odabrano.com"],"url":"https:\/\/odabrano.com\/index.php\/author\/sokolneno_u3xb387h\/"}]}},"_links":{"self":[{"href":"https:\/\/odabrano.com\/index.php\/wp-json\/wp\/v2\/posts\/2845","targetHints":{"allow":["GET"]}}],"collection":[{"href":"https:\/\/odabrano.com\/index.php\/wp-json\/wp\/v2\/posts"}],"about":[{"href":"https:\/\/odabrano.com\/index.php\/wp-json\/wp\/v2\/types\/post"}],"author":[{"embeddable":true,"href":"https:\/\/odabrano.com\/index.php\/wp-json\/wp\/v2\/users\/1"}],"replies":[{"embeddable":true,"href":"https:\/\/odabrano.com\/index.php\/wp-json\/wp\/v2\/comments?post=2845"}],"version-history":[{"count":2,"href":"https:\/\/odabrano.com\/index.php\/wp-json\/wp\/v2\/posts\/2845\/revisions"}],"predecessor-version":[{"id":2848,"href":"https:\/\/odabrano.com\/index.php\/wp-json\/wp\/v2\/posts\/2845\/revisions\/2848"}],"wp:featuredmedia":[{"embeddable":true,"href":"https:\/\/odabrano.com\/index.php\/wp-json\/wp\/v2\/media\/2846"}],"wp:attachment":[{"href":"https:\/\/odabrano.com\/index.php\/wp-json\/wp\/v2\/media?parent=2845"}],"wp:term":[{"taxonomy":"category","embeddable":true,"href":"https:\/\/odabrano.com\/index.php\/wp-json\/wp\/v2\/categories?post=2845"},{"taxonomy":"post_tag","embeddable":true,"href":"https:\/\/odabrano.com\/index.php\/wp-json\/wp\/v2\/tags?post=2845"}],"curies":[{"name":"wp","href":"https:\/\/api.w.org\/{rel}","templated":true}]}}