{"id":2793,"date":"2024-05-17T08:04:44","date_gmt":"2024-05-17T06:04:44","guid":{"rendered":"http:\/\/odabrano.com\/?p=2793"},"modified":"2024-05-17T13:44:52","modified_gmt":"2024-05-17T11:44:52","slug":"izraelu-13-ministara-poslalo-upozorenje-da-prekine-ofenzivu-u-rafahu","status":"publish","type":"post","link":"https:\/\/odabrano.com\/index.php\/2024\/05\/17\/izraelu-13-ministara-poslalo-upozorenje-da-prekine-ofenzivu-u-rafahu\/","title":{"rendered":"Izraelu 13 ministara poslalo upozorenje da prekine ofenzivu u Rafahu"},"content":{"rendered":"\n<p><strong>Ministri vanjskih poslova 13 zemalja upozorili su pismom Izrael protiv sveobuhvatne vojne ofenzive na grad Rafah u ju\u017enom Pojasu Gaze, navodi se u medijskom izvje\u0161\u0107u.<\/strong><\/p>\n\n\n\n<p>Njema\u010dki list S\u00fcddeutsche Zeitung izvijestio je da su potpisnici tako\u0111er zatra\u017eili ve\u0107u pomo\u0107 za palestinsko stanovni\u0161tvo. Sve dr\u017eave skupine GG7 velikih industrijski razvijenih zemalja potpisale su pismo od \u010detiri stranice, s izuzetkom Sjedinjenih Dr\u017eava.<\/p>\n\n\n\n<p>U pismu izraelskom ministru vanjskih poslova\u00a0<strong>Israelu Katzu<\/strong>\u00a0ministri su istaknuli pravo Izraela na samoobranu i osudili teroristi\u010dke napade Hamasa i drugih islamisti\u010dkih skupina 7. listopada. Istodobno su pozvali vladu premijera\u00a0<strong>Benjamina Netanyahua<\/strong>\u00a0da u\u010dini sve \u0161to je u njezinoj mo\u0107i kako bi ubla\u017eila razornu i sve goru humanitarnu krizu u Pojasu Gaze.<\/p>\n\n\n\n<p>Prema izvje\u0161\u0107u S\u00fcddeutsche Zeitunga, tako\u0111er su pozvali Izrael da otvori sve grani\u010dne prijelaze u obalnom pojasu za dostavu pomo\u0107i, uklju\u010duju\u0107i i prijelaz Rafah s Egiptom. Prije ne\u0161to vi\u0161e od tjedan dana izraelska je vojska napredovala s istoka prema Rafahu unato\u010d sna\u017enim me\u0111unarodnim upozorenjima. Od tada vojska kontrolira i palestinski dio grani\u010dnog prijelaza Gaze prema Egiptu.<\/p>\n\n\n\n<p>Va\u017ean grani\u010dni prijelaz od tada je zatvoren za humanitarnu pomo\u0107. Izrael i Egipat se me\u0111usobno optu\u017euju za to. Pismo su potpisali ministri vanjskih poslova dr\u017eava G7 Njema\u010dke, Francuske, Velike Britanije, Italije, Japana i Kanade te njihovi kolege iz Australije, Danske, Finske, Nizozemske, Novog Zelanda, Ju\u017ene Koreje i \u0160vedske.<\/p>\n\n\n\n<p>Izraelski ministar obrane&nbsp;<strong>Yoav Gallant<\/strong>&nbsp;najavio je raspore\u0111ivanje dodatnih trupa u Rafahu. Ondje je ve\u0107 pogo\u0111eno na stotine ciljeva i uni\u0161teno nekoliko tunela, navela je izraelska vojska. Prema podacima UN-a, oko 600.000 ljudi ve\u0107 je napustilo grad na granici s Egiptom.<\/p>\n","protected":false},"excerpt":{"rendered":"<p>Ministri vanjskih poslova 13 zemalja upozorili su pismom Izrael protiv sveobuhvatne vojne ofenzive na grad Rafah u ju\u017enom Pojasu Gaze, navodi se u medijskom izvje\u0161\u0107u. Njema\u010dki list S\u00fcddeutsche Zeitung izvijestio je da su potpisnici tako\u0111er zatra\u017eili ve\u0107u pomo\u0107 za palestinsko stanovni\u0161tvo. Sve dr\u017eave skupine GG7 velikih industrijski razvijenih zemalja potpisale su pismo od \u010detiri stranice, &hellip;<\/p>\n","protected":false},"author":1,"featured_media":2824,"comment_status":"closed","ping_status":"open","sticky":false,"template":"","format":"standard","meta":{"_monsterinsights_skip_tracking":false,"_monsterinsights_sitenote_active":false,"_monsterinsights_sitenote_note":"","_monsterinsights_sitenote_category":0,"footnotes":""},"categories":[9],"tags":[21,540,363],"class_list":["post-2793","post","type-post","status-publish","format-standard","has-post-thumbnail","","category-svijet","tag-gaza","tag-rafah","tag-upozorenje"],"yoast_head":"<!-- This site is optimized with the Yoast SEO plugin v22.1 - https:\/\/yoast.com\/wordpress\/plugins\/seo\/ -->\n<title>Izraelu 13 ministara poslalo upozorenje da prekine ofenzivu u Rafahu - odabrano<\/title>\n<meta name=\"robots\" content=\"index, follow, max-snippet:-1, max-image-preview:large, max-video-preview:-1\" \/>\n<link rel=\"canonical\" href=\"https:\/\/odabrano.com\/index.php\/2024\/05\/17\/izraelu-13-ministara-poslalo-upozorenje-da-prekine-ofenzivu-u-rafahu\/\" \/>\n<meta property=\"og:locale\" content=\"en_US\" \/>\n<meta property=\"og:type\" content=\"article\" \/>\n<meta property=\"og:title\" content=\"Izraelu 13 ministara poslalo upozorenje da prekine ofenzivu u Rafahu - odabrano\" \/>\n<meta property=\"og:description\" content=\"Ministri vanjskih poslova 13 zemalja upozorili su pismom Izrael protiv sveobuhvatne vojne ofenzive na grad Rafah u ju\u017enom Pojasu Gaze, navodi se u medijskom izvje\u0161\u0107u. Njema\u010dki list S\u00fcddeutsche Zeitung izvijestio je da su potpisnici tako\u0111er zatra\u017eili ve\u0107u pomo\u0107 za palestinsko stanovni\u0161tvo. Sve dr\u017eave skupine GG7 velikih industrijski razvijenih zemalja potpisale su pismo od \u010detiri stranice, &hellip;\" \/>\n<meta property=\"og:url\" content=\"https:\/\/odabrano.com\/index.php\/2024\/05\/17\/izraelu-13-ministara-poslalo-upozorenje-da-prekine-ofenzivu-u-rafahu\/\" \/>\n<meta property=\"og:site_name\" content=\"odabrano\" \/>\n<meta property=\"article:published_time\" content=\"2024-05-17T06:04:44+00:00\" \/>\n<meta property=\"article:modified_time\" content=\"2024-05-17T11:44:52+00:00\" \/>\n<meta property=\"og:image\" content=\"https:\/\/odabrano.com\/wp-content\/uploads\/2024\/05\/rafah-1.jpg\" \/>\n\t<meta property=\"og:image:width\" content=\"607\" \/>\n\t<meta property=\"og:image:height\" content=\"326\" \/>\n\t<meta property=\"og:image:type\" content=\"image\/jpeg\" \/>\n<meta name=\"author\" content=\"admin\" \/>\n<meta name=\"twitter:card\" content=\"summary_large_image\" \/>\n<meta name=\"twitter:label1\" content=\"Written by\" \/>\n\t<meta name=\"twitter:data1\" content=\"admin\" \/>\n\t<meta name=\"twitter:label2\" content=\"Est. reading time\" \/>\n\t<meta name=\"twitter:data2\" content=\"2 minutes\" \/>\n<script type=\"application\/ld+json\" class=\"yoast-schema-graph\">{\"@context\":\"https:\/\/schema.org\",\"@graph\":[{\"@type\":\"Article\",\"@id\":\"https:\/\/odabrano.com\/index.php\/2024\/05\/17\/izraelu-13-ministara-poslalo-upozorenje-da-prekine-ofenzivu-u-rafahu\/#article\",\"isPartOf\":{\"@id\":\"https:\/\/odabrano.com\/index.php\/2024\/05\/17\/izraelu-13-ministara-poslalo-upozorenje-da-prekine-ofenzivu-u-rafahu\/\"},\"author\":{\"name\":\"admin\",\"@id\":\"https:\/\/odabrano.com\/#\/schema\/person\/460f2b14657879743f23c4f6a7cd3236\"},\"headline\":\"Izraelu 13 ministara poslalo upozorenje da prekine ofenzivu u Rafahu\",\"datePublished\":\"2024-05-17T06:04:44+00:00\",\"dateModified\":\"2024-05-17T11:44:52+00:00\",\"mainEntityOfPage\":{\"@id\":\"https:\/\/odabrano.com\/index.php\/2024\/05\/17\/izraelu-13-ministara-poslalo-upozorenje-da-prekine-ofenzivu-u-rafahu\/\"},\"wordCount\":301,\"publisher\":{\"@id\":\"https:\/\/odabrano.com\/#\/schema\/person\/460f2b14657879743f23c4f6a7cd3236\"},\"keywords\":[\"gaza\",\"rafah\",\"upozorenje\"],\"articleSection\":[\"Svijet\"],\"inLanguage\":\"en-US\"},{\"@type\":\"WebPage\",\"@id\":\"https:\/\/odabrano.com\/index.php\/2024\/05\/17\/izraelu-13-ministara-poslalo-upozorenje-da-prekine-ofenzivu-u-rafahu\/\",\"url\":\"https:\/\/odabrano.com\/index.php\/2024\/05\/17\/izraelu-13-ministara-poslalo-upozorenje-da-prekine-ofenzivu-u-rafahu\/\",\"name\":\"Izraelu 13 ministara poslalo upozorenje da prekine ofenzivu u Rafahu - odabrano\",\"isPartOf\":{\"@id\":\"https:\/\/odabrano.com\/#website\"},\"datePublished\":\"2024-05-17T06:04:44+00:00\",\"dateModified\":\"2024-05-17T11:44:52+00:00\",\"breadcrumb\":{\"@id\":\"https:\/\/odabrano.com\/index.php\/2024\/05\/17\/izraelu-13-ministara-poslalo-upozorenje-da-prekine-ofenzivu-u-rafahu\/#breadcrumb\"},\"inLanguage\":\"en-US\",\"potentialAction\":[{\"@type\":\"ReadAction\",\"target\":[\"https:\/\/odabrano.com\/index.php\/2024\/05\/17\/izraelu-13-ministara-poslalo-upozorenje-da-prekine-ofenzivu-u-rafahu\/\"]}]},{\"@type\":\"BreadcrumbList\",\"@id\":\"https:\/\/odabrano.com\/index.php\/2024\/05\/17\/izraelu-13-ministara-poslalo-upozorenje-da-prekine-ofenzivu-u-rafahu\/#breadcrumb\",\"itemListElement\":[{\"@type\":\"ListItem\",\"position\":1,\"name\":\"Home\",\"item\":\"https:\/\/odabrano.com\/\"},{\"@type\":\"ListItem\",\"position\":2,\"name\":\"Izraelu 13 ministara poslalo upozorenje da prekine ofenzivu u Rafahu\"}]},{\"@type\":\"WebSite\",\"@id\":\"https:\/\/odabrano.com\/#website\",\"url\":\"https:\/\/odabrano.com\/\",\"name\":\"odabrano\",\"description\":\"news portal koji nudi odabrane vijesti i informacije\",\"publisher\":{\"@id\":\"https:\/\/odabrano.com\/#\/schema\/person\/460f2b14657879743f23c4f6a7cd3236\"},\"alternateName\":\"vijesti i informacije iz Hrvatske i svijeta\",\"potentialAction\":[{\"@type\":\"SearchAction\",\"target\":{\"@type\":\"EntryPoint\",\"urlTemplate\":\"https:\/\/odabrano.com\/?s={search_term_string}\"},\"query-input\":\"required name=search_term_string\"}],\"inLanguage\":\"en-US\"},{\"@type\":[\"Person\",\"Organization\"],\"@id\":\"https:\/\/odabrano.com\/#\/schema\/person\/460f2b14657879743f23c4f6a7cd3236\",\"name\":\"admin\",\"image\":{\"@type\":\"ImageObject\",\"inLanguage\":\"en-US\",\"@id\":\"https:\/\/odabrano.com\/#\/schema\/person\/image\/\",\"url\":\"https:\/\/odabrano.com\/wp-content\/uploads\/2024\/04\/dolar.jpg\",\"contentUrl\":\"https:\/\/odabrano.com\/wp-content\/uploads\/2024\/04\/dolar.jpg\",\"width\":1216,\"height\":519,\"caption\":\"admin\"},\"logo\":{\"@id\":\"https:\/\/odabrano.com\/#\/schema\/person\/image\/\"},\"sameAs\":[\"http:\/\/odabrano.com\"],\"url\":\"https:\/\/odabrano.com\/index.php\/author\/sokolneno_u3xb387h\/\"}]}<\/script>\n<!-- \/ Yoast SEO plugin. -->","yoast_head_json":{"title":"Izraelu 13 ministara poslalo upozorenje da prekine ofenzivu u Rafahu - odabrano","robots":{"index":"index","follow":"follow","max-snippet":"max-snippet:-1","max-image-preview":"max-image-preview:large","max-video-preview":"max-video-preview:-1"},"canonical":"https:\/\/odabrano.com\/index.php\/2024\/05\/17\/izraelu-13-ministara-poslalo-upozorenje-da-prekine-ofenzivu-u-rafahu\/","og_locale":"en_US","og_type":"article","og_title":"Izraelu 13 ministara poslalo upozorenje da prekine ofenzivu u Rafahu - odabrano","og_description":"Ministri vanjskih poslova 13 zemalja upozorili su pismom Izrael protiv sveobuhvatne vojne ofenzive na grad Rafah u ju\u017enom Pojasu Gaze, navodi se u medijskom izvje\u0161\u0107u. Njema\u010dki list S\u00fcddeutsche Zeitung izvijestio je da su potpisnici tako\u0111er zatra\u017eili ve\u0107u pomo\u0107 za palestinsko stanovni\u0161tvo. Sve dr\u017eave skupine GG7 velikih industrijski razvijenih zemalja potpisale su pismo od \u010detiri stranice, &hellip;","og_url":"https:\/\/odabrano.com\/index.php\/2024\/05\/17\/izraelu-13-ministara-poslalo-upozorenje-da-prekine-ofenzivu-u-rafahu\/","og_site_name":"odabrano","article_published_time":"2024-05-17T06:04:44+00:00","article_modified_time":"2024-05-17T11:44:52+00:00","og_image":[{"width":607,"height":326,"url":"https:\/\/odabrano.com\/wp-content\/uploads\/2024\/05\/rafah-1.jpg","type":"image\/jpeg"}],"author":"admin","twitter_card":"summary_large_image","twitter_misc":{"Written by":"admin","Est. reading time":"2 minutes"},"schema":{"@context":"https:\/\/schema.org","@graph":[{"@type":"Article","@id":"https:\/\/odabrano.com\/index.php\/2024\/05\/17\/izraelu-13-ministara-poslalo-upozorenje-da-prekine-ofenzivu-u-rafahu\/#article","isPartOf":{"@id":"https:\/\/odabrano.com\/index.php\/2024\/05\/17\/izraelu-13-ministara-poslalo-upozorenje-da-prekine-ofenzivu-u-rafahu\/"},"author":{"name":"admin","@id":"https:\/\/odabrano.com\/#\/schema\/person\/460f2b14657879743f23c4f6a7cd3236"},"headline":"Izraelu 13 ministara poslalo upozorenje da prekine ofenzivu u Rafahu","datePublished":"2024-05-17T06:04:44+00:00","dateModified":"2024-05-17T11:44:52+00:00","mainEntityOfPage":{"@id":"https:\/\/odabrano.com\/index.php\/2024\/05\/17\/izraelu-13-ministara-poslalo-upozorenje-da-prekine-ofenzivu-u-rafahu\/"},"wordCount":301,"publisher":{"@id":"https:\/\/odabrano.com\/#\/schema\/person\/460f2b14657879743f23c4f6a7cd3236"},"keywords":["gaza","rafah","upozorenje"],"articleSection":["Svijet"],"inLanguage":"en-US"},{"@type":"WebPage","@id":"https:\/\/odabrano.com\/index.php\/2024\/05\/17\/izraelu-13-ministara-poslalo-upozorenje-da-prekine-ofenzivu-u-rafahu\/","url":"https:\/\/odabrano.com\/index.php\/2024\/05\/17\/izraelu-13-ministara-poslalo-upozorenje-da-prekine-ofenzivu-u-rafahu\/","name":"Izraelu 13 ministara poslalo upozorenje da prekine ofenzivu u Rafahu - odabrano","isPartOf":{"@id":"https:\/\/odabrano.com\/#website"},"datePublished":"2024-05-17T06:04:44+00:00","dateModified":"2024-05-17T11:44:52+00:00","breadcrumb":{"@id":"https:\/\/odabrano.com\/index.php\/2024\/05\/17\/izraelu-13-ministara-poslalo-upozorenje-da-prekine-ofenzivu-u-rafahu\/#breadcrumb"},"inLanguage":"en-US","potentialAction":[{"@type":"ReadAction","target":["https:\/\/odabrano.com\/index.php\/2024\/05\/17\/izraelu-13-ministara-poslalo-upozorenje-da-prekine-ofenzivu-u-rafahu\/"]}]},{"@type":"BreadcrumbList","@id":"https:\/\/odabrano.com\/index.php\/2024\/05\/17\/izraelu-13-ministara-poslalo-upozorenje-da-prekine-ofenzivu-u-rafahu\/#breadcrumb","itemListElement":[{"@type":"ListItem","position":1,"name":"Home","item":"https:\/\/odabrano.com\/"},{"@type":"ListItem","position":2,"name":"Izraelu 13 ministara poslalo upozorenje da prekine ofenzivu u Rafahu"}]},{"@type":"WebSite","@id":"https:\/\/odabrano.com\/#website","url":"https:\/\/odabrano.com\/","name":"odabrano","description":"news portal koji nudi odabrane vijesti i informacije","publisher":{"@id":"https:\/\/odabrano.com\/#\/schema\/person\/460f2b14657879743f23c4f6a7cd3236"},"alternateName":"vijesti i informacije iz Hrvatske i svijeta","potentialAction":[{"@type":"SearchAction","target":{"@type":"EntryPoint","urlTemplate":"https:\/\/odabrano.com\/?s={search_term_string}"},"query-input":"required name=search_term_string"}],"inLanguage":"en-US"},{"@type":["Person","Organization"],"@id":"https:\/\/odabrano.com\/#\/schema\/person\/460f2b14657879743f23c4f6a7cd3236","name":"admin","image":{"@type":"ImageObject","inLanguage":"en-US","@id":"https:\/\/odabrano.com\/#\/schema\/person\/image\/","url":"https:\/\/odabrano.com\/wp-content\/uploads\/2024\/04\/dolar.jpg","contentUrl":"https:\/\/odabrano.com\/wp-content\/uploads\/2024\/04\/dolar.jpg","width":1216,"height":519,"caption":"admin"},"logo":{"@id":"https:\/\/odabrano.com\/#\/schema\/person\/image\/"},"sameAs":["http:\/\/odabrano.com"],"url":"https:\/\/odabrano.com\/index.php\/author\/sokolneno_u3xb387h\/"}]}},"_links":{"self":[{"href":"https:\/\/odabrano.com\/index.php\/wp-json\/wp\/v2\/posts\/2793","targetHints":{"allow":["GET"]}}],"collection":[{"href":"https:\/\/odabrano.com\/index.php\/wp-json\/wp\/v2\/posts"}],"about":[{"href":"https:\/\/odabrano.com\/index.php\/wp-json\/wp\/v2\/types\/post"}],"author":[{"embeddable":true,"href":"https:\/\/odabrano.com\/index.php\/wp-json\/wp\/v2\/users\/1"}],"replies":[{"embeddable":true,"href":"https:\/\/odabrano.com\/index.php\/wp-json\/wp\/v2\/comments?post=2793"}],"version-history":[{"count":1,"href":"https:\/\/odabrano.com\/index.php\/wp-json\/wp\/v2\/posts\/2793\/revisions"}],"predecessor-version":[{"id":2795,"href":"https:\/\/odabrano.com\/index.php\/wp-json\/wp\/v2\/posts\/2793\/revisions\/2795"}],"wp:featuredmedia":[{"embeddable":true,"href":"https:\/\/odabrano.com\/index.php\/wp-json\/wp\/v2\/media\/2824"}],"wp:attachment":[{"href":"https:\/\/odabrano.com\/index.php\/wp-json\/wp\/v2\/media?parent=2793"}],"wp:term":[{"taxonomy":"category","embeddable":true,"href":"https:\/\/odabrano.com\/index.php\/wp-json\/wp\/v2\/categories?post=2793"},{"taxonomy":"post_tag","embeddable":true,"href":"https:\/\/odabrano.com\/index.php\/wp-json\/wp\/v2\/tags?post=2793"}],"curies":[{"name":"wp","href":"https:\/\/api.w.org\/{rel}","templated":true}]}}