{"id":2734,"date":"2024-05-15T18:51:00","date_gmt":"2024-05-15T16:51:00","guid":{"rendered":"http:\/\/odabrano.com\/?p=2734"},"modified":"2024-06-25T18:13:47","modified_gmt":"2024-06-25T16:13:47","slug":"propast-stare-jugoslavije","status":"publish","type":"post","link":"https:\/\/odabrano.com\/index.php\/2024\/05\/15\/propast-stare-jugoslavije\/","title":{"rendered":"Propast stare Jugoslavije i pohlepa kralja Aleksandra"},"content":{"rendered":"\n<p>Svrha ovog \u010dlanka je analizirati bi li se propast kraljevine Jugoslavije dogodio onako brzo da je kralj Aleksandar manje dr\u017eavnih sredstava stavljao u svoje \u0111epove, a vi\u0161e ulagao u obranu i prosperitet naroda. Dakle pitanje je dali je njegova pohlepa rezultirala propa\u0161\u0107u dr\u017eave.<\/p>\n\n\n\n<p>Kralj Aleksandar Kara\u0111or\u0111evi\u0107 bio je klju\u010dna osoba u stvaranju Kraljevine Srba, Hrvata i Slovenaca nakon Prvog svjetskog rata. Kao regent, a kasnije i kao kralj, imao je znatnu politi\u010dku i ekonomsku mo\u0107. Postoji tvrdnja da se nakon rata silno obogatio, dok su mnogi njegovi vojnici, koji su pretrpjeli stra\u0161ne ozljede i osaka\u0107enja, ostali bez odgovaraju\u0107e potpore, a kralj im je velikodu\u0161no dopustio prosja\u010denje.<\/p>\n\n\n\n<p>Ova pri\u010da o nejednakosti izme\u0111u kralja i obi\u010dnih vojnika ukazuje na duboke dru\u0161tvene nepravde koje su bile prisutne u tada\u0161njem dru\u0161tvu. Iako je Kraljevina SHS pru\u017eala neke oblike pomo\u0107i braniteljima, \u010desto je ta pomo\u0107 bila nedostatna, a birokracija i korupcija dodatno su ote\u017eavale pristup toj pomo\u0107i. Mnogi su se branitelji suo\u010davali s te\u0161kim ekonomskim uvjetima, bez mogu\u0107nosti zaposlenja i adekvatne medicinske skrbi, zbog \u010dega su bili prisiljeni prosja\u010diti.<\/p>\n\n\n<div class=\"wp-block-image\">\n<figure class=\"aligncenter size-full\"><img loading=\"lazy\" decoding=\"async\" width=\"426\" height=\"503\" src=\"http:\/\/odabrano.com\/wp-content\/uploads\/2024\/05\/aleksa.jpg\" alt=\"\" class=\"wp-image-2743\" srcset=\"https:\/\/odabrano.com\/wp-content\/uploads\/2024\/05\/aleksa.jpg 426w, https:\/\/odabrano.com\/wp-content\/uploads\/2024\/05\/aleksa-254x300.jpg 254w\" sizes=\"auto, (max-width: 426px) 100vw, 426px\" \/><figcaption class=\"wp-element-caption\">Ktalj Aleksandar<\/figcaption><\/figure>\n<\/div>\n\n\n<p>Pri\u010de o kraljevskom boga\u0107enju nasuprot patnji obi\u010dnih vojnika \u010desto su bile dio \u0161ire kritike vladaju\u0107e elite i njihove nesposobnosti ili nespremnosti da se brinu za najranjivije \u010dlanove dru\u0161tva. Te su kritike kasnije pridonijele nezadovoljstvu koje je dovelo do politi\u010dkih previranja u zemlji.<\/p>\n\n<iframe loading=\"lazy\" width=\"315\" height=\"260\" src=\"https:\/\/www.youtube.com\/embed\/1vhqJPmnP4E\" title=\"Pohlepa kralja Aleksandra\" frameborder=\"0\" allow=\"accelerometer; autoplay; clipboard-write; encrypted-media; gyroscope; picture-in-picture; web-share\" referrerpolicy=\"strict-origin-when-cross-origin\" allowfullscreen><\/iframe>\n\n<p>Drugi svjetski rat u Jugoslaviji po\u010deo je 6. travnja 1941. kada su sile Osovine, predvo\u0111ene nacisti\u010dkom Njema\u010dkom, napale Kraljevinu Jugoslaviju. Jugoslavija je kapitulirala za samo 11 dana, 17. travnja 1941. godine. Brza kapitulacija \u010desto se pripisuje nizu \u010dimbenika, uklju\u010duju\u0107i unutarnju politi\u010dku nestabilnost, korupciju i trule\u017e sustava. Bilo je to tek 23 godine nakon zavr\u0161etka Prvog svjetskog rata, a nesklonost borbi u narodu vjerojatno su potaknula svje\u017ea sje\u0107anja na sudbinu ratnih invalida iz Prvog rata.<\/p>\n\n\n\n<p>Nekoliko klju\u010dnih razloga za brzu kapitulaciju Jugoslavije su:<\/p>\n\n\n\n<ol class=\"wp-block-list\">\n<li><strong>Politi\u010dka nestabilnost:<\/strong>&nbsp;Kraljevina Jugoslavija bila je zemlja s dubokim unutarnjim etni\u010dkim i politi\u010dkim podjelama. Postojale su zna\u010dajne napetosti izme\u0111u razli\u010ditih nacionalnih skupina (Srbi, Hrvati, Slovenci, Muslimani i drugi) i politi\u010dkih frakcija, \u0161to je oslabilo jedinstvo i koordinaciju unutar zemlje.<\/li>\n\n\n\n<li><strong>Korupcija i trule\u017e sustava:<\/strong>&nbsp;Vladaju\u0107e elite \u010desto su optu\u017eivane za korupciju i nesposobnost rje\u0161avanja klju\u010dnih problema zemlje. To je dodatno smanjilo povjerenje gra\u0111ana u vladu i oslabilo moral oru\u017eanih snaga.<\/li>\n\n\n\n<li><strong>Nedovoljna vojna priprema:<\/strong>&nbsp;Jugoslavenska vojska bila je slabo opremljena i nespremna za suvremeno ratovanje. Nedostatak odgovaraju\u0107e opreme, zastarjela strategija i logisti\u010dki problemi zna\u010dajno su pridonijeli brzom porazu.<\/li>\n\n\n\n<li><strong>Vanjski pritisci:<\/strong>&nbsp;Trojni pristupni pakt, potpisan 25. o\u017eujka 1941., izazvao je veliki prosvjed u zemlji i dr\u017eavni udar 27. o\u017eujka 1941. To je dodatno destabiliziralo situaciju i dalo Hitleru razlog za invaziju.<\/li>\n\n\n\n<li><strong>Brzina i snaga njema\u010dkog napada:<\/strong>&nbsp;Njema\u010dka vojska primijenila je taktiku &#8220;Blitzkrieg&#8221; (munjeviti rat), koja je bila izuzetno u\u010dinkovita i brzo je nadvladala jugoslavenske snage.<\/li>\n<\/ol>\n\n\n\n<p>Ti \u010dimbenici zajedno pridonijeli su brzom raspadu Jugoslavije pred nacisti\u010dkom Njema\u010dkom, \u0161to je rezultiralo kratkotrajnom i katastrofalnom obranom zemlje. Nakon kapitulacije Jugoslavija je okupirana i podijeljena izme\u0111u sila Osovine, \u0161to je dovelo do te\u0161kog razdoblja okupacije i gra\u0111anskog rata na njezinu teritoriju.<\/p>\n\n\n\n<p>Brza kapitulacija Kraljevine Jugoslavije 1941. godine \u010desto je predmet razli\u010ditih tuma\u010denja i polemika, posebice u kontekstu me\u0111unacionalnih odnosa unutar biv\u0161e Jugoslavije. U nekim srpskim krugovima postoji tvrdnja da je kapitulacija povezana s izdajom hrvatskih jedinica na zapadnoj boji\u0161nici, dok se drugi aspekti doga\u0111aja, poput zauzimanja Beograda od strane male njema\u010dke izvidni\u010dke jedinice, manje spominju.<\/p>\n\n\n\n<p><strong>Pitanje izdaje i me\u0111unacionalnih odnosa:<\/strong>&nbsp;Neki izvori sugeriraju da su pojedine hrvatske jedinice bile manje motivirane za borbu protiv Nijemaca, \u0161to je dovelo do dezerterstva ili predaje. To se u srpskim krugovima \u010desto koristi kao argument za obja\u0161njenje brze kapitulacije. Me\u0111utim, ovo tuma\u010denje zanemaruje \u0161iru sliku, koja uklju\u010duje politi\u010dke, vojne i logisti\u010dke probleme s kojima se Jugoslavija suo\u010davala.<\/p>\n\n\n\n<p><strong>Zauzimanje Beograda:<\/strong>&nbsp;Doista, postoji pri\u010da kako je Beograd zauzeo njema\u010dki poru\u010dnik s izvidni\u010dkom jedinicom od samo 11 vojnika. To simboli\u010dno pokazuje koliko je Jugoslavija bila nespremna za obranu. Naime, 12. travnja 1941. poru\u010dnik Fritz Klingenberg s manjom skupinom vojnika uspio je u\u0107i u Beograd i proglasiti ga okupiranim, iako nije nai\u0161ao ni na kakav organizirani otpor. Klingenbergov postupak postao je dio njema\u010dke ratne propagande i pokazuje koliko je kaoti\u010dno bilo vojno i politi\u010dko stanje u Jugoslaviji.<\/p>\n\n\n\n<p><strong>\u0160iri kontekst kapitulacije:<\/strong>&nbsp;Kapitulacija Jugoslavije je rezultat kombinacije vi\u0161e faktora:<\/p>\n\n\n\n<ol class=\"wp-block-list\">\n<li><strong>Brza i u\u010dinkovita njema\u010dka ofenziva:<\/strong>&nbsp;Njema\u010dka vojska koristila je taktiku Blitzkriega, koja je bila izuzetno u\u010dinkovita u brzoj neutralizaciji jugoslavenskih obrambenih snaga.<\/li>\n\n\n\n<li><strong>Unutarnje podjele i politi\u010dka nestabilnost:<\/strong>&nbsp;Jugoslavija je bila etni\u010dki i politi\u010dki heterogena dr\u017eava s dubokim unutarnjim napetostima, \u0161to je slabilo njenu sposobnost kolektivnog otpora.<\/li>\n\n\n\n<li><strong>Nespremnost vojske:<\/strong>&nbsp;Jugoslavenska vojska nije bila adekvatno opremljena i organizirana za moderno ratovanje, \u0161to je dodatno pridonijelo brzom porazu.<\/li>\n\n\n\n<li><strong>Vanjski \u010dimbenici:<\/strong>&nbsp;Dr\u017eavni udar i pristupanje Trojnom paktu samo nekoliko dana prije invazije dodatno su destabilizirali situaciju.<\/li>\n<\/ol>\n\n\n\n<p>Kapitulacija Jugoslavije 1941. bila je slo\u017een doga\u0111aj s mnogo uzroka, a jednostavna obja\u0161njenja \u010desto zanemaruju tu slo\u017eenost. Razli\u010dita tuma\u010denja tog doga\u0111aja \u010desto odra\u017eavaju postoje\u0107e politi\u010dke i etni\u010dke napetosti koje su postojale i nastavile se u sljede\u0107im desetlje\u0107ima.<\/p>\n\n\n\n<p>Brzo boga\u0107enje i pohlepa kralja Aleksandra, a i onih poslije njega rezultiralo je nedovoljnom ulaganjem u oru\u017eje i sredstva za obranu zemlje. Dolje u tekstu objasnit \u0107emo dio onoga u \u0161to je sve kralj ulagao i kako se bogatio.<\/p>\n\n\n\n<p>Kralj Aleksandar I. Kara\u0111or\u0111evi\u0107, vladar Kraljevine Srba, Hrvata i Slovenaca (kasnije Kraljevine Jugoslavije), bio je klju\u010dna osoba u izgradnji i ure\u0111enju Dvora na Dedinju u Beogradu. Postoje razli\u010dite pri\u010de i tvrdnje o tome kako je kralj Aleksandar do\u0161ao do zemlji\u0161ta na Dedinju gde su izgra\u0111eni Novi dvor i Beli dvor.<\/p>\n\n\n\n<h3 class=\"wp-block-heading\">Kupovina placa na Dedinju<\/h3>\n\n\n\n<p>Prije nego \u0161to je postao kralj, Aleksandar je ve\u0107 bio vojvoda i princ regent. U tom razdoblju obitelj Kara\u0111or\u0111evi\u0107 stekla je zna\u010dajnu imovinu i posjede. Postoje podaci koji upu\u0107uju na to da je zemlji\u0161te na Dedinju kupljeno ili ste\u010deno u razdoblju nakon Prvog svjetskog rata, kada je kraljevska obitelj imala zna\u010dajan utjecaj i sredstva kojima je raspolagala.<\/p>\n\n\n<div class=\"wp-block-image\">\n<figure class=\"aligncenter size-full\"><img loading=\"lazy\" decoding=\"async\" width=\"702\" height=\"449\" src=\"http:\/\/odabrano.com\/wp-content\/uploads\/2024\/05\/novidvor.jpg\" alt=\"\" class=\"wp-image-2745\" srcset=\"https:\/\/odabrano.com\/wp-content\/uploads\/2024\/05\/novidvor.jpg 702w, https:\/\/odabrano.com\/wp-content\/uploads\/2024\/05\/novidvor-300x192.jpg 300w\" sizes=\"auto, (max-width: 702px) 100vw, 702px\" \/><figcaption class=\"wp-element-caption\">Novi dvor u centru Beograda<\/figcaption><\/figure>\n<\/div>\n\n\n<h3 class=\"wp-block-heading\">Izgradnja dvoraca<\/h3>\n\n\n\n<ol class=\"wp-block-list\">\n<li><strong>Novi dvor:<\/strong>\n<ul class=\"wp-block-list\">\n<li><strong>Lokacija:<\/strong>&nbsp;Novi dvor se nalazi u centru Beograda, u blizini starog Kraljevskog dvora. Gradnja je zapo\u010dela 1911. godine, ali je zbog ratnih i politi\u010dkih nemira dovr\u0161ena tek 1922. godine.<\/li>\n\n\n\n<li><strong>Upotreba:<\/strong>&nbsp;Novi dvor slu\u017eio je kao slu\u017ebena rezidencija kralja Aleksandra nakon \u0161to je postao kraljem Kraljevine SHS.<\/li>\n<\/ul>\n<\/li>\n\n\n\n<li><strong>Bijeli dvor:<\/strong>\n<ul class=\"wp-block-list\">\n<li><strong>Izgradnja:<\/strong>&nbsp;Bijeli dvor na Dedinju gra\u0111en je izme\u0111u 1934. i 1937. godine po nalogu kralja Aleksandra, ali je zavr\u0161en tek nakon njegove smrti, za vreme vladavine njegovog sina, kralja Petra II.<\/li>\n\n\n\n<li><strong>Lokacija:<\/strong>&nbsp;Nalazi se na kompleksu Dedinje, koji je bio zami\u0161ljen kao reprezentativna rezidencija kraljevske obitelji.<\/li>\n<\/ul>\n<\/li>\n<\/ol>\n\n\n<div class=\"wp-block-image\">\n<figure class=\"aligncenter size-full\"><img loading=\"lazy\" decoding=\"async\" width=\"527\" height=\"351\" src=\"http:\/\/odabrano.com\/wp-content\/uploads\/2024\/05\/belidvor.jpg\" alt=\"\" class=\"wp-image-2747\" srcset=\"https:\/\/odabrano.com\/wp-content\/uploads\/2024\/05\/belidvor.jpg 527w, https:\/\/odabrano.com\/wp-content\/uploads\/2024\/05\/belidvor-300x200.jpg 300w, https:\/\/odabrano.com\/wp-content\/uploads\/2024\/05\/belidvor-310x205.jpg 310w\" sizes=\"auto, (max-width: 527px) 100vw, 527px\" \/><figcaption class=\"wp-element-caption\">Bijeli dvor na Dedinju<\/figcaption><\/figure>\n<\/div>\n\n\n<h3 class=\"wp-block-heading\">Financiranje izgradnje<\/h3>\n\n\n\n<p>Izgradnja ovih objekata financirana je iz kraljevskih sredstava, koja su bila zna\u010dajna zbog zemlji\u0161nih posjeda i posjeda koje je stekla obitelj Kara\u0111or\u0111evi\u0107. Tako\u0111er, kraljevska obitelj imala je podr\u0161ku dr\u017eave i mogu\u0107nost kori\u0161tenja dr\u017eavnih sredstava za izgradnju i odr\u017eavanje ovih reprezentativnih gra\u0111evina.<\/p>\n\n\n\n<h3 class=\"wp-block-heading\">Kontroverze<\/h3>\n\n\n\n<p>Iako postoje tvrdnje da je kralj Aleksandar koristio dr\u017eavne resurse za osobne potrebe, uklju\u010duju\u0107i gradnju pala\u010da, treba napomenuti da je to bila uobi\u010dajena praksa u mnogim monarhijama tog vremena. Kontroverze oko kori\u0161tenja resursa \u010desto su bile dio \u0161ireg nezadovoljstva politi\u010dkom elitom i monarhijom u razdoblju izme\u0111u dva svjetska rata.<\/p>\n\n\n\n<p>Nadopuna:<\/p>\n\n\n<div class=\"wp-block-image\">\n<figure class=\"aligncenter size-full\"><img loading=\"lazy\" decoding=\"async\" width=\"593\" height=\"389\" src=\"http:\/\/odabrano.com\/wp-content\/uploads\/2024\/05\/kraljevskidvor.jpg\" alt=\"\" class=\"wp-image-2748\" srcset=\"https:\/\/odabrano.com\/wp-content\/uploads\/2024\/05\/kraljevskidvor.jpg 593w, https:\/\/odabrano.com\/wp-content\/uploads\/2024\/05\/kraljevskidvor-300x197.jpg 300w\" sizes=\"auto, (max-width: 593px) 100vw, 593px\" \/><figcaption class=\"wp-element-caption\">Kraljevski dvor na Dedinju<\/figcaption><\/figure>\n<\/div>\n\n\n<p>U Beogradu se nalaze tri dvora koje je gradio Aleksandar i dva glavna kraljevska dvora koja su dio Dvorskog kompleksa na Dedinju:<\/p>\n\n\n\n<ol class=\"wp-block-list\">\n<li><strong>Novi dvor:<\/strong>\n<ul class=\"wp-block-list\">\n<li><strong>Lokacija:<\/strong>&nbsp;Novi Dvor se nalazi u centru Beograda, odmah pored zgrade Narodne skup\u0161tine Srbije.<\/li>\n\n\n\n<li><strong>Povijest:<\/strong>&nbsp;Gradnja Novog dvora zapo\u010dela je 1911., a dovr\u0161ena 1922. godine. Slu\u017eio je kao rezidencija kralja Aleksandra I Kara\u0111or\u0111evi\u0107a.<\/li>\n\n\n\n<li><strong>Trenutna namjena:<\/strong>&nbsp;Danas se koristi kao sjedi\u0161te predsjednika Republike Srbije.<\/li>\n<\/ul>\n<\/li>\n\n\n\n<li><strong>Dvorski kompleks na Dedinju (Kraljevski kompleks):<\/strong>\n<ul class=\"wp-block-list\">\n<li><strong>Kraljevski dvor:<\/strong>\n<ul class=\"wp-block-list\">\n<li><strong>Izgradnja:<\/strong>&nbsp;Izgra\u0111ena je od 1924. do 1929. godine po nalogu kralja Aleksandra I.<\/li>\n\n\n\n<li><strong>Opis:<\/strong>&nbsp;Kraljevski dvor je reprezentativna gra\u0111evina gra\u0111ena u srpsko-vizantijskom stilu.<\/li>\n\n\n\n<li><strong>Sada\u0161nja namjena:<\/strong>&nbsp;Slu\u017ei kao rezidencija \u010dlana kraljevske obitelji Kara\u0111or\u0111evi\u0107, kneza Aleksandra II.<\/li>\n<\/ul>\n<\/li>\n\n\n\n<li><strong>Bijeli dvor:<\/strong>\n<ul class=\"wp-block-list\">\n<li><strong>Izgradnja:<\/strong>&nbsp;Izgra\u0111en izme\u0111u 1934. i 1937. godine, a dovr\u0161etak je vodio kralj Petar II, sin kralja Aleksandra I.<\/li>\n\n\n\n<li><strong>Opis:<\/strong>&nbsp;Bijeli Dvor je luksuzna rezidencija u klasi\u010dnom stilu.<\/li>\n\n\n\n<li><strong>Trenutna namjena:<\/strong>&nbsp;Tako\u0111er dio kraljevske rezidencije i koristi se za razne ceremonije i doga\u0111aje.<\/li>\n<\/ul>\n<\/li>\n<\/ul>\n<\/li>\n<\/ol>\n\n\n\n<p>Stari dvor u Beogradu izgra\u0111en je kao rezidencija kraljevske obitelji Obrenovi\u0107. Evo nekoliko klju\u010dnih informacija o Starom dvoru:<\/p>\n\n\n\n<h3 class=\"wp-block-heading\">Stari dvor<\/h3>\n\n\n\n<ul class=\"wp-block-list\">\n<li><strong>Lokacija:<\/strong>&nbsp;Stari dvor se nalazi u centru Beograda, na Terazijama, u blizini Novog dvora (dana\u0161nja zgrada Predsedni\u0161tva Srbije).<\/li>\n\n\n\n<li><strong>Povijest izgradnje:<\/strong>\n<ul class=\"wp-block-list\">\n<li>Gradnja Starog dvora zapo\u010dela je 1881., a dovr\u0161ena 1884. godine. Zgradu je projektirao arhitekt Aleksandar Bugarski.<\/li>\n\n\n\n<li>Palata je izgra\u0111ena kao rezidencija za kralja Milana Obrenovi\u0107a, kraljicu Nataliju i njihovog sina, kralja Aleksandra Obrenovi\u0107a.<\/li>\n<\/ul>\n<\/li>\n\n\n\n<li><strong>Arhitektura:<\/strong>&nbsp;Stara pala\u010da gra\u0111ena je u neorenesansnom stilu, s bogatim ukrasima i detaljima, koji su odra\u017eavali tada\u0161nje europske arhitektonske trendove.<\/li>\n\n\n\n<li><strong>Upotreba kroz povijest:<\/strong>\n<ul class=\"wp-block-list\">\n<li>Nakon dinasti\u010dke promene 1903. godine, dolaskom na vlast dinastije Kara\u0111or\u0111evi\u0107, Stari dvor je nastavio da slu\u017ei kao kraljevska rezidencija.<\/li>\n\n\n\n<li>Tijekom 20. stolje\u0107a zgrada je prolazila kroz razli\u010dite namjene, uklju\u010duju\u0107i i namjenu kao upravni prostor.<\/li>\n<\/ul>\n<\/li>\n\n\n\n<li><strong>Sada\u0161nja namjena:<\/strong>&nbsp;Danas je Stari dvor sjedi\u0161te Skup\u0161tine grada Beograda i koristi se za sve\u010dane prijeme i druge slu\u017ebene doga\u0111aje.<\/li>\n<\/ul>\n\n\n<div class=\"wp-block-image\">\n<figure class=\"aligncenter size-full\"><img loading=\"lazy\" decoding=\"async\" width=\"802\" height=\"451\" src=\"http:\/\/odabrano.com\/wp-content\/uploads\/2024\/05\/staridvor.jpg\" alt=\"\" class=\"wp-image-2749\" srcset=\"https:\/\/odabrano.com\/wp-content\/uploads\/2024\/05\/staridvor.jpg 802w, https:\/\/odabrano.com\/wp-content\/uploads\/2024\/05\/staridvor-300x169.jpg 300w, https:\/\/odabrano.com\/wp-content\/uploads\/2024\/05\/staridvor-768x432.jpg 768w\" sizes=\"auto, (max-width: 802px) 100vw, 802px\" \/><figcaption class=\"wp-element-caption\">Stari dvor kod Terazija, centar Beograda<\/figcaption><\/figure>\n<\/div>\n\n\n<p>&#8212;&#8212;&#8212;&#8212;&#8212;&#8212;&#8212;&#8212;&#8212;&#8211;<\/p>\n\n\n\n<p>Kraljevske dvore u Beogradu gradili su poznati arhitekti i in\u017eenjeri, \u010desto uz pomo\u0107 zna\u010dajnih umjetnika i zanatlija tog vremena. Evo nekoliko klju\u010dnih informacija o arhitektima i graditeljima kraljevskih pala\u010da:<\/p>\n\n\n\n<h3 class=\"wp-block-heading\">Stari dvor<\/h3>\n\n\n\n<ul class=\"wp-block-list\">\n<li><strong>Arhitekt:<\/strong>&nbsp;Aleksandar Bugarski\n<ul class=\"wp-block-list\">\n<li><strong>Razdoblje izgradnje:<\/strong>&nbsp;1881.\u20131884.<\/li>\n\n\n\n<li><strong>Stil:<\/strong>&nbsp;neorenesansa.<\/li>\n\n\n\n<li><strong>Povijest:<\/strong>&nbsp;Izgra\u0111ena kao rezidencija kralja Milana Obrenovi\u0107a i njegove obitelji. Bugarski je bio jedan od najistaknutijih srpskih arhitekata tog vremena.<\/li>\n<\/ul>\n<\/li>\n<\/ul>\n\n\n\n<h3 class=\"wp-block-heading\">Novi dvor (Kraljevski dvor u centru Beograda)<\/h3>\n\n\n\n<ul class=\"wp-block-list\">\n<li><strong>Arhitekt:<\/strong>&nbsp;Stojan Titelbach\n<ul class=\"wp-block-list\">\n<li><strong>Razdoblje izgradnje:<\/strong>&nbsp;1911.\u20131922.<\/li>\n\n\n\n<li><strong>Stil:<\/strong>&nbsp;Akademizam s elementima neoklasicizma.<\/li>\n\n\n\n<li><strong>Povijest:<\/strong>&nbsp;Namijenjen kao rezidencija kralja Petra I i kralja Aleksandra I Kara\u0111or\u0111evi\u0107a. Titelbach je bio poznati arhitekt koji je projektirao mnoge zna\u010dajne zgrade u Beogradu.<\/li>\n<\/ul>\n<\/li>\n<\/ul>\n\n\n\n<h3 class=\"wp-block-heading\">Kraljevski dvor (na Dedinju)<\/h3>\n\n\n\n<ul class=\"wp-block-list\">\n<li><strong>Arhitekt:<\/strong>&nbsp;\u017divojin Nikoli\u0107 i Nikolaj Krasnov\n<ul class=\"wp-block-list\">\n<li><strong>Razdoblje izgradnje:<\/strong>&nbsp;1924.\u20131929.<\/li>\n\n\n\n<li><strong>Stil:<\/strong>&nbsp;srpsko-vizantijski stil sa elementima tradicionalne srpske arhitekture.<\/li>\n\n\n\n<li><strong>Povijest:<\/strong>&nbsp;Izgra\u0111ena po nalogu kralja Aleksandra I. kao rezidencija za kraljevsku obitelj. Krasnov je bio ruski arhitekt koji je emigrirao u Kraljevinu SHS i postao poznat po svojim radovima na javnim zgradama i rezidencijama.<\/li>\n<\/ul>\n<\/li>\n<\/ul>\n\n\n\n<h3 class=\"wp-block-heading\">Bijeli dvor (na Dedinju)<\/h3>\n\n\n\n<ul class=\"wp-block-list\">\n<li><strong>Arhitekt:<\/strong>&nbsp;Aleksandar \u0110or\u0111evi\u0107\n<ul class=\"wp-block-list\">\n<li><strong>Razdoblje izgradnje:<\/strong>&nbsp;1934.\u20131937.<\/li>\n\n\n\n<li><strong>Stil:<\/strong>&nbsp;klasicizam s utjecajima neobaroka.<\/li>\n\n\n\n<li><strong>Povijest:<\/strong>&nbsp;Izgra\u0111en kao dodatna rezidencija za kraljevsku obitelj. \u0110or\u0111evi\u0107 je bio istaknuti srpski arhitekta koji je projektirao mnoge zna\u010dajne gra\u0111evine u Srbiji.<\/li>\n<\/ul>\n<\/li>\n\n\n\n<li><\/li>\n<\/ul>\n\n\n<div class=\"wp-block-image\">\n<figure class=\"aligncenter size-full\"><img loading=\"lazy\" decoding=\"async\" width=\"506\" height=\"341\" src=\"http:\/\/odabrano.com\/wp-content\/uploads\/2024\/05\/vilabled.jpg\" alt=\"\" class=\"wp-image-2752\" srcset=\"https:\/\/odabrano.com\/wp-content\/uploads\/2024\/05\/vilabled.jpg 506w, https:\/\/odabrano.com\/wp-content\/uploads\/2024\/05\/vilabled-300x202.jpg 300w, https:\/\/odabrano.com\/wp-content\/uploads\/2024\/05\/vilabled-110x75.jpg 110w\" sizes=\"auto, (max-width: 506px) 100vw, 506px\" \/><figcaption class=\"wp-element-caption\">Vila Bled koju je Aleksamdar kupio 1922 godine.<\/figcaption><\/figure>\n<\/div>\n\n\n<p>&#8212;&#8212;&#8212;&#8212;&#8212;&#8212;&#8212;&#8211;<\/p>\n\n\n\n<p>Kada je kralj Petar I Kara\u0111or\u0111evi\u0107 do\u0161ao na prijestolje Srbije nakon atentata na kralja Aleksandra Obrenovi\u0107a 1903. godine, nije posjedovao zna\u010dajniju imovinu u Srbiji. Prije dolaska na prijestolje Petar Kara\u0111or\u0111evi\u0107 \u017eivio je u emigraciji i raspolagao relativno skromnim materijalnim sredstvima. Evo detaljnijih informacija o njegovoj imovini i pozadini:<\/p>\n\n\n\n<h3 class=\"wp-block-heading\">Imovinsko stanje prije dolaska na prijestolje<\/h3>\n\n\n\n<ol class=\"wp-block-list\">\n<li><strong>\u017divot u egzilu:<\/strong>\n<ul class=\"wp-block-list\">\n<li>Petar I Kara\u0111or\u0111evi\u0107 prije dolaska na prijestolje ve\u0107i dio \u017eivota proveo je u izgnanstvu. Nakon \u0161to je dinastija Obrenovi\u0107 preuzela vlast, obitelj Kara\u0111or\u0111evi\u0107 bila je prisiljena napustiti Srbiju.<\/li>\n\n\n\n<li>\u017divio je u raznim europskim zemljama, uklju\u010duju\u0107i \u0160vicarsku i Francusku. U emigraciji je radio razne poslove, uklju\u010duju\u0107i prevo\u0111enje vojnih i politi\u010dkih dokumenata, kako bi osigurao \u017eivot.<\/li>\n<\/ul>\n<\/li>\n\n\n\n<li><strong>Financijska situacija:<\/strong>\n<ul class=\"wp-block-list\">\n<li>Njegovo je materijalno stanje bilo relativno skromno. Nije posjedovao zna\u010dajniju imovinu i bogatstvo, ali je ovisio o pomo\u0107i prijatelja, rodbine i prista\u0161a dinastije Kara\u0111or\u0111evi\u0107.<\/li>\n<\/ul>\n<\/li>\n<\/ol>\n\n\n\n<h3 class=\"wp-block-heading\">Do\u0161av\u0161i na prijestolje<\/h3>\n\n\n\n<ul class=\"wp-block-list\">\n<li><strong>Povratak u Srbiju:<\/strong>\n<ul class=\"wp-block-list\">\n<li>Nakon Svibanjske revolucije 1903. godine, kada su ubijeni kralj Aleksandar Obrenovi\u0107 i kraljica Draga, Petar I Kara\u0111or\u0111evi\u0107 pozvan je da preuzme prijestolje Srbije.<\/li>\n\n\n\n<li>Dolazak na prijestolje zna\u010dio je da \u0107e imati pristup dr\u017eavnim resursima i kraljevskim rezidencijama koje su prije koristili Obrenovi\u0107i.<\/li>\n<\/ul>\n<\/li>\n\n\n\n<li><strong>Kraljevsko imanje:<\/strong>\n<ul class=\"wp-block-list\">\n<li>Nakon dolaska na prijestolje, Petar I. preuzeo je kraljevske rezidencije, uklju\u010duju\u0107i Stari dvor i kasnije Novi dvor, koji je dovr\u0161en 1922. godine.<\/li>\n\n\n\n<li>Kraljevska obitelj je tijekom njegove vladavine stekla dodatne posjede i posjede u Srbiji, uklju\u010duju\u0107i dvorski kompleks na Dedinju.<\/li>\n<\/ul>\n<\/li>\n<\/ul>\n\n\n\n<h3 class=\"wp-block-heading\">Ba\u0161tina i simbolika<\/h3>\n\n\n\n<ul class=\"wp-block-list\">\n<li><strong>Popularnost:<\/strong>&nbsp;Petar I Kara\u0111or\u0111evi\u0107 bio je popularan u narodu zbog svog demokratskog i narodnog pristupa vladanju. Bio je poznat kao &#8220;kralj u opanima&#8221;, \u0161to je simboliziralo njegovu skromnost i bliskost s obi\u010dnim ljudima.<\/li>\n\n\n\n<li><strong>Reforme:<\/strong>&nbsp;Tijekom njegove vladavine provedene su va\u017ene reforme koje su modernizirale Srbiju i postavile temelje za budu\u0107i razvoj.<\/li>\n<\/ul>\n\n\n\n<p><iframe loading=\"lazy\" src=\"https:\/\/www.facebook.com\/plugins\/video.php?height=314&#038;href=https%3A%2F%2Fwww.facebook.com%2FVGraphs%2Fvideos%2F321576226618643%2F&#038;show_text=false&#038;width=560&#038;t=0\" width=\"560\" height=\"314\" style=\"border:none;overflow:hidden\" scrolling=\"no\" frameborder=\"0\" allowfullscreen=\"true\" allow=\"autoplay; clipboard-write; encrypted-media; picture-in-picture; web-share\" allowFullScreen=\"true\"><\/iframe><\/p>\n\n\n\n<p>&#8212;&#8212;&#8212;&#8212;&#8212;&#8212;&#8212;&#8212;&#8212;&#8212;&#8212;&#8212;-<\/p>\n\n\n\n<p>Kralj Aleksandar I. Kara\u0111or\u0111evi\u0107, koji je bio kralj Kraljevine Jugoslavije (biv\u0161e Kraljevine Srba, Hrvata i Slovenaca), posjedovao je zna\u010dajnu imovinu i resurse u trenutku svoje smrti u Marseilleu 1934. godine. Evo pregleda njegovih posjeda i imovine:<\/p>\n\n\n\n<h3 class=\"wp-block-heading\">Nekretnine i imovina<\/h3>\n\n\n\n<ol class=\"wp-block-list\">\n<li><strong>Dvorski kompleks na Dedinju:<\/strong>\n<ul class=\"wp-block-list\">\n<li><strong>Kraljevska pala\u010da:<\/strong>&nbsp;Izgra\u0111ena izme\u0111u 1924. i 1929. godine, Kraljevska pala\u010da bila je glavna rezidencija kralja Aleksandra i njegove obitelji.<\/li>\n\n\n\n<li><strong>Bijela pala\u010da:<\/strong>&nbsp;izgra\u0111ena izme\u0111u 1934. i 1937., ali dovr\u0161ena nakon njegove smrti. Kralj Aleksandar je zapo\u010deo njegovu izgradnju kao dodatnu kraljevsku rezidenciju.<\/li>\n<\/ul>\n<\/li>\n\n\n\n<li><strong>Novi dvor:<\/strong>\n<ul class=\"wp-block-list\">\n<li>Nalazi se u sredi\u0161tu Beograda, dovr\u0161en je 1922. godine i slu\u017eio je kao jedna od kraljevskih rezidencija prije preseljenja u Dvorski kompleks na Dedinju.<\/li>\n<\/ul>\n<\/li>\n\n\n\n<li><strong>Dr\u017eavne nekretnine:<\/strong>\n<ul class=\"wp-block-list\">\n<li>Kao kralj, Aleksandar je imao pristup mnogim dr\u017eavnim posjedima i rezidencijama dostupnim kraljevskoj obitelji i koristio ih.<\/li>\n<\/ul>\n<\/li>\n<\/ol>\n\n\n\n<h3 class=\"wp-block-heading\">Privatno vlasni\u0161tvo<\/h3>\n\n\n\n<ol class=\"wp-block-list\">\n<li><strong>Financiranje:<\/strong>\n<ul class=\"wp-block-list\">\n<li>Kao monarh, Aleksandar je imao pristup zna\u010dajnim financijskim resursima, uklju\u010duju\u0107i dr\u017eavna sredstva i privatno vlasni\u0161tvo obitelji Kara\u0111or\u0111evi\u0107.<\/li>\n<\/ul>\n<\/li>\n\n\n\n<li><strong>Umjetni\u010dke i vrijedne predmete:<\/strong>\n<ul class=\"wp-block-list\">\n<li>Kraljevski dvorovi bili su bogato opremljeni umjetninama, antikvitetima, namje\u0161tajem i drugim vrijednim predmetima koji su pripadali kraljevskoj obitelji.<\/li>\n<\/ul>\n<\/li>\n<\/ol>\n\n\n\n<p>&#8212;&#8212;&#8212;&#8212;&#8212;&#8212;&#8212;&#8212;&#8212;&#8212;<\/p>\n\n\n\n<p>Kralj Aleksandar I. Kara\u0111or\u0111evi\u0107 nije bio poznat po tome \u0161to je osobno posjedovao rudnike u Srbiji. Me\u0111utim, kao monarh Kraljevine Srba, Hrvata i Slovenaca (kasnije Kraljevine Jugoslavije), imao je kontrolu nad dr\u017eavnim resursima i industrijom, uklju\u010duju\u0107i rudne resurse zemlje. Evo nekoliko klju\u010dnih informacija o rudnicima i industriji tijekom njegove vladavine:<\/p>\n\n\n\n<h3 class=\"wp-block-heading\">Dr\u017eavni nadzor nad rudnicima<\/h3>\n\n\n\n<ol class=\"wp-block-list\">\n<li><strong>Rudarski sektor u Kraljevini Jugoslaviji:<\/strong>\n<ul class=\"wp-block-list\">\n<li>Za vrijeme vladavine kralja Aleksandra I. rudarstvo je bilo zna\u010dajan dio gospodarstva Kraljevine Jugoslavije. Dr\u017eava je imala kontrolu nad mnogim rudnicima, a rudarska industrija bila je va\u017ena za gospodarski razvoj zemlje.<\/li>\n\n\n\n<li>Rudnici bakra, ugljena, olova, cinka i drugih metala bili su od strate\u0161ke va\u017enosti.<\/li>\n<\/ul>\n<\/li>\n\n\n\n<li><strong>Upravljanje resursima:<\/strong>\n<ul class=\"wp-block-list\">\n<li>Kao kralj, Aleksandar I. imao je utjecaj na dr\u017eavnu politiku i upravljanje prirodnim resursima. To uklju\u010duje rudnike koji su bili pod dr\u017eavnom kontrolom ili u dr\u017eavnom vlasni\u0161tvu.<\/li>\n\n\n\n<li>U nekim slu\u010dajevima rudnici su davani u koncesiju stranim tvrtkama koje su ulagale u njihov razvoj i eksploataciju.<\/li>\n<\/ul>\n<\/li>\n<\/ol>\n\n\n\n<h3 class=\"wp-block-heading\">Privatno vlasni\u0161tvo<\/h3>\n\n\n\n<ul class=\"wp-block-list\">\n<li><strong>Privatno vlasni\u0161tvo kraljevske obitelji:<\/strong>\n<ul class=\"wp-block-list\">\n<li>Iako je kraljevska obitelj Kara\u0111or\u0111evi\u0107 posjedovala zna\u010dajnu imovinu, uklju\u010duju\u0107i nekretnine i druge resurse, nema dokaza da je kralj Aleksandar osobno posjedovao rudnike ili da je bio izravno uklju\u010den u rudarsku industriju kao privatni vlasnik.<\/li>\n<\/ul>\n<\/li>\n<\/ul>\n\n\n\n<p>&#8212;&#8212;&#8212;&#8212;&#8212;&#8212;&#8212;&#8212;&#8212;&#8212;&#8212;&#8212;&#8212;&#8212;<\/p>\n\n\n\n<p>U razdoblju prije i nakon smrti kralja Aleksandra I. Kara\u0111or\u0111evi\u0107a 1934. godine, Kraljevina Jugoslavija nabavila je razli\u010dito naoru\u017eanje kako bi modernizirala svoju vojsku i pripremila se za potencijalne sukobe. Ovdje je pregled glavnih vrsta oru\u017eja i opreme koji su nabavljeni u tim razdobljima:<\/p>\n\n\n\n<h3 class=\"wp-block-heading\">Prije smrti kralja Aleksandra I. (do 1934.)<\/h3>\n\n\n\n<ol class=\"wp-block-list\">\n<li><strong>Pje\u0161a\u010dko oru\u017eje:<\/strong>\n<ul class=\"wp-block-list\">\n<li><strong>Pu\u0161ke:<\/strong>&nbsp;Standardna pje\u0161a\u010dka pu\u0161ka bila je Mauser M1924 (poznata i kao &#8220;srpski Mauser&#8221;), proizvod njema\u010dke tvrtke Mauser-Werke.<\/li>\n\n\n\n<li><strong>Mitraljezi:<\/strong>&nbsp;Jugoslavija je koristila mitraljeze poput ZB vz. 26, \u010de\u0161kog porijekla, kao i francuski Hotchkiss Mle 1914.<\/li>\n<\/ul>\n<\/li>\n\n\n\n<li><strong>Topni\u0161tvo:<\/strong>\n<ul class=\"wp-block-list\">\n<li><strong>Oru\u017eje:<\/strong>&nbsp;Francuski topovi Schneider-Creusot raznih kalibara bili su me\u0111u glavnim topni\u010dkim oru\u017ejem.<\/li>\n\n\n\n<li><strong>Haubice:<\/strong>&nbsp;haubice 155 mm francuske proizvodnje.<\/li>\n<\/ul>\n<\/li>\n\n\n\n<li><strong>Vojna vozila i tenkovi:<\/strong>\n<ul class=\"wp-block-list\">\n<li><strong>Laki tenkovi:<\/strong>&nbsp;Renault FT, koji su bili prva generacija tenkova kori\u0161tenih tijekom i nakon Prvog svjetskog rata.<\/li>\n\n\n\n<li><strong>Oklopna vozila:<\/strong>&nbsp;britanska oklopna vozila Rolls-Royce.<\/li>\n<\/ul>\n<\/li>\n\n\n\n<li><strong>Zrakoplovi:<\/strong>\n<ul class=\"wp-block-list\">\n<li><strong>Lovci:<\/strong>&nbsp;Potez 25, francuski vi\u0161enamjenski dvokrilac.<\/li>\n\n\n\n<li><strong>Bombarderi:<\/strong>&nbsp;Breguet 19, francuski laki bombarder i izvi\u0111a\u010dki zrakoplov.<\/li>\n<\/ul>\n<\/li>\n<\/ol>\n\n\n<div class=\"wp-block-image\">\n<figure class=\"aligncenter size-full\"><img loading=\"lazy\" decoding=\"async\" width=\"800\" height=\"635\" src=\"http:\/\/odabrano.com\/wp-content\/uploads\/2024\/05\/tenkrenaultft.jpg\" alt=\"\" class=\"wp-image-2756\" srcset=\"https:\/\/odabrano.com\/wp-content\/uploads\/2024\/05\/tenkrenaultft.jpg 800w, https:\/\/odabrano.com\/wp-content\/uploads\/2024\/05\/tenkrenaultft-300x238.jpg 300w, https:\/\/odabrano.com\/wp-content\/uploads\/2024\/05\/tenkrenaultft-768x610.jpg 768w\" sizes=\"auto, (max-width: 800px) 100vw, 800px\" \/><figcaption class=\"wp-element-caption\">Tenk Renault FT<\/figcaption><\/figure>\n<\/div>\n\n<div class=\"wp-block-image\">\n<figure class=\"aligncenter size-full\"><img loading=\"lazy\" decoding=\"async\" width=\"743\" height=\"443\" src=\"http:\/\/odabrano.com\/wp-content\/uploads\/2024\/05\/potez25.jpg\" alt=\"\" class=\"wp-image-2757\" srcset=\"https:\/\/odabrano.com\/wp-content\/uploads\/2024\/05\/potez25.jpg 743w, https:\/\/odabrano.com\/wp-content\/uploads\/2024\/05\/potez25-300x179.jpg 300w\" sizes=\"auto, (max-width: 743px) 100vw, 743px\" \/><figcaption class=\"wp-element-caption\">Lovac Potez 25<\/figcaption><\/figure>\n<\/div>\n\n\n<h3 class=\"wp-block-heading\">Nakon smrti kralja Aleksandra I (poslije 1934.)<\/h3>\n\n\n\n<ol class=\"wp-block-list\">\n<li><strong>Pje\u0161a\u010dko oru\u017eje:<\/strong>\n<ul class=\"wp-block-list\">\n<li><strong>Automatsko oru\u017eje:<\/strong>&nbsp;mitraljez Thompson M1928 iz SAD-a postao je dio naoru\u017eanja.<\/li>\n<\/ul>\n<\/li>\n\n\n\n<li><strong>Topni\u0161tvo:<\/strong>\n<ul class=\"wp-block-list\">\n<li><strong>Modernizacija:<\/strong>&nbsp;Jugoslavija je nastavila modernizirati svoj artiljerijski arsenal nabavom novijih modela francuskih i njema\u010dkih topova.<\/li>\n<\/ul>\n<\/li>\n\n\n\n<li><strong>Vojna vozila i tenkovi:<\/strong>\n<ul class=\"wp-block-list\">\n<li><strong>Laki tenkovi:<\/strong>&nbsp;tenkovi Renault R35 iz Francuske.<\/li>\n\n\n\n<li><strong>Tenkovi:<\/strong>&nbsp;Jugoslavija je tako\u0111er nabavila odre\u0111eni broj \u010de\u0161kih tenkova LT vz. 35.<\/li>\n<\/ul>\n<\/li>\n\n\n\n<li><strong>Zrakoplovi:<\/strong>\n<ul class=\"wp-block-list\">\n<li><strong>Lovci:<\/strong>&nbsp;Messerschmitt Bf 109, njema\u010dki lovci nabavljeni krajem 1930-ih.<\/li>\n\n\n\n<li><strong>Bombarderi:<\/strong>&nbsp;Dornier Do 17, njema\u010dki laki bombarder.<\/li>\n<\/ul>\n<\/li>\n\n\n\n<li><strong>Protuzrakoplovna obrana:<\/strong>\n<ul class=\"wp-block-list\">\n<li><strong>Protuavionski topovi:<\/strong>&nbsp;Bofors 40 mm L\/60, \u0161vedski protuavionski topovi postali su dio jugoslavenske protuzra\u010dne obrane.<\/li>\n<\/ul>\n<\/li>\n<\/ol>\n\n\n<div class=\"wp-block-image\">\n<figure class=\"aligncenter size-large\"><img loading=\"lazy\" decoding=\"async\" width=\"1024\" height=\"445\" src=\"http:\/\/odabrano.com\/wp-content\/uploads\/2024\/05\/messersmith-1024x445.jpg\" alt=\"\" class=\"wp-image-2758\" srcset=\"https:\/\/odabrano.com\/wp-content\/uploads\/2024\/05\/messersmith-1024x445.jpg 1024w, https:\/\/odabrano.com\/wp-content\/uploads\/2024\/05\/messersmith-300x130.jpg 300w, https:\/\/odabrano.com\/wp-content\/uploads\/2024\/05\/messersmith-768x334.jpg 768w, https:\/\/odabrano.com\/wp-content\/uploads\/2024\/05\/messersmith.jpg 1280w\" sizes=\"auto, (max-width: 1024px) 100vw, 1024px\" \/><figcaption class=\"wp-element-caption\">Lovac Messerschmitt Bf 109<\/figcaption><\/figure>\n<\/div>\n\n\n<div class=\"wp-block-cover aligncenter\"><span aria-hidden=\"true\" class=\"wp-block-cover__background has-background-dim\"><\/span><img loading=\"lazy\" decoding=\"async\" width=\"651\" height=\"478\" class=\"wp-block-cover__image-background wp-image-2769\" alt=\"\" src=\"http:\/\/odabrano.com\/wp-content\/uploads\/2024\/05\/tenkrenault2.jpg\" data-object-fit=\"cover\" srcset=\"https:\/\/odabrano.com\/wp-content\/uploads\/2024\/05\/tenkrenault2.jpg 651w, https:\/\/odabrano.com\/wp-content\/uploads\/2024\/05\/tenkrenault2-300x220.jpg 300w\" sizes=\"auto, (max-width: 651px) 100vw, 651px\" \/><div class=\"wp-block-cover__inner-container is-layout-flow wp-block-cover-is-layout-flow\">\n<p class=\"has-text-align-center has-large-font-size\">Tenk Renault R-35<\/p>\n<\/div><\/div>\n\n\n\n<h3 class=\"wp-block-heading\">Zaklju\u010dak<\/h3>\n\n\n\n<p>Prije smrti kralja Aleksandra I. 1934. Kraljevina Jugoslavija oslanjala se uglavnom na oru\u017eje iz Francuske i Njema\u010dke, dok je nakon njegove smrti, u poku\u0161aju modernizacije, nabavljala oru\u017eje iz raznih zemalja uklju\u010duju\u0107i SAD, \u0160vedsku, te nastavila s nabavom iz Francuske i Njema\u010dke. To je omogu\u0107ilo Jugoslaviji da osvje\u017ei i unaprijedi svoju vojsku u razdoblju prije Drugog svjetskog rata.<\/p>\n\n\n\n<p>Reklo bi se da je knez Pavle bio manje pohlepan od kralja Aleksandra, da je vi\u0161e dr\u017eavnih sredstava odvajao za obranu, mo\u017eda i zato jer se u njegovo vrijeme naslu\u0107ivalo pribli\u017eavanje novog rata pa je i poku\u0161avao reformirati kraljevinu (stvaranje banovine Hrvatske 1939) kako bi ubla\u017eio nacionalne razlike. Ali sve je to bilo prekasno.<\/p>\n\n\n\n<p>&#8212;&#8212;&#8212;&#8212;&#8212;&#8212;&#8212;&#8212;&#8212;&#8212;&#8212;&#8212;&#8211;<\/p>\n\n\n\n<p>Na nekim srpskim sajtovima postoje informacije kako je kralj Aleksandar bio skriveni vlasnik (ve\u0107inski dioni\u010dar) rudnika zlata kao i o velikim sredstvima koja su poslije njegove neo\u010dekivane smrti ostala u \u0161vicarskim bankama jer se izgubila lozinka pomo\u0107u koje se do tih sredstava moglo do\u0107i.<\/p>\n","protected":false},"excerpt":{"rendered":"<p>Svrha ovog \u010dlanka je analizirati bi li se propast kraljevine Jugoslavije dogodio onako brzo da je kralj Aleksandar manje dr\u017eavnih sredstava stavljao u svoje \u0111epove, a vi\u0161e ulagao u obranu i prosperitet naroda. Dakle pitanje je dali je njegova pohlepa rezultirala propa\u0161\u0107u dr\u017eave. Kralj Aleksandar Kara\u0111or\u0111evi\u0107 bio je klju\u010dna osoba u stvaranju Kraljevine Srba, Hrvata &hellip;<\/p>\n","protected":false},"author":1,"featured_media":2763,"comment_status":"closed","ping_status":"open","sticky":false,"template":"","format":"standard","meta":{"_monsterinsights_skip_tracking":false,"_monsterinsights_sitenote_active":false,"_monsterinsights_sitenote_note":"","_monsterinsights_sitenote_category":0,"footnotes":""},"categories":[8],"tags":[591,592,589,590,588],"class_list":["post-2734","post","type-post","status-publish","format-standard","has-post-thumbnail","","category-vijesti","tag-aleksandar","tag-beograd","tag-jugoslavija","tag-kraljevina","tag-stara"],"yoast_head":"<!-- This site is optimized with the Yoast SEO plugin v22.1 - https:\/\/yoast.com\/wordpress\/plugins\/seo\/ -->\n<title>Propast stare Jugoslavije i pohlepa kralja Aleksandra - odabrano<\/title>\n<meta name=\"robots\" content=\"index, follow, max-snippet:-1, max-image-preview:large, max-video-preview:-1\" \/>\n<link rel=\"canonical\" href=\"https:\/\/odabrano.com\/index.php\/2024\/05\/15\/propast-stare-jugoslavije\/\" \/>\n<meta property=\"og:locale\" content=\"en_US\" \/>\n<meta property=\"og:type\" content=\"article\" \/>\n<meta property=\"og:title\" content=\"Propast stare Jugoslavije i pohlepa kralja Aleksandra - odabrano\" \/>\n<meta property=\"og:description\" content=\"Svrha ovog \u010dlanka je analizirati bi li se propast kraljevine Jugoslavije dogodio onako brzo da je kralj Aleksandar manje dr\u017eavnih sredstava stavljao u svoje \u0111epove, a vi\u0161e ulagao u obranu i prosperitet naroda. Dakle pitanje je dali je njegova pohlepa rezultirala propa\u0161\u0107u dr\u017eave. Kralj Aleksandar Kara\u0111or\u0111evi\u0107 bio je klju\u010dna osoba u stvaranju Kraljevine Srba, Hrvata &hellip;\" \/>\n<meta property=\"og:url\" content=\"https:\/\/odabrano.com\/index.php\/2024\/05\/15\/propast-stare-jugoslavije\/\" \/>\n<meta property=\"og:site_name\" content=\"odabrano\" \/>\n<meta property=\"article:published_time\" content=\"2024-05-15T16:51:00+00:00\" \/>\n<meta property=\"article:modified_time\" content=\"2024-06-25T16:13:47+00:00\" \/>\n<meta property=\"og:image\" content=\"https:\/\/odabrano.com\/wp-content\/uploads\/2024\/05\/novac.jpg\" \/>\n\t<meta property=\"og:image:width\" content=\"1134\" \/>\n\t<meta property=\"og:image:height\" content=\"715\" \/>\n\t<meta property=\"og:image:type\" content=\"image\/jpeg\" \/>\n<meta name=\"author\" content=\"admin\" \/>\n<meta name=\"twitter:card\" content=\"summary_large_image\" \/>\n<meta name=\"twitter:label1\" content=\"Written by\" \/>\n\t<meta name=\"twitter:data1\" content=\"admin\" \/>\n\t<meta name=\"twitter:label2\" content=\"Est. reading time\" \/>\n\t<meta name=\"twitter:data2\" content=\"15 minutes\" \/>\n<script type=\"application\/ld+json\" class=\"yoast-schema-graph\">{\"@context\":\"https:\/\/schema.org\",\"@graph\":[{\"@type\":\"Article\",\"@id\":\"https:\/\/odabrano.com\/index.php\/2024\/05\/15\/propast-stare-jugoslavije\/#article\",\"isPartOf\":{\"@id\":\"https:\/\/odabrano.com\/index.php\/2024\/05\/15\/propast-stare-jugoslavije\/\"},\"author\":{\"name\":\"admin\",\"@id\":\"https:\/\/odabrano.com\/#\/schema\/person\/460f2b14657879743f23c4f6a7cd3236\"},\"headline\":\"Propast stare Jugoslavije i pohlepa kralja Aleksandra\",\"datePublished\":\"2024-05-15T16:51:00+00:00\",\"dateModified\":\"2024-06-25T16:13:47+00:00\",\"mainEntityOfPage\":{\"@id\":\"https:\/\/odabrano.com\/index.php\/2024\/05\/15\/propast-stare-jugoslavije\/\"},\"wordCount\":3133,\"publisher\":{\"@id\":\"https:\/\/odabrano.com\/#\/schema\/person\/460f2b14657879743f23c4f6a7cd3236\"},\"keywords\":[\"aleksandar\",\"beograd\",\"jugoslavija\",\"kraljevina\",\"stara\"],\"articleSection\":[\"Vijesti\"],\"inLanguage\":\"en-US\"},{\"@type\":\"WebPage\",\"@id\":\"https:\/\/odabrano.com\/index.php\/2024\/05\/15\/propast-stare-jugoslavije\/\",\"url\":\"https:\/\/odabrano.com\/index.php\/2024\/05\/15\/propast-stare-jugoslavije\/\",\"name\":\"Propast stare Jugoslavije i pohlepa kralja Aleksandra - odabrano\",\"isPartOf\":{\"@id\":\"https:\/\/odabrano.com\/#website\"},\"datePublished\":\"2024-05-15T16:51:00+00:00\",\"dateModified\":\"2024-06-25T16:13:47+00:00\",\"breadcrumb\":{\"@id\":\"https:\/\/odabrano.com\/index.php\/2024\/05\/15\/propast-stare-jugoslavije\/#breadcrumb\"},\"inLanguage\":\"en-US\",\"potentialAction\":[{\"@type\":\"ReadAction\",\"target\":[\"https:\/\/odabrano.com\/index.php\/2024\/05\/15\/propast-stare-jugoslavije\/\"]}]},{\"@type\":\"BreadcrumbList\",\"@id\":\"https:\/\/odabrano.com\/index.php\/2024\/05\/15\/propast-stare-jugoslavije\/#breadcrumb\",\"itemListElement\":[{\"@type\":\"ListItem\",\"position\":1,\"name\":\"Home\",\"item\":\"https:\/\/odabrano.com\/\"},{\"@type\":\"ListItem\",\"position\":2,\"name\":\"Propast stare Jugoslavije i pohlepa kralja Aleksandra\"}]},{\"@type\":\"WebSite\",\"@id\":\"https:\/\/odabrano.com\/#website\",\"url\":\"https:\/\/odabrano.com\/\",\"name\":\"odabrano\",\"description\":\"news portal koji nudi odabrane vijesti i informacije\",\"publisher\":{\"@id\":\"https:\/\/odabrano.com\/#\/schema\/person\/460f2b14657879743f23c4f6a7cd3236\"},\"alternateName\":\"vijesti i informacije iz Hrvatske i svijeta\",\"potentialAction\":[{\"@type\":\"SearchAction\",\"target\":{\"@type\":\"EntryPoint\",\"urlTemplate\":\"https:\/\/odabrano.com\/?s={search_term_string}\"},\"query-input\":\"required name=search_term_string\"}],\"inLanguage\":\"en-US\"},{\"@type\":[\"Person\",\"Organization\"],\"@id\":\"https:\/\/odabrano.com\/#\/schema\/person\/460f2b14657879743f23c4f6a7cd3236\",\"name\":\"admin\",\"image\":{\"@type\":\"ImageObject\",\"inLanguage\":\"en-US\",\"@id\":\"https:\/\/odabrano.com\/#\/schema\/person\/image\/\",\"url\":\"https:\/\/odabrano.com\/wp-content\/uploads\/2024\/04\/dolar.jpg\",\"contentUrl\":\"https:\/\/odabrano.com\/wp-content\/uploads\/2024\/04\/dolar.jpg\",\"width\":1216,\"height\":519,\"caption\":\"admin\"},\"logo\":{\"@id\":\"https:\/\/odabrano.com\/#\/schema\/person\/image\/\"},\"sameAs\":[\"http:\/\/odabrano.com\"],\"url\":\"https:\/\/odabrano.com\/index.php\/author\/sokolneno_u3xb387h\/\"}]}<\/script>\n<!-- \/ Yoast SEO plugin. -->","yoast_head_json":{"title":"Propast stare Jugoslavije i pohlepa kralja Aleksandra - odabrano","robots":{"index":"index","follow":"follow","max-snippet":"max-snippet:-1","max-image-preview":"max-image-preview:large","max-video-preview":"max-video-preview:-1"},"canonical":"https:\/\/odabrano.com\/index.php\/2024\/05\/15\/propast-stare-jugoslavije\/","og_locale":"en_US","og_type":"article","og_title":"Propast stare Jugoslavije i pohlepa kralja Aleksandra - odabrano","og_description":"Svrha ovog \u010dlanka je analizirati bi li se propast kraljevine Jugoslavije dogodio onako brzo da je kralj Aleksandar manje dr\u017eavnih sredstava stavljao u svoje \u0111epove, a vi\u0161e ulagao u obranu i prosperitet naroda. Dakle pitanje je dali je njegova pohlepa rezultirala propa\u0161\u0107u dr\u017eave. Kralj Aleksandar Kara\u0111or\u0111evi\u0107 bio je klju\u010dna osoba u stvaranju Kraljevine Srba, Hrvata &hellip;","og_url":"https:\/\/odabrano.com\/index.php\/2024\/05\/15\/propast-stare-jugoslavije\/","og_site_name":"odabrano","article_published_time":"2024-05-15T16:51:00+00:00","article_modified_time":"2024-06-25T16:13:47+00:00","og_image":[{"width":1134,"height":715,"url":"https:\/\/odabrano.com\/wp-content\/uploads\/2024\/05\/novac.jpg","type":"image\/jpeg"}],"author":"admin","twitter_card":"summary_large_image","twitter_misc":{"Written by":"admin","Est. reading time":"15 minutes"},"schema":{"@context":"https:\/\/schema.org","@graph":[{"@type":"Article","@id":"https:\/\/odabrano.com\/index.php\/2024\/05\/15\/propast-stare-jugoslavije\/#article","isPartOf":{"@id":"https:\/\/odabrano.com\/index.php\/2024\/05\/15\/propast-stare-jugoslavije\/"},"author":{"name":"admin","@id":"https:\/\/odabrano.com\/#\/schema\/person\/460f2b14657879743f23c4f6a7cd3236"},"headline":"Propast stare Jugoslavije i pohlepa kralja Aleksandra","datePublished":"2024-05-15T16:51:00+00:00","dateModified":"2024-06-25T16:13:47+00:00","mainEntityOfPage":{"@id":"https:\/\/odabrano.com\/index.php\/2024\/05\/15\/propast-stare-jugoslavije\/"},"wordCount":3133,"publisher":{"@id":"https:\/\/odabrano.com\/#\/schema\/person\/460f2b14657879743f23c4f6a7cd3236"},"keywords":["aleksandar","beograd","jugoslavija","kraljevina","stara"],"articleSection":["Vijesti"],"inLanguage":"en-US"},{"@type":"WebPage","@id":"https:\/\/odabrano.com\/index.php\/2024\/05\/15\/propast-stare-jugoslavije\/","url":"https:\/\/odabrano.com\/index.php\/2024\/05\/15\/propast-stare-jugoslavije\/","name":"Propast stare Jugoslavije i pohlepa kralja Aleksandra - odabrano","isPartOf":{"@id":"https:\/\/odabrano.com\/#website"},"datePublished":"2024-05-15T16:51:00+00:00","dateModified":"2024-06-25T16:13:47+00:00","breadcrumb":{"@id":"https:\/\/odabrano.com\/index.php\/2024\/05\/15\/propast-stare-jugoslavije\/#breadcrumb"},"inLanguage":"en-US","potentialAction":[{"@type":"ReadAction","target":["https:\/\/odabrano.com\/index.php\/2024\/05\/15\/propast-stare-jugoslavije\/"]}]},{"@type":"BreadcrumbList","@id":"https:\/\/odabrano.com\/index.php\/2024\/05\/15\/propast-stare-jugoslavije\/#breadcrumb","itemListElement":[{"@type":"ListItem","position":1,"name":"Home","item":"https:\/\/odabrano.com\/"},{"@type":"ListItem","position":2,"name":"Propast stare Jugoslavije i pohlepa kralja Aleksandra"}]},{"@type":"WebSite","@id":"https:\/\/odabrano.com\/#website","url":"https:\/\/odabrano.com\/","name":"odabrano","description":"news portal koji nudi odabrane vijesti i informacije","publisher":{"@id":"https:\/\/odabrano.com\/#\/schema\/person\/460f2b14657879743f23c4f6a7cd3236"},"alternateName":"vijesti i informacije iz Hrvatske i svijeta","potentialAction":[{"@type":"SearchAction","target":{"@type":"EntryPoint","urlTemplate":"https:\/\/odabrano.com\/?s={search_term_string}"},"query-input":"required name=search_term_string"}],"inLanguage":"en-US"},{"@type":["Person","Organization"],"@id":"https:\/\/odabrano.com\/#\/schema\/person\/460f2b14657879743f23c4f6a7cd3236","name":"admin","image":{"@type":"ImageObject","inLanguage":"en-US","@id":"https:\/\/odabrano.com\/#\/schema\/person\/image\/","url":"https:\/\/odabrano.com\/wp-content\/uploads\/2024\/04\/dolar.jpg","contentUrl":"https:\/\/odabrano.com\/wp-content\/uploads\/2024\/04\/dolar.jpg","width":1216,"height":519,"caption":"admin"},"logo":{"@id":"https:\/\/odabrano.com\/#\/schema\/person\/image\/"},"sameAs":["http:\/\/odabrano.com"],"url":"https:\/\/odabrano.com\/index.php\/author\/sokolneno_u3xb387h\/"}]}},"_links":{"self":[{"href":"https:\/\/odabrano.com\/index.php\/wp-json\/wp\/v2\/posts\/2734","targetHints":{"allow":["GET"]}}],"collection":[{"href":"https:\/\/odabrano.com\/index.php\/wp-json\/wp\/v2\/posts"}],"about":[{"href":"https:\/\/odabrano.com\/index.php\/wp-json\/wp\/v2\/types\/post"}],"author":[{"embeddable":true,"href":"https:\/\/odabrano.com\/index.php\/wp-json\/wp\/v2\/users\/1"}],"replies":[{"embeddable":true,"href":"https:\/\/odabrano.com\/index.php\/wp-json\/wp\/v2\/comments?post=2734"}],"version-history":[{"count":31,"href":"https:\/\/odabrano.com\/index.php\/wp-json\/wp\/v2\/posts\/2734\/revisions"}],"predecessor-version":[{"id":3757,"href":"https:\/\/odabrano.com\/index.php\/wp-json\/wp\/v2\/posts\/2734\/revisions\/3757"}],"wp:featuredmedia":[{"embeddable":true,"href":"https:\/\/odabrano.com\/index.php\/wp-json\/wp\/v2\/media\/2763"}],"wp:attachment":[{"href":"https:\/\/odabrano.com\/index.php\/wp-json\/wp\/v2\/media?parent=2734"}],"wp:term":[{"taxonomy":"category","embeddable":true,"href":"https:\/\/odabrano.com\/index.php\/wp-json\/wp\/v2\/categories?post=2734"},{"taxonomy":"post_tag","embeddable":true,"href":"https:\/\/odabrano.com\/index.php\/wp-json\/wp\/v2\/tags?post=2734"}],"curies":[{"name":"wp","href":"https:\/\/api.w.org\/{rel}","templated":true}]}}