{"id":2720,"date":"2024-05-16T06:49:31","date_gmt":"2024-05-16T04:49:31","guid":{"rendered":"http:\/\/odabrano.com\/?p=2720"},"modified":"2024-05-16T06:49:31","modified_gmt":"2024-05-16T04:49:31","slug":"cetvero-mrtvih-u-nemirima-u-novoj-kaledoniji","status":"publish","type":"post","link":"https:\/\/odabrano.com\/index.php\/2024\/05\/16\/cetvero-mrtvih-u-nemirima-u-novoj-kaledoniji\/","title":{"rendered":"\u010cetvero mrtvih u nemirima u Novoj Kaledoniji"},"content":{"rendered":"\n<p>Francuska je u srijedu proglasila vanredno stanje na pacifi\u010dkom oto\u010dju Novoj Kaledoniji nakon \u0161to su u neredima zbog izborne reforme ubijena tri mladi\u0107a i policijski du\u017enosnik.<\/p>\n\n\n\n<p>Vanredno stanje, koje je stupilo na snagu u pet\u00a0ujutro po lokalnom vremenu, daje vlastima ovlasti da zabrane okupljanja i\u00a0kretanje po otoku pod francuskom vla\u0161\u0107u.<\/p>\n\n\n\n<p>Dodatnih 500 policajaca poslano je u pomo\u0107 1.800 ve\u0107 prisutnih na otoku nakon \u0161to su demonstranti zapalili vozila i tvrtke te oplja\u010dkali trgovine, javlja Reuters a penosi Hina.<\/p>\n\n\n\n<p>\u0160kole su zatvorene, a u glavnom gradu je otprije na snazi policijski sat.<\/p>\n\n\n\n<p>\u201cNikakvo nasilje ne\u0107e se tolerisati\u201d, rekao je premijer Gabriel Attal, dodaju\u0107i da \u0107e vanredno stanje omogu\u0107iti da se upotrijebe \u201cgolema sredstva za uspostavljanje reda\u201d.<\/p>\n\n\n\n<p>Kasnije je potpisao dekret o progla\u0161enju vanrednog stanja koje \u0107e trajati dvanaest dana i najavio da \u0107e francuski vojnici osiguravati glavne luke i aerodrom Nove Kaledonije.<\/p>\n\n\n\n<p>Vlasti su tako\u0111er zabranile aplikaciju TikTok, za koju je vlada tokom nereda pro\u0161log ljeta rekla da je pomogla pobunjenicima da se organiziraju.<\/p>\n\n\n\n<h2 class=\"wp-block-heading\" id=\"pokret-za-nezavisnot-nove-kaledonije\">Pokret za nezavisnot Nove Kaledonije<\/h2>\n\n\n\n<p>Nemiri su po\u010deli u ponedjeljak kada je Francuska raspravljala o prijedlogu zakona koji bi hiljadama francuskih gra\u0111ana u tome arhipelagu ju\u017enog Pacifika dao pravo glasa na pokrajinskim izborima.<\/p>\n\n\n\n<p>Pokret za nezavisnot Nove Kaledonije strahuje da \u0107e takva promjena rezultirati slabljenjem politi\u010dkog utjecaja me\u0111u domoroda\u010dkim narodom Kanak. Nacionalna skup\u0161tina u Parizu reformu je usvojila preko no\u0107i s 351 glasom za i 153 glasa protiv.<\/p>\n\n\n\n<p>Za Pariz je Nova Kaledonija va\u017ena vojno i&nbsp;geopoliti\u010dki, no i&nbsp;zbog svojih nalazi\u0161ta nikla.<\/p>\n\n\n\n<p>Podru\u010dje na kojemu \u017eivi oko 270.000 stanovnika steklo je veliku autonomiju sporazumom iz Noumee. Otok se nalazi oko 1.200 kilometara isto\u010dno od Australije.<\/p>\n\n\n\n<p>Na sva tri referenduma o nezavisnosti, odr\u017eana 2018, 2020. i 2021. godine stanovnici su glasali za ostanak u sastavu Francuske. No pokret za nezavisnot bojkotirao je posljednje glasanje i najavio da ne kani prihvatiti rezultate.<\/p>\n","protected":false},"excerpt":{"rendered":"<p>Francuska je u srijedu proglasila vanredno stanje na pacifi\u010dkom oto\u010dju Novoj Kaledoniji nakon \u0161to su u neredima zbog izborne reforme ubijena tri mladi\u0107a i policijski du\u017enosnik. Vanredno stanje, koje je stupilo na snagu u pet\u00a0ujutro po lokalnom vremenu, daje vlastima ovlasti da zabrane okupljanja i\u00a0kretanje po otoku pod francuskom vla\u0161\u0107u. Dodatnih 500 policajaca poslano je &hellip;<\/p>\n","protected":false},"author":1,"featured_media":2721,"comment_status":"closed","ping_status":"open","sticky":false,"template":"","format":"standard","meta":{"_monsterinsights_skip_tracking":false,"_monsterinsights_sitenote_active":false,"_monsterinsights_sitenote_note":"","_monsterinsights_sitenote_category":0,"footnotes":""},"categories":[9],"tags":[581,584,583,582],"class_list":["post-2720","post","type-post","status-publish","format-standard","has-post-thumbnail","","category-svijet","tag-kaledonija","tag-mrtvi","tag-nemiri","tag-nova"],"yoast_head":"<!-- This site is optimized with the Yoast SEO plugin v22.1 - https:\/\/yoast.com\/wordpress\/plugins\/seo\/ -->\n<title>\u010cetvero mrtvih u nemirima u Novoj Kaledoniji - odabrano<\/title>\n<meta name=\"robots\" content=\"index, follow, max-snippet:-1, max-image-preview:large, max-video-preview:-1\" \/>\n<link rel=\"canonical\" href=\"https:\/\/odabrano.com\/index.php\/2024\/05\/16\/cetvero-mrtvih-u-nemirima-u-novoj-kaledoniji\/\" \/>\n<meta property=\"og:locale\" content=\"en_US\" \/>\n<meta property=\"og:type\" content=\"article\" \/>\n<meta property=\"og:title\" content=\"\u010cetvero mrtvih u nemirima u Novoj Kaledoniji - odabrano\" \/>\n<meta property=\"og:description\" content=\"Francuska je u srijedu proglasila vanredno stanje na pacifi\u010dkom oto\u010dju Novoj Kaledoniji nakon \u0161to su u neredima zbog izborne reforme ubijena tri mladi\u0107a i policijski du\u017enosnik. Vanredno stanje, koje je stupilo na snagu u pet\u00a0ujutro po lokalnom vremenu, daje vlastima ovlasti da zabrane okupljanja i\u00a0kretanje po otoku pod francuskom vla\u0161\u0107u. Dodatnih 500 policajaca poslano je &hellip;\" \/>\n<meta property=\"og:url\" content=\"https:\/\/odabrano.com\/index.php\/2024\/05\/16\/cetvero-mrtvih-u-nemirima-u-novoj-kaledoniji\/\" \/>\n<meta property=\"og:site_name\" content=\"odabrano\" \/>\n<meta property=\"article:published_time\" content=\"2024-05-16T04:49:31+00:00\" \/>\n<meta property=\"og:image\" content=\"https:\/\/odabrano.com\/wp-content\/uploads\/2024\/05\/policija.jpeg\" \/>\n\t<meta property=\"og:image:width\" content=\"988\" \/>\n\t<meta property=\"og:image:height\" content=\"593\" \/>\n\t<meta property=\"og:image:type\" content=\"image\/jpeg\" \/>\n<meta name=\"author\" content=\"admin\" \/>\n<meta name=\"twitter:card\" content=\"summary_large_image\" \/>\n<meta name=\"twitter:label1\" content=\"Written by\" \/>\n\t<meta name=\"twitter:data1\" content=\"admin\" \/>\n\t<meta name=\"twitter:label2\" content=\"Est. reading time\" \/>\n\t<meta name=\"twitter:data2\" content=\"2 minutes\" \/>\n<script type=\"application\/ld+json\" class=\"yoast-schema-graph\">{\"@context\":\"https:\/\/schema.org\",\"@graph\":[{\"@type\":\"Article\",\"@id\":\"https:\/\/odabrano.com\/index.php\/2024\/05\/16\/cetvero-mrtvih-u-nemirima-u-novoj-kaledoniji\/#article\",\"isPartOf\":{\"@id\":\"https:\/\/odabrano.com\/index.php\/2024\/05\/16\/cetvero-mrtvih-u-nemirima-u-novoj-kaledoniji\/\"},\"author\":{\"name\":\"admin\",\"@id\":\"https:\/\/odabrano.com\/#\/schema\/person\/460f2b14657879743f23c4f6a7cd3236\"},\"headline\":\"\u010cetvero mrtvih u nemirima u Novoj Kaledoniji\",\"datePublished\":\"2024-05-16T04:49:31+00:00\",\"dateModified\":\"2024-05-16T04:49:31+00:00\",\"mainEntityOfPage\":{\"@id\":\"https:\/\/odabrano.com\/index.php\/2024\/05\/16\/cetvero-mrtvih-u-nemirima-u-novoj-kaledoniji\/\"},\"wordCount\":332,\"publisher\":{\"@id\":\"https:\/\/odabrano.com\/#\/schema\/person\/460f2b14657879743f23c4f6a7cd3236\"},\"keywords\":[\"kaledonija\",\"mrtvi\",\"nemiri\",\"nova\"],\"articleSection\":[\"Svijet\"],\"inLanguage\":\"en-US\"},{\"@type\":\"WebPage\",\"@id\":\"https:\/\/odabrano.com\/index.php\/2024\/05\/16\/cetvero-mrtvih-u-nemirima-u-novoj-kaledoniji\/\",\"url\":\"https:\/\/odabrano.com\/index.php\/2024\/05\/16\/cetvero-mrtvih-u-nemirima-u-novoj-kaledoniji\/\",\"name\":\"\u010cetvero mrtvih u nemirima u Novoj Kaledoniji - odabrano\",\"isPartOf\":{\"@id\":\"https:\/\/odabrano.com\/#website\"},\"datePublished\":\"2024-05-16T04:49:31+00:00\",\"dateModified\":\"2024-05-16T04:49:31+00:00\",\"breadcrumb\":{\"@id\":\"https:\/\/odabrano.com\/index.php\/2024\/05\/16\/cetvero-mrtvih-u-nemirima-u-novoj-kaledoniji\/#breadcrumb\"},\"inLanguage\":\"en-US\",\"potentialAction\":[{\"@type\":\"ReadAction\",\"target\":[\"https:\/\/odabrano.com\/index.php\/2024\/05\/16\/cetvero-mrtvih-u-nemirima-u-novoj-kaledoniji\/\"]}]},{\"@type\":\"BreadcrumbList\",\"@id\":\"https:\/\/odabrano.com\/index.php\/2024\/05\/16\/cetvero-mrtvih-u-nemirima-u-novoj-kaledoniji\/#breadcrumb\",\"itemListElement\":[{\"@type\":\"ListItem\",\"position\":1,\"name\":\"Home\",\"item\":\"https:\/\/odabrano.com\/\"},{\"@type\":\"ListItem\",\"position\":2,\"name\":\"\u010cetvero mrtvih u nemirima u Novoj Kaledoniji\"}]},{\"@type\":\"WebSite\",\"@id\":\"https:\/\/odabrano.com\/#website\",\"url\":\"https:\/\/odabrano.com\/\",\"name\":\"odabrano\",\"description\":\"news portal koji nudi odabrane vijesti i informacije\",\"publisher\":{\"@id\":\"https:\/\/odabrano.com\/#\/schema\/person\/460f2b14657879743f23c4f6a7cd3236\"},\"alternateName\":\"vijesti i informacije iz Hrvatske i svijeta\",\"potentialAction\":[{\"@type\":\"SearchAction\",\"target\":{\"@type\":\"EntryPoint\",\"urlTemplate\":\"https:\/\/odabrano.com\/?s={search_term_string}\"},\"query-input\":\"required name=search_term_string\"}],\"inLanguage\":\"en-US\"},{\"@type\":[\"Person\",\"Organization\"],\"@id\":\"https:\/\/odabrano.com\/#\/schema\/person\/460f2b14657879743f23c4f6a7cd3236\",\"name\":\"admin\",\"image\":{\"@type\":\"ImageObject\",\"inLanguage\":\"en-US\",\"@id\":\"https:\/\/odabrano.com\/#\/schema\/person\/image\/\",\"url\":\"https:\/\/odabrano.com\/wp-content\/uploads\/2024\/04\/dolar.jpg\",\"contentUrl\":\"https:\/\/odabrano.com\/wp-content\/uploads\/2024\/04\/dolar.jpg\",\"width\":1216,\"height\":519,\"caption\":\"admin\"},\"logo\":{\"@id\":\"https:\/\/odabrano.com\/#\/schema\/person\/image\/\"},\"sameAs\":[\"http:\/\/odabrano.com\"],\"url\":\"https:\/\/odabrano.com\/index.php\/author\/sokolneno_u3xb387h\/\"}]}<\/script>\n<!-- \/ Yoast SEO plugin. -->","yoast_head_json":{"title":"\u010cetvero mrtvih u nemirima u Novoj Kaledoniji - odabrano","robots":{"index":"index","follow":"follow","max-snippet":"max-snippet:-1","max-image-preview":"max-image-preview:large","max-video-preview":"max-video-preview:-1"},"canonical":"https:\/\/odabrano.com\/index.php\/2024\/05\/16\/cetvero-mrtvih-u-nemirima-u-novoj-kaledoniji\/","og_locale":"en_US","og_type":"article","og_title":"\u010cetvero mrtvih u nemirima u Novoj Kaledoniji - odabrano","og_description":"Francuska je u srijedu proglasila vanredno stanje na pacifi\u010dkom oto\u010dju Novoj Kaledoniji nakon \u0161to su u neredima zbog izborne reforme ubijena tri mladi\u0107a i policijski du\u017enosnik. Vanredno stanje, koje je stupilo na snagu u pet\u00a0ujutro po lokalnom vremenu, daje vlastima ovlasti da zabrane okupljanja i\u00a0kretanje po otoku pod francuskom vla\u0161\u0107u. Dodatnih 500 policajaca poslano je &hellip;","og_url":"https:\/\/odabrano.com\/index.php\/2024\/05\/16\/cetvero-mrtvih-u-nemirima-u-novoj-kaledoniji\/","og_site_name":"odabrano","article_published_time":"2024-05-16T04:49:31+00:00","og_image":[{"width":988,"height":593,"url":"https:\/\/odabrano.com\/wp-content\/uploads\/2024\/05\/policija.jpeg","type":"image\/jpeg"}],"author":"admin","twitter_card":"summary_large_image","twitter_misc":{"Written by":"admin","Est. reading time":"2 minutes"},"schema":{"@context":"https:\/\/schema.org","@graph":[{"@type":"Article","@id":"https:\/\/odabrano.com\/index.php\/2024\/05\/16\/cetvero-mrtvih-u-nemirima-u-novoj-kaledoniji\/#article","isPartOf":{"@id":"https:\/\/odabrano.com\/index.php\/2024\/05\/16\/cetvero-mrtvih-u-nemirima-u-novoj-kaledoniji\/"},"author":{"name":"admin","@id":"https:\/\/odabrano.com\/#\/schema\/person\/460f2b14657879743f23c4f6a7cd3236"},"headline":"\u010cetvero mrtvih u nemirima u Novoj Kaledoniji","datePublished":"2024-05-16T04:49:31+00:00","dateModified":"2024-05-16T04:49:31+00:00","mainEntityOfPage":{"@id":"https:\/\/odabrano.com\/index.php\/2024\/05\/16\/cetvero-mrtvih-u-nemirima-u-novoj-kaledoniji\/"},"wordCount":332,"publisher":{"@id":"https:\/\/odabrano.com\/#\/schema\/person\/460f2b14657879743f23c4f6a7cd3236"},"keywords":["kaledonija","mrtvi","nemiri","nova"],"articleSection":["Svijet"],"inLanguage":"en-US"},{"@type":"WebPage","@id":"https:\/\/odabrano.com\/index.php\/2024\/05\/16\/cetvero-mrtvih-u-nemirima-u-novoj-kaledoniji\/","url":"https:\/\/odabrano.com\/index.php\/2024\/05\/16\/cetvero-mrtvih-u-nemirima-u-novoj-kaledoniji\/","name":"\u010cetvero mrtvih u nemirima u Novoj Kaledoniji - odabrano","isPartOf":{"@id":"https:\/\/odabrano.com\/#website"},"datePublished":"2024-05-16T04:49:31+00:00","dateModified":"2024-05-16T04:49:31+00:00","breadcrumb":{"@id":"https:\/\/odabrano.com\/index.php\/2024\/05\/16\/cetvero-mrtvih-u-nemirima-u-novoj-kaledoniji\/#breadcrumb"},"inLanguage":"en-US","potentialAction":[{"@type":"ReadAction","target":["https:\/\/odabrano.com\/index.php\/2024\/05\/16\/cetvero-mrtvih-u-nemirima-u-novoj-kaledoniji\/"]}]},{"@type":"BreadcrumbList","@id":"https:\/\/odabrano.com\/index.php\/2024\/05\/16\/cetvero-mrtvih-u-nemirima-u-novoj-kaledoniji\/#breadcrumb","itemListElement":[{"@type":"ListItem","position":1,"name":"Home","item":"https:\/\/odabrano.com\/"},{"@type":"ListItem","position":2,"name":"\u010cetvero mrtvih u nemirima u Novoj Kaledoniji"}]},{"@type":"WebSite","@id":"https:\/\/odabrano.com\/#website","url":"https:\/\/odabrano.com\/","name":"odabrano","description":"news portal koji nudi odabrane vijesti i informacije","publisher":{"@id":"https:\/\/odabrano.com\/#\/schema\/person\/460f2b14657879743f23c4f6a7cd3236"},"alternateName":"vijesti i informacije iz Hrvatske i svijeta","potentialAction":[{"@type":"SearchAction","target":{"@type":"EntryPoint","urlTemplate":"https:\/\/odabrano.com\/?s={search_term_string}"},"query-input":"required name=search_term_string"}],"inLanguage":"en-US"},{"@type":["Person","Organization"],"@id":"https:\/\/odabrano.com\/#\/schema\/person\/460f2b14657879743f23c4f6a7cd3236","name":"admin","image":{"@type":"ImageObject","inLanguage":"en-US","@id":"https:\/\/odabrano.com\/#\/schema\/person\/image\/","url":"https:\/\/odabrano.com\/wp-content\/uploads\/2024\/04\/dolar.jpg","contentUrl":"https:\/\/odabrano.com\/wp-content\/uploads\/2024\/04\/dolar.jpg","width":1216,"height":519,"caption":"admin"},"logo":{"@id":"https:\/\/odabrano.com\/#\/schema\/person\/image\/"},"sameAs":["http:\/\/odabrano.com"],"url":"https:\/\/odabrano.com\/index.php\/author\/sokolneno_u3xb387h\/"}]}},"_links":{"self":[{"href":"https:\/\/odabrano.com\/index.php\/wp-json\/wp\/v2\/posts\/2720","targetHints":{"allow":["GET"]}}],"collection":[{"href":"https:\/\/odabrano.com\/index.php\/wp-json\/wp\/v2\/posts"}],"about":[{"href":"https:\/\/odabrano.com\/index.php\/wp-json\/wp\/v2\/types\/post"}],"author":[{"embeddable":true,"href":"https:\/\/odabrano.com\/index.php\/wp-json\/wp\/v2\/users\/1"}],"replies":[{"embeddable":true,"href":"https:\/\/odabrano.com\/index.php\/wp-json\/wp\/v2\/comments?post=2720"}],"version-history":[{"count":1,"href":"https:\/\/odabrano.com\/index.php\/wp-json\/wp\/v2\/posts\/2720\/revisions"}],"predecessor-version":[{"id":2722,"href":"https:\/\/odabrano.com\/index.php\/wp-json\/wp\/v2\/posts\/2720\/revisions\/2722"}],"wp:featuredmedia":[{"embeddable":true,"href":"https:\/\/odabrano.com\/index.php\/wp-json\/wp\/v2\/media\/2721"}],"wp:attachment":[{"href":"https:\/\/odabrano.com\/index.php\/wp-json\/wp\/v2\/media?parent=2720"}],"wp:term":[{"taxonomy":"category","embeddable":true,"href":"https:\/\/odabrano.com\/index.php\/wp-json\/wp\/v2\/categories?post=2720"},{"taxonomy":"post_tag","embeddable":true,"href":"https:\/\/odabrano.com\/index.php\/wp-json\/wp\/v2\/tags?post=2720"}],"curies":[{"name":"wp","href":"https:\/\/api.w.org\/{rel}","templated":true}]}}