{"id":2664,"date":"2024-05-13T18:12:39","date_gmt":"2024-05-13T16:12:39","guid":{"rendered":"http:\/\/odabrano.com\/?p=2664"},"modified":"2024-05-13T18:12:39","modified_gmt":"2024-05-13T16:12:39","slug":"ante-sanader-dobio-novu-ulogu-plenkovic-mu-povjerio-vazan-zadatak","status":"publish","type":"post","link":"https:\/\/odabrano.com\/index.php\/2024\/05\/13\/ante-sanader-dobio-novu-ulogu-plenkovic-mu-povjerio-vazan-zadatak\/","title":{"rendered":"Ante Sanader dobio novu ulogu, Plenkovi\u0107 mu povjerio va\u017ean zadatak"},"content":{"rendered":"\n<p>Politi\u010dki tajnik HDZ-a Ante Sanader u novom sazivu hrvatskoga parlamenta trebao bi postati predsjednik Kluba zastupnika vladaju\u0107e stranke u Saboru. Prema neslu\u017ebenim informacijama, Predsjedni\u0161tvo HDZ-a u ponedjeljak je odlu\u010dilo da upravo Sanader predvodi HDZ-ove zastupnike koji \u0107e i u ovome mandatu imati zadatak braniti poteze Plenkovi\u0107eve Vlade od kritika iz oporbenih klupa.<\/p>\n\n\n\n<p>Dosada\u0161nji predsjednik Kluba zastupnika HDZ-a akademik \u017deljko Reiner trebao bi postati Sanaderov zamjenik, odnosno potpredsjednik HDZ-ovog zastupni\u010dkog Kluba.<\/p>\n\n\n\n<p>Sanader je predsjednik splitsko-dalmatinskog HDZ-a koji slovi kao glavni kadrovik&nbsp; vladaju\u0107e stranke u Dalmaciji. Dugo je godina vrijedilo pravilo da nitko iz Splita ne mo\u017ee karijeru nastaviti u Zagrebu a da to ne blagoslovi Sanader. No ta pozicija mu se navodno po\u010dela drmati nakon \u0161to je na lokalnim izborima 2021. HDZ u Splitsko-dalmatinskoj \u017eupaniji osvojio desetak tisu\u0107a glasova manje nego prije \u010detiri godine, a HDZ izgubio vlast u nizu gradova i op\u0107ina. Sanaderov izbor za predsjednika zastupni\u010dkog Kluba ipak signalizira da Plenkovi\u0107 na njega i dalje ra\u010duna. I da ni\u0161ta od pomla\u0111ivanja \u010delnih strana\u010dkih ljudi na terenu, bar \u0161to se ti\u010de splitsko-dalmatinske \u017eupanije, za sada ne\u0107e biti.<\/p>\n\n\n\n<p>Ante Sanader je ina\u010de bio glavni akter prili\u010dno neugodnog sklandala tijekom kampanje za ove parlamentarne izbore kada je strana\u010dkoj kolegici Nikolini Baradi\u0107 javno poru\u010dio da se mora udati ako \u017eeli drugi mandat u Saboru.<\/p>\n\n\n\n<p>&#8211; Nas pet ima 18 djece. To je 3,6 djeteta u prosjeku. Prosjek nam di\u017eu ova dvojica koji imaju po petero djece. To je poruka koju smo \u017eeljeli poslati kao moderni HDZ, da se mi dr\u017eimo svoje tradicije i svojih kr\u0161\u0107anskih vrijednosti. Samo ovaj ima pet sinova, ovi pet k\u0107eri pa nisu stali i ne smiju stati, ovi moraju dobiti k\u0107er, a ovi sina. Govorim radi mlade kolegice Nikoline koju sam cijelo vrijeme u Saboru nagovarao da se mora udati jer drugi mandat Sabora ne dolazi besplatno \u2013 poru\u010dio je na predizbornom skupu Sanader. Predsjednik splitsko-dalmatinskog HDZ-a naknadno se ispri\u010dao i ustvrdio da su ga mediji &#8211; krivo prenijeli.<\/p>\n","protected":false},"excerpt":{"rendered":"<p>Politi\u010dki tajnik HDZ-a Ante Sanader u novom sazivu hrvatskoga parlamenta trebao bi postati predsjednik Kluba zastupnika vladaju\u0107e stranke u Saboru. Prema neslu\u017ebenim informacijama, Predsjedni\u0161tvo HDZ-a u ponedjeljak je odlu\u010dilo da upravo Sanader predvodi HDZ-ove zastupnike koji \u0107e i u ovome mandatu imati zadatak braniti poteze Plenkovi\u0107eve Vlade od kritika iz oporbenih klupa. Dosada\u0161nji predsjednik Kluba &hellip;<\/p>\n","protected":false},"author":1,"featured_media":2665,"comment_status":"closed","ping_status":"open","sticky":false,"template":"","format":"standard","meta":{"_monsterinsights_skip_tracking":false,"_monsterinsights_sitenote_active":false,"_monsterinsights_sitenote_note":"","_monsterinsights_sitenote_category":0,"footnotes":""},"categories":[25],"tags":[573,159,312],"class_list":["post-2664","post","type-post","status-publish","format-standard","has-post-thumbnail","","category-hrvatska","tag-ante-sanader","tag-hdz","tag-plenkovic"],"yoast_head":"<!-- This site is optimized with the Yoast SEO plugin v22.1 - https:\/\/yoast.com\/wordpress\/plugins\/seo\/ -->\n<title>Ante Sanader dobio novu ulogu, Plenkovi\u0107 mu povjerio va\u017ean zadatak - odabrano<\/title>\n<meta name=\"robots\" content=\"index, follow, max-snippet:-1, max-image-preview:large, max-video-preview:-1\" \/>\n<link rel=\"canonical\" href=\"https:\/\/odabrano.com\/index.php\/2024\/05\/13\/ante-sanader-dobio-novu-ulogu-plenkovic-mu-povjerio-vazan-zadatak\/\" \/>\n<meta property=\"og:locale\" content=\"en_US\" \/>\n<meta property=\"og:type\" content=\"article\" \/>\n<meta property=\"og:title\" content=\"Ante Sanader dobio novu ulogu, Plenkovi\u0107 mu povjerio va\u017ean zadatak - odabrano\" \/>\n<meta property=\"og:description\" content=\"Politi\u010dki tajnik HDZ-a Ante Sanader u novom sazivu hrvatskoga parlamenta trebao bi postati predsjednik Kluba zastupnika vladaju\u0107e stranke u Saboru. Prema neslu\u017ebenim informacijama, Predsjedni\u0161tvo HDZ-a u ponedjeljak je odlu\u010dilo da upravo Sanader predvodi HDZ-ove zastupnike koji \u0107e i u ovome mandatu imati zadatak braniti poteze Plenkovi\u0107eve Vlade od kritika iz oporbenih klupa. Dosada\u0161nji predsjednik Kluba &hellip;\" \/>\n<meta property=\"og:url\" content=\"https:\/\/odabrano.com\/index.php\/2024\/05\/13\/ante-sanader-dobio-novu-ulogu-plenkovic-mu-povjerio-vazan-zadatak\/\" \/>\n<meta property=\"og:site_name\" content=\"odabrano\" \/>\n<meta property=\"article:published_time\" content=\"2024-05-13T16:12:39+00:00\" \/>\n<meta property=\"og:image\" content=\"https:\/\/odabrano.com\/wp-content\/uploads\/2024\/05\/sanader.jpg\" \/>\n\t<meta property=\"og:image:width\" content=\"694\" \/>\n\t<meta property=\"og:image:height\" content=\"454\" \/>\n\t<meta property=\"og:image:type\" content=\"image\/jpeg\" \/>\n<meta name=\"author\" content=\"admin\" \/>\n<meta name=\"twitter:card\" content=\"summary_large_image\" \/>\n<meta name=\"twitter:label1\" content=\"Written by\" \/>\n\t<meta name=\"twitter:data1\" content=\"admin\" \/>\n\t<meta name=\"twitter:label2\" content=\"Est. reading time\" \/>\n\t<meta name=\"twitter:data2\" content=\"2 minutes\" \/>\n<script type=\"application\/ld+json\" class=\"yoast-schema-graph\">{\"@context\":\"https:\/\/schema.org\",\"@graph\":[{\"@type\":\"Article\",\"@id\":\"https:\/\/odabrano.com\/index.php\/2024\/05\/13\/ante-sanader-dobio-novu-ulogu-plenkovic-mu-povjerio-vazan-zadatak\/#article\",\"isPartOf\":{\"@id\":\"https:\/\/odabrano.com\/index.php\/2024\/05\/13\/ante-sanader-dobio-novu-ulogu-plenkovic-mu-povjerio-vazan-zadatak\/\"},\"author\":{\"name\":\"admin\",\"@id\":\"https:\/\/odabrano.com\/#\/schema\/person\/460f2b14657879743f23c4f6a7cd3236\"},\"headline\":\"Ante Sanader dobio novu ulogu, Plenkovi\u0107 mu povjerio va\u017ean zadatak\",\"datePublished\":\"2024-05-13T16:12:39+00:00\",\"dateModified\":\"2024-05-13T16:12:39+00:00\",\"mainEntityOfPage\":{\"@id\":\"https:\/\/odabrano.com\/index.php\/2024\/05\/13\/ante-sanader-dobio-novu-ulogu-plenkovic-mu-povjerio-vazan-zadatak\/\"},\"wordCount\":359,\"publisher\":{\"@id\":\"https:\/\/odabrano.com\/#\/schema\/person\/460f2b14657879743f23c4f6a7cd3236\"},\"keywords\":[\"ante sanader\",\"hdz\",\"plenkovi\u0107\"],\"articleSection\":[\"Hrvatska\"],\"inLanguage\":\"en-US\"},{\"@type\":\"WebPage\",\"@id\":\"https:\/\/odabrano.com\/index.php\/2024\/05\/13\/ante-sanader-dobio-novu-ulogu-plenkovic-mu-povjerio-vazan-zadatak\/\",\"url\":\"https:\/\/odabrano.com\/index.php\/2024\/05\/13\/ante-sanader-dobio-novu-ulogu-plenkovic-mu-povjerio-vazan-zadatak\/\",\"name\":\"Ante Sanader dobio novu ulogu, Plenkovi\u0107 mu povjerio va\u017ean zadatak - odabrano\",\"isPartOf\":{\"@id\":\"https:\/\/odabrano.com\/#website\"},\"datePublished\":\"2024-05-13T16:12:39+00:00\",\"dateModified\":\"2024-05-13T16:12:39+00:00\",\"breadcrumb\":{\"@id\":\"https:\/\/odabrano.com\/index.php\/2024\/05\/13\/ante-sanader-dobio-novu-ulogu-plenkovic-mu-povjerio-vazan-zadatak\/#breadcrumb\"},\"inLanguage\":\"en-US\",\"potentialAction\":[{\"@type\":\"ReadAction\",\"target\":[\"https:\/\/odabrano.com\/index.php\/2024\/05\/13\/ante-sanader-dobio-novu-ulogu-plenkovic-mu-povjerio-vazan-zadatak\/\"]}]},{\"@type\":\"BreadcrumbList\",\"@id\":\"https:\/\/odabrano.com\/index.php\/2024\/05\/13\/ante-sanader-dobio-novu-ulogu-plenkovic-mu-povjerio-vazan-zadatak\/#breadcrumb\",\"itemListElement\":[{\"@type\":\"ListItem\",\"position\":1,\"name\":\"Home\",\"item\":\"https:\/\/odabrano.com\/\"},{\"@type\":\"ListItem\",\"position\":2,\"name\":\"Ante Sanader dobio novu ulogu, Plenkovi\u0107 mu povjerio va\u017ean zadatak\"}]},{\"@type\":\"WebSite\",\"@id\":\"https:\/\/odabrano.com\/#website\",\"url\":\"https:\/\/odabrano.com\/\",\"name\":\"odabrano\",\"description\":\"news portal koji nudi odabrane vijesti i informacije\",\"publisher\":{\"@id\":\"https:\/\/odabrano.com\/#\/schema\/person\/460f2b14657879743f23c4f6a7cd3236\"},\"alternateName\":\"vijesti i informacije iz Hrvatske i svijeta\",\"potentialAction\":[{\"@type\":\"SearchAction\",\"target\":{\"@type\":\"EntryPoint\",\"urlTemplate\":\"https:\/\/odabrano.com\/?s={search_term_string}\"},\"query-input\":\"required name=search_term_string\"}],\"inLanguage\":\"en-US\"},{\"@type\":[\"Person\",\"Organization\"],\"@id\":\"https:\/\/odabrano.com\/#\/schema\/person\/460f2b14657879743f23c4f6a7cd3236\",\"name\":\"admin\",\"image\":{\"@type\":\"ImageObject\",\"inLanguage\":\"en-US\",\"@id\":\"https:\/\/odabrano.com\/#\/schema\/person\/image\/\",\"url\":\"https:\/\/odabrano.com\/wp-content\/uploads\/2024\/04\/dolar.jpg\",\"contentUrl\":\"https:\/\/odabrano.com\/wp-content\/uploads\/2024\/04\/dolar.jpg\",\"width\":1216,\"height\":519,\"caption\":\"admin\"},\"logo\":{\"@id\":\"https:\/\/odabrano.com\/#\/schema\/person\/image\/\"},\"sameAs\":[\"http:\/\/odabrano.com\"],\"url\":\"https:\/\/odabrano.com\/index.php\/author\/sokolneno_u3xb387h\/\"}]}<\/script>\n<!-- \/ Yoast SEO plugin. -->","yoast_head_json":{"title":"Ante Sanader dobio novu ulogu, Plenkovi\u0107 mu povjerio va\u017ean zadatak - odabrano","robots":{"index":"index","follow":"follow","max-snippet":"max-snippet:-1","max-image-preview":"max-image-preview:large","max-video-preview":"max-video-preview:-1"},"canonical":"https:\/\/odabrano.com\/index.php\/2024\/05\/13\/ante-sanader-dobio-novu-ulogu-plenkovic-mu-povjerio-vazan-zadatak\/","og_locale":"en_US","og_type":"article","og_title":"Ante Sanader dobio novu ulogu, Plenkovi\u0107 mu povjerio va\u017ean zadatak - odabrano","og_description":"Politi\u010dki tajnik HDZ-a Ante Sanader u novom sazivu hrvatskoga parlamenta trebao bi postati predsjednik Kluba zastupnika vladaju\u0107e stranke u Saboru. Prema neslu\u017ebenim informacijama, Predsjedni\u0161tvo HDZ-a u ponedjeljak je odlu\u010dilo da upravo Sanader predvodi HDZ-ove zastupnike koji \u0107e i u ovome mandatu imati zadatak braniti poteze Plenkovi\u0107eve Vlade od kritika iz oporbenih klupa. Dosada\u0161nji predsjednik Kluba &hellip;","og_url":"https:\/\/odabrano.com\/index.php\/2024\/05\/13\/ante-sanader-dobio-novu-ulogu-plenkovic-mu-povjerio-vazan-zadatak\/","og_site_name":"odabrano","article_published_time":"2024-05-13T16:12:39+00:00","og_image":[{"width":694,"height":454,"url":"https:\/\/odabrano.com\/wp-content\/uploads\/2024\/05\/sanader.jpg","type":"image\/jpeg"}],"author":"admin","twitter_card":"summary_large_image","twitter_misc":{"Written by":"admin","Est. reading time":"2 minutes"},"schema":{"@context":"https:\/\/schema.org","@graph":[{"@type":"Article","@id":"https:\/\/odabrano.com\/index.php\/2024\/05\/13\/ante-sanader-dobio-novu-ulogu-plenkovic-mu-povjerio-vazan-zadatak\/#article","isPartOf":{"@id":"https:\/\/odabrano.com\/index.php\/2024\/05\/13\/ante-sanader-dobio-novu-ulogu-plenkovic-mu-povjerio-vazan-zadatak\/"},"author":{"name":"admin","@id":"https:\/\/odabrano.com\/#\/schema\/person\/460f2b14657879743f23c4f6a7cd3236"},"headline":"Ante Sanader dobio novu ulogu, Plenkovi\u0107 mu povjerio va\u017ean zadatak","datePublished":"2024-05-13T16:12:39+00:00","dateModified":"2024-05-13T16:12:39+00:00","mainEntityOfPage":{"@id":"https:\/\/odabrano.com\/index.php\/2024\/05\/13\/ante-sanader-dobio-novu-ulogu-plenkovic-mu-povjerio-vazan-zadatak\/"},"wordCount":359,"publisher":{"@id":"https:\/\/odabrano.com\/#\/schema\/person\/460f2b14657879743f23c4f6a7cd3236"},"keywords":["ante sanader","hdz","plenkovi\u0107"],"articleSection":["Hrvatska"],"inLanguage":"en-US"},{"@type":"WebPage","@id":"https:\/\/odabrano.com\/index.php\/2024\/05\/13\/ante-sanader-dobio-novu-ulogu-plenkovic-mu-povjerio-vazan-zadatak\/","url":"https:\/\/odabrano.com\/index.php\/2024\/05\/13\/ante-sanader-dobio-novu-ulogu-plenkovic-mu-povjerio-vazan-zadatak\/","name":"Ante Sanader dobio novu ulogu, Plenkovi\u0107 mu povjerio va\u017ean zadatak - odabrano","isPartOf":{"@id":"https:\/\/odabrano.com\/#website"},"datePublished":"2024-05-13T16:12:39+00:00","dateModified":"2024-05-13T16:12:39+00:00","breadcrumb":{"@id":"https:\/\/odabrano.com\/index.php\/2024\/05\/13\/ante-sanader-dobio-novu-ulogu-plenkovic-mu-povjerio-vazan-zadatak\/#breadcrumb"},"inLanguage":"en-US","potentialAction":[{"@type":"ReadAction","target":["https:\/\/odabrano.com\/index.php\/2024\/05\/13\/ante-sanader-dobio-novu-ulogu-plenkovic-mu-povjerio-vazan-zadatak\/"]}]},{"@type":"BreadcrumbList","@id":"https:\/\/odabrano.com\/index.php\/2024\/05\/13\/ante-sanader-dobio-novu-ulogu-plenkovic-mu-povjerio-vazan-zadatak\/#breadcrumb","itemListElement":[{"@type":"ListItem","position":1,"name":"Home","item":"https:\/\/odabrano.com\/"},{"@type":"ListItem","position":2,"name":"Ante Sanader dobio novu ulogu, Plenkovi\u0107 mu povjerio va\u017ean zadatak"}]},{"@type":"WebSite","@id":"https:\/\/odabrano.com\/#website","url":"https:\/\/odabrano.com\/","name":"odabrano","description":"news portal koji nudi odabrane vijesti i informacije","publisher":{"@id":"https:\/\/odabrano.com\/#\/schema\/person\/460f2b14657879743f23c4f6a7cd3236"},"alternateName":"vijesti i informacije iz Hrvatske i svijeta","potentialAction":[{"@type":"SearchAction","target":{"@type":"EntryPoint","urlTemplate":"https:\/\/odabrano.com\/?s={search_term_string}"},"query-input":"required name=search_term_string"}],"inLanguage":"en-US"},{"@type":["Person","Organization"],"@id":"https:\/\/odabrano.com\/#\/schema\/person\/460f2b14657879743f23c4f6a7cd3236","name":"admin","image":{"@type":"ImageObject","inLanguage":"en-US","@id":"https:\/\/odabrano.com\/#\/schema\/person\/image\/","url":"https:\/\/odabrano.com\/wp-content\/uploads\/2024\/04\/dolar.jpg","contentUrl":"https:\/\/odabrano.com\/wp-content\/uploads\/2024\/04\/dolar.jpg","width":1216,"height":519,"caption":"admin"},"logo":{"@id":"https:\/\/odabrano.com\/#\/schema\/person\/image\/"},"sameAs":["http:\/\/odabrano.com"],"url":"https:\/\/odabrano.com\/index.php\/author\/sokolneno_u3xb387h\/"}]}},"_links":{"self":[{"href":"https:\/\/odabrano.com\/index.php\/wp-json\/wp\/v2\/posts\/2664","targetHints":{"allow":["GET"]}}],"collection":[{"href":"https:\/\/odabrano.com\/index.php\/wp-json\/wp\/v2\/posts"}],"about":[{"href":"https:\/\/odabrano.com\/index.php\/wp-json\/wp\/v2\/types\/post"}],"author":[{"embeddable":true,"href":"https:\/\/odabrano.com\/index.php\/wp-json\/wp\/v2\/users\/1"}],"replies":[{"embeddable":true,"href":"https:\/\/odabrano.com\/index.php\/wp-json\/wp\/v2\/comments?post=2664"}],"version-history":[{"count":1,"href":"https:\/\/odabrano.com\/index.php\/wp-json\/wp\/v2\/posts\/2664\/revisions"}],"predecessor-version":[{"id":2666,"href":"https:\/\/odabrano.com\/index.php\/wp-json\/wp\/v2\/posts\/2664\/revisions\/2666"}],"wp:featuredmedia":[{"embeddable":true,"href":"https:\/\/odabrano.com\/index.php\/wp-json\/wp\/v2\/media\/2665"}],"wp:attachment":[{"href":"https:\/\/odabrano.com\/index.php\/wp-json\/wp\/v2\/media?parent=2664"}],"wp:term":[{"taxonomy":"category","embeddable":true,"href":"https:\/\/odabrano.com\/index.php\/wp-json\/wp\/v2\/categories?post=2664"},{"taxonomy":"post_tag","embeddable":true,"href":"https:\/\/odabrano.com\/index.php\/wp-json\/wp\/v2\/tags?post=2664"}],"curies":[{"name":"wp","href":"https:\/\/api.w.org\/{rel}","templated":true}]}}