{"id":2620,"date":"2024-05-12T07:36:04","date_gmt":"2024-05-12T05:36:04","guid":{"rendered":"http:\/\/odabrano.com\/?p=2620"},"modified":"2024-05-12T07:44:40","modified_gmt":"2024-05-12T05:44:40","slug":"hrz-na-airvg-u-predstavio-svoju-flotu-prelet-rafalea-i-mig-a-21","status":"publish","type":"post","link":"https:\/\/odabrano.com\/index.php\/2024\/05\/12\/hrz-na-airvg-u-predstavio-svoju-flotu-prelet-rafalea-i-mig-a-21\/","title":{"rendered":"HRZ na AIRVG-u predstavio svoju flotu, prelet Rafalea i MIG-a 21"},"content":{"rendered":"\n<p>Hrvatsko ratno zrakoplovstvo (HRZ) sudjelovalo je u subotu na tre\u0107em AIRVG-u, Zrakoplovnom danu Velike Gorice, a brojne posjetitelje iz cijele Hrvatske posebno je odu\u0161evio leta\u010dki program akro grupe HRZ-a Krila Oluje te zajedni\u010dki prelet MIG-ova i novih borbenih aviona Rafalea.<\/p>\n\n\n\n<p>&#8220;Cilj ove zrakoplovne priredbe je promocija HRZ-a, pokazati na\u0161u modernu tehnologiju i\u00a0privla\u010denje mladih u HRZ&#8221;, izjavila je bojnica Antonija Trupini\u0107, pilotkinja helikoptera i \u010dasnica za odnose s javno\u0161\u0107u HRZ-a.\u00a0<\/p>\n\n\n\n<p>Ovu&nbsp;zrakoplovnu&nbsp;manifestaciju na starom terminalu zra\u010dne luke dr. Franjo Tu\u0111man, tre\u0107u po redu, organizirali su Grad Velika Gorica&nbsp;i Me\u0111unarodna zra\u010dna&nbsp;luka&nbsp;Zagreb&nbsp;uz potporu Ministarstva obrane RH i pod pokroviteljstvom Vlade.&nbsp;<\/p>\n\n<iframe loading=\"lazy\" width=\"560\" height=\"315\" src=\"https:\/\/www.youtube.com\/embed\/5wDj2AFmAek?si=uMpcb3LEIex8yjRQ\" title=\"YouTube video player\" frameborder=\"0\" allow=\"accelerometer; autoplay; clipboard-write; encrypted-media; gyroscope; picture-in-picture; web-share\" referrerpolicy=\"strict-origin-when-cross-origin\" allowfullscreen><\/iframe>\n\n\n<p>Brojni posjetitelji pristigli iz cijele Hrvatske u\u017eivali su u izlo\u017ebi zrakoplova Hrvatskog ratnog zrakoplovstva &#8211; od onih koji se koriste za obuku mladih pilota do borbene flote.<\/p>\n\n\n\n<p>Dok su se od MIG-ova opra\u0161tali, u jedan su \u010dak mogli i sjesti,&nbsp;s odu\u0161evljenjem su promatrali nove francuske borbene avione Rafale.<\/p>\n\n\n\n<p>U leta\u010dkom programu su ih mogli vidjeti i u zajedni\u010dkom preletu, a glavna atrakcija bio je nastup akrobatske grupe &#8220;Krila Oluje&#8221;.<\/p>\n\n\n\n<p>HRZ je predstavio i avion&nbsp;Zlin, koji se koristi za obuku mladih pilota, ameri\u010dki vi\u0161enamjenski helikopter Bell 206&nbsp;JetRanger, a&nbsp;demonstrirali su i zdru\u017eeno djelovanje helikoptera Black Hawk i Kiowa Warrior pri spa\u0161avanju pilota iz neprijateljskog okru\u017eenja.&nbsp;<\/p>\n\n\n\n<p>Kroz panel raspravu &#8220;Kako postati vojni pilot?&#8221; vojni piloti HRZ-a i kadeti Studija aeronautike podijelili su svoja iskustva, a sve s ciljem privla\u010denja mladih u slu\u017ebu. Tako su posjetitelji&nbsp;mogli kroz VR nao\u010dale osobno iskusiti letenje u avionima i zrakoplovima HRZ-a.<\/p>\n\n\n\n<p>&#8220;Interesa za priklju\u010denje HRZ-u ima svake godine sve vi\u0161e, posebno zadnjih godina zbog nabavke novih aviona i helikoptera. \u0160to je vi\u0161e prijava, to mi mo\u017eemo napraviti bolju selekciju, pa nam je tako\u00a0kadar sve kvalitetniji&#8221;, istaknula je bojnica Trupini\u0107.\u00a0<\/p>\n\n\n\n<p><strong>HRZ poziva mlade nara\u0161taje da im se pridru\u017ee<\/strong><\/p>\n\n\n\n<p>Upravo je sli\u010dan doga\u0111aj&nbsp;prije nekoliko desetlje\u0107a za&nbsp;brigadira Damira Bari\u0161i\u0107a, na\u010delnika Odjela zapovjedni\u0161tva HRZ-a, jednog&nbsp;od osniva\u010da grupe &#8220;Krila Oluje&#8221; i&nbsp;\u010delnika projektnog tima Oru\u017eanih snaga za VBA Rafale, bio okida\u010d da postane vojni pilot.&nbsp;<\/p>\n\n\n\n<p>&#8220;Nadamo se da \u0107e mladi nara\u0161taji krenuti na\u0161im stopama. Vjerujem da se me\u0111u&nbsp;svima koji su danas tu&nbsp;nalaze i neki na\u0161i budu\u0107e kolege, koje pozivam da nam se pridru\u017ee jer je za HRZ&nbsp;zaista budu\u0107nost po\u010dela. Budite dio nje&#8221;, poru\u010dio je u svom pozivu mladima.&nbsp;<\/p>\n\n\n\n<p>Satnik Robert Matok, pilot Kiowa Warriora, rekao je kako je oduvijek \u017eelio biti&nbsp;vojni pilot.&nbsp;<\/p>\n\n\n\n<p>&#8220;Ja sam klasi\u010dan primjer vojnog pilota, oduvijek sam ma\u0161tao o tome, otac mi je bio branitelj, nakon srednje \u0161kole sam se odva\u017eio i, evo, tu sam&#8221;, rekao je.\u00a0<\/p>\n\n\n\n<p><strong>Rafalei u Hrvatskoj: &#8216;Ovo je povijesni trenutak za HRZ&#8217;<\/strong><\/p>\n\n\n\n<p>S obzirom da su iz Francuske nedavno stigli Rafalei, MIG-ovi uskoro vi\u0161e ne\u0107e letjeti.&nbsp;<\/p>\n\n\n\n<p>&#8220;HRZ je s MIG-ovima pobijedilo u Domovinskom ratu i to je svakako avion koji za nas ima izuzetnu vrijednost. Letjet \u0107e&nbsp;onoliko dugo dokle budu trebali da bi Rafalei mogli preuzeti nadzor i za\u0161titu zra\u010dnog prostora Hrvatske. HRZ ula\u017ee maksimum napora da odr\u017eava svoju flotu MIG-ova jo\u0161 uvijek u letnom stanju, a opro\u0161taj \u0107e biti&nbsp;napravljen&nbsp;na pravi na\u010din jer je taj avion to i zaslu\u017eio&#8221;, naglasio je&nbsp;brigadir i&nbsp;pilot aviona MIG-21 Stanko Hr\u017eenjak.<\/p>\n\n\n\n<p>MIG-ovi su iznijeli Domovinski rat i osigurali hrvatsku neovisnost, a Rafalei nam jam\u010de uspje\u0161nu budu\u0107nost, dodao je brigadir Bari\u0161i\u0107.&nbsp;<\/p>\n\n\n\n<p>Brend &#8220;Grada zrakoplovstva&#8221; Velika Gorica razvija od 2016., kada su potpisali &#8220;Povelju prijateljstva&#8221; sa subjektima iz zrakoplovnih djelatnosti koji djeluju na podru\u010dju grada.<\/p>\n","protected":false},"excerpt":{"rendered":"<p>Hrvatsko ratno zrakoplovstvo (HRZ) sudjelovalo je u subotu na tre\u0107em AIRVG-u, Zrakoplovnom danu Velike Gorice, a brojne posjetitelje iz cijele Hrvatske posebno je odu\u0161evio leta\u010dki program akro grupe HRZ-a Krila Oluje te zajedni\u010dki prelet MIG-ova i novih borbenih aviona Rafalea. &#8220;Cilj ove zrakoplovne priredbe je promocija HRZ-a, pokazati na\u0161u modernu tehnologiju i\u00a0privla\u010denje mladih u HRZ&#8221;, &hellip;<\/p>\n","protected":false},"author":1,"featured_media":2621,"comment_status":"closed","ping_status":"open","sticky":false,"template":"","format":"standard","meta":{"_monsterinsights_skip_tracking":false,"_monsterinsights_sitenote_active":false,"_monsterinsights_sitenote_note":"","_monsterinsights_sitenote_category":0,"footnotes":""},"categories":[25],"tags":[565,566,568,567],"class_list":["post-2620","post","type-post","status-publish","format-standard","has-post-thumbnail","","category-hrvatska","tag-aero-miting","tag-hrz","tag-mig-21","tag-rafale"],"yoast_head":"<!-- This site is optimized with the Yoast SEO plugin v22.1 - https:\/\/yoast.com\/wordpress\/plugins\/seo\/ -->\n<title>HRZ na AIRVG-u predstavio svoju flotu, prelet Rafalea i MIG-a 21 - odabrano<\/title>\n<meta name=\"robots\" content=\"index, follow, max-snippet:-1, max-image-preview:large, max-video-preview:-1\" \/>\n<link rel=\"canonical\" href=\"https:\/\/odabrano.com\/index.php\/2024\/05\/12\/hrz-na-airvg-u-predstavio-svoju-flotu-prelet-rafalea-i-mig-a-21\/\" \/>\n<meta property=\"og:locale\" content=\"en_US\" \/>\n<meta property=\"og:type\" content=\"article\" \/>\n<meta property=\"og:title\" content=\"HRZ na AIRVG-u predstavio svoju flotu, prelet Rafalea i MIG-a 21 - odabrano\" \/>\n<meta property=\"og:description\" content=\"Hrvatsko ratno zrakoplovstvo (HRZ) sudjelovalo je u subotu na tre\u0107em AIRVG-u, Zrakoplovnom danu Velike Gorice, a brojne posjetitelje iz cijele Hrvatske posebno je odu\u0161evio leta\u010dki program akro grupe HRZ-a Krila Oluje te zajedni\u010dki prelet MIG-ova i novih borbenih aviona Rafalea. &#8220;Cilj ove zrakoplovne priredbe je promocija HRZ-a, pokazati na\u0161u modernu tehnologiju i\u00a0privla\u010denje mladih u HRZ&#8221;, &hellip;\" \/>\n<meta property=\"og:url\" content=\"https:\/\/odabrano.com\/index.php\/2024\/05\/12\/hrz-na-airvg-u-predstavio-svoju-flotu-prelet-rafalea-i-mig-a-21\/\" \/>\n<meta property=\"og:site_name\" content=\"odabrano\" \/>\n<meta property=\"article:published_time\" content=\"2024-05-12T05:36:04+00:00\" \/>\n<meta property=\"article:modified_time\" content=\"2024-05-12T05:44:40+00:00\" \/>\n<meta property=\"og:image\" content=\"https:\/\/odabrano.com\/wp-content\/uploads\/2024\/05\/airshow.jpg\" \/>\n\t<meta property=\"og:image:width\" content=\"750\" \/>\n\t<meta property=\"og:image:height\" content=\"420\" \/>\n\t<meta property=\"og:image:type\" content=\"image\/jpeg\" \/>\n<meta name=\"author\" content=\"admin\" \/>\n<meta name=\"twitter:card\" content=\"summary_large_image\" \/>\n<meta name=\"twitter:label1\" content=\"Written by\" \/>\n\t<meta name=\"twitter:data1\" content=\"admin\" \/>\n\t<meta name=\"twitter:label2\" content=\"Est. reading time\" \/>\n\t<meta name=\"twitter:data2\" content=\"3 minutes\" \/>\n<script type=\"application\/ld+json\" class=\"yoast-schema-graph\">{\"@context\":\"https:\/\/schema.org\",\"@graph\":[{\"@type\":\"Article\",\"@id\":\"https:\/\/odabrano.com\/index.php\/2024\/05\/12\/hrz-na-airvg-u-predstavio-svoju-flotu-prelet-rafalea-i-mig-a-21\/#article\",\"isPartOf\":{\"@id\":\"https:\/\/odabrano.com\/index.php\/2024\/05\/12\/hrz-na-airvg-u-predstavio-svoju-flotu-prelet-rafalea-i-mig-a-21\/\"},\"author\":{\"name\":\"admin\",\"@id\":\"https:\/\/odabrano.com\/#\/schema\/person\/460f2b14657879743f23c4f6a7cd3236\"},\"headline\":\"HRZ na AIRVG-u predstavio svoju flotu, prelet Rafalea i MIG-a 21\",\"datePublished\":\"2024-05-12T05:36:04+00:00\",\"dateModified\":\"2024-05-12T05:44:40+00:00\",\"mainEntityOfPage\":{\"@id\":\"https:\/\/odabrano.com\/index.php\/2024\/05\/12\/hrz-na-airvg-u-predstavio-svoju-flotu-prelet-rafalea-i-mig-a-21\/\"},\"wordCount\":670,\"publisher\":{\"@id\":\"https:\/\/odabrano.com\/#\/schema\/person\/460f2b14657879743f23c4f6a7cd3236\"},\"keywords\":[\"aero miting\",\"hrz\",\"mig 21\",\"rafale\"],\"articleSection\":[\"Hrvatska\"],\"inLanguage\":\"en-US\"},{\"@type\":\"WebPage\",\"@id\":\"https:\/\/odabrano.com\/index.php\/2024\/05\/12\/hrz-na-airvg-u-predstavio-svoju-flotu-prelet-rafalea-i-mig-a-21\/\",\"url\":\"https:\/\/odabrano.com\/index.php\/2024\/05\/12\/hrz-na-airvg-u-predstavio-svoju-flotu-prelet-rafalea-i-mig-a-21\/\",\"name\":\"HRZ na AIRVG-u predstavio svoju flotu, prelet Rafalea i MIG-a 21 - odabrano\",\"isPartOf\":{\"@id\":\"https:\/\/odabrano.com\/#website\"},\"datePublished\":\"2024-05-12T05:36:04+00:00\",\"dateModified\":\"2024-05-12T05:44:40+00:00\",\"breadcrumb\":{\"@id\":\"https:\/\/odabrano.com\/index.php\/2024\/05\/12\/hrz-na-airvg-u-predstavio-svoju-flotu-prelet-rafalea-i-mig-a-21\/#breadcrumb\"},\"inLanguage\":\"en-US\",\"potentialAction\":[{\"@type\":\"ReadAction\",\"target\":[\"https:\/\/odabrano.com\/index.php\/2024\/05\/12\/hrz-na-airvg-u-predstavio-svoju-flotu-prelet-rafalea-i-mig-a-21\/\"]}]},{\"@type\":\"BreadcrumbList\",\"@id\":\"https:\/\/odabrano.com\/index.php\/2024\/05\/12\/hrz-na-airvg-u-predstavio-svoju-flotu-prelet-rafalea-i-mig-a-21\/#breadcrumb\",\"itemListElement\":[{\"@type\":\"ListItem\",\"position\":1,\"name\":\"Home\",\"item\":\"https:\/\/odabrano.com\/\"},{\"@type\":\"ListItem\",\"position\":2,\"name\":\"HRZ na AIRVG-u predstavio svoju flotu, prelet Rafalea i MIG-a 21\"}]},{\"@type\":\"WebSite\",\"@id\":\"https:\/\/odabrano.com\/#website\",\"url\":\"https:\/\/odabrano.com\/\",\"name\":\"odabrano\",\"description\":\"news portal koji nudi odabrane vijesti i informacije\",\"publisher\":{\"@id\":\"https:\/\/odabrano.com\/#\/schema\/person\/460f2b14657879743f23c4f6a7cd3236\"},\"alternateName\":\"vijesti i informacije iz Hrvatske i svijeta\",\"potentialAction\":[{\"@type\":\"SearchAction\",\"target\":{\"@type\":\"EntryPoint\",\"urlTemplate\":\"https:\/\/odabrano.com\/?s={search_term_string}\"},\"query-input\":\"required name=search_term_string\"}],\"inLanguage\":\"en-US\"},{\"@type\":[\"Person\",\"Organization\"],\"@id\":\"https:\/\/odabrano.com\/#\/schema\/person\/460f2b14657879743f23c4f6a7cd3236\",\"name\":\"admin\",\"image\":{\"@type\":\"ImageObject\",\"inLanguage\":\"en-US\",\"@id\":\"https:\/\/odabrano.com\/#\/schema\/person\/image\/\",\"url\":\"https:\/\/odabrano.com\/wp-content\/uploads\/2024\/04\/dolar.jpg\",\"contentUrl\":\"https:\/\/odabrano.com\/wp-content\/uploads\/2024\/04\/dolar.jpg\",\"width\":1216,\"height\":519,\"caption\":\"admin\"},\"logo\":{\"@id\":\"https:\/\/odabrano.com\/#\/schema\/person\/image\/\"},\"sameAs\":[\"http:\/\/odabrano.com\"],\"url\":\"https:\/\/odabrano.com\/index.php\/author\/sokolneno_u3xb387h\/\"}]}<\/script>\n<!-- \/ Yoast SEO plugin. -->","yoast_head_json":{"title":"HRZ na AIRVG-u predstavio svoju flotu, prelet Rafalea i MIG-a 21 - odabrano","robots":{"index":"index","follow":"follow","max-snippet":"max-snippet:-1","max-image-preview":"max-image-preview:large","max-video-preview":"max-video-preview:-1"},"canonical":"https:\/\/odabrano.com\/index.php\/2024\/05\/12\/hrz-na-airvg-u-predstavio-svoju-flotu-prelet-rafalea-i-mig-a-21\/","og_locale":"en_US","og_type":"article","og_title":"HRZ na AIRVG-u predstavio svoju flotu, prelet Rafalea i MIG-a 21 - odabrano","og_description":"Hrvatsko ratno zrakoplovstvo (HRZ) sudjelovalo je u subotu na tre\u0107em AIRVG-u, Zrakoplovnom danu Velike Gorice, a brojne posjetitelje iz cijele Hrvatske posebno je odu\u0161evio leta\u010dki program akro grupe HRZ-a Krila Oluje te zajedni\u010dki prelet MIG-ova i novih borbenih aviona Rafalea. &#8220;Cilj ove zrakoplovne priredbe je promocija HRZ-a, pokazati na\u0161u modernu tehnologiju i\u00a0privla\u010denje mladih u HRZ&#8221;, &hellip;","og_url":"https:\/\/odabrano.com\/index.php\/2024\/05\/12\/hrz-na-airvg-u-predstavio-svoju-flotu-prelet-rafalea-i-mig-a-21\/","og_site_name":"odabrano","article_published_time":"2024-05-12T05:36:04+00:00","article_modified_time":"2024-05-12T05:44:40+00:00","og_image":[{"width":750,"height":420,"url":"https:\/\/odabrano.com\/wp-content\/uploads\/2024\/05\/airshow.jpg","type":"image\/jpeg"}],"author":"admin","twitter_card":"summary_large_image","twitter_misc":{"Written by":"admin","Est. reading time":"3 minutes"},"schema":{"@context":"https:\/\/schema.org","@graph":[{"@type":"Article","@id":"https:\/\/odabrano.com\/index.php\/2024\/05\/12\/hrz-na-airvg-u-predstavio-svoju-flotu-prelet-rafalea-i-mig-a-21\/#article","isPartOf":{"@id":"https:\/\/odabrano.com\/index.php\/2024\/05\/12\/hrz-na-airvg-u-predstavio-svoju-flotu-prelet-rafalea-i-mig-a-21\/"},"author":{"name":"admin","@id":"https:\/\/odabrano.com\/#\/schema\/person\/460f2b14657879743f23c4f6a7cd3236"},"headline":"HRZ na AIRVG-u predstavio svoju flotu, prelet Rafalea i MIG-a 21","datePublished":"2024-05-12T05:36:04+00:00","dateModified":"2024-05-12T05:44:40+00:00","mainEntityOfPage":{"@id":"https:\/\/odabrano.com\/index.php\/2024\/05\/12\/hrz-na-airvg-u-predstavio-svoju-flotu-prelet-rafalea-i-mig-a-21\/"},"wordCount":670,"publisher":{"@id":"https:\/\/odabrano.com\/#\/schema\/person\/460f2b14657879743f23c4f6a7cd3236"},"keywords":["aero miting","hrz","mig 21","rafale"],"articleSection":["Hrvatska"],"inLanguage":"en-US"},{"@type":"WebPage","@id":"https:\/\/odabrano.com\/index.php\/2024\/05\/12\/hrz-na-airvg-u-predstavio-svoju-flotu-prelet-rafalea-i-mig-a-21\/","url":"https:\/\/odabrano.com\/index.php\/2024\/05\/12\/hrz-na-airvg-u-predstavio-svoju-flotu-prelet-rafalea-i-mig-a-21\/","name":"HRZ na AIRVG-u predstavio svoju flotu, prelet Rafalea i MIG-a 21 - odabrano","isPartOf":{"@id":"https:\/\/odabrano.com\/#website"},"datePublished":"2024-05-12T05:36:04+00:00","dateModified":"2024-05-12T05:44:40+00:00","breadcrumb":{"@id":"https:\/\/odabrano.com\/index.php\/2024\/05\/12\/hrz-na-airvg-u-predstavio-svoju-flotu-prelet-rafalea-i-mig-a-21\/#breadcrumb"},"inLanguage":"en-US","potentialAction":[{"@type":"ReadAction","target":["https:\/\/odabrano.com\/index.php\/2024\/05\/12\/hrz-na-airvg-u-predstavio-svoju-flotu-prelet-rafalea-i-mig-a-21\/"]}]},{"@type":"BreadcrumbList","@id":"https:\/\/odabrano.com\/index.php\/2024\/05\/12\/hrz-na-airvg-u-predstavio-svoju-flotu-prelet-rafalea-i-mig-a-21\/#breadcrumb","itemListElement":[{"@type":"ListItem","position":1,"name":"Home","item":"https:\/\/odabrano.com\/"},{"@type":"ListItem","position":2,"name":"HRZ na AIRVG-u predstavio svoju flotu, prelet Rafalea i MIG-a 21"}]},{"@type":"WebSite","@id":"https:\/\/odabrano.com\/#website","url":"https:\/\/odabrano.com\/","name":"odabrano","description":"news portal koji nudi odabrane vijesti i informacije","publisher":{"@id":"https:\/\/odabrano.com\/#\/schema\/person\/460f2b14657879743f23c4f6a7cd3236"},"alternateName":"vijesti i informacije iz Hrvatske i svijeta","potentialAction":[{"@type":"SearchAction","target":{"@type":"EntryPoint","urlTemplate":"https:\/\/odabrano.com\/?s={search_term_string}"},"query-input":"required name=search_term_string"}],"inLanguage":"en-US"},{"@type":["Person","Organization"],"@id":"https:\/\/odabrano.com\/#\/schema\/person\/460f2b14657879743f23c4f6a7cd3236","name":"admin","image":{"@type":"ImageObject","inLanguage":"en-US","@id":"https:\/\/odabrano.com\/#\/schema\/person\/image\/","url":"https:\/\/odabrano.com\/wp-content\/uploads\/2024\/04\/dolar.jpg","contentUrl":"https:\/\/odabrano.com\/wp-content\/uploads\/2024\/04\/dolar.jpg","width":1216,"height":519,"caption":"admin"},"logo":{"@id":"https:\/\/odabrano.com\/#\/schema\/person\/image\/"},"sameAs":["http:\/\/odabrano.com"],"url":"https:\/\/odabrano.com\/index.php\/author\/sokolneno_u3xb387h\/"}]}},"_links":{"self":[{"href":"https:\/\/odabrano.com\/index.php\/wp-json\/wp\/v2\/posts\/2620","targetHints":{"allow":["GET"]}}],"collection":[{"href":"https:\/\/odabrano.com\/index.php\/wp-json\/wp\/v2\/posts"}],"about":[{"href":"https:\/\/odabrano.com\/index.php\/wp-json\/wp\/v2\/types\/post"}],"author":[{"embeddable":true,"href":"https:\/\/odabrano.com\/index.php\/wp-json\/wp\/v2\/users\/1"}],"replies":[{"embeddable":true,"href":"https:\/\/odabrano.com\/index.php\/wp-json\/wp\/v2\/comments?post=2620"}],"version-history":[{"count":2,"href":"https:\/\/odabrano.com\/index.php\/wp-json\/wp\/v2\/posts\/2620\/revisions"}],"predecessor-version":[{"id":2623,"href":"https:\/\/odabrano.com\/index.php\/wp-json\/wp\/v2\/posts\/2620\/revisions\/2623"}],"wp:featuredmedia":[{"embeddable":true,"href":"https:\/\/odabrano.com\/index.php\/wp-json\/wp\/v2\/media\/2621"}],"wp:attachment":[{"href":"https:\/\/odabrano.com\/index.php\/wp-json\/wp\/v2\/media?parent=2620"}],"wp:term":[{"taxonomy":"category","embeddable":true,"href":"https:\/\/odabrano.com\/index.php\/wp-json\/wp\/v2\/categories?post=2620"},{"taxonomy":"post_tag","embeddable":true,"href":"https:\/\/odabrano.com\/index.php\/wp-json\/wp\/v2\/tags?post=2620"}],"curies":[{"name":"wp","href":"https:\/\/api.w.org\/{rel}","templated":true}]}}