{"id":2606,"date":"2024-05-11T12:26:48","date_gmt":"2024-05-11T10:26:48","guid":{"rendered":"http:\/\/odabrano.com\/?p=2606"},"modified":"2024-05-11T12:26:49","modified_gmt":"2024-05-11T10:26:49","slug":"bartulica-postavio-uvjete-za-podrsku-vladi","status":"publish","type":"post","link":"https:\/\/odabrano.com\/index.php\/2024\/05\/11\/bartulica-postavio-uvjete-za-podrsku-vladi\/","title":{"rendered":"Bartulica postavio uvjete za podr\u0161ku Vladi"},"content":{"rendered":"\n<p>Dan nakon \u0161to su HDZ i Domovinski pokret (DP) objavili da su postigli dogovor o formiranju parlamentarne ve\u0107ine DP-ov Stjepo Bartulica objavio je svoje uvjete za podr\u0161ku Andreju Plenkovi\u0107u.<\/p>\n\n\n\n<p><strong>Stjepo Bartulica<\/strong>&nbsp;iz Domovinskog pokreta najavio je kako \u0107e tra\u017eiti da nekoliko stavki u\u0111e u koalicijski sporazum izme\u0111u HDZ-a i Domovinskog pokreta.<\/p>\n\n\n\n<p>Istaknuo je da \u0107e predsjednik HDZ-a\u00a0<strong>Andrej Plenkovi\u0107\u00a0<\/strong>dobiti potrebne potpise, ali se moraju definirati konkretne stvari.<\/p>\n\n\n\n<p>&#8220;Od po\u010detka sam stava da Domovinski pokret treba preuzeti odgovornost. Pregovore s HDZ-om sam podr\u017eavao i drago mi je \u0161to je postignut dogovor. Pupovac vi\u0161e ne\u0107e krojiti politiku u Hrvatskoj. Sada ulazimo u fazu gdje \u0107e se formirati sadr\u017eaj&#8221;,&nbsp;istaknuo je Bartulica na konferenciji za medije u Hrvatskom saboru.<\/p>\n\n\n\n<p>&#8220;Prvo, ono \u0161to vidimo ve\u0107 du\u017ee vrijeme ne\u0107e se nastaviti. Svaki sadr\u017eaj koji upu\u0107uje na rodnu ideologiju nestat \u0107e &#8211; to je jedna od stvari koje bira\u010di \u017eele. Jasno i glasno, ova politika dosad \u0107e se promijeniti i\u00a0ne\u0107emo slijepo provoditi ono \u0161to se name\u0107e izvana. Drugo, imamo situaciju s dolaskom velikog broja stranih radnika i lak\u0161e se dobiva dozvola za radnika iz Azije nego \u0161to na\u0161i ljudi iz Ju\u017ene Amerike dobiju putovnicu. Tra\u017eit \u0107emo otvaranje konzularnih ureda u Ju\u017enoj Americi&#8221;, najavio je Bartulica.<\/p>\n","protected":false},"excerpt":{"rendered":"<p>Dan nakon \u0161to su HDZ i Domovinski pokret (DP) objavili da su postigli dogovor o formiranju parlamentarne ve\u0107ine DP-ov Stjepo Bartulica objavio je svoje uvjete za podr\u0161ku Andreju Plenkovi\u0107u. Stjepo Bartulica&nbsp;iz Domovinskog pokreta najavio je kako \u0107e tra\u017eiti da nekoliko stavki u\u0111e u koalicijski sporazum izme\u0111u HDZ-a i Domovinskog pokreta. Istaknuo je da \u0107e predsjednik &hellip;<\/p>\n","protected":false},"author":1,"featured_media":2607,"comment_status":"closed","ping_status":"open","sticky":false,"template":"","format":"standard","meta":{"_monsterinsights_skip_tracking":false,"_monsterinsights_sitenote_active":false,"_monsterinsights_sitenote_note":"","_monsterinsights_sitenote_category":0,"footnotes":""},"categories":[25],"tags":[563,130,564],"class_list":["post-2606","post","type-post","status-publish","format-standard","has-post-thumbnail","","category-hrvatska","tag-bartulica","tag-dp","tag-uvjeti"],"yoast_head":"<!-- This site is optimized with the Yoast SEO plugin v22.1 - https:\/\/yoast.com\/wordpress\/plugins\/seo\/ -->\n<title>Bartulica postavio uvjete za podr\u0161ku Vladi - odabrano<\/title>\n<meta name=\"robots\" content=\"index, follow, max-snippet:-1, max-image-preview:large, max-video-preview:-1\" \/>\n<link rel=\"canonical\" href=\"https:\/\/odabrano.com\/index.php\/2024\/05\/11\/bartulica-postavio-uvjete-za-podrsku-vladi\/\" \/>\n<meta property=\"og:locale\" content=\"en_US\" \/>\n<meta property=\"og:type\" content=\"article\" \/>\n<meta property=\"og:title\" content=\"Bartulica postavio uvjete za podr\u0161ku Vladi - odabrano\" \/>\n<meta property=\"og:description\" content=\"Dan nakon \u0161to su HDZ i Domovinski pokret (DP) objavili da su postigli dogovor o formiranju parlamentarne ve\u0107ine DP-ov Stjepo Bartulica objavio je svoje uvjete za podr\u0161ku Andreju Plenkovi\u0107u. Stjepo Bartulica&nbsp;iz Domovinskog pokreta najavio je kako \u0107e tra\u017eiti da nekoliko stavki u\u0111e u koalicijski sporazum izme\u0111u HDZ-a i Domovinskog pokreta. Istaknuo je da \u0107e predsjednik &hellip;\" \/>\n<meta property=\"og:url\" content=\"https:\/\/odabrano.com\/index.php\/2024\/05\/11\/bartulica-postavio-uvjete-za-podrsku-vladi\/\" \/>\n<meta property=\"og:site_name\" content=\"odabrano\" \/>\n<meta property=\"article:published_time\" content=\"2024-05-11T10:26:48+00:00\" \/>\n<meta property=\"article:modified_time\" content=\"2024-05-11T10:26:49+00:00\" \/>\n<meta property=\"og:image\" content=\"https:\/\/odabrano.com\/wp-content\/uploads\/2024\/05\/bartulica.webp\" \/>\n\t<meta property=\"og:image:width\" content=\"996\" \/>\n\t<meta property=\"og:image:height\" content=\"562\" \/>\n\t<meta property=\"og:image:type\" content=\"image\/webp\" \/>\n<meta name=\"author\" content=\"admin\" \/>\n<meta name=\"twitter:card\" content=\"summary_large_image\" \/>\n<meta name=\"twitter:label1\" content=\"Written by\" \/>\n\t<meta name=\"twitter:data1\" content=\"admin\" \/>\n\t<meta name=\"twitter:label2\" content=\"Est. reading time\" \/>\n\t<meta name=\"twitter:data2\" content=\"2 minutes\" \/>\n<script type=\"application\/ld+json\" class=\"yoast-schema-graph\">{\"@context\":\"https:\/\/schema.org\",\"@graph\":[{\"@type\":\"Article\",\"@id\":\"https:\/\/odabrano.com\/index.php\/2024\/05\/11\/bartulica-postavio-uvjete-za-podrsku-vladi\/#article\",\"isPartOf\":{\"@id\":\"https:\/\/odabrano.com\/index.php\/2024\/05\/11\/bartulica-postavio-uvjete-za-podrsku-vladi\/\"},\"author\":{\"name\":\"admin\",\"@id\":\"https:\/\/odabrano.com\/#\/schema\/person\/460f2b14657879743f23c4f6a7cd3236\"},\"headline\":\"Bartulica postavio uvjete za podr\u0161ku Vladi\",\"datePublished\":\"2024-05-11T10:26:48+00:00\",\"dateModified\":\"2024-05-11T10:26:49+00:00\",\"mainEntityOfPage\":{\"@id\":\"https:\/\/odabrano.com\/index.php\/2024\/05\/11\/bartulica-postavio-uvjete-za-podrsku-vladi\/\"},\"wordCount\":233,\"publisher\":{\"@id\":\"https:\/\/odabrano.com\/#\/schema\/person\/460f2b14657879743f23c4f6a7cd3236\"},\"keywords\":[\"bartulica\",\"dp\",\"uvjeti\"],\"articleSection\":[\"Hrvatska\"],\"inLanguage\":\"en-US\"},{\"@type\":\"WebPage\",\"@id\":\"https:\/\/odabrano.com\/index.php\/2024\/05\/11\/bartulica-postavio-uvjete-za-podrsku-vladi\/\",\"url\":\"https:\/\/odabrano.com\/index.php\/2024\/05\/11\/bartulica-postavio-uvjete-za-podrsku-vladi\/\",\"name\":\"Bartulica postavio uvjete za podr\u0161ku Vladi - odabrano\",\"isPartOf\":{\"@id\":\"https:\/\/odabrano.com\/#website\"},\"datePublished\":\"2024-05-11T10:26:48+00:00\",\"dateModified\":\"2024-05-11T10:26:49+00:00\",\"breadcrumb\":{\"@id\":\"https:\/\/odabrano.com\/index.php\/2024\/05\/11\/bartulica-postavio-uvjete-za-podrsku-vladi\/#breadcrumb\"},\"inLanguage\":\"en-US\",\"potentialAction\":[{\"@type\":\"ReadAction\",\"target\":[\"https:\/\/odabrano.com\/index.php\/2024\/05\/11\/bartulica-postavio-uvjete-za-podrsku-vladi\/\"]}]},{\"@type\":\"BreadcrumbList\",\"@id\":\"https:\/\/odabrano.com\/index.php\/2024\/05\/11\/bartulica-postavio-uvjete-za-podrsku-vladi\/#breadcrumb\",\"itemListElement\":[{\"@type\":\"ListItem\",\"position\":1,\"name\":\"Home\",\"item\":\"https:\/\/odabrano.com\/\"},{\"@type\":\"ListItem\",\"position\":2,\"name\":\"Bartulica postavio uvjete za podr\u0161ku Vladi\"}]},{\"@type\":\"WebSite\",\"@id\":\"https:\/\/odabrano.com\/#website\",\"url\":\"https:\/\/odabrano.com\/\",\"name\":\"odabrano\",\"description\":\"news portal koji nudi odabrane vijesti i informacije\",\"publisher\":{\"@id\":\"https:\/\/odabrano.com\/#\/schema\/person\/460f2b14657879743f23c4f6a7cd3236\"},\"alternateName\":\"vijesti i informacije iz Hrvatske i svijeta\",\"potentialAction\":[{\"@type\":\"SearchAction\",\"target\":{\"@type\":\"EntryPoint\",\"urlTemplate\":\"https:\/\/odabrano.com\/?s={search_term_string}\"},\"query-input\":\"required name=search_term_string\"}],\"inLanguage\":\"en-US\"},{\"@type\":[\"Person\",\"Organization\"],\"@id\":\"https:\/\/odabrano.com\/#\/schema\/person\/460f2b14657879743f23c4f6a7cd3236\",\"name\":\"admin\",\"image\":{\"@type\":\"ImageObject\",\"inLanguage\":\"en-US\",\"@id\":\"https:\/\/odabrano.com\/#\/schema\/person\/image\/\",\"url\":\"https:\/\/odabrano.com\/wp-content\/uploads\/2024\/04\/dolar.jpg\",\"contentUrl\":\"https:\/\/odabrano.com\/wp-content\/uploads\/2024\/04\/dolar.jpg\",\"width\":1216,\"height\":519,\"caption\":\"admin\"},\"logo\":{\"@id\":\"https:\/\/odabrano.com\/#\/schema\/person\/image\/\"},\"sameAs\":[\"http:\/\/odabrano.com\"],\"url\":\"https:\/\/odabrano.com\/index.php\/author\/sokolneno_u3xb387h\/\"}]}<\/script>\n<!-- \/ Yoast SEO plugin. -->","yoast_head_json":{"title":"Bartulica postavio uvjete za podr\u0161ku Vladi - odabrano","robots":{"index":"index","follow":"follow","max-snippet":"max-snippet:-1","max-image-preview":"max-image-preview:large","max-video-preview":"max-video-preview:-1"},"canonical":"https:\/\/odabrano.com\/index.php\/2024\/05\/11\/bartulica-postavio-uvjete-za-podrsku-vladi\/","og_locale":"en_US","og_type":"article","og_title":"Bartulica postavio uvjete za podr\u0161ku Vladi - odabrano","og_description":"Dan nakon \u0161to su HDZ i Domovinski pokret (DP) objavili da su postigli dogovor o formiranju parlamentarne ve\u0107ine DP-ov Stjepo Bartulica objavio je svoje uvjete za podr\u0161ku Andreju Plenkovi\u0107u. Stjepo Bartulica&nbsp;iz Domovinskog pokreta najavio je kako \u0107e tra\u017eiti da nekoliko stavki u\u0111e u koalicijski sporazum izme\u0111u HDZ-a i Domovinskog pokreta. Istaknuo je da \u0107e predsjednik &hellip;","og_url":"https:\/\/odabrano.com\/index.php\/2024\/05\/11\/bartulica-postavio-uvjete-za-podrsku-vladi\/","og_site_name":"odabrano","article_published_time":"2024-05-11T10:26:48+00:00","article_modified_time":"2024-05-11T10:26:49+00:00","og_image":[{"width":996,"height":562,"url":"https:\/\/odabrano.com\/wp-content\/uploads\/2024\/05\/bartulica.webp","type":"image\/webp"}],"author":"admin","twitter_card":"summary_large_image","twitter_misc":{"Written by":"admin","Est. reading time":"2 minutes"},"schema":{"@context":"https:\/\/schema.org","@graph":[{"@type":"Article","@id":"https:\/\/odabrano.com\/index.php\/2024\/05\/11\/bartulica-postavio-uvjete-za-podrsku-vladi\/#article","isPartOf":{"@id":"https:\/\/odabrano.com\/index.php\/2024\/05\/11\/bartulica-postavio-uvjete-za-podrsku-vladi\/"},"author":{"name":"admin","@id":"https:\/\/odabrano.com\/#\/schema\/person\/460f2b14657879743f23c4f6a7cd3236"},"headline":"Bartulica postavio uvjete za podr\u0161ku Vladi","datePublished":"2024-05-11T10:26:48+00:00","dateModified":"2024-05-11T10:26:49+00:00","mainEntityOfPage":{"@id":"https:\/\/odabrano.com\/index.php\/2024\/05\/11\/bartulica-postavio-uvjete-za-podrsku-vladi\/"},"wordCount":233,"publisher":{"@id":"https:\/\/odabrano.com\/#\/schema\/person\/460f2b14657879743f23c4f6a7cd3236"},"keywords":["bartulica","dp","uvjeti"],"articleSection":["Hrvatska"],"inLanguage":"en-US"},{"@type":"WebPage","@id":"https:\/\/odabrano.com\/index.php\/2024\/05\/11\/bartulica-postavio-uvjete-za-podrsku-vladi\/","url":"https:\/\/odabrano.com\/index.php\/2024\/05\/11\/bartulica-postavio-uvjete-za-podrsku-vladi\/","name":"Bartulica postavio uvjete za podr\u0161ku Vladi - odabrano","isPartOf":{"@id":"https:\/\/odabrano.com\/#website"},"datePublished":"2024-05-11T10:26:48+00:00","dateModified":"2024-05-11T10:26:49+00:00","breadcrumb":{"@id":"https:\/\/odabrano.com\/index.php\/2024\/05\/11\/bartulica-postavio-uvjete-za-podrsku-vladi\/#breadcrumb"},"inLanguage":"en-US","potentialAction":[{"@type":"ReadAction","target":["https:\/\/odabrano.com\/index.php\/2024\/05\/11\/bartulica-postavio-uvjete-za-podrsku-vladi\/"]}]},{"@type":"BreadcrumbList","@id":"https:\/\/odabrano.com\/index.php\/2024\/05\/11\/bartulica-postavio-uvjete-za-podrsku-vladi\/#breadcrumb","itemListElement":[{"@type":"ListItem","position":1,"name":"Home","item":"https:\/\/odabrano.com\/"},{"@type":"ListItem","position":2,"name":"Bartulica postavio uvjete za podr\u0161ku Vladi"}]},{"@type":"WebSite","@id":"https:\/\/odabrano.com\/#website","url":"https:\/\/odabrano.com\/","name":"odabrano","description":"news portal koji nudi odabrane vijesti i informacije","publisher":{"@id":"https:\/\/odabrano.com\/#\/schema\/person\/460f2b14657879743f23c4f6a7cd3236"},"alternateName":"vijesti i informacije iz Hrvatske i svijeta","potentialAction":[{"@type":"SearchAction","target":{"@type":"EntryPoint","urlTemplate":"https:\/\/odabrano.com\/?s={search_term_string}"},"query-input":"required name=search_term_string"}],"inLanguage":"en-US"},{"@type":["Person","Organization"],"@id":"https:\/\/odabrano.com\/#\/schema\/person\/460f2b14657879743f23c4f6a7cd3236","name":"admin","image":{"@type":"ImageObject","inLanguage":"en-US","@id":"https:\/\/odabrano.com\/#\/schema\/person\/image\/","url":"https:\/\/odabrano.com\/wp-content\/uploads\/2024\/04\/dolar.jpg","contentUrl":"https:\/\/odabrano.com\/wp-content\/uploads\/2024\/04\/dolar.jpg","width":1216,"height":519,"caption":"admin"},"logo":{"@id":"https:\/\/odabrano.com\/#\/schema\/person\/image\/"},"sameAs":["http:\/\/odabrano.com"],"url":"https:\/\/odabrano.com\/index.php\/author\/sokolneno_u3xb387h\/"}]}},"_links":{"self":[{"href":"https:\/\/odabrano.com\/index.php\/wp-json\/wp\/v2\/posts\/2606","targetHints":{"allow":["GET"]}}],"collection":[{"href":"https:\/\/odabrano.com\/index.php\/wp-json\/wp\/v2\/posts"}],"about":[{"href":"https:\/\/odabrano.com\/index.php\/wp-json\/wp\/v2\/types\/post"}],"author":[{"embeddable":true,"href":"https:\/\/odabrano.com\/index.php\/wp-json\/wp\/v2\/users\/1"}],"replies":[{"embeddable":true,"href":"https:\/\/odabrano.com\/index.php\/wp-json\/wp\/v2\/comments?post=2606"}],"version-history":[{"count":1,"href":"https:\/\/odabrano.com\/index.php\/wp-json\/wp\/v2\/posts\/2606\/revisions"}],"predecessor-version":[{"id":2608,"href":"https:\/\/odabrano.com\/index.php\/wp-json\/wp\/v2\/posts\/2606\/revisions\/2608"}],"wp:featuredmedia":[{"embeddable":true,"href":"https:\/\/odabrano.com\/index.php\/wp-json\/wp\/v2\/media\/2607"}],"wp:attachment":[{"href":"https:\/\/odabrano.com\/index.php\/wp-json\/wp\/v2\/media?parent=2606"}],"wp:term":[{"taxonomy":"category","embeddable":true,"href":"https:\/\/odabrano.com\/index.php\/wp-json\/wp\/v2\/categories?post=2606"},{"taxonomy":"post_tag","embeddable":true,"href":"https:\/\/odabrano.com\/index.php\/wp-json\/wp\/v2\/tags?post=2606"}],"curies":[{"name":"wp","href":"https:\/\/api.w.org\/{rel}","templated":true}]}}