{"id":258,"date":"2024-03-03T15:24:05","date_gmt":"2024-03-03T15:24:05","guid":{"rendered":"http:\/\/odabrano.com\/?p=258"},"modified":"2024-03-03T15:24:06","modified_gmt":"2024-03-03T15:24:06","slug":"svicarci-na-referendumu-glasali-za-13-mirovinu","status":"publish","type":"post","link":"https:\/\/odabrano.com\/index.php\/2024\/03\/03\/svicarci-na-referendumu-glasali-za-13-mirovinu\/","title":{"rendered":"\u0160vicarci na referendumu glasali za 13. mirovinu"},"content":{"rendered":"\n<p>Istra\u017eivanje SRF-a pokazalo je da je 58 posto bira\u010da glasalo za dodatnu mirovinu, a 42 posto je bilo protiv.<\/p>\n\n\n\n<p>Mjeru su predlo\u017eili \u0160vicarska federacija sindikata i stranke lijevo od centra, a sada joj je potrebna i podr\u0161ka ve\u0107ine od 26 \u0161vicarskih kantona kako bi bila usvojena.<\/p>\n\n\n\n<p>\u201eOvaj korak je iz perspektive sindikata doista velika prekretnica\u201d, rekao je <strong>Lukas Golder<\/strong> iz anketne tvrtke gfs.bern.<\/p>\n\n\n\n<p>Vlada, trgovinski lobiji i parlament koji trenutno naginje desno&nbsp;odbili su prijedlog, tvrde\u0107i da je financijski neodr\u017eiv.<\/p>\n\n\n\n<p>\u0160vicarski bira\u010di ranije su bivali oprezni oko podr\u017eavanja mjera smatranih riskantnim za gospodarstvo.<\/p>\n\n\n\n<p>Glasanje o 13. mirovini u suprotnosti je s drugim referendumima proteklih desetlje\u0107a na kojima su \u0160vicarci odlu\u010dno odbacivali skra\u0107ivanje radnog tjedna ili produ\u017eivanje godi\u0161njih odmora.<\/p>\n\n\n\n<p>Alpskom zemljom vlada zabrinutost oko rastu\u0107ih tro\u0161kova \u017eivota. Zuerich, najve\u0107a \u0161vicarska konurbacija, sa Singapurom dijeli titulu najskupljeg grada na svijetu, pokazalo je istra\u017eivanje koje je u studenom objavio Economist Intelligence Unit.<\/p>\n\n\n\n<p><strong>Mery<\/strong>, 65-godi\u0161nja stanovnica Zuericha, smatra kako uvo\u0111enje 13. mirovine ima smisla.<\/p>\n\n\n\n<p>\u201eSad sam u mirovini, pa o\u010dito \u017eelim vi\u0161e\u201d, kazala je.<\/p>\n\n\n\n<p>\u201eTo bi mi omogu\u0107ilo da dajem malo vi\u0161e svojim unucima\u201d, dodala je.<\/p>\n\n\n\n<p>Jo\u0161 uvijek se ne zna kako \u0107e se financirati pove\u0107anje mirovina koje bi stupilo na snagu 2026. godine.<\/p>\n\n\n\n<p>\u0160vicarci su u nedjelju glasali i o postupnom podizanju dobi za mirovinu, sa 65 na 66 godina, no to je na birali\u0161tima odba\u010deno.<\/p>\n","protected":false},"excerpt":{"rendered":"<p>Istra\u017eivanje SRF-a pokazalo je da je 58 posto bira\u010da glasalo za dodatnu mirovinu, a 42 posto je bilo protiv. Mjeru su predlo\u017eili \u0160vicarska federacija sindikata i stranke lijevo od centra, a sada joj je potrebna i podr\u0161ka ve\u0107ine od 26 \u0161vicarskih kantona kako bi bila usvojena. \u201eOvaj korak je iz perspektive sindikata doista velika prekretnica\u201d, &hellip;<\/p>\n","protected":false},"author":1,"featured_media":259,"comment_status":"closed","ping_status":"open","sticky":false,"template":"","format":"standard","meta":{"_monsterinsights_skip_tracking":false,"_monsterinsights_sitenote_active":false,"_monsterinsights_sitenote_note":"","_monsterinsights_sitenote_category":0,"footnotes":""},"categories":[9],"tags":[48,49,47],"class_list":["post-258","post","type-post","status-publish","format-standard","has-post-thumbnail","","category-svijet","tag-mirovina","tag-referendum","tag-svicarska"],"yoast_head":"<!-- This site is optimized with the Yoast SEO plugin v22.1 - https:\/\/yoast.com\/wordpress\/plugins\/seo\/ -->\n<title>\u0160vicarci na referendumu glasali za 13. mirovinu - odabrano<\/title>\n<meta name=\"robots\" content=\"index, follow, max-snippet:-1, max-image-preview:large, max-video-preview:-1\" \/>\n<link rel=\"canonical\" href=\"https:\/\/odabrano.com\/index.php\/2024\/03\/03\/svicarci-na-referendumu-glasali-za-13-mirovinu\/\" \/>\n<meta property=\"og:locale\" content=\"en_US\" \/>\n<meta property=\"og:type\" content=\"article\" \/>\n<meta property=\"og:title\" content=\"\u0160vicarci na referendumu glasali za 13. mirovinu - odabrano\" \/>\n<meta property=\"og:description\" content=\"Istra\u017eivanje SRF-a pokazalo je da je 58 posto bira\u010da glasalo za dodatnu mirovinu, a 42 posto je bilo protiv. Mjeru su predlo\u017eili \u0160vicarska federacija sindikata i stranke lijevo od centra, a sada joj je potrebna i podr\u0161ka ve\u0107ine od 26 \u0161vicarskih kantona kako bi bila usvojena. \u201eOvaj korak je iz perspektive sindikata doista velika prekretnica\u201d, &hellip;\" \/>\n<meta property=\"og:url\" content=\"https:\/\/odabrano.com\/index.php\/2024\/03\/03\/svicarci-na-referendumu-glasali-za-13-mirovinu\/\" \/>\n<meta property=\"og:site_name\" content=\"odabrano\" \/>\n<meta property=\"article:published_time\" content=\"2024-03-03T15:24:05+00:00\" \/>\n<meta property=\"article:modified_time\" content=\"2024-03-03T15:24:06+00:00\" \/>\n<meta property=\"og:image\" content=\"https:\/\/odabrano.com\/wp-content\/uploads\/2024\/03\/svica.jpg\" \/>\n\t<meta property=\"og:image:width\" content=\"750\" \/>\n\t<meta property=\"og:image:height\" content=\"563\" \/>\n\t<meta property=\"og:image:type\" content=\"image\/jpeg\" \/>\n<meta name=\"author\" content=\"admin\" \/>\n<meta name=\"twitter:card\" content=\"summary_large_image\" \/>\n<meta name=\"twitter:label1\" content=\"Written by\" \/>\n\t<meta name=\"twitter:data1\" content=\"admin\" \/>\n\t<meta name=\"twitter:label2\" content=\"Est. reading time\" \/>\n\t<meta name=\"twitter:data2\" content=\"2 minutes\" \/>\n<script type=\"application\/ld+json\" class=\"yoast-schema-graph\">{\"@context\":\"https:\/\/schema.org\",\"@graph\":[{\"@type\":\"Article\",\"@id\":\"https:\/\/odabrano.com\/index.php\/2024\/03\/03\/svicarci-na-referendumu-glasali-za-13-mirovinu\/#article\",\"isPartOf\":{\"@id\":\"https:\/\/odabrano.com\/index.php\/2024\/03\/03\/svicarci-na-referendumu-glasali-za-13-mirovinu\/\"},\"author\":{\"name\":\"admin\",\"@id\":\"https:\/\/odabrano.com\/#\/schema\/person\/460f2b14657879743f23c4f6a7cd3236\"},\"headline\":\"\u0160vicarci na referendumu glasali za 13. mirovinu\",\"datePublished\":\"2024-03-03T15:24:05+00:00\",\"dateModified\":\"2024-03-03T15:24:06+00:00\",\"mainEntityOfPage\":{\"@id\":\"https:\/\/odabrano.com\/index.php\/2024\/03\/03\/svicarci-na-referendumu-glasali-za-13-mirovinu\/\"},\"wordCount\":250,\"publisher\":{\"@id\":\"https:\/\/odabrano.com\/#\/schema\/person\/460f2b14657879743f23c4f6a7cd3236\"},\"keywords\":[\"mirovina\",\"referendum\",\"\u0161vicarska\"],\"articleSection\":[\"Svijet\"],\"inLanguage\":\"en-US\"},{\"@type\":\"WebPage\",\"@id\":\"https:\/\/odabrano.com\/index.php\/2024\/03\/03\/svicarci-na-referendumu-glasali-za-13-mirovinu\/\",\"url\":\"https:\/\/odabrano.com\/index.php\/2024\/03\/03\/svicarci-na-referendumu-glasali-za-13-mirovinu\/\",\"name\":\"\u0160vicarci na referendumu glasali za 13. mirovinu - odabrano\",\"isPartOf\":{\"@id\":\"https:\/\/odabrano.com\/#website\"},\"datePublished\":\"2024-03-03T15:24:05+00:00\",\"dateModified\":\"2024-03-03T15:24:06+00:00\",\"breadcrumb\":{\"@id\":\"https:\/\/odabrano.com\/index.php\/2024\/03\/03\/svicarci-na-referendumu-glasali-za-13-mirovinu\/#breadcrumb\"},\"inLanguage\":\"en-US\",\"potentialAction\":[{\"@type\":\"ReadAction\",\"target\":[\"https:\/\/odabrano.com\/index.php\/2024\/03\/03\/svicarci-na-referendumu-glasali-za-13-mirovinu\/\"]}]},{\"@type\":\"BreadcrumbList\",\"@id\":\"https:\/\/odabrano.com\/index.php\/2024\/03\/03\/svicarci-na-referendumu-glasali-za-13-mirovinu\/#breadcrumb\",\"itemListElement\":[{\"@type\":\"ListItem\",\"position\":1,\"name\":\"Home\",\"item\":\"https:\/\/odabrano.com\/\"},{\"@type\":\"ListItem\",\"position\":2,\"name\":\"\u0160vicarci na referendumu glasali za 13. mirovinu\"}]},{\"@type\":\"WebSite\",\"@id\":\"https:\/\/odabrano.com\/#website\",\"url\":\"https:\/\/odabrano.com\/\",\"name\":\"odabrano\",\"description\":\"news portal koji nudi odabrane vijesti i informacije\",\"publisher\":{\"@id\":\"https:\/\/odabrano.com\/#\/schema\/person\/460f2b14657879743f23c4f6a7cd3236\"},\"alternateName\":\"vijesti i informacije iz Hrvatske i svijeta\",\"potentialAction\":[{\"@type\":\"SearchAction\",\"target\":{\"@type\":\"EntryPoint\",\"urlTemplate\":\"https:\/\/odabrano.com\/?s={search_term_string}\"},\"query-input\":\"required name=search_term_string\"}],\"inLanguage\":\"en-US\"},{\"@type\":[\"Person\",\"Organization\"],\"@id\":\"https:\/\/odabrano.com\/#\/schema\/person\/460f2b14657879743f23c4f6a7cd3236\",\"name\":\"admin\",\"image\":{\"@type\":\"ImageObject\",\"inLanguage\":\"en-US\",\"@id\":\"https:\/\/odabrano.com\/#\/schema\/person\/image\/\",\"url\":\"https:\/\/odabrano.com\/wp-content\/uploads\/2024\/04\/dolar.jpg\",\"contentUrl\":\"https:\/\/odabrano.com\/wp-content\/uploads\/2024\/04\/dolar.jpg\",\"width\":1216,\"height\":519,\"caption\":\"admin\"},\"logo\":{\"@id\":\"https:\/\/odabrano.com\/#\/schema\/person\/image\/\"},\"sameAs\":[\"http:\/\/odabrano.com\"],\"url\":\"https:\/\/odabrano.com\/index.php\/author\/sokolneno_u3xb387h\/\"}]}<\/script>\n<!-- \/ Yoast SEO plugin. -->","yoast_head_json":{"title":"\u0160vicarci na referendumu glasali za 13. mirovinu - odabrano","robots":{"index":"index","follow":"follow","max-snippet":"max-snippet:-1","max-image-preview":"max-image-preview:large","max-video-preview":"max-video-preview:-1"},"canonical":"https:\/\/odabrano.com\/index.php\/2024\/03\/03\/svicarci-na-referendumu-glasali-za-13-mirovinu\/","og_locale":"en_US","og_type":"article","og_title":"\u0160vicarci na referendumu glasali za 13. mirovinu - odabrano","og_description":"Istra\u017eivanje SRF-a pokazalo je da je 58 posto bira\u010da glasalo za dodatnu mirovinu, a 42 posto je bilo protiv. Mjeru su predlo\u017eili \u0160vicarska federacija sindikata i stranke lijevo od centra, a sada joj je potrebna i podr\u0161ka ve\u0107ine od 26 \u0161vicarskih kantona kako bi bila usvojena. \u201eOvaj korak je iz perspektive sindikata doista velika prekretnica\u201d, &hellip;","og_url":"https:\/\/odabrano.com\/index.php\/2024\/03\/03\/svicarci-na-referendumu-glasali-za-13-mirovinu\/","og_site_name":"odabrano","article_published_time":"2024-03-03T15:24:05+00:00","article_modified_time":"2024-03-03T15:24:06+00:00","og_image":[{"width":750,"height":563,"url":"https:\/\/odabrano.com\/wp-content\/uploads\/2024\/03\/svica.jpg","type":"image\/jpeg"}],"author":"admin","twitter_card":"summary_large_image","twitter_misc":{"Written by":"admin","Est. reading time":"2 minutes"},"schema":{"@context":"https:\/\/schema.org","@graph":[{"@type":"Article","@id":"https:\/\/odabrano.com\/index.php\/2024\/03\/03\/svicarci-na-referendumu-glasali-za-13-mirovinu\/#article","isPartOf":{"@id":"https:\/\/odabrano.com\/index.php\/2024\/03\/03\/svicarci-na-referendumu-glasali-za-13-mirovinu\/"},"author":{"name":"admin","@id":"https:\/\/odabrano.com\/#\/schema\/person\/460f2b14657879743f23c4f6a7cd3236"},"headline":"\u0160vicarci na referendumu glasali za 13. mirovinu","datePublished":"2024-03-03T15:24:05+00:00","dateModified":"2024-03-03T15:24:06+00:00","mainEntityOfPage":{"@id":"https:\/\/odabrano.com\/index.php\/2024\/03\/03\/svicarci-na-referendumu-glasali-za-13-mirovinu\/"},"wordCount":250,"publisher":{"@id":"https:\/\/odabrano.com\/#\/schema\/person\/460f2b14657879743f23c4f6a7cd3236"},"keywords":["mirovina","referendum","\u0161vicarska"],"articleSection":["Svijet"],"inLanguage":"en-US"},{"@type":"WebPage","@id":"https:\/\/odabrano.com\/index.php\/2024\/03\/03\/svicarci-na-referendumu-glasali-za-13-mirovinu\/","url":"https:\/\/odabrano.com\/index.php\/2024\/03\/03\/svicarci-na-referendumu-glasali-za-13-mirovinu\/","name":"\u0160vicarci na referendumu glasali za 13. mirovinu - odabrano","isPartOf":{"@id":"https:\/\/odabrano.com\/#website"},"datePublished":"2024-03-03T15:24:05+00:00","dateModified":"2024-03-03T15:24:06+00:00","breadcrumb":{"@id":"https:\/\/odabrano.com\/index.php\/2024\/03\/03\/svicarci-na-referendumu-glasali-za-13-mirovinu\/#breadcrumb"},"inLanguage":"en-US","potentialAction":[{"@type":"ReadAction","target":["https:\/\/odabrano.com\/index.php\/2024\/03\/03\/svicarci-na-referendumu-glasali-za-13-mirovinu\/"]}]},{"@type":"BreadcrumbList","@id":"https:\/\/odabrano.com\/index.php\/2024\/03\/03\/svicarci-na-referendumu-glasali-za-13-mirovinu\/#breadcrumb","itemListElement":[{"@type":"ListItem","position":1,"name":"Home","item":"https:\/\/odabrano.com\/"},{"@type":"ListItem","position":2,"name":"\u0160vicarci na referendumu glasali za 13. mirovinu"}]},{"@type":"WebSite","@id":"https:\/\/odabrano.com\/#website","url":"https:\/\/odabrano.com\/","name":"odabrano","description":"news portal koji nudi odabrane vijesti i informacije","publisher":{"@id":"https:\/\/odabrano.com\/#\/schema\/person\/460f2b14657879743f23c4f6a7cd3236"},"alternateName":"vijesti i informacije iz Hrvatske i svijeta","potentialAction":[{"@type":"SearchAction","target":{"@type":"EntryPoint","urlTemplate":"https:\/\/odabrano.com\/?s={search_term_string}"},"query-input":"required name=search_term_string"}],"inLanguage":"en-US"},{"@type":["Person","Organization"],"@id":"https:\/\/odabrano.com\/#\/schema\/person\/460f2b14657879743f23c4f6a7cd3236","name":"admin","image":{"@type":"ImageObject","inLanguage":"en-US","@id":"https:\/\/odabrano.com\/#\/schema\/person\/image\/","url":"https:\/\/odabrano.com\/wp-content\/uploads\/2024\/04\/dolar.jpg","contentUrl":"https:\/\/odabrano.com\/wp-content\/uploads\/2024\/04\/dolar.jpg","width":1216,"height":519,"caption":"admin"},"logo":{"@id":"https:\/\/odabrano.com\/#\/schema\/person\/image\/"},"sameAs":["http:\/\/odabrano.com"],"url":"https:\/\/odabrano.com\/index.php\/author\/sokolneno_u3xb387h\/"}]}},"_links":{"self":[{"href":"https:\/\/odabrano.com\/index.php\/wp-json\/wp\/v2\/posts\/258","targetHints":{"allow":["GET"]}}],"collection":[{"href":"https:\/\/odabrano.com\/index.php\/wp-json\/wp\/v2\/posts"}],"about":[{"href":"https:\/\/odabrano.com\/index.php\/wp-json\/wp\/v2\/types\/post"}],"author":[{"embeddable":true,"href":"https:\/\/odabrano.com\/index.php\/wp-json\/wp\/v2\/users\/1"}],"replies":[{"embeddable":true,"href":"https:\/\/odabrano.com\/index.php\/wp-json\/wp\/v2\/comments?post=258"}],"version-history":[{"count":1,"href":"https:\/\/odabrano.com\/index.php\/wp-json\/wp\/v2\/posts\/258\/revisions"}],"predecessor-version":[{"id":260,"href":"https:\/\/odabrano.com\/index.php\/wp-json\/wp\/v2\/posts\/258\/revisions\/260"}],"wp:featuredmedia":[{"embeddable":true,"href":"https:\/\/odabrano.com\/index.php\/wp-json\/wp\/v2\/media\/259"}],"wp:attachment":[{"href":"https:\/\/odabrano.com\/index.php\/wp-json\/wp\/v2\/media?parent=258"}],"wp:term":[{"taxonomy":"category","embeddable":true,"href":"https:\/\/odabrano.com\/index.php\/wp-json\/wp\/v2\/categories?post=258"},{"taxonomy":"post_tag","embeddable":true,"href":"https:\/\/odabrano.com\/index.php\/wp-json\/wp\/v2\/tags?post=258"}],"curies":[{"name":"wp","href":"https:\/\/api.w.org\/{rel}","templated":true}]}}