{"id":2536,"date":"2024-05-08T05:23:33","date_gmt":"2024-05-08T03:23:33","guid":{"rendered":"http:\/\/odabrano.com\/?p=2536"},"modified":"2024-05-08T05:23:34","modified_gmt":"2024-05-08T03:23:34","slug":"xi-sletio-u-beograd-rts-prekinuo-prijenos-eurovizije","status":"publish","type":"post","link":"https:\/\/odabrano.com\/index.php\/2024\/05\/08\/xi-sletio-u-beograd-rts-prekinuo-prijenos-eurovizije\/","title":{"rendered":"Xi sletio u Beograd, RTS prekinuo prijenos Eurovizije"},"content":{"rendered":"\n<p>KINESKI \u0161ef dr\u017eave Xi Jinping zapo\u010deo je u utorak nave\u010der u dvodnevni posjet Srbiji, drugi u posljednjih osam godina, a na beogradskom aerodromu do\u010dekao ga je kompletan srbijanski dr\u017eavni vrh predvo\u0111en predsjednikom Aleksandrom Vu\u010di\u0107em.<\/p>\n\n\n\n<p>Xi Jinping doputovao je simboli\u010dno na dan kad je u zra\u010dnim napadima NATO-a 1999. godine bombardirano kinesko veleposlanstvo u Beogradu\u00a0u kojem su poginula tri kineska novinara a 20 osoba je ranjeno.<\/p>\n\n\n\n<p>Zrakoplov kineskog \u0161efa dr\u017eave doletio je u pratnji MIG-ova Vojske Srbije, a u zra\u010dnoj luci do\u010dekao ga je po\u010dasni vod garde VS-a, uz kratak folklorni program i poruke dobrodo\u0161lice na kineskom jeziku.<\/p>\n\n\n\n<h3 class=\"wp-block-heading\">RTS 1 prekinuo Euroviziju zbog Xija&nbsp;<\/h3>\n\n\n\n<p>RTS 1 je, po prethodnoj najavi, prekinuo prijenos Eurovizije i prebacio ga na RTS 2 kako bi emitirali Xijev dolazak u Beograd.&nbsp;<\/p>\n\n\n\n<p>&#8220;Za 35 minuta prekidamo emitiranje Eurovizije i uklju\u010dujemo se s aerodroma Nikola Tesla kako bismo do\u010dekali predsjednika Narodne Republike Kine Xi Jinpinga&#8221;, najavili su iz RTS-a ranije.<\/p>\n\n\n\n<p>U \u010dast posjeta kineskog predsjednika Kula Beograd u komplesku Beograd na vodi osvijetljena je ve\u010deras bojama nacionalnih zastava Kine i Srbije.<\/p>\n\n\n\n<p>Xi, koji je na petodnevnoj europskoj turneji,\u00a0doputovao je iz Francuske, a zapadni mediji njegov posjet Srbiji, a potom i Ma\u0111arskoj, vide kao nastavak \u0161irenja kineskog utjecaja u Europi.<\/p>\n\n\n\n<h3 class=\"wp-block-heading\">Brojni kineski projekti u Srbiji<\/h3>\n\n\n\n<p>Kina je u Srbiji anga\u017eirana u brojnim infrastrukturnim projektima &#8211; gradnji \u017eeljeznice i autocesta, nacionalnog stadiona, rekonstrukciji termoelektrana. Kineske tvrtke vlasnici su i va\u017enih resursa &#8211; \u017eeljezare u Smederevu, te rudnika bakra i zlata u Boru, a u Beogradu i diljem Srbije otvorene su brojne robne ku\u0107e i trgovine s kineskom robom.<\/p>\n\n\n\n<p>Srbija svoju ekonomsku \u0161ansu i proboj na kinesko tr\u017ei\u0161te vidi u Sporazumu o slobodnoj trgovini koji \u0107e \u0107e stupiti na snagu od srpnja ove godine.<\/p>\n\n\n\n<p>Sporazum, potpisaan 17. listopada u Pekingu, obuhva\u0107a 10.412 proizvoda iz Srbije i 8.930 iz Kine, \u0161to je u Beogradu ocijenjeno kao &#8220;doga\u0111aj od povjesnog zna\u010daja za Srbiju&#8221;, i to &#8220;ne samo s aspekta ekonomije nego i vanjsko-politi\u010dke pozicije&#8221;.<\/p>\n\n\n\n<h3 class=\"wp-block-heading\">Vu\u010di\u0107: Srbija se ponosi \u010deli\u010dnim prijateljstvom s Kinom<\/h3>\n\n\n\n<p>Uo\u010di posjeta kineskog \u0161efa dr\u017eave Vu\u010di\u0107 je istaknuo da se Srbija ponosi&nbsp;&#8220;\u010deli\u010dnim prijateljstvom s Kinom&#8221;.<\/p>\n\n\n\n<p>Kakao je ranije najavljeno, Xija prati na turneji \u010dak 400 politi\u010dkih du\u017enosnika i gospodarstvenika.<\/p>\n\n\n\n<p>Sve\u010dani slu\u017ebeni do\u010dek uz najvi\u0161e po\u010dasti slijedi u srijedu prijepodne ispred Pala\u010de Srbije, a tijekom susreta izaslanstava dviju dr\u017eava o\u010dekuje se potpisivanje tridesetak bilateralnih sporazuma.<\/p>\n","protected":false},"excerpt":{"rendered":"<p>KINESKI \u0161ef dr\u017eave Xi Jinping zapo\u010deo je u utorak nave\u010der u dvodnevni posjet Srbiji, drugi u posljednjih osam godina, a na beogradskom aerodromu do\u010dekao ga je kompletan srbijanski dr\u017eavni vrh predvo\u0111en predsjednikom Aleksandrom Vu\u010di\u0107em. Xi Jinping doputovao je simboli\u010dno na dan kad je u zra\u010dnim napadima NATO-a 1999. godine bombardirano kinesko veleposlanstvo u Beogradu\u00a0u kojem &hellip;<\/p>\n","protected":false},"author":1,"featured_media":2537,"comment_status":"closed","ping_status":"open","sticky":false,"template":"","format":"standard","meta":{"_monsterinsights_skip_tracking":false,"_monsterinsights_sitenote_active":false,"_monsterinsights_sitenote_note":"","_monsterinsights_sitenote_category":0,"footnotes":""},"categories":[6],"tags":[395,548,33,178,547],"class_list":["post-2536","post","type-post","status-publish","format-standard","has-post-thumbnail","","category-istok","tag-kina","tag-posjet","tag-srbija","tag-vucic","tag-xi"],"yoast_head":"<!-- This site is optimized with the Yoast SEO plugin v22.1 - https:\/\/yoast.com\/wordpress\/plugins\/seo\/ -->\n<title>Xi sletio u Beograd, RTS prekinuo prijenos Eurovizije - odabrano<\/title>\n<meta name=\"robots\" content=\"index, follow, max-snippet:-1, max-image-preview:large, max-video-preview:-1\" \/>\n<link rel=\"canonical\" href=\"https:\/\/odabrano.com\/index.php\/2024\/05\/08\/xi-sletio-u-beograd-rts-prekinuo-prijenos-eurovizije\/\" \/>\n<meta property=\"og:locale\" content=\"en_US\" \/>\n<meta property=\"og:type\" content=\"article\" \/>\n<meta property=\"og:title\" content=\"Xi sletio u Beograd, RTS prekinuo prijenos Eurovizije - odabrano\" \/>\n<meta property=\"og:description\" content=\"KINESKI \u0161ef dr\u017eave Xi Jinping zapo\u010deo je u utorak nave\u010der u dvodnevni posjet Srbiji, drugi u posljednjih osam godina, a na beogradskom aerodromu do\u010dekao ga je kompletan srbijanski dr\u017eavni vrh predvo\u0111en predsjednikom Aleksandrom Vu\u010di\u0107em. Xi Jinping doputovao je simboli\u010dno na dan kad je u zra\u010dnim napadima NATO-a 1999. godine bombardirano kinesko veleposlanstvo u Beogradu\u00a0u kojem &hellip;\" \/>\n<meta property=\"og:url\" content=\"https:\/\/odabrano.com\/index.php\/2024\/05\/08\/xi-sletio-u-beograd-rts-prekinuo-prijenos-eurovizije\/\" \/>\n<meta property=\"og:site_name\" content=\"odabrano\" \/>\n<meta property=\"article:published_time\" content=\"2024-05-08T03:23:33+00:00\" \/>\n<meta property=\"article:modified_time\" content=\"2024-05-08T03:23:34+00:00\" \/>\n<meta property=\"og:image\" content=\"https:\/\/odabrano.com\/wp-content\/uploads\/2024\/05\/xi.webp\" \/>\n\t<meta property=\"og:image:width\" content=\"770\" \/>\n\t<meta property=\"og:image:height\" content=\"511\" \/>\n\t<meta property=\"og:image:type\" content=\"image\/webp\" \/>\n<meta name=\"author\" content=\"admin\" \/>\n<meta name=\"twitter:card\" content=\"summary_large_image\" \/>\n<meta name=\"twitter:label1\" content=\"Written by\" \/>\n\t<meta name=\"twitter:data1\" content=\"admin\" \/>\n\t<meta name=\"twitter:label2\" content=\"Est. reading time\" \/>\n\t<meta name=\"twitter:data2\" content=\"2 minutes\" \/>\n<script type=\"application\/ld+json\" class=\"yoast-schema-graph\">{\"@context\":\"https:\/\/schema.org\",\"@graph\":[{\"@type\":\"Article\",\"@id\":\"https:\/\/odabrano.com\/index.php\/2024\/05\/08\/xi-sletio-u-beograd-rts-prekinuo-prijenos-eurovizije\/#article\",\"isPartOf\":{\"@id\":\"https:\/\/odabrano.com\/index.php\/2024\/05\/08\/xi-sletio-u-beograd-rts-prekinuo-prijenos-eurovizije\/\"},\"author\":{\"name\":\"admin\",\"@id\":\"https:\/\/odabrano.com\/#\/schema\/person\/460f2b14657879743f23c4f6a7cd3236\"},\"headline\":\"Xi sletio u Beograd, RTS prekinuo prijenos Eurovizije\",\"datePublished\":\"2024-05-08T03:23:33+00:00\",\"dateModified\":\"2024-05-08T03:23:34+00:00\",\"mainEntityOfPage\":{\"@id\":\"https:\/\/odabrano.com\/index.php\/2024\/05\/08\/xi-sletio-u-beograd-rts-prekinuo-prijenos-eurovizije\/\"},\"wordCount\":431,\"publisher\":{\"@id\":\"https:\/\/odabrano.com\/#\/schema\/person\/460f2b14657879743f23c4f6a7cd3236\"},\"keywords\":[\"kina\",\"posjet\",\"srbija\",\"vu\u010di\u0107\",\"xi\"],\"articleSection\":[\"Istok\"],\"inLanguage\":\"en-US\"},{\"@type\":\"WebPage\",\"@id\":\"https:\/\/odabrano.com\/index.php\/2024\/05\/08\/xi-sletio-u-beograd-rts-prekinuo-prijenos-eurovizije\/\",\"url\":\"https:\/\/odabrano.com\/index.php\/2024\/05\/08\/xi-sletio-u-beograd-rts-prekinuo-prijenos-eurovizije\/\",\"name\":\"Xi sletio u Beograd, RTS prekinuo prijenos Eurovizije - odabrano\",\"isPartOf\":{\"@id\":\"https:\/\/odabrano.com\/#website\"},\"datePublished\":\"2024-05-08T03:23:33+00:00\",\"dateModified\":\"2024-05-08T03:23:34+00:00\",\"breadcrumb\":{\"@id\":\"https:\/\/odabrano.com\/index.php\/2024\/05\/08\/xi-sletio-u-beograd-rts-prekinuo-prijenos-eurovizije\/#breadcrumb\"},\"inLanguage\":\"en-US\",\"potentialAction\":[{\"@type\":\"ReadAction\",\"target\":[\"https:\/\/odabrano.com\/index.php\/2024\/05\/08\/xi-sletio-u-beograd-rts-prekinuo-prijenos-eurovizije\/\"]}]},{\"@type\":\"BreadcrumbList\",\"@id\":\"https:\/\/odabrano.com\/index.php\/2024\/05\/08\/xi-sletio-u-beograd-rts-prekinuo-prijenos-eurovizije\/#breadcrumb\",\"itemListElement\":[{\"@type\":\"ListItem\",\"position\":1,\"name\":\"Home\",\"item\":\"https:\/\/odabrano.com\/\"},{\"@type\":\"ListItem\",\"position\":2,\"name\":\"Xi sletio u Beograd, RTS prekinuo prijenos Eurovizije\"}]},{\"@type\":\"WebSite\",\"@id\":\"https:\/\/odabrano.com\/#website\",\"url\":\"https:\/\/odabrano.com\/\",\"name\":\"odabrano\",\"description\":\"news portal koji nudi odabrane vijesti i informacije\",\"publisher\":{\"@id\":\"https:\/\/odabrano.com\/#\/schema\/person\/460f2b14657879743f23c4f6a7cd3236\"},\"alternateName\":\"vijesti i informacije iz Hrvatske i svijeta\",\"potentialAction\":[{\"@type\":\"SearchAction\",\"target\":{\"@type\":\"EntryPoint\",\"urlTemplate\":\"https:\/\/odabrano.com\/?s={search_term_string}\"},\"query-input\":\"required name=search_term_string\"}],\"inLanguage\":\"en-US\"},{\"@type\":[\"Person\",\"Organization\"],\"@id\":\"https:\/\/odabrano.com\/#\/schema\/person\/460f2b14657879743f23c4f6a7cd3236\",\"name\":\"admin\",\"image\":{\"@type\":\"ImageObject\",\"inLanguage\":\"en-US\",\"@id\":\"https:\/\/odabrano.com\/#\/schema\/person\/image\/\",\"url\":\"https:\/\/odabrano.com\/wp-content\/uploads\/2024\/04\/dolar.jpg\",\"contentUrl\":\"https:\/\/odabrano.com\/wp-content\/uploads\/2024\/04\/dolar.jpg\",\"width\":1216,\"height\":519,\"caption\":\"admin\"},\"logo\":{\"@id\":\"https:\/\/odabrano.com\/#\/schema\/person\/image\/\"},\"sameAs\":[\"http:\/\/odabrano.com\"],\"url\":\"https:\/\/odabrano.com\/index.php\/author\/sokolneno_u3xb387h\/\"}]}<\/script>\n<!-- \/ Yoast SEO plugin. -->","yoast_head_json":{"title":"Xi sletio u Beograd, RTS prekinuo prijenos Eurovizije - odabrano","robots":{"index":"index","follow":"follow","max-snippet":"max-snippet:-1","max-image-preview":"max-image-preview:large","max-video-preview":"max-video-preview:-1"},"canonical":"https:\/\/odabrano.com\/index.php\/2024\/05\/08\/xi-sletio-u-beograd-rts-prekinuo-prijenos-eurovizije\/","og_locale":"en_US","og_type":"article","og_title":"Xi sletio u Beograd, RTS prekinuo prijenos Eurovizije - odabrano","og_description":"KINESKI \u0161ef dr\u017eave Xi Jinping zapo\u010deo je u utorak nave\u010der u dvodnevni posjet Srbiji, drugi u posljednjih osam godina, a na beogradskom aerodromu do\u010dekao ga je kompletan srbijanski dr\u017eavni vrh predvo\u0111en predsjednikom Aleksandrom Vu\u010di\u0107em. Xi Jinping doputovao je simboli\u010dno na dan kad je u zra\u010dnim napadima NATO-a 1999. godine bombardirano kinesko veleposlanstvo u Beogradu\u00a0u kojem &hellip;","og_url":"https:\/\/odabrano.com\/index.php\/2024\/05\/08\/xi-sletio-u-beograd-rts-prekinuo-prijenos-eurovizije\/","og_site_name":"odabrano","article_published_time":"2024-05-08T03:23:33+00:00","article_modified_time":"2024-05-08T03:23:34+00:00","og_image":[{"width":770,"height":511,"url":"https:\/\/odabrano.com\/wp-content\/uploads\/2024\/05\/xi.webp","type":"image\/webp"}],"author":"admin","twitter_card":"summary_large_image","twitter_misc":{"Written by":"admin","Est. reading time":"2 minutes"},"schema":{"@context":"https:\/\/schema.org","@graph":[{"@type":"Article","@id":"https:\/\/odabrano.com\/index.php\/2024\/05\/08\/xi-sletio-u-beograd-rts-prekinuo-prijenos-eurovizije\/#article","isPartOf":{"@id":"https:\/\/odabrano.com\/index.php\/2024\/05\/08\/xi-sletio-u-beograd-rts-prekinuo-prijenos-eurovizije\/"},"author":{"name":"admin","@id":"https:\/\/odabrano.com\/#\/schema\/person\/460f2b14657879743f23c4f6a7cd3236"},"headline":"Xi sletio u Beograd, RTS prekinuo prijenos Eurovizije","datePublished":"2024-05-08T03:23:33+00:00","dateModified":"2024-05-08T03:23:34+00:00","mainEntityOfPage":{"@id":"https:\/\/odabrano.com\/index.php\/2024\/05\/08\/xi-sletio-u-beograd-rts-prekinuo-prijenos-eurovizije\/"},"wordCount":431,"publisher":{"@id":"https:\/\/odabrano.com\/#\/schema\/person\/460f2b14657879743f23c4f6a7cd3236"},"keywords":["kina","posjet","srbija","vu\u010di\u0107","xi"],"articleSection":["Istok"],"inLanguage":"en-US"},{"@type":"WebPage","@id":"https:\/\/odabrano.com\/index.php\/2024\/05\/08\/xi-sletio-u-beograd-rts-prekinuo-prijenos-eurovizije\/","url":"https:\/\/odabrano.com\/index.php\/2024\/05\/08\/xi-sletio-u-beograd-rts-prekinuo-prijenos-eurovizije\/","name":"Xi sletio u Beograd, RTS prekinuo prijenos Eurovizije - odabrano","isPartOf":{"@id":"https:\/\/odabrano.com\/#website"},"datePublished":"2024-05-08T03:23:33+00:00","dateModified":"2024-05-08T03:23:34+00:00","breadcrumb":{"@id":"https:\/\/odabrano.com\/index.php\/2024\/05\/08\/xi-sletio-u-beograd-rts-prekinuo-prijenos-eurovizije\/#breadcrumb"},"inLanguage":"en-US","potentialAction":[{"@type":"ReadAction","target":["https:\/\/odabrano.com\/index.php\/2024\/05\/08\/xi-sletio-u-beograd-rts-prekinuo-prijenos-eurovizije\/"]}]},{"@type":"BreadcrumbList","@id":"https:\/\/odabrano.com\/index.php\/2024\/05\/08\/xi-sletio-u-beograd-rts-prekinuo-prijenos-eurovizije\/#breadcrumb","itemListElement":[{"@type":"ListItem","position":1,"name":"Home","item":"https:\/\/odabrano.com\/"},{"@type":"ListItem","position":2,"name":"Xi sletio u Beograd, RTS prekinuo prijenos Eurovizije"}]},{"@type":"WebSite","@id":"https:\/\/odabrano.com\/#website","url":"https:\/\/odabrano.com\/","name":"odabrano","description":"news portal koji nudi odabrane vijesti i informacije","publisher":{"@id":"https:\/\/odabrano.com\/#\/schema\/person\/460f2b14657879743f23c4f6a7cd3236"},"alternateName":"vijesti i informacije iz Hrvatske i svijeta","potentialAction":[{"@type":"SearchAction","target":{"@type":"EntryPoint","urlTemplate":"https:\/\/odabrano.com\/?s={search_term_string}"},"query-input":"required name=search_term_string"}],"inLanguage":"en-US"},{"@type":["Person","Organization"],"@id":"https:\/\/odabrano.com\/#\/schema\/person\/460f2b14657879743f23c4f6a7cd3236","name":"admin","image":{"@type":"ImageObject","inLanguage":"en-US","@id":"https:\/\/odabrano.com\/#\/schema\/person\/image\/","url":"https:\/\/odabrano.com\/wp-content\/uploads\/2024\/04\/dolar.jpg","contentUrl":"https:\/\/odabrano.com\/wp-content\/uploads\/2024\/04\/dolar.jpg","width":1216,"height":519,"caption":"admin"},"logo":{"@id":"https:\/\/odabrano.com\/#\/schema\/person\/image\/"},"sameAs":["http:\/\/odabrano.com"],"url":"https:\/\/odabrano.com\/index.php\/author\/sokolneno_u3xb387h\/"}]}},"_links":{"self":[{"href":"https:\/\/odabrano.com\/index.php\/wp-json\/wp\/v2\/posts\/2536","targetHints":{"allow":["GET"]}}],"collection":[{"href":"https:\/\/odabrano.com\/index.php\/wp-json\/wp\/v2\/posts"}],"about":[{"href":"https:\/\/odabrano.com\/index.php\/wp-json\/wp\/v2\/types\/post"}],"author":[{"embeddable":true,"href":"https:\/\/odabrano.com\/index.php\/wp-json\/wp\/v2\/users\/1"}],"replies":[{"embeddable":true,"href":"https:\/\/odabrano.com\/index.php\/wp-json\/wp\/v2\/comments?post=2536"}],"version-history":[{"count":1,"href":"https:\/\/odabrano.com\/index.php\/wp-json\/wp\/v2\/posts\/2536\/revisions"}],"predecessor-version":[{"id":2538,"href":"https:\/\/odabrano.com\/index.php\/wp-json\/wp\/v2\/posts\/2536\/revisions\/2538"}],"wp:featuredmedia":[{"embeddable":true,"href":"https:\/\/odabrano.com\/index.php\/wp-json\/wp\/v2\/media\/2537"}],"wp:attachment":[{"href":"https:\/\/odabrano.com\/index.php\/wp-json\/wp\/v2\/media?parent=2536"}],"wp:term":[{"taxonomy":"category","embeddable":true,"href":"https:\/\/odabrano.com\/index.php\/wp-json\/wp\/v2\/categories?post=2536"},{"taxonomy":"post_tag","embeddable":true,"href":"https:\/\/odabrano.com\/index.php\/wp-json\/wp\/v2\/tags?post=2536"}],"curies":[{"name":"wp","href":"https:\/\/api.w.org\/{rel}","templated":true}]}}