{"id":2534,"date":"2024-05-07T16:50:54","date_gmt":"2024-05-07T14:50:54","guid":{"rendered":"http:\/\/odabrano.com\/?p=2534"},"modified":"2024-05-09T06:07:05","modified_gmt":"2024-05-09T04:07:05","slug":"pocela-nova-runda-pregovora-domovinskog-pokreta-i-hdz-a","status":"publish","type":"post","link":"https:\/\/odabrano.com\/index.php\/2024\/05\/07\/pocela-nova-runda-pregovora-domovinskog-pokreta-i-hdz-a\/","title":{"rendered":"Po\u010dela nova runda pregovora Domovinskog pokreta i HDZ-a"},"content":{"rendered":"\n<p>U Banskim dvorima po\u010dela je u utorak poslijepodne nova runda pregovora tehni\u010dkog premijera i predsjednika HDZ-a Andreja Plenkovi\u0107a s predstavnicima Domovinskog pokreta oko formiranja parlamentarne ve\u0107ine i Vlade, uo\u010di koje je \u010delnik Ivan Penava potvrdio da ih zanimaju \u010detiri ministarstva.<\/p>\n\n\n\n<p>Pregovara\u010dki tim DP-a u sastavu\u00a0\u010delnika stranke Ivana Penave, njegova zamjenika Marija\u00a0Radi\u0107a, glavnog\u00a0tajnika Josipa Dabre te politi\u010dkog tajnika Damira Barne,\u00a0stigao je s nekoliko minuta zaka\u0161njenja u Banske dvore i to nakon sastanka Plenkovi\u0107a s osam predstavnika\u00a0nacionalnih manjina na kojem je zaklju\u010deno da \u0107e vi\u0161e od jednog zastupnika iz njihova Kluba dati potpise Plenkovi\u0107u kao mandataru budu\u0107e Vlade, ali da SDSS ne\u0107e. Vladimir Bilek, koji je u ime Kluba iza\u0161ao pred medije, nije htio otkriti koliko \u0107e \u2018manjinaca\u2019, a ni tko to\u010dno dati potpise Plenkovi\u0107u. Jedino se zna za Roberta Jankovicsa, zastupnika ma\u0111arske manjine, koji je ve\u0107 ranije javno objavio da \u0161ef HDZ-a i tehni\u010dki premijer njegovu podr\u0161ku za sastavljanje Vlade ima.<\/p>\n\n\n\n<p>Da tri zastupnika SDSS-a ne dolaze u obzir kao partneri u ve\u0107ini ili Vladi\u00a0bio je, naime,\u00a0jedan od glavnih uvjeta Domovinskog pokreta za formiranje koalicije s\u00a0HDZ-om.\u00a0Predsjednik HDZ-a\u00a0u ponedjeljak se\u00a0sastao i s dosada\u0161njim koalicijskim partnerima iz HSLS-a, HNS-a, HSU-a, HDS-a te nezavisnom Marijanom Petir koji su mu\u00a0dali podr\u0161ku kao mandataru za sastavljanje nove Vlade.<\/p>\n\n\n\n<p>HDZ-ov \u010dlan pregovara\u010dkog tima, Marko Mili\u0107, najavio je kako bi danas mogli razgovarati o programskim odrednicama i strukturi budu\u0107e Vlade.<\/p>\n\n\n\n<p>\u201cBili ste upoznati sa zahtjevima DP-a u smislu s kim mo\u017eemo razgovarati, s kim ne i sada kada smo to kroz niz pregovora uspjeli rije\u0161iti, prije\u0107i \u0107emo na to\u010dke koje se ti\u010du sastavljanja Vlade, preuzimanja odgovornosti za odre\u0111ene resore, me\u0111utim, preuranjeno je govoriti o tim pozicijama jer su one tek sada predmet razgovora\u201d, poru\u010dio je Penava uo\u010di dana\u0161njeg sastanka.<\/p>\n\n\n\n<p><strong>Penava potvrdio da ih zanimaju \u010detiri ministarstva<\/strong><\/p>\n\n\n\n<p>Potvrdio je kako su \u010detiri ministarstva pod njihovom ingerencijom&nbsp;polazi\u0161na osnova ovih daljnjih&nbsp;pregovora.<\/p>\n\n\n\n<p>\u201cBit \u0107emo na tragu onoga \u0161to smo komunicirali. Zanima nas jako rje\u0161avanje problema demografskog sloma, zabrinjava nas da nemamo samodostatnost u proizvodnji elementarnih proizvoda, a zanima nas i sigurnost na\u0161ih gra\u0111ana, ali i ono \u0161to nam djeca u \u0161koli u\u010de i \u0161to gledaju kroz medije\u201d, naveo je.<\/p>\n\n\n\n<p>HDZ-ovci su se posljednji put sastali s predstavnicima Domovinskog pokreta u petak u Sotinu, nakon sve\u010dane sjednice u povodu Dana Vukovara, kada su obje strane isticale da su pribli\u017eili stajali\u0161ta, a nakon ju\u010dera\u0161njeg sastanka sa \u010dlanovima svoje stranke, Plenkovi\u0107 je poru\u010dio kako se stvari kre\u0107u u dobrom smjeru.<\/p>\n\n\n\n<p>HDZ&nbsp;je na parlamentarnim izborima&nbsp;osvojio&nbsp;61 zastupni\u010dki&nbsp;mandat, a DP 13. Iako se u medijima naga\u0111alo kako \u0107e podr\u0161ku za sastavljanje Vlade dati i Vesna Vu\u010demilovi\u0107, koja je dala ostavku na sve strana\u010dke funkcije u Hrvatskim suverenistima zbog suprotstavljenih stavova s \u010delnikom te stranke Marijanom Pavli\u010dekom oko podr\u0161ke desnoj&nbsp;Vladi&nbsp;ili priklanjanju&nbsp;lijevoj opoziciji,&nbsp;Bilek poru\u010duje kako Plenkovi\u0107 ima dovoljno ruku i bez nje.<\/p>\n","protected":false},"excerpt":{"rendered":"<p>U Banskim dvorima po\u010dela je u utorak poslijepodne nova runda pregovora tehni\u010dkog premijera i predsjednika HDZ-a Andreja Plenkovi\u0107a s predstavnicima Domovinskog pokreta oko formiranja parlamentarne ve\u0107ine i Vlade, uo\u010di koje je \u010delnik Ivan Penava potvrdio da ih zanimaju \u010detiri ministarstva. Pregovara\u010dki tim DP-a u sastavu\u00a0\u010delnika stranke Ivana Penave, njegova zamjenika Marija\u00a0Radi\u0107a, glavnog\u00a0tajnika Josipa Dabre te &hellip;<\/p>\n","protected":false},"author":1,"featured_media":2546,"comment_status":"closed","ping_status":"open","sticky":false,"template":"","format":"standard","meta":{"_monsterinsights_skip_tracking":false,"_monsterinsights_sitenote_active":false,"_monsterinsights_sitenote_note":"","_monsterinsights_sitenote_category":0,"footnotes":""},"categories":[25],"tags":[130,159,311],"class_list":["post-2534","post","type-post","status-publish","format-standard","has-post-thumbnail","","category-hrvatska","tag-dp","tag-hdz","tag-pregovori"],"yoast_head":"<!-- This site is optimized with the Yoast SEO plugin v22.1 - https:\/\/yoast.com\/wordpress\/plugins\/seo\/ -->\n<title>Po\u010dela nova runda pregovora Domovinskog pokreta i HDZ-a - odabrano<\/title>\n<meta name=\"robots\" content=\"index, follow, max-snippet:-1, max-image-preview:large, max-video-preview:-1\" \/>\n<link rel=\"canonical\" href=\"https:\/\/odabrano.com\/index.php\/2024\/05\/07\/pocela-nova-runda-pregovora-domovinskog-pokreta-i-hdz-a\/\" \/>\n<meta property=\"og:locale\" content=\"en_US\" \/>\n<meta property=\"og:type\" content=\"article\" \/>\n<meta property=\"og:title\" content=\"Po\u010dela nova runda pregovora Domovinskog pokreta i HDZ-a - odabrano\" \/>\n<meta property=\"og:description\" content=\"U Banskim dvorima po\u010dela je u utorak poslijepodne nova runda pregovora tehni\u010dkog premijera i predsjednika HDZ-a Andreja Plenkovi\u0107a s predstavnicima Domovinskog pokreta oko formiranja parlamentarne ve\u0107ine i Vlade, uo\u010di koje je \u010delnik Ivan Penava potvrdio da ih zanimaju \u010detiri ministarstva. Pregovara\u010dki tim DP-a u sastavu\u00a0\u010delnika stranke Ivana Penave, njegova zamjenika Marija\u00a0Radi\u0107a, glavnog\u00a0tajnika Josipa Dabre te &hellip;\" \/>\n<meta property=\"og:url\" content=\"https:\/\/odabrano.com\/index.php\/2024\/05\/07\/pocela-nova-runda-pregovora-domovinskog-pokreta-i-hdz-a\/\" \/>\n<meta property=\"og:site_name\" content=\"odabrano\" \/>\n<meta property=\"article:published_time\" content=\"2024-05-07T14:50:54+00:00\" \/>\n<meta property=\"article:modified_time\" content=\"2024-05-09T04:07:05+00:00\" \/>\n<meta property=\"og:image\" content=\"https:\/\/odabrano.com\/wp-content\/uploads\/2024\/05\/penava.webp\" \/>\n\t<meta property=\"og:image:width\" content=\"996\" \/>\n\t<meta property=\"og:image:height\" content=\"562\" \/>\n\t<meta property=\"og:image:type\" content=\"image\/webp\" \/>\n<meta name=\"author\" content=\"admin\" \/>\n<meta name=\"twitter:card\" content=\"summary_large_image\" \/>\n<meta name=\"twitter:label1\" content=\"Written by\" \/>\n\t<meta name=\"twitter:data1\" content=\"admin\" \/>\n\t<meta name=\"twitter:label2\" content=\"Est. reading time\" \/>\n\t<meta name=\"twitter:data2\" content=\"3 minutes\" \/>\n<script type=\"application\/ld+json\" class=\"yoast-schema-graph\">{\"@context\":\"https:\/\/schema.org\",\"@graph\":[{\"@type\":\"Article\",\"@id\":\"https:\/\/odabrano.com\/index.php\/2024\/05\/07\/pocela-nova-runda-pregovora-domovinskog-pokreta-i-hdz-a\/#article\",\"isPartOf\":{\"@id\":\"https:\/\/odabrano.com\/index.php\/2024\/05\/07\/pocela-nova-runda-pregovora-domovinskog-pokreta-i-hdz-a\/\"},\"author\":{\"name\":\"admin\",\"@id\":\"https:\/\/odabrano.com\/#\/schema\/person\/460f2b14657879743f23c4f6a7cd3236\"},\"headline\":\"Po\u010dela nova runda pregovora Domovinskog pokreta i HDZ-a\",\"datePublished\":\"2024-05-07T14:50:54+00:00\",\"dateModified\":\"2024-05-09T04:07:05+00:00\",\"mainEntityOfPage\":{\"@id\":\"https:\/\/odabrano.com\/index.php\/2024\/05\/07\/pocela-nova-runda-pregovora-domovinskog-pokreta-i-hdz-a\/\"},\"wordCount\":547,\"publisher\":{\"@id\":\"https:\/\/odabrano.com\/#\/schema\/person\/460f2b14657879743f23c4f6a7cd3236\"},\"keywords\":[\"dp\",\"hdz\",\"pregovori\"],\"articleSection\":[\"Hrvatska\"],\"inLanguage\":\"en-US\"},{\"@type\":\"WebPage\",\"@id\":\"https:\/\/odabrano.com\/index.php\/2024\/05\/07\/pocela-nova-runda-pregovora-domovinskog-pokreta-i-hdz-a\/\",\"url\":\"https:\/\/odabrano.com\/index.php\/2024\/05\/07\/pocela-nova-runda-pregovora-domovinskog-pokreta-i-hdz-a\/\",\"name\":\"Po\u010dela nova runda pregovora Domovinskog pokreta i HDZ-a - odabrano\",\"isPartOf\":{\"@id\":\"https:\/\/odabrano.com\/#website\"},\"datePublished\":\"2024-05-07T14:50:54+00:00\",\"dateModified\":\"2024-05-09T04:07:05+00:00\",\"breadcrumb\":{\"@id\":\"https:\/\/odabrano.com\/index.php\/2024\/05\/07\/pocela-nova-runda-pregovora-domovinskog-pokreta-i-hdz-a\/#breadcrumb\"},\"inLanguage\":\"en-US\",\"potentialAction\":[{\"@type\":\"ReadAction\",\"target\":[\"https:\/\/odabrano.com\/index.php\/2024\/05\/07\/pocela-nova-runda-pregovora-domovinskog-pokreta-i-hdz-a\/\"]}]},{\"@type\":\"BreadcrumbList\",\"@id\":\"https:\/\/odabrano.com\/index.php\/2024\/05\/07\/pocela-nova-runda-pregovora-domovinskog-pokreta-i-hdz-a\/#breadcrumb\",\"itemListElement\":[{\"@type\":\"ListItem\",\"position\":1,\"name\":\"Home\",\"item\":\"https:\/\/odabrano.com\/\"},{\"@type\":\"ListItem\",\"position\":2,\"name\":\"Po\u010dela nova runda pregovora Domovinskog pokreta i HDZ-a\"}]},{\"@type\":\"WebSite\",\"@id\":\"https:\/\/odabrano.com\/#website\",\"url\":\"https:\/\/odabrano.com\/\",\"name\":\"odabrano\",\"description\":\"news portal koji nudi odabrane vijesti i informacije\",\"publisher\":{\"@id\":\"https:\/\/odabrano.com\/#\/schema\/person\/460f2b14657879743f23c4f6a7cd3236\"},\"alternateName\":\"vijesti i informacije iz Hrvatske i svijeta\",\"potentialAction\":[{\"@type\":\"SearchAction\",\"target\":{\"@type\":\"EntryPoint\",\"urlTemplate\":\"https:\/\/odabrano.com\/?s={search_term_string}\"},\"query-input\":\"required name=search_term_string\"}],\"inLanguage\":\"en-US\"},{\"@type\":[\"Person\",\"Organization\"],\"@id\":\"https:\/\/odabrano.com\/#\/schema\/person\/460f2b14657879743f23c4f6a7cd3236\",\"name\":\"admin\",\"image\":{\"@type\":\"ImageObject\",\"inLanguage\":\"en-US\",\"@id\":\"https:\/\/odabrano.com\/#\/schema\/person\/image\/\",\"url\":\"https:\/\/odabrano.com\/wp-content\/uploads\/2024\/04\/dolar.jpg\",\"contentUrl\":\"https:\/\/odabrano.com\/wp-content\/uploads\/2024\/04\/dolar.jpg\",\"width\":1216,\"height\":519,\"caption\":\"admin\"},\"logo\":{\"@id\":\"https:\/\/odabrano.com\/#\/schema\/person\/image\/\"},\"sameAs\":[\"http:\/\/odabrano.com\"],\"url\":\"https:\/\/odabrano.com\/index.php\/author\/sokolneno_u3xb387h\/\"}]}<\/script>\n<!-- \/ Yoast SEO plugin. -->","yoast_head_json":{"title":"Po\u010dela nova runda pregovora Domovinskog pokreta i HDZ-a - odabrano","robots":{"index":"index","follow":"follow","max-snippet":"max-snippet:-1","max-image-preview":"max-image-preview:large","max-video-preview":"max-video-preview:-1"},"canonical":"https:\/\/odabrano.com\/index.php\/2024\/05\/07\/pocela-nova-runda-pregovora-domovinskog-pokreta-i-hdz-a\/","og_locale":"en_US","og_type":"article","og_title":"Po\u010dela nova runda pregovora Domovinskog pokreta i HDZ-a - odabrano","og_description":"U Banskim dvorima po\u010dela je u utorak poslijepodne nova runda pregovora tehni\u010dkog premijera i predsjednika HDZ-a Andreja Plenkovi\u0107a s predstavnicima Domovinskog pokreta oko formiranja parlamentarne ve\u0107ine i Vlade, uo\u010di koje je \u010delnik Ivan Penava potvrdio da ih zanimaju \u010detiri ministarstva. Pregovara\u010dki tim DP-a u sastavu\u00a0\u010delnika stranke Ivana Penave, njegova zamjenika Marija\u00a0Radi\u0107a, glavnog\u00a0tajnika Josipa Dabre te &hellip;","og_url":"https:\/\/odabrano.com\/index.php\/2024\/05\/07\/pocela-nova-runda-pregovora-domovinskog-pokreta-i-hdz-a\/","og_site_name":"odabrano","article_published_time":"2024-05-07T14:50:54+00:00","article_modified_time":"2024-05-09T04:07:05+00:00","og_image":[{"width":996,"height":562,"url":"https:\/\/odabrano.com\/wp-content\/uploads\/2024\/05\/penava.webp","type":"image\/webp"}],"author":"admin","twitter_card":"summary_large_image","twitter_misc":{"Written by":"admin","Est. reading time":"3 minutes"},"schema":{"@context":"https:\/\/schema.org","@graph":[{"@type":"Article","@id":"https:\/\/odabrano.com\/index.php\/2024\/05\/07\/pocela-nova-runda-pregovora-domovinskog-pokreta-i-hdz-a\/#article","isPartOf":{"@id":"https:\/\/odabrano.com\/index.php\/2024\/05\/07\/pocela-nova-runda-pregovora-domovinskog-pokreta-i-hdz-a\/"},"author":{"name":"admin","@id":"https:\/\/odabrano.com\/#\/schema\/person\/460f2b14657879743f23c4f6a7cd3236"},"headline":"Po\u010dela nova runda pregovora Domovinskog pokreta i HDZ-a","datePublished":"2024-05-07T14:50:54+00:00","dateModified":"2024-05-09T04:07:05+00:00","mainEntityOfPage":{"@id":"https:\/\/odabrano.com\/index.php\/2024\/05\/07\/pocela-nova-runda-pregovora-domovinskog-pokreta-i-hdz-a\/"},"wordCount":547,"publisher":{"@id":"https:\/\/odabrano.com\/#\/schema\/person\/460f2b14657879743f23c4f6a7cd3236"},"keywords":["dp","hdz","pregovori"],"articleSection":["Hrvatska"],"inLanguage":"en-US"},{"@type":"WebPage","@id":"https:\/\/odabrano.com\/index.php\/2024\/05\/07\/pocela-nova-runda-pregovora-domovinskog-pokreta-i-hdz-a\/","url":"https:\/\/odabrano.com\/index.php\/2024\/05\/07\/pocela-nova-runda-pregovora-domovinskog-pokreta-i-hdz-a\/","name":"Po\u010dela nova runda pregovora Domovinskog pokreta i HDZ-a - odabrano","isPartOf":{"@id":"https:\/\/odabrano.com\/#website"},"datePublished":"2024-05-07T14:50:54+00:00","dateModified":"2024-05-09T04:07:05+00:00","breadcrumb":{"@id":"https:\/\/odabrano.com\/index.php\/2024\/05\/07\/pocela-nova-runda-pregovora-domovinskog-pokreta-i-hdz-a\/#breadcrumb"},"inLanguage":"en-US","potentialAction":[{"@type":"ReadAction","target":["https:\/\/odabrano.com\/index.php\/2024\/05\/07\/pocela-nova-runda-pregovora-domovinskog-pokreta-i-hdz-a\/"]}]},{"@type":"BreadcrumbList","@id":"https:\/\/odabrano.com\/index.php\/2024\/05\/07\/pocela-nova-runda-pregovora-domovinskog-pokreta-i-hdz-a\/#breadcrumb","itemListElement":[{"@type":"ListItem","position":1,"name":"Home","item":"https:\/\/odabrano.com\/"},{"@type":"ListItem","position":2,"name":"Po\u010dela nova runda pregovora Domovinskog pokreta i HDZ-a"}]},{"@type":"WebSite","@id":"https:\/\/odabrano.com\/#website","url":"https:\/\/odabrano.com\/","name":"odabrano","description":"news portal koji nudi odabrane vijesti i informacije","publisher":{"@id":"https:\/\/odabrano.com\/#\/schema\/person\/460f2b14657879743f23c4f6a7cd3236"},"alternateName":"vijesti i informacije iz Hrvatske i svijeta","potentialAction":[{"@type":"SearchAction","target":{"@type":"EntryPoint","urlTemplate":"https:\/\/odabrano.com\/?s={search_term_string}"},"query-input":"required name=search_term_string"}],"inLanguage":"en-US"},{"@type":["Person","Organization"],"@id":"https:\/\/odabrano.com\/#\/schema\/person\/460f2b14657879743f23c4f6a7cd3236","name":"admin","image":{"@type":"ImageObject","inLanguage":"en-US","@id":"https:\/\/odabrano.com\/#\/schema\/person\/image\/","url":"https:\/\/odabrano.com\/wp-content\/uploads\/2024\/04\/dolar.jpg","contentUrl":"https:\/\/odabrano.com\/wp-content\/uploads\/2024\/04\/dolar.jpg","width":1216,"height":519,"caption":"admin"},"logo":{"@id":"https:\/\/odabrano.com\/#\/schema\/person\/image\/"},"sameAs":["http:\/\/odabrano.com"],"url":"https:\/\/odabrano.com\/index.php\/author\/sokolneno_u3xb387h\/"}]}},"_links":{"self":[{"href":"https:\/\/odabrano.com\/index.php\/wp-json\/wp\/v2\/posts\/2534","targetHints":{"allow":["GET"]}}],"collection":[{"href":"https:\/\/odabrano.com\/index.php\/wp-json\/wp\/v2\/posts"}],"about":[{"href":"https:\/\/odabrano.com\/index.php\/wp-json\/wp\/v2\/types\/post"}],"author":[{"embeddable":true,"href":"https:\/\/odabrano.com\/index.php\/wp-json\/wp\/v2\/users\/1"}],"replies":[{"embeddable":true,"href":"https:\/\/odabrano.com\/index.php\/wp-json\/wp\/v2\/comments?post=2534"}],"version-history":[{"count":1,"href":"https:\/\/odabrano.com\/index.php\/wp-json\/wp\/v2\/posts\/2534\/revisions"}],"predecessor-version":[{"id":2535,"href":"https:\/\/odabrano.com\/index.php\/wp-json\/wp\/v2\/posts\/2534\/revisions\/2535"}],"wp:featuredmedia":[{"embeddable":true,"href":"https:\/\/odabrano.com\/index.php\/wp-json\/wp\/v2\/media\/2546"}],"wp:attachment":[{"href":"https:\/\/odabrano.com\/index.php\/wp-json\/wp\/v2\/media?parent=2534"}],"wp:term":[{"taxonomy":"category","embeddable":true,"href":"https:\/\/odabrano.com\/index.php\/wp-json\/wp\/v2\/categories?post=2534"},{"taxonomy":"post_tag","embeddable":true,"href":"https:\/\/odabrano.com\/index.php\/wp-json\/wp\/v2\/tags?post=2534"}],"curies":[{"name":"wp","href":"https:\/\/api.w.org\/{rel}","templated":true}]}}